{"id":1906634,"date":"2026-04-28T08:32:20","date_gmt":"2026-04-28T05:32:20","guid":{"rendered":"https:\/\/analyse.optim.biz\/?p=1906634"},"modified":"2026-04-28T08:32:20","modified_gmt":"2026-04-28T05:32:20","slug":"un-obiect-asemanator-unei-drone-s-a-prabusit-pe-acoperisul-unei-cladiri-din-centrul-chisinaului","status":"publish","type":"post","link":"https:\/\/analyse.optim.biz\/?p=1906634","title":{"rendered":"Un obiect asem\u0103n\u0103tor unei drone s-a pr\u0103bu\u0219it pe acoperi\u0219ul unei cl\u0103diri din centrul Chi\u0219in\u0103ului"},"content":{"rendered":"<p>[analyse_image type=&#8221;featured&#8221; src=&#8221;https:\/\/s.iw.ro\/gateway\/g\/ZmlsZVNvdXJjZT1odHRwJTNBJTJGJTJG\/c3RvcmFnZTA4dHJhbnNjb2Rlci5yY3Mt\/cmRzLnJvJTJGc3RvcmFnZSUyRjIwMjYl\/MkYwNCUyRjI4JTJGMjcwMTUyN18yNzAx\/NTI3X0Ryb25hLWNhenV0YS1wZS1ibG9j\/Xy1Gb3RvLVBvbGl0aWEtUmVwdWJsaWNp\/aS1Nb2xkb3ZhLUZhY2Vib29rLmpwZyZ3\/PTEyMDAmaD02MzAmemM9MSZoYXNoPTA1\/MjUxMzkzM2Q0MDYyMjZhYjQ4Y2E2NGEzMDMzYWE1.thumb.jpg&#8221;]<\/p>\n<div class=\"entry data-app-meta data-app-meta-article\" data-embed-base-url-canonical=\"https:\/\/www.digi24.ro\/embed\/stiri\/externe\/un-obiect-asemanator-unei-drone-s-a-prabusit-pe-acoperisul-unei-cladiri-din-centrul-chisinaului-3747757\">\n<p data-index=\"1\"><strong><span dir=\"auto\">Un obiect asem\u0103n\u0103tor unei drone s-a pr\u0103bu\u0219it \u00een noaptea de luni spre mar\u021bi pe acoperi\u0219ul unei cl\u0103diri reziden\u021biale din centrul Chi\u0219in\u0103ului. Incidentul a fost raportat de poli\u021bia din Chi\u0219in\u0103u, care a \u00eemprejmuit cl\u0103direa \u0219i i-a evacuat pe locatari, scrie <a href=\"https:\/\/newsmaker.md\/ru\/v-kishineve-pohojii-na-dron-obekt-upal-na-kryshu-doma-policziya-evakuirovala-jilczov\" target=\"_blank\" rel=\"noopener\" data-skip-linkfix=\"1\">Newsmaker<\/a>.<\/span><\/strong><\/p>\n<p data-index=\"2\"><span dir=\"auto\">Poli\u021bia a precizat c\u0103 un locatar al cl\u0103dirii a observat drona pe acoperi\u0219. Speciali\u0219ti \u0219i exper\u021bi \u00een dezamorsarea bombelor au \u00eemprejmuit zona. Conform rapoartelor preliminare, drona a fost avariat\u0103 dup\u0103 ce a lovit acoperi\u0219ul cl\u0103dirii.<\/span><\/p>\n<p data-index=\"3\"><span dir=\"auto\">\u201ePentru siguran\u021ba tuturor locatarilor, intrarea \u00een cl\u0103direa de apartamente a fost evacuat\u0103 temporar p\u00e2n\u0103 c\u00e2nd obiectul va fi examinat \u0219i \u00eendep\u0103rtat\u201d, au declarat autorit\u0103\u021bile, \u00eendemn\u00e2nd locuitorii s\u0103 nu ating\u0103 niciun obiect necunoscut sau suspect \u0219i s\u0103 le raporteze imediat la 911.<\/span><\/p>\n<p data-index=\"4\">Conform informa\u0163iilor preliminare, aparatul ar fi avariat dup\u0103 ce a lovit acoperi\u015ful cl\u0103dirii. Acesta a fost ridicat \u015fi urmeaz\u0103 s\u0103 fie supus unor expertize detaliate pentru a se stabili provenien\u0163a \u015fi natura sa.<\/p>\n<p>Poli\u0163ia continu\u0103 investiga\u0163iile pentru a clarifica toate circumstan\u0163ele incidentului, potrivit canalelor media citate.\u00a0<\/p>\n<p> Editor : <a href=\"https:\/\/www.digi24.ro\/autor\/marina-constantinoiu\"> M.C <\/a><\/p>\n<\/div>\n<p>[analyse_source url=&#8221;https:\/\/www.digi24.ro\/stiri\/externe\/un-obiect-asemanator-unei-drone-s-a-prabusit-pe-acoperisul-unei-cladiri-din-centrul-chisinaului-3747757&#8243;]<\/p>\n","protected":false},"excerpt":{"rendered":"<p>[analyse_image type=&#8221;featured&#8221; src=&#8221;https:\/\/s.iw.ro\/gateway\/g\/ZmlsZVNvdXJjZT1odHRwJTNBJTJGJTJG\/c3RvcmFnZTA4dHJhbnNjb2Rlci5yY3Mt\/cmRzLnJvJTJGc3RvcmFnZSUyRjIwMjYl\/MkYwNCUyRjI4JTJGMjcwMTUyN18yNzAx\/NTI3X0Ryb25hLWNhenV0YS1wZS1ibG9j\/Xy1Gb3RvLVBvbGl0aWEtUmVwdWJsaWNp\/aS1Nb2xkb3ZhLUZhY2Vib29rLmpwZyZ3\/PTEyMDAmaD02MzAmemM9MSZoYXNoPTA1\/MjUxMzkzM2Q0MDYyMjZhYjQ4Y2E2NGEzMDMzYWE1.thumb.jpg&#8221;] Un obiect asem\u0103n\u0103tor unei drone s-a pr\u0103bu\u0219it \u00een noaptea de luni spre mar\u021bi pe acoperi\u0219ul unei cl\u0103diri reziden\u021biale din centrul Chi\u0219in\u0103ului. Incidentul a fost raportat de poli\u021bia din Chi\u0219in\u0103u, care a \u00eemprejmuit cl\u0103direa \u0219i i-a evacuat pe locatari, scrie Newsmaker. Poli\u021bia a precizat c\u0103 un locatar al cl\u0103dirii a observat drona pe [&hellip;]<\/p>\n","protected":false},"author":1,"featured_media":0,"comment_status":"open","ping_status":"","sticky":false,"template":"","format":"standard","meta":{"footnotes":""},"categories":[89],"tags":[226,11],"class_list":["post-1906634","post","type-post","status-publish","format-standard","hentry","category-romania","tag-crawlmanager","tag-digi24"],"_links":{"self":[{"href":"https:\/\/analyse.optim.biz\/index.php?rest_route=\/wp\/v2\/posts\/1906634","targetHints":{"allow":["GET"]}}],"collection":[{"href":"https:\/\/analyse.optim.biz\/index.php?rest_route=\/wp\/v2\/posts"}],"about":[{"href":"https:\/\/analyse.optim.biz\/index.php?rest_route=\/wp\/v2\/types\/post"}],"author":[{"embeddable":true,"href":"https:\/\/analyse.optim.biz\/index.php?rest_route=\/wp\/v2\/users\/1"}],"replies":[{"embeddable":true,"href":"https:\/\/analyse.optim.biz\/index.php?rest_route=%2Fwp%2Fv2%2Fcomments&post=1906634"}],"version-history":[{"count":0,"href":"https:\/\/analyse.optim.biz\/index.php?rest_route=\/wp\/v2\/posts\/1906634\/revisions"}],"wp:attachment":[{"href":"https:\/\/analyse.optim.biz\/index.php?rest_route=%2Fwp%2Fv2%2Fmedia&parent=1906634"}],"wp:term":[{"taxonomy":"category","embeddable":true,"href":"https:\/\/analyse.optim.biz\/index.php?rest_route=%2Fwp%2Fv2%2Fcategories&post=1906634"},{"taxonomy":"post_tag","embeddable":true,"href":"https:\/\/analyse.optim.biz\/index.php?rest_route=%2Fwp%2Fv2%2Ftags&post=1906634"}],"curies":[{"name":"wp","href":"https:\/\/api.w.org\/{rel}","templated":true}]}}