{"id":1906602,"date":"2026-04-28T08:26:03","date_gmt":"2026-04-28T05:26:03","guid":{"rendered":"https:\/\/analyse.optim.biz\/?p=1906602"},"modified":"2026-04-28T08:26:03","modified_gmt":"2026-04-28T05:26:03","slug":"ziua-veteranilor-de-razboi-marcata-printr-o-ceremonie-militara-si-religioasa-la-buzau","status":"publish","type":"post","link":"https:\/\/analyse.optim.biz\/?p=1906602","title":{"rendered":"Ziua Veteranilor de R\u0103zboi marcat\u0103 printr-o ceremonie militar\u0103 \u0219i religioas\u0103 la Buz\u0103u"},"content":{"rendered":"<p>[analyse_image type=&#8221;featured&#8221; src=&#8221;https:\/\/www.buzau.net\/stiri-din-buzau\/wp-content\/uploads\/2025\/04\/ziua-veteranilor.jpg&#8221;]<\/p>\n<div id=\"mvp-content-main\" class=\"left relative\">\n<p>Miercuri, 29 aprilie 2026, \u00eencep\u00e2nd cu ora 11:00, la Memorialul Eroilor Regimentului 48 Infanterie din Parcul Cr\u00e2ng, Buz\u0103u, va avea loc o ceremonie militar\u0103 \u0219i religioas\u0103 dedicat\u0103 Zilei Veteranilor de R\u0103zboi. Evenimentul este organizat de militarii Garnizoanei Buz\u0103u, \u00een colaborare cu Asocia\u0163ia Na\u0163ional\u0103 a Veteranilor de R\u0103zboi \u2013 Filiala Buz\u0103u \u0219i autorit\u0103\u021bile administra\u021biei publice locale.<\/p>\n<p>Manifestarea este un prilej de recuno\u0219tin\u021b\u0103 \u0219i respect fa\u021b\u0103 de sacrificiul \u0219i curajul veteranilor care au luptat \u00een cel de-Al Doilea R\u0103zboi Mondial pentru ap\u0103rarea \u0219i eliberarea teritoriului na\u021bional.<\/p>\n<p>Ceremonia va cuprinde intonarea Imnului Na\u021bional al Rom\u00e2niei, oficierea unei slujbe religioase, alocu\u021biuni sus\u021binute de oficialit\u0103\u021bi locale \u0219i militare, depuneri de coroane de flori \u00een memoria eroilor c\u0103zu\u021bi, precum \u0219i defilarea G\u0103rzii de Onoare, acompaniat\u0103 de muzica militar\u0103 a garnizoanei, care va sus\u021bine \u0219i un moment artistic la sf\u00e2r\u0219itul activit\u0103\u021bii.<\/p>\n<p>Invit\u0103m to\u021bi buzoienii s\u0103 ni se al\u0103ture la acest eveniment deosebit pentru a aduce un omagiu celor care au contribuit la scrierea istoriei Rom\u00e2niei prin faptele lor de vitejie.<\/p>\n<p><strong>Glorie etern\u0103 eroilor neamului!<\/strong><\/p>\n<div class=\"heateor_sss_sharing_container heateor_sss_horizontal_sharing\" data-heateor-sss-href=\"https:\/\/www.buzau.net\/stiri-din-buzau\/ziua-veteranilor-de-razboi-marcata-printr-o-ceremonie-militara-si-religioasa-la-buzau\/\">\n<div class=\"heateor_sss_sharing_title\">DISTRIBUIE ACEST ARTICOL<\/div>\n<\/div>\n<\/div>\n<p>[analyse_source url=&#8221;https:\/\/www.buzau.net\/stiri-din-buzau\/ziua-veteranilor-de-razboi-marcata-printr-o-ceremonie-militara-si-religioasa-la-buzau\/&#8221;]<\/p>\n","protected":false},"excerpt":{"rendered":"<p>[analyse_image type=&#8221;featured&#8221; src=&#8221;https:\/\/www.buzau.net\/stiri-din-buzau\/wp-content\/uploads\/2025\/04\/ziua-veteranilor.jpg&#8221;] Miercuri, 29 aprilie 2026, \u00eencep\u00e2nd cu ora 11:00, la Memorialul Eroilor Regimentului 48 Infanterie din Parcul Cr\u00e2ng, Buz\u0103u, va avea loc o ceremonie militar\u0103 \u0219i religioas\u0103 dedicat\u0103 Zilei Veteranilor de R\u0103zboi. Evenimentul este organizat de militarii Garnizoanei Buz\u0103u, \u00een colaborare cu Asocia\u0163ia Na\u0163ional\u0103 a Veteranilor de R\u0103zboi \u2013 Filiala Buz\u0103u \u0219i autorit\u0103\u021bile [&hellip;]<\/p>\n","protected":false},"author":1,"featured_media":0,"comment_status":"open","ping_status":"","sticky":false,"template":"","format":"standard","meta":{"footnotes":""},"categories":[2],"tags":[113,226],"class_list":["post-1906602","post","type-post","status-publish","format-standard","hentry","category-politics","tag-buzau-net","tag-crawlmanager"],"_links":{"self":[{"href":"https:\/\/analyse.optim.biz\/index.php?rest_route=\/wp\/v2\/posts\/1906602","targetHints":{"allow":["GET"]}}],"collection":[{"href":"https:\/\/analyse.optim.biz\/index.php?rest_route=\/wp\/v2\/posts"}],"about":[{"href":"https:\/\/analyse.optim.biz\/index.php?rest_route=\/wp\/v2\/types\/post"}],"author":[{"embeddable":true,"href":"https:\/\/analyse.optim.biz\/index.php?rest_route=\/wp\/v2\/users\/1"}],"replies":[{"embeddable":true,"href":"https:\/\/analyse.optim.biz\/index.php?rest_route=%2Fwp%2Fv2%2Fcomments&post=1906602"}],"version-history":[{"count":0,"href":"https:\/\/analyse.optim.biz\/index.php?rest_route=\/wp\/v2\/posts\/1906602\/revisions"}],"wp:attachment":[{"href":"https:\/\/analyse.optim.biz\/index.php?rest_route=%2Fwp%2Fv2%2Fmedia&parent=1906602"}],"wp:term":[{"taxonomy":"category","embeddable":true,"href":"https:\/\/analyse.optim.biz\/index.php?rest_route=%2Fwp%2Fv2%2Fcategories&post=1906602"},{"taxonomy":"post_tag","embeddable":true,"href":"https:\/\/analyse.optim.biz\/index.php?rest_route=%2Fwp%2Fv2%2Ftags&post=1906602"}],"curies":[{"name":"wp","href":"https:\/\/api.w.org\/{rel}","templated":true}]}}