{"id":190650,"date":"2014-12-13T08:33:11","date_gmt":"2014-12-13T05:33:11","guid":{"rendered":"https:\/\/analyse.optim.biz\/?p=190650"},"modified":"2014-12-13T08:33:11","modified_gmt":"2014-12-13T05:33:11","slug":"liviu-dragnea-ironizat-de-baronii-locali-din-psd-sa-desfiintam-si-consiliile-judetene","status":"publish","type":"post","link":"https:\/\/analyse.optim.biz\/?p=190650","title":{"rendered":"Liviu Dragnea, ironizat de baronii locali din PSD: S\u0103 desfiin\u0163\u0103m \u015fi consiliile jude\u0163ene"},"content":{"rendered":"<div class=\"entry data-app-meta data-app-meta-article\" data-embed-base-url-canonical=\"https:\/\/www.digi24.ro\/embed\/stiri\/actualitate\/politica\/liviu-dragnea-ironizat-de-baronii-locali-din-psd-sa-desfiintam-si-consiliile-judetene-334589\">\n<p data-index=\"1\">Pre\u0219edintele Executiv al PSD crede c\u0103 titulatura de baron local ar putea s\u0103 dispar\u0103 dac\u0103 pre\u0219edin\u021bii Consiliilor Jude\u021bene nu ar mai fi, \u00een acela\u015fi timp, \u0219i lideri ai filialelor PSD.<\/p>\n<p class=\"mceAutoSelect\" data-index=\"2\"><strong><a href=\"https:\/\/www.digi24.ro\/Stiri\/Digi24\/Economie\/Stiri\/FIREA+DRAGNEA+BARON+PSD\" target=\"_blank\" data-skip-linkfix=\"1\" rel=\"noopener\"><span>Gabriela Firea, despre \u201ereforma Dragnea\u201d: \u201eVa contribui la eliminarea din imaginarul public a percep\u021biei de baron\u201d<\/span><\/a><\/strong><\/p>\n<p data-index=\"3\"><strong>Liviu Dragnea<\/strong> propune \u015fi modificarea legii, astfel \u00eenc\u00e2t calitatea de ordonator de credite s\u0103 fie preluat\u0103 de admnistratori publici \u015fi num\u0103rul mandatelor de primar \u015fi pre\u015fedinte al Consiliului Jude\u0163ean de\u0163inute de o persoan\u0103 s\u0103 fie limitat la dou\u0103.<\/p>\n<p data-index=\"4\"><strong>Mul\u0163i lideri ai PSD, \u00een special cei viza\u0163i, critic\u0103 propunerile lui Liviu Dragnea \u015fi spun c\u0103 reforma trebuie s\u0103 se aplice p\u00e2n\u0103 la v\u00e2rful partidului.<\/strong> Primul care a lansat aceast\u0103 idee a fost <strong>Marian Opri\u015fan<\/strong>, pre\u015fedintele Consiliului Jude\u0163ea Vrancea: \u201e\u0218i cei de la centru care de\u0163in func\u0163ii \u00een partid &#8211; pre\u015fedinte, pre\u015fedinte executiv, vicepre\u015fedin\u0163i &#8211; s\u0103 nu aib\u0103 func\u0163ii \u00een Guvern\u201d.<\/p>\n<p data-index=\"5\">\u201e<span>\u00cen opinia mea, un prim ministru care este \u0219i \u0219ef de partid d\u0103 mai mult\u0103 greutate partidului \u0219i d\u0103 mai mult\u0103 stabilitate \u00een Guvern\u201d, a spus Dragnea.<\/span><\/p>\n<p class=\"mceAutoSelect\" data-index=\"6\"><span><strong><a href=\"https:\/\/www.digi24.ro\/Stiri\/Digi24\/Actualitate\/Politica\/DRAGNEA+REFORMA+SOCIOLOG+\" target=\"_blank\" data-skip-linkfix=\"1\" rel=\"noopener\">Sociologul Alin Teodorescu, despre \u201ereforma Dragnea\u201d: \u201eP<span>ropunerile domnului Dragnea sunt manele politice\u201d<\/span><\/a><\/strong><\/span><\/p>\n<p data-index=\"7\">\u201eA\u015fa cum pre\u015fedintele Rom\u00e2niei poate ocupa func\u0163ia de dou\u0103 ori, putem g\u00e2ndi pe viitor, la nivel local \u015fi parlamentar limita de dou\u0103 mandate s\u0103 fie regula. Doar prin revizuirea Constitu\u0163iei se poate face acest lucru\u201d, a afirmat Victor Ponta, \u00een \u015fedin\u0163a coali\u0163iei.<\/p>\n<p data-index=\"8\"><strong>Liderul PSD Gorj, Ion C\u0103linoiu,<\/strong> care de\u0163ine \u015fi func\u0163ia de pre\u0219edinte al Consiliului Jude\u021bean, sus\u0163ine c\u0103 limitarea la dou\u0103 mandate ar \u00eenc\u0103lca dreptul constitu\u021bional de a fi ales.<\/p>\n<p data-index=\"9\">Iar <strong>Paul St\u0103nescu, pre\u015fedintele Consiliului Jude\u0163ean Olt \u015fi liderul local al PSD,<\/strong> \u00eel ironizeaz\u0103 pe Liviu Dragnea \u015fi \u00eei propune acestuia desfiin\u0163area consiliilor jude\u0163ene. Tot el spune \u015fi c\u0103 propunerile \u00eei amintesc de epoca stalinist\u0103.<\/p>\n<p data-index=\"10\">\u201e<span>\u00cen\u021beleg c\u0103 se caut\u0103 tot felul de vinova\u021bi dup\u0103 pierderea alegerilor. Mai \u00eent\u00e2i a fost a fost Ion Iliescu, apoi a fost Facebook-ul, acum a venit r\u00e2ndul pre\u0219edin\u021bilor de CJ \u0219i pre\u0219edin\u021bilor de organiza\u021bii. Ne acoperim efectiv de ridicol, de penibil\u201d, a replicat <strong>C\u0103t\u0103lin Ivan, europarlamentar PSD.<\/strong><\/span><\/p>\n<hr>\n<p data-index=\"11\"><a href=\"https:\/\/www.digi24.ro\/Stiri\/Digi24\/Actualitate\/Politica\/Titu+Bojin+anchetat+pentru+coruptie+a+demisionat+din+toate+funct\" target=\"_blank\" data-skip-linkfix=\"1\" rel=\"noopener\"><strong>Titu Bojin<\/strong><\/a>, pre\u015fedintele fililalei Timi\u015f, a renun\u0163at la toate func\u0163iile de\u0163inute \u00een partid. El este cercetat sub control judiciar pentru fapte de corup\u0163ie pe care le-ar fi comis \u00een calitate de pre\u015fedinte al Consiliului Jude\u0163ean. <\/p>\n<p data-index=\"12\">\u015ei-a dat demisia \u015fi Adam Cr\u0103ciunescu, pre\u015fedinte executiv al PSD Timi\u015f. Acesta este cercetat \u00een dosarul retroced\u0103rilor ilegale de p\u0103duri, al\u0103turi de Ilie S\u00e2rbu. Filiala din Timi\u015f nu este singura care a r\u0103mas f\u0103r\u0103 \u015fef. <\/p>\n<p data-index=\"13\">Fostul pre\u015fedinte al Consiliului Jude\u0163ean Br\u0103ila, <a href=\"https:\/\/www.digi24.ro\/Stiri\/Digi24\/Actualitate\/Politica\/Gheorghe+Bunea+Stancu+demis+de+la+conducerea+PSD+Braila\" target=\"_blank\" data-skip-linkfix=\"1\" rel=\"noopener\"><strong>Gheorghe Bunea Stancu,<\/strong><\/a> a fost demis de la conducerea PSD Br\u0103ila, \u00eentr-o \u015fedin\u0163\u0103 la care a participat \u015fi Liviu Dragnea. Gheorghe Bunea Stancu a fost re\u0163inut de DNA, \u00een august, \u00eentr-un dosar de corup\u0163ie \u015fi a fost suspendat din func\u0163ie. Luna trecut\u0103, el a fost revocat de la \u015fefia consiliului jude\u0163ean dup\u0103 ce a pierdut procedul cu ANI \u015fi a fost condamnat pentru conflict de interese.\u00a0<\/p>\n<\/div>\n<p> Source URL: https:\/\/www.digi24.ro\/stiri\/actualitate\/politica\/liviu-dragnea-ironizat-de-baronii-locali-din-psd-sa-desfiintam-si-consiliile-judetene-334589<\/p>\n","protected":false},"excerpt":{"rendered":"<p>Pre\u0219edintele Executiv al PSD crede c\u0103 titulatura de baron local ar putea s\u0103 dispar\u0103 dac\u0103 pre\u0219edin\u021bii Consiliilor Jude\u021bene nu ar mai fi, \u00een acela\u015fi timp, \u0219i lideri ai filialelor PSD. Gabriela Firea, despre \u201ereforma Dragnea\u201d: \u201eVa contribui la eliminarea din imaginarul public a percep\u021biei de baron\u201d Liviu Dragnea propune \u015fi modificarea legii, astfel \u00eenc\u00e2t calitatea [&hellip;]<\/p>\n","protected":false},"author":1,"featured_media":190651,"comment_status":"open","ping_status":"","sticky":false,"template":"","format":"standard","meta":{"footnotes":""},"categories":[2],"tags":[11],"class_list":["post-190650","post","type-post","status-publish","format-standard","has-post-thumbnail","hentry","category-politics","tag-digi24"],"_links":{"self":[{"href":"https:\/\/analyse.optim.biz\/index.php?rest_route=\/wp\/v2\/posts\/190650","targetHints":{"allow":["GET"]}}],"collection":[{"href":"https:\/\/analyse.optim.biz\/index.php?rest_route=\/wp\/v2\/posts"}],"about":[{"href":"https:\/\/analyse.optim.biz\/index.php?rest_route=\/wp\/v2\/types\/post"}],"author":[{"embeddable":true,"href":"https:\/\/analyse.optim.biz\/index.php?rest_route=\/wp\/v2\/users\/1"}],"replies":[{"embeddable":true,"href":"https:\/\/analyse.optim.biz\/index.php?rest_route=%2Fwp%2Fv2%2Fcomments&post=190650"}],"version-history":[{"count":0,"href":"https:\/\/analyse.optim.biz\/index.php?rest_route=\/wp\/v2\/posts\/190650\/revisions"}],"wp:featuredmedia":[{"embeddable":true,"href":"https:\/\/analyse.optim.biz\/index.php?rest_route=\/wp\/v2\/media\/190651"}],"wp:attachment":[{"href":"https:\/\/analyse.optim.biz\/index.php?rest_route=%2Fwp%2Fv2%2Fmedia&parent=190650"}],"wp:term":[{"taxonomy":"category","embeddable":true,"href":"https:\/\/analyse.optim.biz\/index.php?rest_route=%2Fwp%2Fv2%2Fcategories&post=190650"},{"taxonomy":"post_tag","embeddable":true,"href":"https:\/\/analyse.optim.biz\/index.php?rest_route=%2Fwp%2Fv2%2Ftags&post=190650"}],"curies":[{"name":"wp","href":"https:\/\/api.w.org\/{rel}","templated":true}]}}