{"id":1906492,"date":"2026-04-27T19:16:52","date_gmt":"2026-04-27T16:16:52","guid":{"rendered":"https:\/\/analyse.optim.biz\/?p=1906492"},"modified":"2026-04-27T19:16:52","modified_gmt":"2026-04-27T16:16:52","slug":"roxana-iliescu-acuza-concedieri-selective-in-primaria-timisoara-o-reforma-doar-pe-hartie","status":"publish","type":"post","link":"https:\/\/analyse.optim.biz\/?p=1906492","title":{"rendered":"Roxana Iliescu acuz\u0103 concedieri selective \u00een Prim\u0103ria Timi\u0219oara: \u201eO reform\u0103 doar pe h\u00e2rtie\u201d"},"content":{"rendered":"<p>[analyse_image type=&#8221;featured&#8221; src=&#8221;https:\/\/orasul-timisoara.ro\/wp-content\/uploads\/2025\/04\/roxana-iliescu-gabi-ionescu-copy.jpg&#8221;]<\/p>\n<article id=\"post-38452\" class=\"td-post-template-7 post-38452 post type-post status-publish format-standard has-post-thumbnail category-administratie category-featured category-politic category-stiri-timisoara tag-administratie-locala tag-colterm tag-concedieri-angajari tag-dominic-fritz tag-energie-termica-2 tag-politica-timisoara tag-primaria-timisoara tag-psd-timisoara tag-roxana-iliescu td-container-wrap\">\n<div class=\"td-full-screen-header-image-wrap\">\n<div class=\"td-container td-post-header\">\n<div class=\"td-crumb-container\">\n<div class=\"entry-crumbs\"><span><a title=\"Vede\u021bi toate articolele \u00een Administra\u021bie local\u0103\" class=\"entry-crumb\" href=\"https:\/\/orasul-timisoara.ro\/local-category\/administratie\/\">Administra\u021bie local\u0103<\/a><\/span><span class=\"td-bred-no-url-last\">Roxana Iliescu acuz\u0103 concedieri selective \u00een Prim\u0103ria Timi\u0219oara: \u201eO reform\u0103 doar pe&#8230;<\/span><\/div>\n<\/div>\n<div class=\"td-post-header-holder\">\n<div class=\"td-parallax-header\">\n<header class=\"td-post-title\">\n<ul class=\"td-category\">\n<li class=\"entry-category\"><a href=\"https:\/\/orasul-timisoara.ro\/local-category\/administratie\/\">Administra\u021bie local\u0103<\/a><\/li>\n<li class=\"entry-category\"><a href=\"https:\/\/orasul-timisoara.ro\/local-category\/politic\/\">Politic<\/a><\/li>\n<li class=\"entry-category\"><a href=\"https:\/\/orasul-timisoara.ro\/local-category\/stiri-timisoara\/\">\u0218tiri Locale<\/a><\/li>\n<\/ul>\n<h1 class=\"entry-title\">Roxana Iliescu acuz\u0103 concedieri selective \u00een Prim\u0103ria Timi\u0219oara: \u201eO reform\u0103 doar pe h\u00e2rtie\u201d<\/h1>\n<div class=\"td-module-meta-info\">\n<div class=\"td-post-author-name\">\n<div class=\"td-author-by\">De c\u0103tre<\/div>\n<p><a href=\"https:\/\/orasul-timisoara.ro\/author\/timisoara\/\">redactia<\/a><\/p>\n<div class=\"td-author-line\"> &#8211; <\/div>\n<\/div>\n<p><span class=\"td-post-date\"><time class=\"entry-date updated td-module-date\" datetime=\"2026-04-27T22:16:52+03:00\">27\/04\/2026<\/time><\/span><\/div>\n<\/header>\n<\/div>\n<\/div>\n<\/div>\n<div id=\"td-full-screen-header-image\" class=\"td-image-gradient-style7\"><img decoding=\"async\" class=\"td-backstretch\" src=\"https:\/\/orasul-timisoara.ro\/wp-content\/uploads\/2025\/04\/roxana-iliescu-gabi-ionescu-copy.jpg\"><\/div>\n<\/div>\n<div class=\"td-container\">\n<div class=\"td-pb-row\">\n<div class=\"td-pb-span8 td-main-content\" role=\"main\">\n<div class=\"td-ss-main-content\">\n<div class=\"td-post-sharing-top\">\n<div class=\"td-post-sharing-classic\"><iframe title=\"topFacebookLike\" frameborder src=\"https:\/\/www.facebook.com\/plugins\/like.php?href=https:\/\/orasul-timisoara.ro\/local-38452\/&amp;layout=button_count&amp;show_faces=false&amp;width=105&amp;action=like&amp;colorscheme=light&amp;height=21\"><\/iframe><\/div>\n<div id=\"td_social_sharing_article_top\" class=\"td-post-sharing td-ps-bg td-ps-notext td-post-sharing-style1 \">\n<div class=\"td-post-sharing-visible\"><a class=\"td-social-sharing-button td-social-sharing-button-js td-social-network td-social-facebook\" href=\"https:\/\/www.facebook.com\/sharer.php?u=https%3A%2F%2Forasul-timisoara.ro%2Flocal-38452%2F\" title=\"Facebook\"><\/p>\n<div class=\"td-social-but-text\">Facebook<\/div>\n<p><\/a><a class=\"td-social-sharing-button td-social-sharing-button-js td-social-network td-social-twitter\" href=\"https:\/\/twitter.com\/intent\/tweet?text=Roxana+Iliescu+acuz%C4%83+concedieri+selective+%C3%AEn+Prim%C4%83ria+Timi%C8%99oara%3A+%E2%80%9EO+reform%C4%83+doar+pe+h%C3%A2rtie%E2%80%9D&amp;url=https%3A%2F%2Forasul-timisoara.ro%2Flocal-38452%2F&amp;via=orasultm\" title=\"Twitter\"><\/p>\n<div class=\"td-social-but-text\">Twitter<\/div>\n<p><\/a><a class=\"td-social-sharing-button td-social-sharing-button-js td-social-network td-social-whatsapp\" href=\"https:\/\/api.whatsapp.com\/send?text=Roxana+Iliescu+acuz%C4%83+concedieri+selective+%C3%AEn+Prim%C4%83ria+Timi%C8%99oara%3A+%E2%80%9EO+reform%C4%83+doar+pe+h%C3%A2rtie%E2%80%9D%20%0A%0A%20https:\/\/orasul-timisoara.ro\/local-38452\/\" title=\"WhatsApp\"><\/p>\n<div class=\"td-social-but-text\">WhatsApp<\/div>\n<p><\/a><a class=\"td-social-sharing-button td-social-sharing-button-js td-social-network td-social-linkedin\" href=\"https:\/\/www.linkedin.com\/shareArticle?mini=true&amp;url=https:\/\/orasul-timisoara.ro\/local-38452\/&amp;title=Roxana+Iliescu+acuz%C4%83+concedieri+selective+%C3%AEn+Prim%C4%83ria+Timi%C8%99oara%3A+%E2%80%9EO+reform%C4%83+doar+pe+h%C3%A2rtie%E2%80%9D\" title=\"Linkedin\"><\/p>\n<div class=\"td-social-but-text\">Linkedin<\/div>\n<p><\/a><a class=\"td-social-sharing-button td-social-sharing-button-js td-social-network td-social-reddit\" href=\"https:\/\/reddit.com\/submit?url=https:\/\/orasul-timisoara.ro\/local-38452\/&amp;title=Roxana+Iliescu+acuz%C4%83+concedieri+selective+%C3%AEn+Prim%C4%83ria+Timi%C8%99oara%3A+%E2%80%9EO+reform%C4%83+doar+pe+h%C3%A2rtie%E2%80%9D\" title=\"ReddIt\"><\/p>\n<div class=\"td-social-but-text\">ReddIt<\/div>\n<p><\/a><a class=\"td-social-sharing-button td-social-sharing-button-js td-social-network td-social-mail\" href=\"mailto:?subject=Roxana%20Iliescu%20acuz%C4%83%20concedieri%20selective%20%C3%AEn%20Prim%C4%83ria%20Timi%C8%99oara:%20%E2%80%9EO%20reform%C4%83%20doar%20pe%20h%C3%A2rtie%E2%80%9D&amp;body=https:\/\/orasul-timisoara.ro\/local-38452\/\" title=\"Email\"><\/p>\n<div class=\"td-social-but-text\">Email<\/div>\n<p><\/a><a class=\"td-social-sharing-button td-social-sharing-button-js td-social-network td-social-print\" href=\"https:\/\/orasul-timisoara.ro\/local-38452\/\" title=\"Imprimare\"><\/p>\n<div class=\"td-social-but-text\">Imprimare<\/div>\n<p><\/a><\/div>\n<\/div>\n<\/div>\n<div class=\"td-post-content tagdiv-type\">\n<p>Roxana Iliescu, reprezentant al Partidul Social Democrat \u00een Consiliul Local Timi\u0219oara, lanseaz\u0103 acuza\u021bii la adresa administra\u021biei conduse de Dominic Fritz, \u00een contextul anun\u021burilor privind restructurarea aparatului de specialitate al prim\u0103riei.<\/p>\n<p>Potrivit acesteia, edilul ar fi prezentat public o reducere de personal de 102 posturi ca o m\u0103sur\u0103 de eficientizare bugetar\u0103, \u00eens\u0103 nu ar fi men\u021bionat planurile privind noi angaj\u0103ri \u00eentr-un serviciu recent \u00eenfiin\u021bat \u00een cadrul institu\u021biei.<\/p>\n<p>Iliescu sus\u021bine c\u0103 aproximativ 160 de persoane ar urma s\u0103 fie angajate \u00een cadrul unui nou Serviciu Public de Interes Local pentru transportul, distribu\u021bia \u0219i furnizarea energiei termice \u00een sistem centralizat, ceea ce, \u00een opinia sa, contrazice ideea de reducere a cheltuielilor.<\/p>\n<p>Consilierul local mai afirm\u0103 c\u0103, \u00een ultimul an, au avut loc numeroase angaj\u0103ri \u00een structuri \u0219i societ\u0103\u021bi subordonate prim\u0103riei, precum Societatea de Transport Public Timi\u0219oara, Horticultura Timi\u0219oara sau Pie\u021be SA Timi\u0219oara. De asemenea, aceasta men\u021bioneaz\u0103 \u0219i societatea nou \u00eenfiin\u021bat\u0103 \u201eSalut\u201d, unde ar fi fost realizate peste 160 de angaj\u0103ri.<\/p>\n<p>\u00cen ceea ce prive\u0219te sectorul termofic\u0103rii, Iliescu face referire la contractul de delegare a gestiunii serviciului public de alimentare cu energie termic\u0103 \u0219i la inten\u021biile administra\u021biei de a transfera atribu\u021bii de la Colterm c\u0103tre noul serviciu din cadrul prim\u0103riei.<\/p>\n<p>Aceasta mai sus\u021bine c\u0103 selec\u021bia viitorilor angaja\u021bi ar fi fost realizat\u0103 preferen\u021bial, pe baza unor criterii netransparente, acuza\u021bii care, \u00eens\u0103, nu sunt confirmate oficial de administra\u021bia local\u0103.<\/p>\n<p>Declara\u021biile vin \u00een contextul unor dezbateri mai ample privind reorganizarea institu\u021biilor publice \u0219i eficientizarea cheltuielilor bugetare la nivel local.<\/p>\n<p>P\u00e2n\u0103 \u00een prezent, Dominic Fritz nu a oferit un r\u0103spuns detaliat la aceste acuza\u021bii, \u00eens\u0103 administra\u021bia a sus\u021binut \u00een repetate r\u00e2nduri c\u0103 m\u0103surile adoptate urm\u0103resc modernizarea \u0219i eficientizarea serviciilor publice.<\/p>\n<\/div>\n<footer>\n<div class=\"td-post-source-tags\">\n<ul class=\"td-tags td-post-small-box clearfix\">\n<li><span>ETICHETE<\/span><\/li>\n<li><a href=\"https:\/\/orasul-timisoara.ro\/local-tag\/administratie-locala\/\">administratie locala<\/a><\/li>\n<li><a href=\"https:\/\/orasul-timisoara.ro\/local-tag\/colterm\/\">colterm<\/a><\/li>\n<li><a href=\"https:\/\/orasul-timisoara.ro\/local-tag\/concedieri-angajari\/\">concedieri angajari<\/a><\/li>\n<li><a href=\"https:\/\/orasul-timisoara.ro\/local-tag\/dominic-fritz\/\">dominic fritz<\/a><\/li>\n<li><a href=\"https:\/\/orasul-timisoara.ro\/local-tag\/energie-termica-2\/\">energie termica<\/a><\/li>\n<li><a href=\"https:\/\/orasul-timisoara.ro\/local-tag\/politica-timisoara\/\">politica timisoara<\/a><\/li>\n<li><a href=\"https:\/\/orasul-timisoara.ro\/local-tag\/primaria-timisoara\/\">primaria timisoara<\/a><\/li>\n<li><a href=\"https:\/\/orasul-timisoara.ro\/local-tag\/psd-timisoara\/\">psd timisoara<\/a><\/li>\n<li><a href=\"https:\/\/orasul-timisoara.ro\/local-tag\/roxana-iliescu\/\">roxana iliescu<\/a><\/li>\n<\/ul>\n<\/div>\n<div class=\"td-post-sharing-bottom\">\n<div class=\"td-post-sharing-classic\"><iframe title=\"bottomFacebookLike\" frameborder src=\"https:\/\/www.facebook.com\/plugins\/like.php?href=https:\/\/orasul-timisoara.ro\/local-38452\/&amp;layout=button_count&amp;show_faces=false&amp;width=105&amp;action=like&amp;colorscheme=light&amp;height=21\"><\/iframe><\/div>\n<div id=\"td_social_sharing_article_bottom\" class=\"td-post-sharing td-ps-bg td-ps-notext td-post-sharing-style1 \">\n<div class=\"td-post-sharing-visible\"><a class=\"td-social-sharing-button td-social-sharing-button-js td-social-network td-social-facebook\" href=\"https:\/\/www.facebook.com\/sharer.php?u=https%3A%2F%2Forasul-timisoara.ro%2Flocal-38452%2F\" title=\"Facebook\"><\/p>\n<div class=\"td-social-but-text\">Facebook<\/div>\n<p><\/a><a class=\"td-social-sharing-button td-social-sharing-button-js td-social-network td-social-twitter\" href=\"https:\/\/twitter.com\/intent\/tweet?text=Roxana+Iliescu+acuz%C4%83+concedieri+selective+%C3%AEn+Prim%C4%83ria+Timi%C8%99oara%3A+%E2%80%9EO+reform%C4%83+doar+pe+h%C3%A2rtie%E2%80%9D&amp;url=https%3A%2F%2Forasul-timisoara.ro%2Flocal-38452%2F&amp;via=orasultm\" title=\"Twitter\"><\/p>\n<div class=\"td-social-but-text\">Twitter<\/div>\n<p><\/a><a class=\"td-social-sharing-button td-social-sharing-button-js td-social-network td-social-whatsapp\" href=\"https:\/\/api.whatsapp.com\/send?text=Roxana+Iliescu+acuz%C4%83+concedieri+selective+%C3%AEn+Prim%C4%83ria+Timi%C8%99oara%3A+%E2%80%9EO+reform%C4%83+doar+pe+h%C3%A2rtie%E2%80%9D%20%0A%0A%20https:\/\/orasul-timisoara.ro\/local-38452\/\" title=\"WhatsApp\"><\/p>\n<div class=\"td-social-but-text\">WhatsApp<\/div>\n<p><\/a><a class=\"td-social-sharing-button td-social-sharing-button-js td-social-network td-social-linkedin\" href=\"https:\/\/www.linkedin.com\/shareArticle?mini=true&amp;url=https:\/\/orasul-timisoara.ro\/local-38452\/&amp;title=Roxana+Iliescu+acuz%C4%83+concedieri+selective+%C3%AEn+Prim%C4%83ria+Timi%C8%99oara%3A+%E2%80%9EO+reform%C4%83+doar+pe+h%C3%A2rtie%E2%80%9D\" title=\"Linkedin\"><\/p>\n<div class=\"td-social-but-text\">Linkedin<\/div>\n<p><\/a><a class=\"td-social-sharing-button td-social-sharing-button-js td-social-network td-social-reddit\" href=\"https:\/\/reddit.com\/submit?url=https:\/\/orasul-timisoara.ro\/local-38452\/&amp;title=Roxana+Iliescu+acuz%C4%83+concedieri+selective+%C3%AEn+Prim%C4%83ria+Timi%C8%99oara%3A+%E2%80%9EO+reform%C4%83+doar+pe+h%C3%A2rtie%E2%80%9D\" title=\"ReddIt\"><\/p>\n<div class=\"td-social-but-text\">ReddIt<\/div>\n<p><\/a><a class=\"td-social-sharing-button td-social-sharing-button-js td-social-network td-social-mail\" href=\"mailto:?subject=Roxana%20Iliescu%20acuz%C4%83%20concedieri%20selective%20%C3%AEn%20Prim%C4%83ria%20Timi%C8%99oara:%20%E2%80%9EO%20reform%C4%83%20doar%20pe%20h%C3%A2rtie%E2%80%9D&amp;body=https:\/\/orasul-timisoara.ro\/local-38452\/\" title=\"Email\"><\/p>\n<div class=\"td-social-but-text\">Email<\/div>\n<p><\/a><a class=\"td-social-sharing-button td-social-sharing-button-js td-social-network td-social-print\" href=\"https:\/\/orasul-timisoara.ro\/local-38452\/\" title=\"Imprimare\"><\/p>\n<div class=\"td-social-but-text\">Imprimare<\/div>\n<p><\/a><\/div>\n<\/div>\n<\/div>\n<div class=\"td-block-row td-post-next-prev\">\n<div class=\"td-block-span6 td-post-prev-post\">\n<div class=\"td-post-next-prev-content\"><span>Articolul precedent<\/span><a href=\"https:\/\/orasul-timisoara.ro\/local-38447\/\">Alin Nica critic\u0103 dur mo\u021biunea PSD: \u201eUn act de cinism care pune \u00een pericol stabilitatea economic\u0103\u201d<\/a><\/div>\n<\/div>\n<div class=\"td-block-span6 td-post-next-post\">\n<div class=\"td-post-next-prev-content\"><span>Articolul urm\u0103tor<\/span><a href=\"https:\/\/orasul-timisoara.ro\/local-38454\/\">Marilen Gabriel Pirtea, rectorul UVT: \u201eUniversit\u0103\u021bile din Rom\u00e2nia \u00een era competen\u021belor, \u00eentre presiune demografic\u0103 \u0219i reinventare strategic\u0103\u201d<\/a><\/div>\n<\/div>\n<\/div>\n<div class=\"td-author-name vcard author\"><span class=\"fn\"><a href=\"https:\/\/orasul-timisoara.ro\/author\/timisoara\/\">redactia<\/a><\/span><\/div>\n<p><span class=\"td-page-meta\"><\/span><span class=\"td-page-meta\"><span class=\"td-page-meta\"><\/span><\/span><span class=\"td-page-meta\"><\/span><\/footer>\n<div class=\"td_block_wrap td_block_related_posts tdi_3 td_with_ajax_pagination td-pb-border-top td_block_template_8\" data-td-block-uid=\"tdi_3\">\n<h4 class=\"td-related-title td-block-title\"><a id=\"tdi_4\" class=\"td-related-left td-cur-simple-item\" data-td_filter_value data-td_block_id=\"tdi_3\" href=\"https:\/\/orasul-timisoara.ro\/local-38452\/\">ARTICOLE SIMILARE<\/a><a id=\"tdi_5\" class=\"td-related-right\" data-td_filter_value=\"td_related_more_from_author\" data-td_block_id=\"tdi_3\" href=\"https:\/\/orasul-timisoara.ro\/local-38452\/\">DE LA ACELA\u0218I AUTOR<\/a><\/h4>\n<div id=\"tdi_3\" class=\"td_block_inner\">\n<div class=\"td-related-row\">\n<div class=\"td-related-span4\">\n<div class=\"td_module_related_posts td-animation-stack td_mod_related_posts\">\n<div class=\"td-module-image\">\n<div class=\"td-module-thumb\"><a href=\"https:\/\/orasul-timisoara.ro\/local-38365\/\" rel=\"bookmark\" class=\"td-image-wrap \" title=\"Internatul Colegiului Henri Coand\u0103 prinde contur: lucr\u0103rile avanseaz\u0103 la Timi\u0219oara (foto)\"><img loading=\"lazy\" decoding=\"async\" class=\"entry-thumb\" src=\"https:\/\/orasul-timisoara.ro\/wp-content\/uploads\/2026\/04\/lucrari-colegiu-henri-coanda-2-436x300.jpg\" alt title=\"Internatul Colegiului Henri Coand\u0103 prinde contur: lucr\u0103rile avanseaz\u0103 la Timi\u0219oara (foto)\" width=\"218\" height=\"150\"><\/a><\/div>\n<\/div>\n<div class=\"item-details\">\n<h3 class=\"entry-title td-module-title\"><a href=\"https:\/\/orasul-timisoara.ro\/local-38365\/\" rel=\"bookmark\" title=\"Internatul Colegiului Henri Coand\u0103 prinde contur: lucr\u0103rile avanseaz\u0103 la Timi\u0219oara (foto)\">Internatul Colegiului Henri Coand\u0103 prinde contur: lucr\u0103rile avanseaz\u0103 la Timi\u0219oara (foto)<\/a><\/h3>\n<\/div>\n<\/div>\n<\/div>\n<div class=\"td-related-span4\">\n<div class=\"td_module_related_posts td-animation-stack td_mod_related_posts\">\n<div class=\"td-module-image\">\n<div class=\"td-module-thumb\"><a href=\"https:\/\/orasul-timisoara.ro\/local-38359\/\" rel=\"bookmark\" class=\"td-image-wrap \" title=\"Sinagoga din Fabric, mai aproape de revitalizare: Casa de rug\u0103ciuni intr\u0103 \u00een administrarea Prim\u0103riei\"><img loading=\"lazy\" decoding=\"async\" class=\"entry-thumb\" src=\"https:\/\/orasul-timisoara.ro\/wp-content\/uploads\/2025\/06\/sinagoga-fabrica-436x300.jpg\" alt title=\"Sinagoga din Fabric, mai aproape de revitalizare: Casa de rug\u0103ciuni intr\u0103 \u00een administrarea Prim\u0103riei\" width=\"218\" height=\"150\"><\/a><\/div>\n<\/div>\n<div class=\"item-details\">\n<h3 class=\"entry-title td-module-title\"><a href=\"https:\/\/orasul-timisoara.ro\/local-38359\/\" rel=\"bookmark\" title=\"Sinagoga din Fabric, mai aproape de revitalizare: Casa de rug\u0103ciuni intr\u0103 \u00een administrarea Prim\u0103riei\">Sinagoga din Fabric, mai aproape de revitalizare: Casa de rug\u0103ciuni intr\u0103 \u00een administrarea Prim\u0103riei<\/a><\/h3>\n<\/div>\n<\/div>\n<\/div>\n<div class=\"td-related-span4\">\n<div class=\"td_module_related_posts td-animation-stack td_mod_related_posts\">\n<div class=\"td-module-image\">\n<div class=\"td-module-thumb\"><a href=\"https:\/\/orasul-timisoara.ro\/local-38354\/\" rel=\"bookmark\" class=\"td-image-wrap \" title=\"Timi\u0219oara lanseaz\u0103 Laboratorul Urban, o ini\u021biativ\u0103 menit\u0103 s\u0103 accelereze dezvoltarea solu\u021biilor inovatoare pentru ora\u0219\"><img loading=\"lazy\" decoding=\"async\" class=\"entry-thumb\" src=\"https:\/\/orasul-timisoara.ro\/wp-content\/uploads\/2026\/01\/timisoara-centru-436x300.jpg\" alt title=\"Timi\u0219oara lanseaz\u0103 Laboratorul Urban, o ini\u021biativ\u0103 menit\u0103 s\u0103 accelereze dezvoltarea solu\u021biilor inovatoare pentru ora\u0219\" width=\"218\" height=\"150\"><\/a><\/div>\n<\/div>\n<div class=\"item-details\">\n<h3 class=\"entry-title td-module-title\"><a href=\"https:\/\/orasul-timisoara.ro\/local-38354\/\" rel=\"bookmark\" title=\"Timi\u0219oara lanseaz\u0103 Laboratorul Urban, o ini\u021biativ\u0103 menit\u0103 s\u0103 accelereze dezvoltarea solu\u021biilor inovatoare pentru ora\u0219\">Timi\u0219oara lanseaz\u0103 Laboratorul Urban, o ini\u021biativ\u0103 menit\u0103 s\u0103 accelereze dezvoltarea solu\u021biilor inovatoare pentru ora\u0219<\/a><\/h3>\n<\/div>\n<\/div>\n<\/div>\n<\/div>\n<\/div>\n<\/div>\n<div class=\"comments\" id=\"comments\">\n<div id=\"respond\" class=\"comment-respond\">\n<h3 id=\"reply-title\" class=\"comment-reply-title\">L\u0102SA\u021aI UN MESAJ<\/h3>\n<div class=\"comment-form-input-wrap td-form-comment\">\n<div class=\"td-warning-comment\">V\u0103 rug\u0103m s\u0103 introduce\u021bi comentariul dvs.!<\/div>\n<\/div>\n<div class=\"comment-form-input-wrap td-form-author\">\n<div class=\"td-warning-author\">Introduce\u021bi aici numele dvs.<\/div>\n<\/div>\n<div class=\"comment-form-input-wrap td-form-email\">\n<div class=\"td-warning-email-error\">A\u021bi introdus o adres\u0103 de e-mail incorect\u0103!<\/div>\n<div class=\"td-warning-email\">V\u0103 rug\u0103m s\u0103 introduce\u021bi adresa dvs. de e-mail aici<\/div>\n<\/div>\n<\/div>\n<p class=\"akismet_comment_form_privacy_notice\">Acest site folose\u0219te Akismet pentru a reduce spamul. <a href=\"https:\/\/akismet.com\/privacy\/\" target=\"_blank\" rel=\"nofollow noopener\">Afl\u0103 cum sunt procesate datele comentariilor tale<\/a>.<\/p>\n<\/div>\n<\/div>\n<\/div>\n<div class=\"td-pb-span4 td-main-sidebar\" role=\"complementary\">\n<div class=\"td-ss-main-sidebar\">\n<aside id=\"block-4\" class=\"td_block_template_8 widget block-4 widget_block widget_media_image\">\n<figure class=\"wp-block-image size-full\"><img loading=\"lazy\" decoding=\"async\" width=\"336\" height=\"280\" src=\"https:\/\/orasul-timisoara.ro\/wp-content\/uploads\/2024\/11\/ReTIM-Abonamentul-Verde-Google-Ads-336x280px.gif\" alt class=\"wp-image-29257\"><\/figure>\n<\/aside>\n<div class=\"td_block_wrap td_block_social_counter td_block_widget tdi_6 td-social-style5 td-social-boxed td-pb-border-top td_block_template_8\">\n<div class=\"td-block-title-wrap\">\n<h4 class=\"td-block-title\"><span>Urm\u0103re\u0219te-ne pe Social Media<\/span><\/h4>\n<\/div>\n<div class=\"td-social-list\">\n<div class=\"td_social_type td-pb-margin-side td_social_facebook\">\n<div class=\"td-social-box\"><span class=\"td_social_info td_social_info_counter\">344,595<\/span><span class=\"td_social_info td_social_info_name\">Fani<\/span><span class=\"td_social_button\"><a href=\"https:\/\/www.facebook.com\/247timisoara\" target=\"_blank\" rel=\"nofollow\">\u00cemi place<\/a><\/span><\/div>\n<\/div>\n<div class=\"td_social_type td-pb-margin-side td_social_instagram\">\n<div class=\"td-social-box\"><span class=\"td_social_info td_social_info_counter\">4,416<\/span><span class=\"td_social_info td_social_info_name\">Cititori<\/span><span class=\"td_social_button\"><a href=\"https:\/\/instagram.com\/orasultimisoararo\/\" target=\"_blank\" rel=\"nofollow\">Conecta\u021bi-v\u0103<\/a><\/span><\/div>\n<\/div>\n<div class=\"td_social_type td-pb-margin-side td_social_rss\">\n<div class=\"td-social-box\"><span class=\"td_social_info td_social_info_counter\">12,506<\/span><span class=\"td_social_info td_social_info_name\">Cititori<\/span><span class=\"td_social_button\"><a href=\"https:\/\/orasul-timisoara.ro\/feed\/\" target=\"_blank\" rel=\"nofollow\">Conecta\u021bi-v\u0103<\/a><\/span><\/div>\n<\/div>\n<div class=\"td_social_type td-pb-margin-side td_social_tiktok\">\n<div class=\"td-social-box\"><span class=\"td_social_info td_social_info_counter\">1,500<\/span><span class=\"td_social_info td_social_info_name\">Cititori<\/span><span class=\"td_social_button\"><a href=\"https:\/\/www.tiktok.com\/@orasultimisoara\" target=\"_blank\" rel=\"nofollow\">Conecta\u021bi-v\u0103<\/a><\/span><\/div>\n<\/div>\n<div class=\"td_social_type td-pb-margin-side td_social_twitter\">\n<div class=\"td-social-box\"><span class=\"td_social_info td_social_info_counter\">1,595<\/span><span class=\"td_social_info td_social_info_name\">Cititori<\/span><span class=\"td_social_button\"><a href=\"https:\/\/twitter.com\/orasultm\" target=\"_blank\" rel=\"nofollow\">Conecta\u021bi-v\u0103<\/a><\/span><\/div>\n<\/div>\n<div class=\"td_social_type td-pb-margin-side td_social_youtube\">\n<div class=\"td-social-box\"><span class=\"td_social_info td_social_info_counter\">3,506<\/span><span class=\"td_social_info td_social_info_name\">Abona\u021bi<\/span><span class=\"td_social_button\"><a href=\"https:\/\/www.youtube.com\/channel\/UCQNsQvs2XCSIm1Z-AHRturw?sub_confirmation=1\" target=\"_blank\" rel=\"nofollow\">Abona\u021bi-v\u0103<\/a><\/span><\/div>\n<\/div>\n<\/div>\n<\/div>\n<aside id=\"text-7\" class=\"td_block_template_8 widget text-7 widget_text\">\n<h4 class=\"td-block-title\"><span>C\u0103ut\u0103ri populare pe OTM<\/span><\/h4>\n<div class=\"textwidget\"><a href=\"https:\/\/orasul-timisoara.ro\/?s=timisoara\"><span>Timisoara<\/span><\/a><a href=\"https:\/\/orasul-timisoara.ro\/?s=calin+dobra\"><span>Calin Dobra<\/span><\/a><a href=\"https:\/\/orasul-timisoara.ro\/?s=primaria+timisoara\"><span>Primaria Timisoara<\/span><\/a><a href=\"https:\/\/orasul-timisoara.ro\/?s=dominic+fritz\"><span>Dominic Fritz<\/span><\/a><a href=\"https:\/\/orasul-timisoara.ro\/?s=nicolae+robu\"><span>Nicolae Robu<\/span><\/a><a href=\"https:\/\/orasul-timisoara.ro\/?s=consiliul+local+timisoara\">Consiliul Local Timisoara<\/a><a href=\"https:\/\/orasul-timisoara.ro\/?s=consiliul+judetean+timis\"><span>Consiliul Judetean Timis<\/span><\/a><a href=\"https:\/\/orasul-timisoara.ro\/?s=cjt\"><span>CJT<\/span><\/a><a href=\"https:\/\/orasul-timisoara.ro\/?s=Alfred+Simonis\"><span>Alfred Simonis<\/span><\/a><a href=\"https:\/\/orasul-timisoara.ro\/?s=PNL\"><span>PNL<\/span><\/a><a href=\"https:\/\/orasul-timisoara.ro\/?s=coronavirus\"><span>coronavirus<\/span><\/a><a href=\"https:\/\/orasul-timisoara.ro\/?s=teatru+timisoara\">teatru Timisoara<\/a><a href=\"https:\/\/orasul-timisoara.ro\/?s=restaurante\"><span>restaurante Timisoara<\/span><\/a><a href=\"https:\/\/orasul-timisoara.ro\/?s=diskoteka\"><span>Diskoteka<\/span><\/a><a href=\"https:\/\/orasul-timisoara.ro\/?s=iulius+town\"><span>Iulius Town<\/span><\/a><a href=\"https:\/\/orasul-timisoara.ro\/?s=iulius+mall\"><span>Iulius Mall<\/span><\/a><a href=\"https:\/\/orasul-timisoara.ro\/?s=stpt\"><span>STPT<\/span><\/a><a href=\"https:\/\/orasul-timisoara.ro\/?s=alin+nica\"><span>Alin Nica<\/span><\/a><a href=\"https:\/\/orasul-timisoara.ro\/?s=psd\"><span>PSD<\/span><\/a><a href=\"https:\/\/orasul-timisoara.ro\/?s=aeroport\"><span>Aeroportul International Timisoara<\/span><\/a><a href=\"https:\/\/orasul-timisoara.ro\/?s=babes\"><span>Spitalul Victor Babes Timisoara<\/span><\/a><a href=\"https:\/\/orasul-timisoara.ro\/?s=poli\"><span>Poli Timi\u0219oara<\/span><\/a><a href=\"https:\/\/orasul-timisoara.ro\/?s=carantina\"><span>carantina<\/span><\/a><a href=\"https:\/\/orasul-timisoara.ro\/?s=aquatim\"><span>Aquatim<\/span><\/a><a href=\"https:\/\/orasul-timisoara.ro\/local-category\/stiri-timisoara\/\"><span>Stiri Timisoara<\/span><\/a><a href=\"https:\/\/orasul-timisoara.ro\/local-category\/investitii-in-timisoara\/\"><span>Investi\u021bii in Timi\u0219oara<\/span><\/a><a href=\"https:\/\/orasul-timisoara.ro\/local-9463\/\"><span>shaorma<\/span><\/a><a href=\"https:\/\/orasul-timisoara.ro\/?s=trafic\"><span>trafic rutier<\/span><\/a><a href=\"https:\/\/orasul-timisoara.ro\/?s=politia\"><span>politia locala timisoara<\/span><\/a><a href=\"https:\/\/orasul-timisoara.ro\/?s=roxana\"><span>Roxana Iliescu<\/span><\/a><a href=\"https:\/\/orasul-timisoara.ro\/?s=colterm\"><span>Colterm<\/span><\/a><a href=\"https:\/\/orasul-timisoara.ro\/?s=latcau\"><span>Ruben La\u021bc\u0103u<\/span><\/a><a href=\"https:\/\/orasul-timisoara.ro\/?s=timis\"><span>\u0218tiri din Timi\u0219<\/span><\/a><a href=\"https:\/\/orasul-timisoara.ro\/?s=spital\"><span>Spitale din Timi\u0219oara<\/span><\/a><a href=\"https:\/\/orasul-timisoara.ro\/?s=tabara\"><span>Cosmin Tab\u0103r\u0103<\/span><\/a><\/div>\n<\/aside>\n<aside id=\"rss-2\" class=\"td_block_template_8 widget rss-2 widget_rss\">\n<h4 class=\"td-block-title\"><span><a class=\"rsswidget rss-widget-feed\" href=\"https:\/\/fashionfridays.ro\/feed\"><img decoding=\"async\" class=\"rss-widget-icon\" width=\"14\" height=\"14\" src=\"https:\/\/orasul-timisoara.ro\/wp-includes\/images\/rss.png\" alt=\"RSS\" loading=\"lazy\"><\/a><a class=\"rsswidget rss-widget-title\" href=\"https:\/\/fashionfridays.ro\/\">Fashion Fridays<\/a><\/span><\/h4>\n<ul>\n<li><a class=\"rsswidget\" href=\"https:\/\/fashionfridays.ro\/crocs-lanseaza-crocband-gum-clog-confort-iconic-cu-influente-retro-sport-pentru-primavara\/\">Crocs lanseaz\u0103 Crocband Gum Clog: confort iconic cu influen\u021be retro-sport pentru prim\u0103var\u0103<\/a>\n<div class=\"rssSummary\">Martie marcheaz\u0103 acel moment al anului \u00een care stilul \u00eencepe s\u0103 se relaxeze. Zilele devin mai lungi, ritmul ora\u0219ului se schimb\u0103, iar garderoba face tranzi\u021bia c\u0103tre piese care pun confortul pe primul loc, f\u0103r\u0103 s\u0103 renun\u021be la atitudine. Este sezonul \u00een care autenticitatea devine declara\u021bie de stil, iar alegerile vestimentare reflect\u0103 mai mult ca oric\u00e2nd [\u2026]<\/div>\n<\/li>\n<\/ul>\n<\/aside>\n<aside id=\"rss-4\" class=\"td_block_template_8 widget rss-4 widget_rss\">\n<h4 class=\"td-block-title\"><span><a class=\"rsswidget rss-widget-feed\" href=\"https:\/\/emasini.ro\/feed\"><img decoding=\"async\" class=\"rss-widget-icon\" width=\"14\" height=\"14\" src=\"https:\/\/orasul-timisoara.ro\/wp-includes\/images\/rss.png\" alt=\"RSS\" loading=\"lazy\"><\/a><a class=\"rsswidget rss-widget-title\" href=\"https:\/\/emasini.ro\/\">eMasini<\/a><\/span><\/h4>\n<ul>\n<li><a class=\"rsswidget\" href=\"https:\/\/emasini.ro\/traficul-rutier-sub-analiza-recensamant-national-pentru-modernizarea-infrastructurii\/\">Traficul rutier, sub analiz\u0103: recens\u0103m\u00e2nt na\u021bional pentru modernizarea infrastructurii<\/a>\n<div class=\"rssSummary\">Compania Na\u021bional\u0103 de Administrare a Infrastructurii Rutiere, prin Centrul de Studii Tehnice Rutiere \u0219i Informatic\u0103, preg\u0103te\u0219te una dintre cele mai importante ac\u021biuni de colectare de date din domeniul transporturilor: Recens\u0103m\u00e2ntul General de Circula\u021bie Rutier\u0103. Demersul are un rol strategic \u00een fundamentarea deciziilor privind dezvoltarea \u0219i modernizarea infrastructurii rutiere din Rom\u00e2nia. Ac\u021biunea este coordonat\u0103 de CNAIR, [\u2026]<\/div>\n<\/li>\n<\/ul>\n<\/aside>\n<\/div>\n<\/div>\n<\/div>\n<\/div>\n<\/article>\n<div class=\"td-post-content tagdiv-type\">\n<p>Roxana Iliescu, reprezentant al Partidul Social Democrat \u00een Consiliul Local Timi\u0219oara, lanseaz\u0103 acuza\u021bii la adresa administra\u021biei conduse de Dominic Fritz, \u00een contextul anun\u021burilor privind restructurarea aparatului de specialitate al prim\u0103riei.<\/p>\n<p>Potrivit acesteia, edilul ar fi prezentat public o reducere de personal de 102 posturi ca o m\u0103sur\u0103 de eficientizare bugetar\u0103, \u00eens\u0103 nu ar fi men\u021bionat planurile privind noi angaj\u0103ri \u00eentr-un serviciu recent \u00eenfiin\u021bat \u00een cadrul institu\u021biei.<\/p>\n<p>Iliescu sus\u021bine c\u0103 aproximativ 160 de persoane ar urma s\u0103 fie angajate \u00een cadrul unui nou Serviciu Public de Interes Local pentru transportul, distribu\u021bia \u0219i furnizarea energiei termice \u00een sistem centralizat, ceea ce, \u00een opinia sa, contrazice ideea de reducere a cheltuielilor.<\/p>\n<p>Consilierul local mai afirm\u0103 c\u0103, \u00een ultimul an, au avut loc numeroase angaj\u0103ri \u00een structuri \u0219i societ\u0103\u021bi subordonate prim\u0103riei, precum Societatea de Transport Public Timi\u0219oara, Horticultura Timi\u0219oara sau Pie\u021be SA Timi\u0219oara. De asemenea, aceasta men\u021bioneaz\u0103 \u0219i societatea nou \u00eenfiin\u021bat\u0103 \u201eSalut\u201d, unde ar fi fost realizate peste 160 de angaj\u0103ri.<\/p>\n<p>\u00cen ceea ce prive\u0219te sectorul termofic\u0103rii, Iliescu face referire la contractul de delegare a gestiunii serviciului public de alimentare cu energie termic\u0103 \u0219i la inten\u021biile administra\u021biei de a transfera atribu\u021bii de la Colterm c\u0103tre noul serviciu din cadrul prim\u0103riei.<\/p>\n<p>Aceasta mai sus\u021bine c\u0103 selec\u021bia viitorilor angaja\u021bi ar fi fost realizat\u0103 preferen\u021bial, pe baza unor criterii netransparente, acuza\u021bii care, \u00eens\u0103, nu sunt confirmate oficial de administra\u021bia local\u0103.<\/p>\n<p>Declara\u021biile vin \u00een contextul unor dezbateri mai ample privind reorganizarea institu\u021biilor publice \u0219i eficientizarea cheltuielilor bugetare la nivel local.<\/p>\n<p>P\u00e2n\u0103 \u00een prezent, Dominic Fritz nu a oferit un r\u0103spuns detaliat la aceste acuza\u021bii, \u00eens\u0103 administra\u021bia a sus\u021binut \u00een repetate r\u00e2nduri c\u0103 m\u0103surile adoptate urm\u0103resc modernizarea \u0219i eficientizarea serviciilor publice.<\/p>\n<\/div>\n<p>[analyse_source url=&#8221;https:\/\/orasul-timisoara.ro\/local-38452\/&#8221;]<\/p>\n","protected":false},"excerpt":{"rendered":"<p>[analyse_image type=&#8221;featured&#8221; src=&#8221;https:\/\/orasul-timisoara.ro\/wp-content\/uploads\/2025\/04\/roxana-iliescu-gabi-ionescu-copy.jpg&#8221;] Administra\u021bie local\u0103Roxana Iliescu acuz\u0103 concedieri selective \u00een Prim\u0103ria Timi\u0219oara: \u201eO reform\u0103 doar pe&#8230; Administra\u021bie local\u0103 Politic \u0218tiri Locale Roxana Iliescu acuz\u0103 concedieri selective \u00een Prim\u0103ria Timi\u0219oara: \u201eO reform\u0103 doar pe h\u00e2rtie\u201d De c\u0103tre redactia &#8211; 27\/04\/2026 Facebook Twitter WhatsApp Linkedin ReddIt Email Imprimare Roxana Iliescu, reprezentant al Partidul Social Democrat \u00een Consiliul [&hellip;]<\/p>\n","protected":false},"author":1,"featured_media":0,"comment_status":"open","ping_status":"","sticky":false,"template":"","format":"standard","meta":{"footnotes":""},"categories":[89],"tags":[226,189],"class_list":["post-1906492","post","type-post","status-publish","format-standard","hentry","category-romania","tag-crawlmanager","tag-orasul-timisoara-ro"],"_links":{"self":[{"href":"https:\/\/analyse.optim.biz\/index.php?rest_route=\/wp\/v2\/posts\/1906492","targetHints":{"allow":["GET"]}}],"collection":[{"href":"https:\/\/analyse.optim.biz\/index.php?rest_route=\/wp\/v2\/posts"}],"about":[{"href":"https:\/\/analyse.optim.biz\/index.php?rest_route=\/wp\/v2\/types\/post"}],"author":[{"embeddable":true,"href":"https:\/\/analyse.optim.biz\/index.php?rest_route=\/wp\/v2\/users\/1"}],"replies":[{"embeddable":true,"href":"https:\/\/analyse.optim.biz\/index.php?rest_route=%2Fwp%2Fv2%2Fcomments&post=1906492"}],"version-history":[{"count":0,"href":"https:\/\/analyse.optim.biz\/index.php?rest_route=\/wp\/v2\/posts\/1906492\/revisions"}],"wp:attachment":[{"href":"https:\/\/analyse.optim.biz\/index.php?rest_route=%2Fwp%2Fv2%2Fmedia&parent=1906492"}],"wp:term":[{"taxonomy":"category","embeddable":true,"href":"https:\/\/analyse.optim.biz\/index.php?rest_route=%2Fwp%2Fv2%2Fcategories&post=1906492"},{"taxonomy":"post_tag","embeddable":true,"href":"https:\/\/analyse.optim.biz\/index.php?rest_route=%2Fwp%2Fv2%2Ftags&post=1906492"}],"curies":[{"name":"wp","href":"https:\/\/api.w.org\/{rel}","templated":true}]}}