{"id":1906490,"date":"2026-04-27T14:09:38","date_gmt":"2026-04-27T11:09:38","guid":{"rendered":"https:\/\/analyse.optim.biz\/?p=1906490"},"modified":"2026-04-27T14:09:38","modified_gmt":"2026-04-27T11:09:38","slug":"psd-si-aur-depun-motiune-de-cenzura-impotriva-guvernului-bolojan-criza-politica-se-adanceste-romania-in","status":"publish","type":"post","link":"https:\/\/analyse.optim.biz\/?p=1906490","title":{"rendered":"PSD \u0219i AUR depun mo\u021biune de cenzur\u0103 \u00eempotriva Guvernului Bolojan. Criza politic\u0103 se ad\u00e2nce\u0219te, Rom\u00e2nia \u00een"},"content":{"rendered":"<p>[analyse_image type=&#8221;featured&#8221; src=&#8221;https:\/\/orasul-timisoara.ro\/wp-content\/uploads\/2026\/04\/grindeanu-simion.jpg&#8221;]<\/p>\n<article id=\"post-38408\" class=\"td-post-template-7 post-38408 post type-post status-publish format-standard has-post-thumbnail category-featured category-politic category-stiri-nationale-si-internationale tag-criza-politica-2 tag-guvernul-bolojan tag-ilie-bolojan tag-motiune-de-cenzura tag-opozitie-2 tag-parlament-romania tag-psd-aur tag-scena-politica-2 tag-vot-parlament td-container-wrap\">\n<div class=\"td-full-screen-header-image-wrap\">\n<div class=\"td-container td-post-header\">\n<div class=\"td-crumb-container\">\n<div class=\"entry-crumbs\"><span><a title=\"Vede\u021bi toate articolele \u00een Politic\" class=\"entry-crumb\" href=\"https:\/\/orasul-timisoara.ro\/local-category\/politic\/\">Politic<\/a><\/span><span class=\"td-bred-no-url-last\">PSD \u0219i AUR depun mo\u021biune de cenzur\u0103 \u00eempotriva Guvernului Bolojan. Criza politic\u0103&#8230;<\/span><\/div>\n<\/div>\n<div class=\"td-post-header-holder\">\n<div class=\"td-parallax-header\">\n<header class=\"td-post-title\">\n<ul class=\"td-category\">\n<li class=\"entry-category\"><a href=\"https:\/\/orasul-timisoara.ro\/local-category\/politic\/\">Politic<\/a><\/li>\n<li class=\"entry-category\"><a href=\"https:\/\/orasul-timisoara.ro\/local-category\/stiri-nationale-si-internationale\/\">\u0218tiri na\u021bionale \u0219i interna\u021bionale<\/a><\/li>\n<\/ul>\n<h1 class=\"entry-title\">PSD \u0219i AUR depun mo\u021biune de cenzur\u0103 \u00eempotriva Guvernului Bolojan. Criza politic\u0103 se ad\u00e2nce\u0219te, Rom\u00e2nia \u00een pericol s\u0103 piard\u0103 zeci de miliarde de euro<\/h1>\n<div class=\"td-module-meta-info\">\n<div class=\"td-post-author-name\">\n<div class=\"td-author-by\">De c\u0103tre<\/div>\n<p><a href=\"https:\/\/orasul-timisoara.ro\/author\/timisoara\/\">redactia<\/a><\/p>\n<div class=\"td-author-line\"> &#8211; <\/div>\n<\/div>\n<p><span class=\"td-post-date\"><time class=\"entry-date updated td-module-date\" datetime=\"2026-04-27T17:09:38+03:00\">27\/04\/2026<\/time><\/span><\/div>\n<\/header>\n<\/div>\n<\/div>\n<\/div>\n<div id=\"td-full-screen-header-image\" class=\"td-image-gradient-style7\"><img decoding=\"async\" class=\"td-backstretch\" src=\"https:\/\/orasul-timisoara.ro\/wp-content\/uploads\/2026\/04\/grindeanu-simion.jpg\"><\/div>\n<\/div>\n<div class=\"td-container\">\n<div class=\"td-pb-row\">\n<div class=\"td-pb-span8 td-main-content\" role=\"main\">\n<div class=\"td-ss-main-content\">\n<div class=\"td-post-sharing-top\">\n<div class=\"td-post-sharing-classic\"><iframe title=\"topFacebookLike\" frameborder src=\"https:\/\/www.facebook.com\/plugins\/like.php?href=https:\/\/orasul-timisoara.ro\/local-38408\/&amp;layout=button_count&amp;show_faces=false&amp;width=105&amp;action=like&amp;colorscheme=light&amp;height=21\"><\/iframe><\/div>\n<div id=\"td_social_sharing_article_top\" class=\"td-post-sharing td-ps-bg td-ps-notext td-post-sharing-style1 \">\n<div class=\"td-post-sharing-visible\"><a class=\"td-social-sharing-button td-social-sharing-button-js td-social-network td-social-facebook\" href=\"https:\/\/www.facebook.com\/sharer.php?u=https%3A%2F%2Forasul-timisoara.ro%2Flocal-38408%2F\" title=\"Facebook\"><\/p>\n<div class=\"td-social-but-text\">Facebook<\/div>\n<p><\/a><a class=\"td-social-sharing-button td-social-sharing-button-js td-social-network td-social-twitter\" href=\"https:\/\/twitter.com\/intent\/tweet?text=PSD+%C8%99i+AUR+depun+mo%C8%9Biune+de+cenzur%C4%83+%C3%AEmpotriva+Guvernului+Bolojan.+Criza+politic%C4%83+se+ad%C3%A2nce%C8%99te%2C+Rom%C3%A2nia+%C3%AEn+pericol+s%C4%83+piard%C4%83+zeci+de+miliarde+de+euro&amp;url=https%3A%2F%2Forasul-timisoara.ro%2Flocal-38408%2F&amp;via=orasultm\" title=\"Twitter\"><\/p>\n<div class=\"td-social-but-text\">Twitter<\/div>\n<p><\/a><a class=\"td-social-sharing-button td-social-sharing-button-js td-social-network td-social-whatsapp\" href=\"https:\/\/api.whatsapp.com\/send?text=PSD+%C8%99i+AUR+depun+mo%C8%9Biune+de+cenzur%C4%83+%C3%AEmpotriva+Guvernului+Bolojan.+Criza+politic%C4%83+se+ad%C3%A2nce%C8%99te%2C+Rom%C3%A2nia+%C3%AEn+pericol+s%C4%83+piard%C4%83+zeci+de+miliarde+de+euro%20%0A%0A%20https:\/\/orasul-timisoara.ro\/local-38408\/\" title=\"WhatsApp\"><\/p>\n<div class=\"td-social-but-text\">WhatsApp<\/div>\n<p><\/a><a class=\"td-social-sharing-button td-social-sharing-button-js td-social-network td-social-linkedin\" href=\"https:\/\/www.linkedin.com\/shareArticle?mini=true&amp;url=https:\/\/orasul-timisoara.ro\/local-38408\/&amp;title=PSD+%C8%99i+AUR+depun+mo%C8%9Biune+de+cenzur%C4%83+%C3%AEmpotriva+Guvernului+Bolojan.+Criza+politic%C4%83+se+ad%C3%A2nce%C8%99te%2C+Rom%C3%A2nia+%C3%AEn+pericol+s%C4%83+piard%C4%83+zeci+de+miliarde+de+euro\" title=\"Linkedin\"><\/p>\n<div class=\"td-social-but-text\">Linkedin<\/div>\n<p><\/a><a class=\"td-social-sharing-button td-social-sharing-button-js td-social-network td-social-reddit\" href=\"https:\/\/reddit.com\/submit?url=https:\/\/orasul-timisoara.ro\/local-38408\/&amp;title=PSD+%C8%99i+AUR+depun+mo%C8%9Biune+de+cenzur%C4%83+%C3%AEmpotriva+Guvernului+Bolojan.+Criza+politic%C4%83+se+ad%C3%A2nce%C8%99te%2C+Rom%C3%A2nia+%C3%AEn+pericol+s%C4%83+piard%C4%83+zeci+de+miliarde+de+euro\" title=\"ReddIt\"><\/p>\n<div class=\"td-social-but-text\">ReddIt<\/div>\n<p><\/a><a class=\"td-social-sharing-button td-social-sharing-button-js td-social-network td-social-mail\" href=\"mailto:?subject=PSD%20%C8%99i%20AUR%20depun%20mo%C8%9Biune%20de%20cenzur%C4%83%20%C3%AEmpotriva%20Guvernului%20Bolojan.%20Criza%20politic%C4%83%20se%20ad%C3%A2nce%C8%99te,%20Rom%C3%A2nia%20%C3%AEn%20pericol%20s%C4%83%20piard%C4%83%20zeci%20de%20miliarde%20de%20euro&amp;body=https:\/\/orasul-timisoara.ro\/local-38408\/\" title=\"Email\"><\/p>\n<div class=\"td-social-but-text\">Email<\/div>\n<p><\/a><a class=\"td-social-sharing-button td-social-sharing-button-js td-social-network td-social-print\" href=\"https:\/\/orasul-timisoara.ro\/local-38408\/\" title=\"Imprimare\"><\/p>\n<div class=\"td-social-but-text\">Imprimare<\/div>\n<p><\/a><\/div>\n<\/div>\n<\/div>\n<div class=\"td-post-content tagdiv-type\">\n<p>Liderii Partidul Social Democrat \u0219i Alian\u021ba pentru Unirea Rom\u00e2nilor au anun\u021bat luni diminea\u021b\u0103 depunerea unei mo\u021biuni de cenzur\u0103 comune \u00eempotriva Guvernului condus de Ilie Bolojan. Este prima colaborare de amploare \u00eentre cele dou\u0103 forma\u021biuni, \u00eentr-un moment marcat de tensiuni politice \u0219i calcule parlamentare complicate.<\/p>\n<p>Anun\u021bul vine \u00een contextul unor consult\u0103ri desf\u0103\u0219urate la Palatul Cotroceni, unde liderii politici au discutat teme tehnice legate de Planul Na\u021bional de Redresare \u0219i Rezilien\u021b\u0103 \u0219i programul SAFE. Potrivit lui Dominic Fritz, discu\u021biile nu au avut caracter politic, iar participan\u021bii au aflat despre demersul PSD-AUR abia dup\u0103 \u00eencheierea \u00eent\u00e2lnirii.<\/p>\n<p>\u201eA fost o discu\u021bie strict tehnic\u0103, f\u0103r\u0103 telefoane, iar pre\u0219edintele \u0219i-a exprimat dorin\u021ba ca Rom\u00e2nia s\u0103 nu piard\u0103 fondurile europene, \u00een ciuda crizei politice\u201d, a declarat Dominic Fritz. Liderul Uniunea Salva\u021bi Rom\u00e2nia a reiterat sprijinul pentru actualul executiv, subliniind c\u0103 sus\u021binerea nu vizeaz\u0103 o persoan\u0103, ci reformele \u0219i m\u0103surile anticorup\u021bie.<\/p>\n<p>\u00cen Parlament, reac\u021biile nu au \u00eent\u00e2rziat. Daniel Fenechiu a anun\u021bat c\u0103 Partidul Na\u021bional Liberal va \u00eencerca s\u0103 men\u021bin\u0103 Guvernul Bolojan, avertiz\u00e2nd c\u0103 o eventual\u0103 c\u0103dere a acestuia ar duce la trecerea PNL \u00een opozi\u021bie \u0219i chiar la posibile alegeri anticipate.<\/p>\n<p>De partea cealalt\u0103, liderii PSD sus\u021bin c\u0103 mo\u021biunea reprezint\u0103 o \u201ecolaborare punctual\u0103, pragmatic\u0103\u201d. Sorin Grindeanu a precizat c\u0103 decizia de a sus\u021bine mo\u021biunea a fost luat\u0103 \u00een unanimitate \u00een partid, iar obiectivul este maximizarea \u0219anselor de a \u00eenl\u0103tura actualul guvern. Acesta a exclus existen\u021ba unui acord politic ulterior \u00eentre PSD \u0219i AUR.<\/p>\n<p>\u00cen tab\u0103ra AUR, George Simion a confirmat strategia comun\u0103, afirm\u00e2nd c\u0103 mo\u021biunea ar putea fi votat\u0103 la \u00eenceputul lunii mai, cel mai probabil pe 5 mai, dup\u0103 str\u00e2ngerea num\u0103rului necesar de semn\u0103turi. Liderul AUR a f\u0103cut apel la \u201ereconciliere na\u021bional\u0103\u201d \u0219i la sprijin parlamentar pentru demiterea guvernului.<\/p>\n<p>Alte partide parlamentare \u0219i-au exprimat deja pozi\u021biile. Uniunea Democrat\u0103 Maghiar\u0103 din Rom\u00e2nia a anun\u021bat c\u0103 nu va sus\u021bine mo\u021biunea, \u00een timp ce voci din PNL au criticat dur ini\u021biativa, consider\u00e2nd-o un gest iresponsabil care ar putea destabiliza \u021bara.<\/p>\n<p>Din punct de vedere matematic, succesul mo\u021biunii depinde de ob\u021binerea a cel pu\u021bin 233 de voturi \u00een Parlament. PSD \u0219i AUR cumuleaz\u0103 \u00eempreun\u0103 219 parlamentari, ceea ce \u00eenseamn\u0103 c\u0103 mai au nevoie de cel pu\u021bin 14 voturi pentru a d\u0103r\u00e2ma Guvernul Bolojan.<\/p>\n<p>\u00cen paralel, pre\u0219edintele Nicu\u0219or Dan a transmis c\u0103 nu va desemna un premier sus\u021binut de PSD \u0219i AUR, ceea ce complic\u0103 scenariile politice de dup\u0103 un eventual vot favorabil mo\u021biunii.<\/p>\n<p>\u00cen acest context, Rom\u00e2nia intr\u0103 \u00eentr-o nou\u0103 etap\u0103 de incertitudine politic\u0103, cu implica\u021bii directe asupra stabilit\u0103\u021bii guvernamentale \u0219i a acces\u0103rii fondurilor europene.<\/p>\n<\/div>\n<footer>\n<div class=\"td-post-source-tags\">\n<ul class=\"td-tags td-post-small-box clearfix\">\n<li><span>ETICHETE<\/span><\/li>\n<li><a href=\"https:\/\/orasul-timisoara.ro\/local-tag\/criza-politica-2\/\">criza politica<\/a><\/li>\n<li><a href=\"https:\/\/orasul-timisoara.ro\/local-tag\/guvernul-bolojan\/\">guvernul bolojan<\/a><\/li>\n<li><a href=\"https:\/\/orasul-timisoara.ro\/local-tag\/ilie-bolojan\/\">ilie bolojan<\/a><\/li>\n<li><a href=\"https:\/\/orasul-timisoara.ro\/local-tag\/motiune-de-cenzura\/\">motiune de cenzura<\/a><\/li>\n<li><a href=\"https:\/\/orasul-timisoara.ro\/local-tag\/opozitie-2\/\">opozitie<\/a><\/li>\n<li><a href=\"https:\/\/orasul-timisoara.ro\/local-tag\/parlament-romania\/\">Parlament Romania<\/a><\/li>\n<li><a href=\"https:\/\/orasul-timisoara.ro\/local-tag\/psd-aur\/\">PSD AUR<\/a><\/li>\n<li><a href=\"https:\/\/orasul-timisoara.ro\/local-tag\/scena-politica-2\/\">scena politica<\/a><\/li>\n<li><a href=\"https:\/\/orasul-timisoara.ro\/local-tag\/vot-parlament\/\">vot parlament<\/a><\/li>\n<\/ul>\n<\/div>\n<div class=\"td-post-sharing-bottom\">\n<div class=\"td-post-sharing-classic\"><iframe title=\"bottomFacebookLike\" frameborder src=\"https:\/\/www.facebook.com\/plugins\/like.php?href=https:\/\/orasul-timisoara.ro\/local-38408\/&amp;layout=button_count&amp;show_faces=false&amp;width=105&amp;action=like&amp;colorscheme=light&amp;height=21\"><\/iframe><\/div>\n<div id=\"td_social_sharing_article_bottom\" class=\"td-post-sharing td-ps-bg td-ps-notext td-post-sharing-style1 \">\n<div class=\"td-post-sharing-visible\"><a class=\"td-social-sharing-button td-social-sharing-button-js td-social-network td-social-facebook\" href=\"https:\/\/www.facebook.com\/sharer.php?u=https%3A%2F%2Forasul-timisoara.ro%2Flocal-38408%2F\" title=\"Facebook\"><\/p>\n<div class=\"td-social-but-text\">Facebook<\/div>\n<p><\/a><a class=\"td-social-sharing-button td-social-sharing-button-js td-social-network td-social-twitter\" href=\"https:\/\/twitter.com\/intent\/tweet?text=PSD+%C8%99i+AUR+depun+mo%C8%9Biune+de+cenzur%C4%83+%C3%AEmpotriva+Guvernului+Bolojan.+Criza+politic%C4%83+se+ad%C3%A2nce%C8%99te%2C+Rom%C3%A2nia+%C3%AEn+pericol+s%C4%83+piard%C4%83+zeci+de+miliarde+de+euro&amp;url=https%3A%2F%2Forasul-timisoara.ro%2Flocal-38408%2F&amp;via=orasultm\" title=\"Twitter\"><\/p>\n<div class=\"td-social-but-text\">Twitter<\/div>\n<p><\/a><a class=\"td-social-sharing-button td-social-sharing-button-js td-social-network td-social-whatsapp\" href=\"https:\/\/api.whatsapp.com\/send?text=PSD+%C8%99i+AUR+depun+mo%C8%9Biune+de+cenzur%C4%83+%C3%AEmpotriva+Guvernului+Bolojan.+Criza+politic%C4%83+se+ad%C3%A2nce%C8%99te%2C+Rom%C3%A2nia+%C3%AEn+pericol+s%C4%83+piard%C4%83+zeci+de+miliarde+de+euro%20%0A%0A%20https:\/\/orasul-timisoara.ro\/local-38408\/\" title=\"WhatsApp\"><\/p>\n<div class=\"td-social-but-text\">WhatsApp<\/div>\n<p><\/a><a class=\"td-social-sharing-button td-social-sharing-button-js td-social-network td-social-linkedin\" href=\"https:\/\/www.linkedin.com\/shareArticle?mini=true&amp;url=https:\/\/orasul-timisoara.ro\/local-38408\/&amp;title=PSD+%C8%99i+AUR+depun+mo%C8%9Biune+de+cenzur%C4%83+%C3%AEmpotriva+Guvernului+Bolojan.+Criza+politic%C4%83+se+ad%C3%A2nce%C8%99te%2C+Rom%C3%A2nia+%C3%AEn+pericol+s%C4%83+piard%C4%83+zeci+de+miliarde+de+euro\" title=\"Linkedin\"><\/p>\n<div class=\"td-social-but-text\">Linkedin<\/div>\n<p><\/a><a class=\"td-social-sharing-button td-social-sharing-button-js td-social-network td-social-reddit\" href=\"https:\/\/reddit.com\/submit?url=https:\/\/orasul-timisoara.ro\/local-38408\/&amp;title=PSD+%C8%99i+AUR+depun+mo%C8%9Biune+de+cenzur%C4%83+%C3%AEmpotriva+Guvernului+Bolojan.+Criza+politic%C4%83+se+ad%C3%A2nce%C8%99te%2C+Rom%C3%A2nia+%C3%AEn+pericol+s%C4%83+piard%C4%83+zeci+de+miliarde+de+euro\" title=\"ReddIt\"><\/p>\n<div class=\"td-social-but-text\">ReddIt<\/div>\n<p><\/a><a class=\"td-social-sharing-button td-social-sharing-button-js td-social-network td-social-mail\" href=\"mailto:?subject=PSD%20%C8%99i%20AUR%20depun%20mo%C8%9Biune%20de%20cenzur%C4%83%20%C3%AEmpotriva%20Guvernului%20Bolojan.%20Criza%20politic%C4%83%20se%20ad%C3%A2nce%C8%99te,%20Rom%C3%A2nia%20%C3%AEn%20pericol%20s%C4%83%20piard%C4%83%20zeci%20de%20miliarde%20de%20euro&amp;body=https:\/\/orasul-timisoara.ro\/local-38408\/\" title=\"Email\"><\/p>\n<div class=\"td-social-but-text\">Email<\/div>\n<p><\/a><a class=\"td-social-sharing-button td-social-sharing-button-js td-social-network td-social-print\" href=\"https:\/\/orasul-timisoara.ro\/local-38408\/\" title=\"Imprimare\"><\/p>\n<div class=\"td-social-but-text\">Imprimare<\/div>\n<p><\/a><\/div>\n<\/div>\n<\/div>\n<div class=\"td-block-row td-post-next-prev\">\n<div class=\"td-block-span6 td-post-prev-post\">\n<div class=\"td-post-next-prev-content\"><span>Articolul precedent<\/span><a href=\"https:\/\/orasul-timisoara.ro\/local-38403\/\">Timi\u0219ul, \u00een centrul aten\u021biei la Bruxelles: promovare european\u0103 pentru Banat<\/a><\/div>\n<\/div>\n<div class=\"td-block-span6 td-post-next-post\">\n<div class=\"td-post-next-prev-content\"><span>Articolul urm\u0103tor<\/span><a href=\"https:\/\/orasul-timisoara.ro\/local-38412\/\">Investi\u021bie de peste 100 de milioane de lei \u00een Timi\u0219: modernizarea DJ 691 (A1\/Pi\u0219chia \u2013 Alio\u0219) prinde contur<\/a><\/div>\n<\/div>\n<\/div>\n<div class=\"td-author-name vcard author\"><span class=\"fn\"><a href=\"https:\/\/orasul-timisoara.ro\/author\/timisoara\/\">redactia<\/a><\/span><\/div>\n<p><span class=\"td-page-meta\"><\/span><span class=\"td-page-meta\"><span class=\"td-page-meta\"><\/span><\/span><span class=\"td-page-meta\"><\/span><\/footer>\n<div class=\"td_block_wrap td_block_related_posts tdi_3 td_with_ajax_pagination td-pb-border-top td_block_template_8\" data-td-block-uid=\"tdi_3\">\n<h4 class=\"td-related-title td-block-title\"><a id=\"tdi_4\" class=\"td-related-left td-cur-simple-item\" data-td_filter_value data-td_block_id=\"tdi_3\" href=\"https:\/\/orasul-timisoara.ro\/local-38408\/\">ARTICOLE SIMILARE<\/a><a id=\"tdi_5\" class=\"td-related-right\" data-td_filter_value=\"td_related_more_from_author\" data-td_block_id=\"tdi_3\" href=\"https:\/\/orasul-timisoara.ro\/local-38408\/\">DE LA ACELA\u0218I AUTOR<\/a><\/h4>\n<div id=\"tdi_3\" class=\"td_block_inner\">\n<div class=\"td-related-row\">\n<div class=\"td-related-span4\">\n<div class=\"td_module_related_posts td-animation-stack td_mod_related_posts\">\n<div class=\"td-module-image\">\n<div class=\"td-module-thumb\"><a href=\"https:\/\/orasul-timisoara.ro\/local-38447\/\" rel=\"bookmark\" class=\"td-image-wrap \" title=\"Alin Nica critic\u0103 dur mo\u021biunea PSD: \u201eUn act de cinism care pune \u00een pericol stabilitatea economic\u0103\u201d\"><img loading=\"lazy\" decoding=\"async\" class=\"entry-thumb\" src=\"https:\/\/orasul-timisoara.ro\/wp-content\/uploads\/2026\/04\/alin-nica-001-436x300.jpg\" alt title=\"Alin Nica critic\u0103 dur mo\u021biunea PSD: \u201eUn act de cinism care pune \u00een pericol stabilitatea economic\u0103\u201d\" width=\"218\" height=\"150\"><\/a><\/div>\n<\/div>\n<div class=\"item-details\">\n<h3 class=\"entry-title td-module-title\"><a href=\"https:\/\/orasul-timisoara.ro\/local-38447\/\" rel=\"bookmark\" title=\"Alin Nica critic\u0103 dur mo\u021biunea PSD: \u201eUn act de cinism care pune \u00een pericol stabilitatea economic\u0103\u201d\">Alin Nica critic\u0103 dur mo\u021biunea PSD: \u201eUn act de cinism care pune \u00een pericol stabilitatea economic\u0103\u201d<\/a><\/h3>\n<\/div>\n<\/div>\n<\/div>\n<div class=\"td-related-span4\">\n<div class=\"td_module_related_posts td-animation-stack td_mod_related_posts\">\n<div class=\"td-module-image\">\n<div class=\"td-module-thumb\"><a href=\"https:\/\/orasul-timisoara.ro\/local-38361\/\" rel=\"bookmark\" class=\"td-image-wrap \" title=\"Guvernul Bolojan func\u021bioneaz\u0103 \u00een regim de interimat: cine preia ministerele dup\u0103 plecarea PSD\"><img loading=\"lazy\" decoding=\"async\" class=\"entry-thumb\" src=\"https:\/\/orasul-timisoara.ro\/wp-content\/uploads\/2026\/04\/Screenshot-2026-04-23-162524-436x300.jpg\" alt title=\"Guvernul Bolojan func\u021bioneaz\u0103 \u00een regim de interimat: cine preia ministerele dup\u0103 plecarea PSD\" width=\"218\" height=\"150\"><\/a><\/div>\n<\/div>\n<div class=\"item-details\">\n<h3 class=\"entry-title td-module-title\"><a href=\"https:\/\/orasul-timisoara.ro\/local-38361\/\" rel=\"bookmark\" title=\"Guvernul Bolojan func\u021bioneaz\u0103 \u00een regim de interimat: cine preia ministerele dup\u0103 plecarea PSD\">Guvernul Bolojan func\u021bioneaz\u0103 \u00een regim de interimat: cine preia ministerele dup\u0103 plecarea PSD<\/a><\/h3>\n<\/div>\n<\/div>\n<\/div>\n<div class=\"td-related-span4\">\n<div class=\"td_module_related_posts td-animation-stack td_mod_related_posts\">\n<div class=\"td-module-image\">\n<div class=\"td-module-thumb\"><a href=\"https:\/\/orasul-timisoara.ro\/local-38337\/\" rel=\"bookmark\" class=\"td-image-wrap \" title=\"Mini\u0219trii PSD au demisionat \u00een mas\u0103, partidul preg\u0103tindu-se pentru a treia r\u0103sturnare a unui guvern din care face parte, dup\u0103 Grindeanu (2017) \u0219i Tudose (2018)\"><img loading=\"lazy\" decoding=\"async\" class=\"entry-thumb\" src=\"https:\/\/orasul-timisoara.ro\/wp-content\/uploads\/2020\/09\/guvernul-romaniei-stand.jpg\" alt title=\"Mini\u0219trii PSD au demisionat \u00een mas\u0103, partidul preg\u0103tindu-se pentru a treia r\u0103sturnare a unui guvern din care face parte, dup\u0103 Grindeanu (2017) \u0219i Tudose (2018)\" width=\"218\" height=\"150\"><\/a><\/div>\n<\/div>\n<div class=\"item-details\">\n<h3 class=\"entry-title td-module-title\"><a href=\"https:\/\/orasul-timisoara.ro\/local-38337\/\" rel=\"bookmark\" title=\"Mini\u0219trii PSD au demisionat \u00een mas\u0103, partidul preg\u0103tindu-se pentru a treia r\u0103sturnare a unui guvern din care face parte, dup\u0103 Grindeanu (2017) \u0219i Tudose (2018)\">Mini\u0219trii PSD au demisionat \u00een mas\u0103, partidul preg\u0103tindu-se pentru a treia r\u0103sturnare a unui guvern din care face parte, dup\u0103 Grindeanu (2017) \u0219i Tudose&#8230;<\/a><\/h3>\n<\/div>\n<\/div>\n<\/div>\n<\/div>\n<\/div>\n<\/div>\n<div class=\"comments\" id=\"comments\">\n<div id=\"respond\" class=\"comment-respond\">\n<h3 id=\"reply-title\" class=\"comment-reply-title\">L\u0102SA\u021aI UN MESAJ<\/h3>\n<div class=\"comment-form-input-wrap td-form-comment\">\n<div class=\"td-warning-comment\">V\u0103 rug\u0103m s\u0103 introduce\u021bi comentariul dvs.!<\/div>\n<\/div>\n<div class=\"comment-form-input-wrap td-form-author\">\n<div class=\"td-warning-author\">Introduce\u021bi aici numele dvs.<\/div>\n<\/div>\n<div class=\"comment-form-input-wrap td-form-email\">\n<div class=\"td-warning-email-error\">A\u021bi introdus o adres\u0103 de e-mail incorect\u0103!<\/div>\n<div class=\"td-warning-email\">V\u0103 rug\u0103m s\u0103 introduce\u021bi adresa dvs. de e-mail aici<\/div>\n<\/div>\n<\/div>\n<p class=\"akismet_comment_form_privacy_notice\">Acest site folose\u0219te Akismet pentru a reduce spamul. <a href=\"https:\/\/akismet.com\/privacy\/\" target=\"_blank\" rel=\"nofollow noopener\">Afl\u0103 cum sunt procesate datele comentariilor tale<\/a>.<\/p>\n<\/div>\n<\/div>\n<\/div>\n<div class=\"td-pb-span4 td-main-sidebar\" role=\"complementary\">\n<div class=\"td-ss-main-sidebar\">\n<aside id=\"block-4\" class=\"td_block_template_8 widget block-4 widget_block widget_media_image\">\n<figure class=\"wp-block-image size-full\"><img loading=\"lazy\" decoding=\"async\" width=\"336\" height=\"280\" src=\"https:\/\/orasul-timisoara.ro\/wp-content\/uploads\/2024\/11\/ReTIM-Abonamentul-Verde-Google-Ads-336x280px.gif\" alt class=\"wp-image-29257\"><\/figure>\n<\/aside>\n<div class=\"td_block_wrap td_block_social_counter td_block_widget tdi_6 td-social-style5 td-social-boxed td-pb-border-top td_block_template_8\">\n<div class=\"td-block-title-wrap\">\n<h4 class=\"td-block-title\"><span>Urm\u0103re\u0219te-ne pe Social Media<\/span><\/h4>\n<\/div>\n<div class=\"td-social-list\">\n<div class=\"td_social_type td-pb-margin-side td_social_facebook\">\n<div class=\"td-social-box\"><span class=\"td_social_info td_social_info_counter\">344,595<\/span><span class=\"td_social_info td_social_info_name\">Fani<\/span><span class=\"td_social_button\"><a href=\"https:\/\/www.facebook.com\/247timisoara\" target=\"_blank\" rel=\"nofollow\">\u00cemi place<\/a><\/span><\/div>\n<\/div>\n<div class=\"td_social_type td-pb-margin-side td_social_instagram\">\n<div class=\"td-social-box\"><span class=\"td_social_info td_social_info_counter\">4,416<\/span><span class=\"td_social_info td_social_info_name\">Cititori<\/span><span class=\"td_social_button\"><a href=\"https:\/\/instagram.com\/orasultimisoararo\/\" target=\"_blank\" rel=\"nofollow\">Conecta\u021bi-v\u0103<\/a><\/span><\/div>\n<\/div>\n<div class=\"td_social_type td-pb-margin-side td_social_rss\">\n<div class=\"td-social-box\"><span class=\"td_social_info td_social_info_counter\">12,506<\/span><span class=\"td_social_info td_social_info_name\">Cititori<\/span><span class=\"td_social_button\"><a href=\"https:\/\/orasul-timisoara.ro\/feed\/\" target=\"_blank\" rel=\"nofollow\">Conecta\u021bi-v\u0103<\/a><\/span><\/div>\n<\/div>\n<div class=\"td_social_type td-pb-margin-side td_social_tiktok\">\n<div class=\"td-social-box\"><span class=\"td_social_info td_social_info_counter\">1,500<\/span><span class=\"td_social_info td_social_info_name\">Cititori<\/span><span class=\"td_social_button\"><a href=\"https:\/\/www.tiktok.com\/@orasultimisoara\" target=\"_blank\" rel=\"nofollow\">Conecta\u021bi-v\u0103<\/a><\/span><\/div>\n<\/div>\n<div class=\"td_social_type td-pb-margin-side td_social_twitter\">\n<div class=\"td-social-box\"><span class=\"td_social_info td_social_info_counter\">1,595<\/span><span class=\"td_social_info td_social_info_name\">Cititori<\/span><span class=\"td_social_button\"><a href=\"https:\/\/twitter.com\/orasultm\" target=\"_blank\" rel=\"nofollow\">Conecta\u021bi-v\u0103<\/a><\/span><\/div>\n<\/div>\n<div class=\"td_social_type td-pb-margin-side td_social_youtube\">\n<div class=\"td-social-box\"><span class=\"td_social_info td_social_info_counter\">3,506<\/span><span class=\"td_social_info td_social_info_name\">Abona\u021bi<\/span><span class=\"td_social_button\"><a href=\"https:\/\/www.youtube.com\/channel\/UCQNsQvs2XCSIm1Z-AHRturw?sub_confirmation=1\" target=\"_blank\" rel=\"nofollow\">Abona\u021bi-v\u0103<\/a><\/span><\/div>\n<\/div>\n<\/div>\n<\/div>\n<aside id=\"text-7\" class=\"td_block_template_8 widget text-7 widget_text\">\n<h4 class=\"td-block-title\"><span>C\u0103ut\u0103ri populare pe OTM<\/span><\/h4>\n<div class=\"textwidget\"><a href=\"https:\/\/orasul-timisoara.ro\/?s=timisoara\"><span>Timisoara<\/span><\/a><a href=\"https:\/\/orasul-timisoara.ro\/?s=calin+dobra\"><span>Calin Dobra<\/span><\/a><a href=\"https:\/\/orasul-timisoara.ro\/?s=primaria+timisoara\"><span>Primaria Timisoara<\/span><\/a><a href=\"https:\/\/orasul-timisoara.ro\/?s=dominic+fritz\"><span>Dominic Fritz<\/span><\/a><a href=\"https:\/\/orasul-timisoara.ro\/?s=nicolae+robu\"><span>Nicolae Robu<\/span><\/a><a href=\"https:\/\/orasul-timisoara.ro\/?s=consiliul+local+timisoara\">Consiliul Local Timisoara<\/a><a href=\"https:\/\/orasul-timisoara.ro\/?s=consiliul+judetean+timis\"><span>Consiliul Judetean Timis<\/span><\/a><a href=\"https:\/\/orasul-timisoara.ro\/?s=cjt\"><span>CJT<\/span><\/a><a href=\"https:\/\/orasul-timisoara.ro\/?s=Alfred+Simonis\"><span>Alfred Simonis<\/span><\/a><a href=\"https:\/\/orasul-timisoara.ro\/?s=PNL\"><span>PNL<\/span><\/a><a href=\"https:\/\/orasul-timisoara.ro\/?s=coronavirus\"><span>coronavirus<\/span><\/a><a href=\"https:\/\/orasul-timisoara.ro\/?s=teatru+timisoara\">teatru Timisoara<\/a><a href=\"https:\/\/orasul-timisoara.ro\/?s=restaurante\"><span>restaurante Timisoara<\/span><\/a><a href=\"https:\/\/orasul-timisoara.ro\/?s=diskoteka\"><span>Diskoteka<\/span><\/a><a href=\"https:\/\/orasul-timisoara.ro\/?s=iulius+town\"><span>Iulius Town<\/span><\/a><a href=\"https:\/\/orasul-timisoara.ro\/?s=iulius+mall\"><span>Iulius Mall<\/span><\/a><a href=\"https:\/\/orasul-timisoara.ro\/?s=stpt\"><span>STPT<\/span><\/a><a href=\"https:\/\/orasul-timisoara.ro\/?s=alin+nica\"><span>Alin Nica<\/span><\/a><a href=\"https:\/\/orasul-timisoara.ro\/?s=psd\"><span>PSD<\/span><\/a><a href=\"https:\/\/orasul-timisoara.ro\/?s=aeroport\"><span>Aeroportul International Timisoara<\/span><\/a><a href=\"https:\/\/orasul-timisoara.ro\/?s=babes\"><span>Spitalul Victor Babes Timisoara<\/span><\/a><a href=\"https:\/\/orasul-timisoara.ro\/?s=poli\"><span>Poli Timi\u0219oara<\/span><\/a><a href=\"https:\/\/orasul-timisoara.ro\/?s=carantina\"><span>carantina<\/span><\/a><a href=\"https:\/\/orasul-timisoara.ro\/?s=aquatim\"><span>Aquatim<\/span><\/a><a href=\"https:\/\/orasul-timisoara.ro\/local-category\/stiri-timisoara\/\"><span>Stiri Timisoara<\/span><\/a><a href=\"https:\/\/orasul-timisoara.ro\/local-category\/investitii-in-timisoara\/\"><span>Investi\u021bii in Timi\u0219oara<\/span><\/a><a href=\"https:\/\/orasul-timisoara.ro\/local-9463\/\"><span>shaorma<\/span><\/a><a href=\"https:\/\/orasul-timisoara.ro\/?s=trafic\"><span>trafic rutier<\/span><\/a><a href=\"https:\/\/orasul-timisoara.ro\/?s=politia\"><span>politia locala timisoara<\/span><\/a><a href=\"https:\/\/orasul-timisoara.ro\/?s=roxana\"><span>Roxana Iliescu<\/span><\/a><a href=\"https:\/\/orasul-timisoara.ro\/?s=colterm\"><span>Colterm<\/span><\/a><a href=\"https:\/\/orasul-timisoara.ro\/?s=latcau\"><span>Ruben La\u021bc\u0103u<\/span><\/a><a href=\"https:\/\/orasul-timisoara.ro\/?s=timis\"><span>\u0218tiri din Timi\u0219<\/span><\/a><a href=\"https:\/\/orasul-timisoara.ro\/?s=spital\"><span>Spitale din Timi\u0219oara<\/span><\/a><a href=\"https:\/\/orasul-timisoara.ro\/?s=tabara\"><span>Cosmin Tab\u0103r\u0103<\/span><\/a><\/div>\n<\/aside>\n<aside id=\"rss-2\" class=\"td_block_template_8 widget rss-2 widget_rss\">\n<h4 class=\"td-block-title\"><span><a class=\"rsswidget rss-widget-feed\" href=\"https:\/\/fashionfridays.ro\/feed\"><img decoding=\"async\" class=\"rss-widget-icon\" width=\"14\" height=\"14\" src=\"https:\/\/orasul-timisoara.ro\/wp-includes\/images\/rss.png\" alt=\"RSS\" loading=\"lazy\"><\/a><a class=\"rsswidget rss-widget-title\" href=\"https:\/\/fashionfridays.ro\/\">Fashion Fridays<\/a><\/span><\/h4>\n<ul>\n<li><a class=\"rsswidget\" href=\"https:\/\/fashionfridays.ro\/crocs-lanseaza-crocband-gum-clog-confort-iconic-cu-influente-retro-sport-pentru-primavara\/\">Crocs lanseaz\u0103 Crocband Gum Clog: confort iconic cu influen\u021be retro-sport pentru prim\u0103var\u0103<\/a>\n<div class=\"rssSummary\">Martie marcheaz\u0103 acel moment al anului \u00een care stilul \u00eencepe s\u0103 se relaxeze. Zilele devin mai lungi, ritmul ora\u0219ului se schimb\u0103, iar garderoba face tranzi\u021bia c\u0103tre piese care pun confortul pe primul loc, f\u0103r\u0103 s\u0103 renun\u021be la atitudine. Este sezonul \u00een care autenticitatea devine declara\u021bie de stil, iar alegerile vestimentare reflect\u0103 mai mult ca oric\u00e2nd [\u2026]<\/div>\n<\/li>\n<\/ul>\n<\/aside>\n<aside id=\"rss-4\" class=\"td_block_template_8 widget rss-4 widget_rss\">\n<h4 class=\"td-block-title\"><span><a class=\"rsswidget rss-widget-feed\" href=\"https:\/\/emasini.ro\/feed\"><img decoding=\"async\" class=\"rss-widget-icon\" width=\"14\" height=\"14\" src=\"https:\/\/orasul-timisoara.ro\/wp-includes\/images\/rss.png\" alt=\"RSS\" loading=\"lazy\"><\/a><a class=\"rsswidget rss-widget-title\" href=\"https:\/\/emasini.ro\/\">eMasini<\/a><\/span><\/h4>\n<ul>\n<li><a class=\"rsswidget\" href=\"https:\/\/emasini.ro\/traficul-rutier-sub-analiza-recensamant-national-pentru-modernizarea-infrastructurii\/\">Traficul rutier, sub analiz\u0103: recens\u0103m\u00e2nt na\u021bional pentru modernizarea infrastructurii<\/a>\n<div class=\"rssSummary\">Compania Na\u021bional\u0103 de Administrare a Infrastructurii Rutiere, prin Centrul de Studii Tehnice Rutiere \u0219i Informatic\u0103, preg\u0103te\u0219te una dintre cele mai importante ac\u021biuni de colectare de date din domeniul transporturilor: Recens\u0103m\u00e2ntul General de Circula\u021bie Rutier\u0103. Demersul are un rol strategic \u00een fundamentarea deciziilor privind dezvoltarea \u0219i modernizarea infrastructurii rutiere din Rom\u00e2nia. Ac\u021biunea este coordonat\u0103 de CNAIR, [\u2026]<\/div>\n<\/li>\n<\/ul>\n<\/aside>\n<\/div>\n<\/div>\n<\/div>\n<\/div>\n<\/article>\n<div class=\"td-post-content tagdiv-type\">\n<p>Liderii Partidul Social Democrat \u0219i Alian\u021ba pentru Unirea Rom\u00e2nilor au anun\u021bat luni diminea\u021b\u0103 depunerea unei mo\u021biuni de cenzur\u0103 comune \u00eempotriva Guvernului condus de Ilie Bolojan. Este prima colaborare de amploare \u00eentre cele dou\u0103 forma\u021biuni, \u00eentr-un moment marcat de tensiuni politice \u0219i calcule parlamentare complicate.<\/p>\n<p>Anun\u021bul vine \u00een contextul unor consult\u0103ri desf\u0103\u0219urate la Palatul Cotroceni, unde liderii politici au discutat teme tehnice legate de Planul Na\u021bional de Redresare \u0219i Rezilien\u021b\u0103 \u0219i programul SAFE. Potrivit lui Dominic Fritz, discu\u021biile nu au avut caracter politic, iar participan\u021bii au aflat despre demersul PSD-AUR abia dup\u0103 \u00eencheierea \u00eent\u00e2lnirii.<\/p>\n<p>\u201eA fost o discu\u021bie strict tehnic\u0103, f\u0103r\u0103 telefoane, iar pre\u0219edintele \u0219i-a exprimat dorin\u021ba ca Rom\u00e2nia s\u0103 nu piard\u0103 fondurile europene, \u00een ciuda crizei politice\u201d, a declarat Dominic Fritz. Liderul Uniunea Salva\u021bi Rom\u00e2nia a reiterat sprijinul pentru actualul executiv, subliniind c\u0103 sus\u021binerea nu vizeaz\u0103 o persoan\u0103, ci reformele \u0219i m\u0103surile anticorup\u021bie.<\/p>\n<p>\u00cen Parlament, reac\u021biile nu au \u00eent\u00e2rziat. Daniel Fenechiu a anun\u021bat c\u0103 Partidul Na\u021bional Liberal va \u00eencerca s\u0103 men\u021bin\u0103 Guvernul Bolojan, avertiz\u00e2nd c\u0103 o eventual\u0103 c\u0103dere a acestuia ar duce la trecerea PNL \u00een opozi\u021bie \u0219i chiar la posibile alegeri anticipate.<\/p>\n<p>De partea cealalt\u0103, liderii PSD sus\u021bin c\u0103 mo\u021biunea reprezint\u0103 o \u201ecolaborare punctual\u0103, pragmatic\u0103\u201d. Sorin Grindeanu a precizat c\u0103 decizia de a sus\u021bine mo\u021biunea a fost luat\u0103 \u00een unanimitate \u00een partid, iar obiectivul este maximizarea \u0219anselor de a \u00eenl\u0103tura actualul guvern. Acesta a exclus existen\u021ba unui acord politic ulterior \u00eentre PSD \u0219i AUR.<\/p>\n<p>\u00cen tab\u0103ra AUR, George Simion a confirmat strategia comun\u0103, afirm\u00e2nd c\u0103 mo\u021biunea ar putea fi votat\u0103 la \u00eenceputul lunii mai, cel mai probabil pe 5 mai, dup\u0103 str\u00e2ngerea num\u0103rului necesar de semn\u0103turi. Liderul AUR a f\u0103cut apel la \u201ereconciliere na\u021bional\u0103\u201d \u0219i la sprijin parlamentar pentru demiterea guvernului.<\/p>\n<p>Alte partide parlamentare \u0219i-au exprimat deja pozi\u021biile. Uniunea Democrat\u0103 Maghiar\u0103 din Rom\u00e2nia a anun\u021bat c\u0103 nu va sus\u021bine mo\u021biunea, \u00een timp ce voci din PNL au criticat dur ini\u021biativa, consider\u00e2nd-o un gest iresponsabil care ar putea destabiliza \u021bara.<\/p>\n<p>Din punct de vedere matematic, succesul mo\u021biunii depinde de ob\u021binerea a cel pu\u021bin 233 de voturi \u00een Parlament. PSD \u0219i AUR cumuleaz\u0103 \u00eempreun\u0103 219 parlamentari, ceea ce \u00eenseamn\u0103 c\u0103 mai au nevoie de cel pu\u021bin 14 voturi pentru a d\u0103r\u00e2ma Guvernul Bolojan.<\/p>\n<p>\u00cen paralel, pre\u0219edintele Nicu\u0219or Dan a transmis c\u0103 nu va desemna un premier sus\u021binut de PSD \u0219i AUR, ceea ce complic\u0103 scenariile politice de dup\u0103 un eventual vot favorabil mo\u021biunii.<\/p>\n<p>\u00cen acest context, Rom\u00e2nia intr\u0103 \u00eentr-o nou\u0103 etap\u0103 de incertitudine politic\u0103, cu implica\u021bii directe asupra stabilit\u0103\u021bii guvernamentale \u0219i a acces\u0103rii fondurilor europene.<\/p>\n<\/div>\n<p>[analyse_source url=&#8221;https:\/\/orasul-timisoara.ro\/local-38408\/&#8221;]<\/p>\n","protected":false},"excerpt":{"rendered":"<p>[analyse_image type=&#8221;featured&#8221; src=&#8221;https:\/\/orasul-timisoara.ro\/wp-content\/uploads\/2026\/04\/grindeanu-simion.jpg&#8221;] PoliticPSD \u0219i AUR depun mo\u021biune de cenzur\u0103 \u00eempotriva Guvernului Bolojan. Criza politic\u0103&#8230; Politic \u0218tiri na\u021bionale \u0219i interna\u021bionale PSD \u0219i AUR depun mo\u021biune de cenzur\u0103 \u00eempotriva Guvernului Bolojan. Criza politic\u0103 se ad\u00e2nce\u0219te, Rom\u00e2nia \u00een pericol s\u0103 piard\u0103 zeci de miliarde de euro De c\u0103tre redactia &#8211; 27\/04\/2026 Facebook Twitter WhatsApp Linkedin ReddIt Email [&hellip;]<\/p>\n","protected":false},"author":1,"featured_media":0,"comment_status":"open","ping_status":"","sticky":false,"template":"","format":"standard","meta":{"footnotes":""},"categories":[89],"tags":[226,189],"class_list":["post-1906490","post","type-post","status-publish","format-standard","hentry","category-romania","tag-crawlmanager","tag-orasul-timisoara-ro"],"_links":{"self":[{"href":"https:\/\/analyse.optim.biz\/index.php?rest_route=\/wp\/v2\/posts\/1906490","targetHints":{"allow":["GET"]}}],"collection":[{"href":"https:\/\/analyse.optim.biz\/index.php?rest_route=\/wp\/v2\/posts"}],"about":[{"href":"https:\/\/analyse.optim.biz\/index.php?rest_route=\/wp\/v2\/types\/post"}],"author":[{"embeddable":true,"href":"https:\/\/analyse.optim.biz\/index.php?rest_route=\/wp\/v2\/users\/1"}],"replies":[{"embeddable":true,"href":"https:\/\/analyse.optim.biz\/index.php?rest_route=%2Fwp%2Fv2%2Fcomments&post=1906490"}],"version-history":[{"count":0,"href":"https:\/\/analyse.optim.biz\/index.php?rest_route=\/wp\/v2\/posts\/1906490\/revisions"}],"wp:attachment":[{"href":"https:\/\/analyse.optim.biz\/index.php?rest_route=%2Fwp%2Fv2%2Fmedia&parent=1906490"}],"wp:term":[{"taxonomy":"category","embeddable":true,"href":"https:\/\/analyse.optim.biz\/index.php?rest_route=%2Fwp%2Fv2%2Fcategories&post=1906490"},{"taxonomy":"post_tag","embeddable":true,"href":"https:\/\/analyse.optim.biz\/index.php?rest_route=%2Fwp%2Fv2%2Ftags&post=1906490"}],"curies":[{"name":"wp","href":"https:\/\/api.w.org\/{rel}","templated":true}]}}