{"id":1906488,"date":"2026-04-27T17:25:54","date_gmt":"2026-04-27T14:25:54","guid":{"rendered":"https:\/\/analyse.optim.biz\/?p=1906488"},"modified":"2026-04-27T17:25:54","modified_gmt":"2026-04-27T14:25:54","slug":"alin-nica-critica-dur-motiunea-psd-un-act-de-cinism-care-pune-in-pericol-stabilitatea-economica","status":"publish","type":"post","link":"https:\/\/analyse.optim.biz\/?p=1906488","title":{"rendered":"Alin Nica critic\u0103 dur mo\u021biunea PSD: \u201eUn act de cinism care pune \u00een pericol stabilitatea economic\u0103\u201d"},"content":{"rendered":"<p>[analyse_image type=&#8221;featured&#8221; src=&#8221;https:\/\/orasul-timisoara.ro\/wp-content\/uploads\/2026\/04\/alin-nica-001.jpg&#8221;]<\/p>\n<article id=\"post-38447\" class=\"td-post-template-7 post-38447 post type-post status-publish format-standard has-post-thumbnail category-featured category-politic category-stiri-timisoara category-stiri-nationale-si-internationale tag-alin-nica tag-criza-politica-2 tag-deficit-bugetar tag-economie-romania-2 tag-mediul-de-afaceri tag-pnl tag-psd-motiune tag-stabilitate-economica-2 tag-timis-politica td-container-wrap\">\n<div class=\"td-full-screen-header-image-wrap\">\n<div class=\"td-container td-post-header\">\n<div class=\"td-crumb-container\">\n<div class=\"entry-crumbs\"><span><a title=\"Vede\u021bi toate articolele \u00een Politic\" class=\"entry-crumb\" href=\"https:\/\/orasul-timisoara.ro\/local-category\/politic\/\">Politic<\/a><\/span><span class=\"td-bred-no-url-last\">Alin Nica critic\u0103 dur mo\u021biunea PSD: \u201eUn act de cinism care pune&#8230;<\/span><\/div>\n<\/div>\n<div class=\"td-post-header-holder\">\n<div class=\"td-parallax-header\">\n<header class=\"td-post-title\">\n<ul class=\"td-category\">\n<li class=\"entry-category\"><a href=\"https:\/\/orasul-timisoara.ro\/local-category\/politic\/\">Politic<\/a><\/li>\n<li class=\"entry-category\"><a href=\"https:\/\/orasul-timisoara.ro\/local-category\/stiri-timisoara\/\">\u0218tiri Locale<\/a><\/li>\n<li class=\"entry-category\"><a href=\"https:\/\/orasul-timisoara.ro\/local-category\/stiri-nationale-si-internationale\/\">\u0218tiri na\u021bionale \u0219i interna\u021bionale<\/a><\/li>\n<\/ul>\n<h1 class=\"entry-title\">Alin Nica critic\u0103 dur mo\u021biunea PSD: \u201eUn act de cinism care pune \u00een pericol stabilitatea economic\u0103\u201d<\/h1>\n<div class=\"td-module-meta-info\">\n<div class=\"td-post-author-name\">\n<div class=\"td-author-by\">De c\u0103tre<\/div>\n<p><a href=\"https:\/\/orasul-timisoara.ro\/author\/timisoara\/\">redactia<\/a><\/p>\n<div class=\"td-author-line\"> &#8211; <\/div>\n<\/div>\n<p><span class=\"td-post-date\"><time class=\"entry-date updated td-module-date\" datetime=\"2026-04-27T20:25:54+03:00\">27\/04\/2026<\/time><\/span><\/div>\n<\/header>\n<\/div>\n<\/div>\n<\/div>\n<div id=\"td-full-screen-header-image\" class=\"td-image-gradient-style7\"><img decoding=\"async\" class=\"td-backstretch\" src=\"https:\/\/orasul-timisoara.ro\/wp-content\/uploads\/2026\/04\/alin-nica-001.jpg\"><\/div>\n<\/div>\n<div class=\"td-container\">\n<div class=\"td-pb-row\">\n<div class=\"td-pb-span8 td-main-content\" role=\"main\">\n<div class=\"td-ss-main-content\">\n<div class=\"td-post-sharing-top\">\n<div class=\"td-post-sharing-classic\"><iframe title=\"topFacebookLike\" frameborder src=\"https:\/\/www.facebook.com\/plugins\/like.php?href=https:\/\/orasul-timisoara.ro\/local-38447\/&amp;layout=button_count&amp;show_faces=false&amp;width=105&amp;action=like&amp;colorscheme=light&amp;height=21\"><\/iframe><\/div>\n<div id=\"td_social_sharing_article_top\" class=\"td-post-sharing td-ps-bg td-ps-notext td-post-sharing-style1 \">\n<div class=\"td-post-sharing-visible\"><a class=\"td-social-sharing-button td-social-sharing-button-js td-social-network td-social-facebook\" href=\"https:\/\/www.facebook.com\/sharer.php?u=https%3A%2F%2Forasul-timisoara.ro%2Flocal-38447%2F\" title=\"Facebook\"><\/p>\n<div class=\"td-social-but-text\">Facebook<\/div>\n<p><\/a><a class=\"td-social-sharing-button td-social-sharing-button-js td-social-network td-social-twitter\" href=\"https:\/\/twitter.com\/intent\/tweet?text=Alin+Nica+critic%C4%83+dur+mo%C8%9Biunea+PSD%3A+%E2%80%9EUn+act+de+cinism+care+pune+%C3%AEn+pericol+stabilitatea+economic%C4%83%E2%80%9D&amp;url=https%3A%2F%2Forasul-timisoara.ro%2Flocal-38447%2F&amp;via=orasultm\" title=\"Twitter\"><\/p>\n<div class=\"td-social-but-text\">Twitter<\/div>\n<p><\/a><a class=\"td-social-sharing-button td-social-sharing-button-js td-social-network td-social-whatsapp\" href=\"https:\/\/api.whatsapp.com\/send?text=Alin+Nica+critic%C4%83+dur+mo%C8%9Biunea+PSD%3A+%E2%80%9EUn+act+de+cinism+care+pune+%C3%AEn+pericol+stabilitatea+economic%C4%83%E2%80%9D%20%0A%0A%20https:\/\/orasul-timisoara.ro\/local-38447\/\" title=\"WhatsApp\"><\/p>\n<div class=\"td-social-but-text\">WhatsApp<\/div>\n<p><\/a><a class=\"td-social-sharing-button td-social-sharing-button-js td-social-network td-social-linkedin\" href=\"https:\/\/www.linkedin.com\/shareArticle?mini=true&amp;url=https:\/\/orasul-timisoara.ro\/local-38447\/&amp;title=Alin+Nica+critic%C4%83+dur+mo%C8%9Biunea+PSD%3A+%E2%80%9EUn+act+de+cinism+care+pune+%C3%AEn+pericol+stabilitatea+economic%C4%83%E2%80%9D\" title=\"Linkedin\"><\/p>\n<div class=\"td-social-but-text\">Linkedin<\/div>\n<p><\/a><a class=\"td-social-sharing-button td-social-sharing-button-js td-social-network td-social-reddit\" href=\"https:\/\/reddit.com\/submit?url=https:\/\/orasul-timisoara.ro\/local-38447\/&amp;title=Alin+Nica+critic%C4%83+dur+mo%C8%9Biunea+PSD%3A+%E2%80%9EUn+act+de+cinism+care+pune+%C3%AEn+pericol+stabilitatea+economic%C4%83%E2%80%9D\" title=\"ReddIt\"><\/p>\n<div class=\"td-social-but-text\">ReddIt<\/div>\n<p><\/a><a class=\"td-social-sharing-button td-social-sharing-button-js td-social-network td-social-mail\" href=\"mailto:?subject=Alin%20Nica%20critic%C4%83%20dur%20mo%C8%9Biunea%20PSD:%20%E2%80%9EUn%20act%20de%20cinism%20care%20pune%20%C3%AEn%20pericol%20stabilitatea%20economic%C4%83%E2%80%9D&amp;body=https:\/\/orasul-timisoara.ro\/local-38447\/\" title=\"Email\"><\/p>\n<div class=\"td-social-but-text\">Email<\/div>\n<p><\/a><a class=\"td-social-sharing-button td-social-sharing-button-js td-social-network td-social-print\" href=\"https:\/\/orasul-timisoara.ro\/local-38447\/\" title=\"Imprimare\"><\/p>\n<div class=\"td-social-but-text\">Imprimare<\/div>\n<p><\/a><\/div>\n<\/div>\n<\/div>\n<div class=\"td-post-content tagdiv-type\">\n<p>Alin Nica, fost pre\u0219edinte al Consiliului Jude\u021bean Timi\u0219 \u00een perioada 2020\u20132024, a lansat un atac dur la adresa Partidul Social Democrat, critic\u00e2nd decizia de a ini\u021bia o mo\u021biune de cenzur\u0103 \u00een actualul context economic.<\/p>\n<p>\u00centr-o declara\u021bie public\u0103, Nica sus\u021bine c\u0103 demersul politic vine \u00eentr-un moment \u00een care Rom\u00e2nia \u00eencepea s\u0103 dea primele semne de redresare economic\u0103, dup\u0103 o perioad\u0103 marcat\u0103 de m\u0103suri fiscale dure \u0219i presiuni asupra mediului privat.<\/p>\n<figure class=\"wp-block-image size-full\"><img loading=\"lazy\" decoding=\"async\" width=\"1920\" height=\"1079\" src=\"https:\/\/orasul-timisoara.ro\/wp-content\/uploads\/2026\/04\/681353401_1429719168955928_2544631611121782591_n.jpg\" alt class=\"wp-image-38448\"><\/figure>\n<p>Potrivit acestuia, reducerea deficitului bugetar, sc\u0103derea dob\u00e2nzilor la \u00eemprumuturile statului \u0219i stabilizarea \u00eencas\u0103rilor fiscale sunt indicatori care arat\u0103 c\u0103 eforturile popula\u021biei \u0219i ale companiilor au \u00eenceput s\u0103 produc\u0103 efecte. Nica afirm\u0103 c\u0103 deficitul bugetar ar fi fost redus semnificativ \u00een primele luni ale anului, iar deficitul comercial a \u00eenregistrat, la r\u00e2ndul s\u0103u, o sc\u0103dere notabil\u0103.<\/p>\n<p>\u201eRom\u00e2nii \u0219i firmele au suportat costuri uria\u0219e, \u00een urma cre\u0219terii taxelor \u0219i impozitelor, pentru a acoperi dezechilibrele bugetare. Tocmai acum, c\u00e2nd aceste sacrificii \u00eencep s\u0103 dea rezultate, asist\u0103m la o destabilizare politic\u0103 major\u0103\u201d, a transmis acesta.<\/p>\n<p>Fostul \u0219ef al CJ Timi\u0219 acuz\u0103 PSD c\u0103 nu ar avea un plan concret pentru perioada de dup\u0103 mo\u021biune \u0219i c\u0103 ac\u021biunea politic\u0103 ar putea afecta \u00eencrederea investitorilor \u0219i parcursul reformelor economice. \u00cen opinia sa, ini\u021biativa reprezint\u0103 \u201eun act de cinism\u201d care ignor\u0103 eforturile cet\u0103\u021benilor \u0219i ale mediului de afaceri.<\/p>\n<p>Declara\u021biile vin \u00een contextul tensiunilor politice generate de colaborarea dintre PSD \u0219i Alian\u021ba pentru Unirea Rom\u00e2nilor pentru depunerea unei mo\u021biuni de cenzur\u0103 \u00eempotriva Guvernului condus de Ilie Bolojan.<\/p>\n<p>Nica avertizeaz\u0103 c\u0103 o eventual\u0103 c\u0103dere a guvernului ar putea readuce instabilitatea economic\u0103 \u0219i ar bloca reformele aflate \u00een curs, afect\u00e2nd direct mediul de afaceri \u0219i popula\u021bia.<\/p>\n<p>\u201eEste revolt\u0103tor s\u0103 vezi cum efortul colectiv al rom\u00e2nilor este pus \u00een pericol de calcule politice. Nu putem r\u0103m\u00e2ne pasivi \u00een fa\u021ba unor decizii care pot destabiliza economia\u201d, a mai transmis acesta.<\/p>\n<p>Declara\u021bia fostului pre\u0219edinte al CJ Timi\u0219 se \u00eenscrie \u00eentr-un val mai larg de reac\u021bii politice generate de mo\u021biunea de cenzur\u0103, care ar putea redefini echilibrul de putere la nivel parlamentar \u0219i direc\u021bia guvern\u0103rii \u00een perioada urm\u0103toare.<\/p>\n<\/div>\n<footer>\n<div class=\"td-post-source-tags\">\n<ul class=\"td-tags td-post-small-box clearfix\">\n<li><span>ETICHETE<\/span><\/li>\n<li><a href=\"https:\/\/orasul-timisoara.ro\/local-tag\/alin-nica\/\">alin nica<\/a><\/li>\n<li><a href=\"https:\/\/orasul-timisoara.ro\/local-tag\/criza-politica-2\/\">criza politica<\/a><\/li>\n<li><a href=\"https:\/\/orasul-timisoara.ro\/local-tag\/deficit-bugetar\/\">deficit bugetar<\/a><\/li>\n<li><a href=\"https:\/\/orasul-timisoara.ro\/local-tag\/economie-romania-2\/\">economie Romania<\/a><\/li>\n<li><a href=\"https:\/\/orasul-timisoara.ro\/local-tag\/mediul-de-afaceri\/\">mediul de afaceri<\/a><\/li>\n<li><a href=\"https:\/\/orasul-timisoara.ro\/local-tag\/pnl\/\">pnl<\/a><\/li>\n<li><a href=\"https:\/\/orasul-timisoara.ro\/local-tag\/psd-motiune\/\">PSD motiune<\/a><\/li>\n<li><a href=\"https:\/\/orasul-timisoara.ro\/local-tag\/stabilitate-economica-2\/\">stabilitate economica<\/a><\/li>\n<li><a href=\"https:\/\/orasul-timisoara.ro\/local-tag\/timis-politica\/\">Timis politica<\/a><\/li>\n<\/ul>\n<\/div>\n<div class=\"td-post-sharing-bottom\">\n<div class=\"td-post-sharing-classic\"><iframe title=\"bottomFacebookLike\" frameborder src=\"https:\/\/www.facebook.com\/plugins\/like.php?href=https:\/\/orasul-timisoara.ro\/local-38447\/&amp;layout=button_count&amp;show_faces=false&amp;width=105&amp;action=like&amp;colorscheme=light&amp;height=21\"><\/iframe><\/div>\n<div id=\"td_social_sharing_article_bottom\" class=\"td-post-sharing td-ps-bg td-ps-notext td-post-sharing-style1 \">\n<div class=\"td-post-sharing-visible\"><a class=\"td-social-sharing-button td-social-sharing-button-js td-social-network td-social-facebook\" href=\"https:\/\/www.facebook.com\/sharer.php?u=https%3A%2F%2Forasul-timisoara.ro%2Flocal-38447%2F\" title=\"Facebook\"><\/p>\n<div class=\"td-social-but-text\">Facebook<\/div>\n<p><\/a><a class=\"td-social-sharing-button td-social-sharing-button-js td-social-network td-social-twitter\" href=\"https:\/\/twitter.com\/intent\/tweet?text=Alin+Nica+critic%C4%83+dur+mo%C8%9Biunea+PSD%3A+%E2%80%9EUn+act+de+cinism+care+pune+%C3%AEn+pericol+stabilitatea+economic%C4%83%E2%80%9D&amp;url=https%3A%2F%2Forasul-timisoara.ro%2Flocal-38447%2F&amp;via=orasultm\" title=\"Twitter\"><\/p>\n<div class=\"td-social-but-text\">Twitter<\/div>\n<p><\/a><a class=\"td-social-sharing-button td-social-sharing-button-js td-social-network td-social-whatsapp\" href=\"https:\/\/api.whatsapp.com\/send?text=Alin+Nica+critic%C4%83+dur+mo%C8%9Biunea+PSD%3A+%E2%80%9EUn+act+de+cinism+care+pune+%C3%AEn+pericol+stabilitatea+economic%C4%83%E2%80%9D%20%0A%0A%20https:\/\/orasul-timisoara.ro\/local-38447\/\" title=\"WhatsApp\"><\/p>\n<div class=\"td-social-but-text\">WhatsApp<\/div>\n<p><\/a><a class=\"td-social-sharing-button td-social-sharing-button-js td-social-network td-social-linkedin\" href=\"https:\/\/www.linkedin.com\/shareArticle?mini=true&amp;url=https:\/\/orasul-timisoara.ro\/local-38447\/&amp;title=Alin+Nica+critic%C4%83+dur+mo%C8%9Biunea+PSD%3A+%E2%80%9EUn+act+de+cinism+care+pune+%C3%AEn+pericol+stabilitatea+economic%C4%83%E2%80%9D\" title=\"Linkedin\"><\/p>\n<div class=\"td-social-but-text\">Linkedin<\/div>\n<p><\/a><a class=\"td-social-sharing-button td-social-sharing-button-js td-social-network td-social-reddit\" href=\"https:\/\/reddit.com\/submit?url=https:\/\/orasul-timisoara.ro\/local-38447\/&amp;title=Alin+Nica+critic%C4%83+dur+mo%C8%9Biunea+PSD%3A+%E2%80%9EUn+act+de+cinism+care+pune+%C3%AEn+pericol+stabilitatea+economic%C4%83%E2%80%9D\" title=\"ReddIt\"><\/p>\n<div class=\"td-social-but-text\">ReddIt<\/div>\n<p><\/a><a class=\"td-social-sharing-button td-social-sharing-button-js td-social-network td-social-mail\" href=\"mailto:?subject=Alin%20Nica%20critic%C4%83%20dur%20mo%C8%9Biunea%20PSD:%20%E2%80%9EUn%20act%20de%20cinism%20care%20pune%20%C3%AEn%20pericol%20stabilitatea%20economic%C4%83%E2%80%9D&amp;body=https:\/\/orasul-timisoara.ro\/local-38447\/\" title=\"Email\"><\/p>\n<div class=\"td-social-but-text\">Email<\/div>\n<p><\/a><a class=\"td-social-sharing-button td-social-sharing-button-js td-social-network td-social-print\" href=\"https:\/\/orasul-timisoara.ro\/local-38447\/\" title=\"Imprimare\"><\/p>\n<div class=\"td-social-but-text\">Imprimare<\/div>\n<p><\/a><\/div>\n<\/div>\n<\/div>\n<div class=\"td-block-row td-post-next-prev\">\n<div class=\"td-block-span6 td-post-prev-post\">\n<div class=\"td-post-next-prev-content\"><span>Articolul precedent<\/span><a href=\"https:\/\/orasul-timisoara.ro\/local-38444\/\">Lovitur\u0103 \u00eempotriva comer\u021bului ilegal: perchezi\u021bii \u0219i prejudiciu de peste 600.000 de lei \u00een Timi\u0219<\/a><\/div>\n<\/div>\n<div class=\"td-block-span6 td-post-next-post\">\n<div class=\"td-post-next-prev-content\"><span>Articolul urm\u0103tor<\/span><a href=\"https:\/\/orasul-timisoara.ro\/local-38452\/\">Roxana Iliescu acuz\u0103 concedieri selective \u00een Prim\u0103ria Timi\u0219oara: \u201eO reform\u0103 doar pe h\u00e2rtie\u201d<\/a><\/div>\n<\/div>\n<\/div>\n<div class=\"td-author-name vcard author\"><span class=\"fn\"><a href=\"https:\/\/orasul-timisoara.ro\/author\/timisoara\/\">redactia<\/a><\/span><\/div>\n<p><span class=\"td-page-meta\"><\/span><span class=\"td-page-meta\"><span class=\"td-page-meta\"><\/span><\/span><span class=\"td-page-meta\"><\/span><\/footer>\n<div class=\"td_block_wrap td_block_related_posts tdi_3 td_with_ajax_pagination td-pb-border-top td_block_template_8\" data-td-block-uid=\"tdi_3\">\n<h4 class=\"td-related-title td-block-title\"><a id=\"tdi_4\" class=\"td-related-left td-cur-simple-item\" data-td_filter_value data-td_block_id=\"tdi_3\" href=\"https:\/\/orasul-timisoara.ro\/local-38447\/\">ARTICOLE SIMILARE<\/a><a id=\"tdi_5\" class=\"td-related-right\" data-td_filter_value=\"td_related_more_from_author\" data-td_block_id=\"tdi_3\" href=\"https:\/\/orasul-timisoara.ro\/local-38447\/\">DE LA ACELA\u0218I AUTOR<\/a><\/h4>\n<div id=\"tdi_3\" class=\"td_block_inner\">\n<div class=\"td-related-row\">\n<div class=\"td-related-span4\">\n<div class=\"td_module_related_posts td-animation-stack td_mod_related_posts\">\n<div class=\"td-module-image\">\n<div class=\"td-module-thumb\"><a href=\"https:\/\/orasul-timisoara.ro\/local-38408\/\" rel=\"bookmark\" class=\"td-image-wrap \" title=\"PSD \u0219i AUR depun mo\u021biune de cenzur\u0103 \u00eempotriva Guvernului Bolojan. Criza politic\u0103 se ad\u00e2nce\u0219te, Rom\u00e2nia \u00een pericol s\u0103 piard\u0103 zeci de miliarde de euro\"><img loading=\"lazy\" decoding=\"async\" class=\"entry-thumb\" src=\"https:\/\/orasul-timisoara.ro\/wp-content\/uploads\/2026\/04\/grindeanu-simion-436x300.jpg\" alt title=\"PSD \u0219i AUR depun mo\u021biune de cenzur\u0103 \u00eempotriva Guvernului Bolojan. Criza politic\u0103 se ad\u00e2nce\u0219te, Rom\u00e2nia \u00een pericol s\u0103 piard\u0103 zeci de miliarde de euro\" width=\"218\" height=\"150\"><\/a><\/div>\n<\/div>\n<div class=\"item-details\">\n<h3 class=\"entry-title td-module-title\"><a href=\"https:\/\/orasul-timisoara.ro\/local-38408\/\" rel=\"bookmark\" title=\"PSD \u0219i AUR depun mo\u021biune de cenzur\u0103 \u00eempotriva Guvernului Bolojan. Criza politic\u0103 se ad\u00e2nce\u0219te, Rom\u00e2nia \u00een pericol s\u0103 piard\u0103 zeci de miliarde de euro\">PSD \u0219i AUR depun mo\u021biune de cenzur\u0103 \u00eempotriva Guvernului Bolojan. Criza politic\u0103 se ad\u00e2nce\u0219te, Rom\u00e2nia \u00een pericol s\u0103 piard\u0103 zeci de miliarde de euro<\/a><\/h3>\n<\/div>\n<\/div>\n<\/div>\n<div class=\"td-related-span4\">\n<div class=\"td_module_related_posts td-animation-stack td_mod_related_posts\">\n<div class=\"td-module-image\">\n<div class=\"td-module-thumb\"><a href=\"https:\/\/orasul-timisoara.ro\/local-38361\/\" rel=\"bookmark\" class=\"td-image-wrap \" title=\"Guvernul Bolojan func\u021bioneaz\u0103 \u00een regim de interimat: cine preia ministerele dup\u0103 plecarea PSD\"><img loading=\"lazy\" decoding=\"async\" class=\"entry-thumb\" src=\"https:\/\/orasul-timisoara.ro\/wp-content\/uploads\/2026\/04\/Screenshot-2026-04-23-162524-436x300.jpg\" alt title=\"Guvernul Bolojan func\u021bioneaz\u0103 \u00een regim de interimat: cine preia ministerele dup\u0103 plecarea PSD\" width=\"218\" height=\"150\"><\/a><\/div>\n<\/div>\n<div class=\"item-details\">\n<h3 class=\"entry-title td-module-title\"><a href=\"https:\/\/orasul-timisoara.ro\/local-38361\/\" rel=\"bookmark\" title=\"Guvernul Bolojan func\u021bioneaz\u0103 \u00een regim de interimat: cine preia ministerele dup\u0103 plecarea PSD\">Guvernul Bolojan func\u021bioneaz\u0103 \u00een regim de interimat: cine preia ministerele dup\u0103 plecarea PSD<\/a><\/h3>\n<\/div>\n<\/div>\n<\/div>\n<div class=\"td-related-span4\">\n<div class=\"td_module_related_posts td-animation-stack td_mod_related_posts\">\n<div class=\"td-module-image\">\n<div class=\"td-module-thumb\"><a href=\"https:\/\/orasul-timisoara.ro\/local-38337\/\" rel=\"bookmark\" class=\"td-image-wrap \" title=\"Mini\u0219trii PSD au demisionat \u00een mas\u0103, partidul preg\u0103tindu-se pentru a treia r\u0103sturnare a unui guvern din care face parte, dup\u0103 Grindeanu (2017) \u0219i Tudose (2018)\"><img loading=\"lazy\" decoding=\"async\" class=\"entry-thumb\" src=\"https:\/\/orasul-timisoara.ro\/wp-content\/uploads\/2020\/09\/guvernul-romaniei-stand.jpg\" alt title=\"Mini\u0219trii PSD au demisionat \u00een mas\u0103, partidul preg\u0103tindu-se pentru a treia r\u0103sturnare a unui guvern din care face parte, dup\u0103 Grindeanu (2017) \u0219i Tudose (2018)\" width=\"218\" height=\"150\"><\/a><\/div>\n<\/div>\n<div class=\"item-details\">\n<h3 class=\"entry-title td-module-title\"><a href=\"https:\/\/orasul-timisoara.ro\/local-38337\/\" rel=\"bookmark\" title=\"Mini\u0219trii PSD au demisionat \u00een mas\u0103, partidul preg\u0103tindu-se pentru a treia r\u0103sturnare a unui guvern din care face parte, dup\u0103 Grindeanu (2017) \u0219i Tudose (2018)\">Mini\u0219trii PSD au demisionat \u00een mas\u0103, partidul preg\u0103tindu-se pentru a treia r\u0103sturnare a unui guvern din care face parte, dup\u0103 Grindeanu (2017) \u0219i Tudose&#8230;<\/a><\/h3>\n<\/div>\n<\/div>\n<\/div>\n<\/div>\n<\/div>\n<\/div>\n<div class=\"comments\" id=\"comments\">\n<div id=\"respond\" class=\"comment-respond\">\n<h3 id=\"reply-title\" class=\"comment-reply-title\">L\u0102SA\u021aI UN MESAJ<\/h3>\n<div class=\"comment-form-input-wrap td-form-comment\">\n<div class=\"td-warning-comment\">V\u0103 rug\u0103m s\u0103 introduce\u021bi comentariul dvs.!<\/div>\n<\/div>\n<div class=\"comment-form-input-wrap td-form-author\">\n<div class=\"td-warning-author\">Introduce\u021bi aici numele dvs.<\/div>\n<\/div>\n<div class=\"comment-form-input-wrap td-form-email\">\n<div class=\"td-warning-email-error\">A\u021bi introdus o adres\u0103 de e-mail incorect\u0103!<\/div>\n<div class=\"td-warning-email\">V\u0103 rug\u0103m s\u0103 introduce\u021bi adresa dvs. de e-mail aici<\/div>\n<\/div>\n<\/div>\n<p class=\"akismet_comment_form_privacy_notice\">Acest site folose\u0219te Akismet pentru a reduce spamul. <a href=\"https:\/\/akismet.com\/privacy\/\" target=\"_blank\" rel=\"nofollow noopener\">Afl\u0103 cum sunt procesate datele comentariilor tale<\/a>.<\/p>\n<\/div>\n<\/div>\n<\/div>\n<div class=\"td-pb-span4 td-main-sidebar\" role=\"complementary\">\n<div class=\"td-ss-main-sidebar\">\n<aside id=\"block-4\" class=\"td_block_template_8 widget block-4 widget_block widget_media_image\">\n<figure class=\"wp-block-image size-full\"><img loading=\"lazy\" decoding=\"async\" width=\"336\" height=\"280\" src=\"https:\/\/orasul-timisoara.ro\/wp-content\/uploads\/2024\/11\/ReTIM-Abonamentul-Verde-Google-Ads-336x280px.gif\" alt class=\"wp-image-29257\"><\/figure>\n<\/aside>\n<div class=\"td_block_wrap td_block_social_counter td_block_widget tdi_6 td-social-style5 td-social-boxed td-pb-border-top td_block_template_8\">\n<div class=\"td-block-title-wrap\">\n<h4 class=\"td-block-title\"><span>Urm\u0103re\u0219te-ne pe Social Media<\/span><\/h4>\n<\/div>\n<div class=\"td-social-list\">\n<div class=\"td_social_type td-pb-margin-side td_social_facebook\">\n<div class=\"td-social-box\"><span class=\"td_social_info td_social_info_counter\">344,595<\/span><span class=\"td_social_info td_social_info_name\">Fani<\/span><span class=\"td_social_button\"><a href=\"https:\/\/www.facebook.com\/247timisoara\" target=\"_blank\" rel=\"nofollow\">\u00cemi place<\/a><\/span><\/div>\n<\/div>\n<div class=\"td_social_type td-pb-margin-side td_social_instagram\">\n<div class=\"td-social-box\"><span class=\"td_social_info td_social_info_counter\">4,416<\/span><span class=\"td_social_info td_social_info_name\">Cititori<\/span><span class=\"td_social_button\"><a href=\"https:\/\/instagram.com\/orasultimisoararo\/\" target=\"_blank\" rel=\"nofollow\">Conecta\u021bi-v\u0103<\/a><\/span><\/div>\n<\/div>\n<div class=\"td_social_type td-pb-margin-side td_social_rss\">\n<div class=\"td-social-box\"><span class=\"td_social_info td_social_info_counter\">12,506<\/span><span class=\"td_social_info td_social_info_name\">Cititori<\/span><span class=\"td_social_button\"><a href=\"https:\/\/orasul-timisoara.ro\/feed\/\" target=\"_blank\" rel=\"nofollow\">Conecta\u021bi-v\u0103<\/a><\/span><\/div>\n<\/div>\n<div class=\"td_social_type td-pb-margin-side td_social_tiktok\">\n<div class=\"td-social-box\"><span class=\"td_social_info td_social_info_counter\">1,500<\/span><span class=\"td_social_info td_social_info_name\">Cititori<\/span><span class=\"td_social_button\"><a href=\"https:\/\/www.tiktok.com\/@orasultimisoara\" target=\"_blank\" rel=\"nofollow\">Conecta\u021bi-v\u0103<\/a><\/span><\/div>\n<\/div>\n<div class=\"td_social_type td-pb-margin-side td_social_twitter\">\n<div class=\"td-social-box\"><span class=\"td_social_info td_social_info_counter\">1,595<\/span><span class=\"td_social_info td_social_info_name\">Cititori<\/span><span class=\"td_social_button\"><a href=\"https:\/\/twitter.com\/orasultm\" target=\"_blank\" rel=\"nofollow\">Conecta\u021bi-v\u0103<\/a><\/span><\/div>\n<\/div>\n<div class=\"td_social_type td-pb-margin-side td_social_youtube\">\n<div class=\"td-social-box\"><span class=\"td_social_info td_social_info_counter\">3,506<\/span><span class=\"td_social_info td_social_info_name\">Abona\u021bi<\/span><span class=\"td_social_button\"><a href=\"https:\/\/www.youtube.com\/channel\/UCQNsQvs2XCSIm1Z-AHRturw?sub_confirmation=1\" target=\"_blank\" rel=\"nofollow\">Abona\u021bi-v\u0103<\/a><\/span><\/div>\n<\/div>\n<\/div>\n<\/div>\n<aside id=\"text-7\" class=\"td_block_template_8 widget text-7 widget_text\">\n<h4 class=\"td-block-title\"><span>C\u0103ut\u0103ri populare pe OTM<\/span><\/h4>\n<div class=\"textwidget\"><a href=\"https:\/\/orasul-timisoara.ro\/?s=timisoara\"><span>Timisoara<\/span><\/a><a href=\"https:\/\/orasul-timisoara.ro\/?s=calin+dobra\"><span>Calin Dobra<\/span><\/a><a href=\"https:\/\/orasul-timisoara.ro\/?s=primaria+timisoara\"><span>Primaria Timisoara<\/span><\/a><a href=\"https:\/\/orasul-timisoara.ro\/?s=dominic+fritz\"><span>Dominic Fritz<\/span><\/a><a href=\"https:\/\/orasul-timisoara.ro\/?s=nicolae+robu\"><span>Nicolae Robu<\/span><\/a><a href=\"https:\/\/orasul-timisoara.ro\/?s=consiliul+local+timisoara\">Consiliul Local Timisoara<\/a><a href=\"https:\/\/orasul-timisoara.ro\/?s=consiliul+judetean+timis\"><span>Consiliul Judetean Timis<\/span><\/a><a href=\"https:\/\/orasul-timisoara.ro\/?s=cjt\"><span>CJT<\/span><\/a><a href=\"https:\/\/orasul-timisoara.ro\/?s=Alfred+Simonis\"><span>Alfred Simonis<\/span><\/a><a href=\"https:\/\/orasul-timisoara.ro\/?s=PNL\"><span>PNL<\/span><\/a><a href=\"https:\/\/orasul-timisoara.ro\/?s=coronavirus\"><span>coronavirus<\/span><\/a><a href=\"https:\/\/orasul-timisoara.ro\/?s=teatru+timisoara\">teatru Timisoara<\/a><a href=\"https:\/\/orasul-timisoara.ro\/?s=restaurante\"><span>restaurante Timisoara<\/span><\/a><a href=\"https:\/\/orasul-timisoara.ro\/?s=diskoteka\"><span>Diskoteka<\/span><\/a><a href=\"https:\/\/orasul-timisoara.ro\/?s=iulius+town\"><span>Iulius Town<\/span><\/a><a href=\"https:\/\/orasul-timisoara.ro\/?s=iulius+mall\"><span>Iulius Mall<\/span><\/a><a href=\"https:\/\/orasul-timisoara.ro\/?s=stpt\"><span>STPT<\/span><\/a><a href=\"https:\/\/orasul-timisoara.ro\/?s=alin+nica\"><span>Alin Nica<\/span><\/a><a href=\"https:\/\/orasul-timisoara.ro\/?s=psd\"><span>PSD<\/span><\/a><a href=\"https:\/\/orasul-timisoara.ro\/?s=aeroport\"><span>Aeroportul International Timisoara<\/span><\/a><a href=\"https:\/\/orasul-timisoara.ro\/?s=babes\"><span>Spitalul Victor Babes Timisoara<\/span><\/a><a href=\"https:\/\/orasul-timisoara.ro\/?s=poli\"><span>Poli Timi\u0219oara<\/span><\/a><a href=\"https:\/\/orasul-timisoara.ro\/?s=carantina\"><span>carantina<\/span><\/a><a href=\"https:\/\/orasul-timisoara.ro\/?s=aquatim\"><span>Aquatim<\/span><\/a><a href=\"https:\/\/orasul-timisoara.ro\/local-category\/stiri-timisoara\/\"><span>Stiri Timisoara<\/span><\/a><a href=\"https:\/\/orasul-timisoara.ro\/local-category\/investitii-in-timisoara\/\"><span>Investi\u021bii in Timi\u0219oara<\/span><\/a><a href=\"https:\/\/orasul-timisoara.ro\/local-9463\/\"><span>shaorma<\/span><\/a><a href=\"https:\/\/orasul-timisoara.ro\/?s=trafic\"><span>trafic rutier<\/span><\/a><a href=\"https:\/\/orasul-timisoara.ro\/?s=politia\"><span>politia locala timisoara<\/span><\/a><a href=\"https:\/\/orasul-timisoara.ro\/?s=roxana\"><span>Roxana Iliescu<\/span><\/a><a href=\"https:\/\/orasul-timisoara.ro\/?s=colterm\"><span>Colterm<\/span><\/a><a href=\"https:\/\/orasul-timisoara.ro\/?s=latcau\"><span>Ruben La\u021bc\u0103u<\/span><\/a><a href=\"https:\/\/orasul-timisoara.ro\/?s=timis\"><span>\u0218tiri din Timi\u0219<\/span><\/a><a href=\"https:\/\/orasul-timisoara.ro\/?s=spital\"><span>Spitale din Timi\u0219oara<\/span><\/a><a href=\"https:\/\/orasul-timisoara.ro\/?s=tabara\"><span>Cosmin Tab\u0103r\u0103<\/span><\/a><\/div>\n<\/aside>\n<aside id=\"rss-2\" class=\"td_block_template_8 widget rss-2 widget_rss\">\n<h4 class=\"td-block-title\"><span><a class=\"rsswidget rss-widget-feed\" href=\"https:\/\/fashionfridays.ro\/feed\"><img decoding=\"async\" class=\"rss-widget-icon\" width=\"14\" height=\"14\" src=\"https:\/\/orasul-timisoara.ro\/wp-includes\/images\/rss.png\" alt=\"RSS\" loading=\"lazy\"><\/a><a class=\"rsswidget rss-widget-title\" href=\"https:\/\/fashionfridays.ro\/\">Fashion Fridays<\/a><\/span><\/h4>\n<ul>\n<li><a class=\"rsswidget\" href=\"https:\/\/fashionfridays.ro\/crocs-lanseaza-crocband-gum-clog-confort-iconic-cu-influente-retro-sport-pentru-primavara\/\">Crocs lanseaz\u0103 Crocband Gum Clog: confort iconic cu influen\u021be retro-sport pentru prim\u0103var\u0103<\/a>\n<div class=\"rssSummary\">Martie marcheaz\u0103 acel moment al anului \u00een care stilul \u00eencepe s\u0103 se relaxeze. Zilele devin mai lungi, ritmul ora\u0219ului se schimb\u0103, iar garderoba face tranzi\u021bia c\u0103tre piese care pun confortul pe primul loc, f\u0103r\u0103 s\u0103 renun\u021be la atitudine. Este sezonul \u00een care autenticitatea devine declara\u021bie de stil, iar alegerile vestimentare reflect\u0103 mai mult ca oric\u00e2nd [\u2026]<\/div>\n<\/li>\n<\/ul>\n<\/aside>\n<aside id=\"rss-4\" class=\"td_block_template_8 widget rss-4 widget_rss\">\n<h4 class=\"td-block-title\"><span><a class=\"rsswidget rss-widget-feed\" href=\"https:\/\/emasini.ro\/feed\"><img decoding=\"async\" class=\"rss-widget-icon\" width=\"14\" height=\"14\" src=\"https:\/\/orasul-timisoara.ro\/wp-includes\/images\/rss.png\" alt=\"RSS\" loading=\"lazy\"><\/a><a class=\"rsswidget rss-widget-title\" href=\"https:\/\/emasini.ro\/\">eMasini<\/a><\/span><\/h4>\n<ul>\n<li><a class=\"rsswidget\" href=\"https:\/\/emasini.ro\/traficul-rutier-sub-analiza-recensamant-national-pentru-modernizarea-infrastructurii\/\">Traficul rutier, sub analiz\u0103: recens\u0103m\u00e2nt na\u021bional pentru modernizarea infrastructurii<\/a>\n<div class=\"rssSummary\">Compania Na\u021bional\u0103 de Administrare a Infrastructurii Rutiere, prin Centrul de Studii Tehnice Rutiere \u0219i Informatic\u0103, preg\u0103te\u0219te una dintre cele mai importante ac\u021biuni de colectare de date din domeniul transporturilor: Recens\u0103m\u00e2ntul General de Circula\u021bie Rutier\u0103. Demersul are un rol strategic \u00een fundamentarea deciziilor privind dezvoltarea \u0219i modernizarea infrastructurii rutiere din Rom\u00e2nia. Ac\u021biunea este coordonat\u0103 de CNAIR, [\u2026]<\/div>\n<\/li>\n<\/ul>\n<\/aside>\n<\/div>\n<\/div>\n<\/div>\n<\/div>\n<\/article>\n<div class=\"td-post-content tagdiv-type\">\n<p>Alin Nica, fost pre\u0219edinte al Consiliului Jude\u021bean Timi\u0219 \u00een perioada 2020\u20132024, a lansat un atac dur la adresa Partidul Social Democrat, critic\u00e2nd decizia de a ini\u021bia o mo\u021biune de cenzur\u0103 \u00een actualul context economic.<\/p>\n<p>\u00centr-o declara\u021bie public\u0103, Nica sus\u021bine c\u0103 demersul politic vine \u00eentr-un moment \u00een care Rom\u00e2nia \u00eencepea s\u0103 dea primele semne de redresare economic\u0103, dup\u0103 o perioad\u0103 marcat\u0103 de m\u0103suri fiscale dure \u0219i presiuni asupra mediului privat.<\/p>\n<figure class=\"wp-block-image size-full\"><img loading=\"lazy\" decoding=\"async\" width=\"1920\" height=\"1079\" src=\"https:\/\/orasul-timisoara.ro\/wp-content\/uploads\/2026\/04\/681353401_1429719168955928_2544631611121782591_n.jpg\" alt class=\"wp-image-38448\"><\/figure>\n<p>Potrivit acestuia, reducerea deficitului bugetar, sc\u0103derea dob\u00e2nzilor la \u00eemprumuturile statului \u0219i stabilizarea \u00eencas\u0103rilor fiscale sunt indicatori care arat\u0103 c\u0103 eforturile popula\u021biei \u0219i ale companiilor au \u00eenceput s\u0103 produc\u0103 efecte. Nica afirm\u0103 c\u0103 deficitul bugetar ar fi fost redus semnificativ \u00een primele luni ale anului, iar deficitul comercial a \u00eenregistrat, la r\u00e2ndul s\u0103u, o sc\u0103dere notabil\u0103.<\/p>\n<p>\u201eRom\u00e2nii \u0219i firmele au suportat costuri uria\u0219e, \u00een urma cre\u0219terii taxelor \u0219i impozitelor, pentru a acoperi dezechilibrele bugetare. Tocmai acum, c\u00e2nd aceste sacrificii \u00eencep s\u0103 dea rezultate, asist\u0103m la o destabilizare politic\u0103 major\u0103\u201d, a transmis acesta.<\/p>\n<p>Fostul \u0219ef al CJ Timi\u0219 acuz\u0103 PSD c\u0103 nu ar avea un plan concret pentru perioada de dup\u0103 mo\u021biune \u0219i c\u0103 ac\u021biunea politic\u0103 ar putea afecta \u00eencrederea investitorilor \u0219i parcursul reformelor economice. \u00cen opinia sa, ini\u021biativa reprezint\u0103 \u201eun act de cinism\u201d care ignor\u0103 eforturile cet\u0103\u021benilor \u0219i ale mediului de afaceri.<\/p>\n<p>Declara\u021biile vin \u00een contextul tensiunilor politice generate de colaborarea dintre PSD \u0219i Alian\u021ba pentru Unirea Rom\u00e2nilor pentru depunerea unei mo\u021biuni de cenzur\u0103 \u00eempotriva Guvernului condus de Ilie Bolojan.<\/p>\n<p>Nica avertizeaz\u0103 c\u0103 o eventual\u0103 c\u0103dere a guvernului ar putea readuce instabilitatea economic\u0103 \u0219i ar bloca reformele aflate \u00een curs, afect\u00e2nd direct mediul de afaceri \u0219i popula\u021bia.<\/p>\n<p>\u201eEste revolt\u0103tor s\u0103 vezi cum efortul colectiv al rom\u00e2nilor este pus \u00een pericol de calcule politice. Nu putem r\u0103m\u00e2ne pasivi \u00een fa\u021ba unor decizii care pot destabiliza economia\u201d, a mai transmis acesta.<\/p>\n<p>Declara\u021bia fostului pre\u0219edinte al CJ Timi\u0219 se \u00eenscrie \u00eentr-un val mai larg de reac\u021bii politice generate de mo\u021biunea de cenzur\u0103, care ar putea redefini echilibrul de putere la nivel parlamentar \u0219i direc\u021bia guvern\u0103rii \u00een perioada urm\u0103toare.<\/p>\n<\/div>\n<p>[analyse_source url=&#8221;https:\/\/orasul-timisoara.ro\/local-38447\/&#8221;]<\/p>\n","protected":false},"excerpt":{"rendered":"<p>[analyse_image type=&#8221;featured&#8221; src=&#8221;https:\/\/orasul-timisoara.ro\/wp-content\/uploads\/2026\/04\/alin-nica-001.jpg&#8221;] PoliticAlin Nica critic\u0103 dur mo\u021biunea PSD: \u201eUn act de cinism care pune&#8230; Politic \u0218tiri Locale \u0218tiri na\u021bionale \u0219i interna\u021bionale Alin Nica critic\u0103 dur mo\u021biunea PSD: \u201eUn act de cinism care pune \u00een pericol stabilitatea economic\u0103\u201d De c\u0103tre redactia &#8211; 27\/04\/2026 Facebook Twitter WhatsApp Linkedin ReddIt Email Imprimare Alin Nica, fost pre\u0219edinte al [&hellip;]<\/p>\n","protected":false},"author":1,"featured_media":0,"comment_status":"open","ping_status":"","sticky":false,"template":"","format":"standard","meta":{"footnotes":""},"categories":[89],"tags":[226,189],"class_list":["post-1906488","post","type-post","status-publish","format-standard","hentry","category-romania","tag-crawlmanager","tag-orasul-timisoara-ro"],"_links":{"self":[{"href":"https:\/\/analyse.optim.biz\/index.php?rest_route=\/wp\/v2\/posts\/1906488","targetHints":{"allow":["GET"]}}],"collection":[{"href":"https:\/\/analyse.optim.biz\/index.php?rest_route=\/wp\/v2\/posts"}],"about":[{"href":"https:\/\/analyse.optim.biz\/index.php?rest_route=\/wp\/v2\/types\/post"}],"author":[{"embeddable":true,"href":"https:\/\/analyse.optim.biz\/index.php?rest_route=\/wp\/v2\/users\/1"}],"replies":[{"embeddable":true,"href":"https:\/\/analyse.optim.biz\/index.php?rest_route=%2Fwp%2Fv2%2Fcomments&post=1906488"}],"version-history":[{"count":0,"href":"https:\/\/analyse.optim.biz\/index.php?rest_route=\/wp\/v2\/posts\/1906488\/revisions"}],"wp:attachment":[{"href":"https:\/\/analyse.optim.biz\/index.php?rest_route=%2Fwp%2Fv2%2Fmedia&parent=1906488"}],"wp:term":[{"taxonomy":"category","embeddable":true,"href":"https:\/\/analyse.optim.biz\/index.php?rest_route=%2Fwp%2Fv2%2Fcategories&post=1906488"},{"taxonomy":"post_tag","embeddable":true,"href":"https:\/\/analyse.optim.biz\/index.php?rest_route=%2Fwp%2Fv2%2Ftags&post=1906488"}],"curies":[{"name":"wp","href":"https:\/\/api.w.org\/{rel}","templated":true}]}}