{"id":1906477,"date":"2026-04-28T08:28:00","date_gmt":"2026-04-28T05:28:00","guid":{"rendered":"https:\/\/analyse.optim.biz\/?p=1906477"},"modified":"2026-04-28T08:28:00","modified_gmt":"2026-04-28T05:28:00","slug":"accident-grav-in-vatra-dornei-trei-tineri-raniti-dupa-ce-un-sofer-baut-s-a-izbit-cu-masina-intr-un-camion","status":"publish","type":"post","link":"https:\/\/analyse.optim.biz\/?p=1906477","title":{"rendered":"Accident grav \u00een Vatra Dornei: Trei tineri r\u0103ni\u021bi dup\u0103 ce un \u0219ofer b\u0103ut s-a izbit cu ma\u0219ina \u00eentr-un camion"},"content":{"rendered":"<p>[analyse_image type=&#8221;featured&#8221; src=&#8221;https:\/\/blogger.googleusercontent.com\/img\/b\/R29vZ2xl\/AVvXsEjWAm_pNYH0Wh0IAMZDhgZab0O8fIsb0nTD4I11FoO219_Oufb4s5zBw-evmQk7j6nviiJHWKgx39F3r-YjUaachjqJmjW4oz09tQtWEImLpnYAAhbju0lXH5hjxv7JKV1VR_fucdlm-eWO-mtB5f_vE3cSBRPWkk7zj9Rq5AjeKjrMbHIVccjdi5xzUXI\/w1600\/accident-vatra-dornei-28aprilie2026-01.jpg&#8221;]<\/p>\n<div class=\"post-body entry-content\" id=\"post-body\">\n<div class=\"separator\"><a href=\"https:\/\/blogger.googleusercontent.com\/img\/b\/R29vZ2xl\/AVvXsEjWAm_pNYH0Wh0IAMZDhgZab0O8fIsb0nTD4I11FoO219_Oufb4s5zBw-evmQk7j6nviiJHWKgx39F3r-YjUaachjqJmjW4oz09tQtWEImLpnYAAhbju0lXH5hjxv7JKV1VR_fucdlm-eWO-mtB5f_vE3cSBRPWkk7zj9Rq5AjeKjrMbHIVccjdi5xzUXI\/s1200\/accident-vatra-dornei-28aprilie2026-01.jpg\"><img decoding=\"async\" alt=\"Accident grav \u00een Vatra Dornei: Trei tineri r\u0103ni\u021bi dup\u0103 ce un \u0219ofer b\u0103ut s-a izbit cu ma\u0219ina \u00eentr-un camion\" border=\"0\" height=\"335\" loading=\"lazy\" src=\"https:\/\/blogger.googleusercontent.com\/img\/b\/R29vZ2xl\/AVvXsEjWAm_pNYH0Wh0IAMZDhgZab0O8fIsb0nTD4I11FoO219_Oufb4s5zBw-evmQk7j6nviiJHWKgx39F3r-YjUaachjqJmjW4oz09tQtWEImLpnYAAhbju0lXH5hjxv7JKV1VR_fucdlm-eWO-mtB5f_vE3cSBRPWkk7zj9Rq5AjeKjrMbHIVccjdi5xzUXI\/w640-h335-rw\/accident-vatra-dornei-28aprilie2026-01.jpg\" title=\"Accident grav \u00een Vatra Dornei: Trei tineri r\u0103ni\u021bi dup\u0103 ce un \u0219ofer b\u0103ut s-a izbit cu ma\u0219ina \u00eentr-un camion\" width=\"640\"><\/a><\/div>\n<p>Un grav accident rutier a avut loc \u00een noaptea de mar\u021bi, 28 aprilie 2026, pe strada Ro\u0219u din municipiul Vatra Dornei. Trei tineri au ajuns la spital, unul dintre ei \u00een stare critic\u0103, dup\u0103 ce autoturismul \u00een care se aflau s-a ciocnit frontal cu un autotren condus regulamentar.<\/p>\n<p>Potrivit Inspectoratului pentru Situa\u021bii de Urgen\u021b\u0103 (ISU) Suceava, apelul prin sistemul 112 a fost recep\u021bionat la ora 03:37. La fa\u021ba locului au intervenit de urgen\u021b\u0103 pompierii militari din cadrul Deta\u0219amentului Vatra Dornei \u0219i ai Punctului de Lucru Poiana Stampei, cu o autospecial\u0103 de descarcerare, o ambulan\u021b\u0103 SMURD \u0219i dou\u0103 echipaje ale Serviciului de Ambulan\u021b\u0103 Jude\u021bean (SAJ).<\/p>\n<h3>Victime \u00eencarcerate \u0219i un pasager \u00een com\u0103<\/h3>\n<p>Echipele de interven\u021bie au g\u0103sit la locul accidentului trei victime, cu v\u00e2rste cuprinse \u00eentre 19 \u0219i 24 de ani, toate aflate \u00een autoturism. Dou\u0103 dintre acestea au r\u0103mas blocate \u00eentre fiarele contorsionate ale ma\u0219inii, fiind necesare manevre de descarcerare pentru extragerea lor.<\/p>\n<p>Conform Serviciului de Ambulan\u021b\u0103 Jude\u021bean Suceava, situa\u021bia victimelor este urm\u0103toarea:<\/p>\n<ul>\n<li><strong>Pasagerul din dreapta fa\u021b\u0103:<\/strong> Un t\u00e2n\u0103r de 20 de ani, a fost extras \u00een stare de com\u0103, prezent\u00e2nd un politraumatism sever. Acesta a fost preluat de un echipaj medical \u0219i direc\u021bionat c\u0103tre Unitatea de Primiri Urgen\u021be (UPU) Suceava.<\/li>\n<li><strong>Conduc\u0103torul auto:<\/strong> \u00cen v\u00e2rst\u0103 de 24 de ani, a suferit traumatisme u\u0219oare \u0219i se afla \u00een stare de ebrietate.<\/li>\n<li><strong>Pasagerul din spate:<\/strong> Un t\u00e2n\u0103r de 20 de ani, a suferit r\u0103ni u\u0219oare la nivelul membrelor superioare.<\/li>\n<\/ul>\n<h3>Alcoolemie de 0,64 mg\/l \u00een aerul expirat<\/h3>\n<p>Cercet\u0103rile efectuate de poli\u021bi\u0219tii din cadrul Compartimentului Rutier Vatra Dornei au stabilit c\u0103 vinovat de producerea accidentului este t\u00e2n\u0103rul de 24 de ani din comuna Poiana Stampei. Acesta, \u00een timp ce conducea un autoturism Volkswagen Jetta, pe fondul vitezei neadaptate \u0219i a consumului de alcool, a pierdut controlul asupra direc\u021biei, a p\u0103truns pe sensul opus \u0219i a intrat \u00een coliziune cu un autotren Renault condus de un cet\u0103\u021bean polonez de 41 de ani.<\/p>\n<p>\u00cen urma test\u0103rii cu aparatul etilometru, rezultatul pentru \u0219oferul rom\u00e2n a fost de <strong>0,64 mg\/l alcool pur \u00een aerul expirat<\/strong>. \u00cen cazul conduc\u0103torului auto polonez, rezultatul a fost negativ. Ambilor \u0219oferi le-au fost recoltate probe biologice de s\u00e2nge pentru stabilirea exact\u0103 a alcoolemiei.<\/p>\n<h3>Dosar penal pentru dou\u0103 infrac\u021biuni<\/h3>\n<p>Poli\u021bia a deschis un dosar de cercetare penal\u0103 sub aspectul s\u0103v\u00e2r\u0219irii infrac\u021biunilor de <em>\u201ev\u0103t\u0103mare corporal\u0103 din culp\u0103\u201d<\/em> \u0219i <em>\u201econducerea unui autovehicul sub influen\u021ba alcoolului\u201d<\/em>. <\/p>\n<p>Autotrenul implicat \u00een evenimentul rutier era \u00eenc\u0103rcat cu vat\u0103 mineral\u0103. Din fericire, \u0219oferul acestuia nu a suferit v\u0103t\u0103m\u0103ri corporale, \u00eens\u0103 traficul \u00een zon\u0103 a fost restric\u021bionat pe durata interven\u021biei salvatorilor \u0219i a cercet\u0103rilor efectuate de echipa operativ\u0103 a IPJ Suceava.<\/p>\n<div class=\"separator\"><a href=\"https:\/\/blogger.googleusercontent.com\/img\/b\/R29vZ2xl\/AVvXsEiKr6HurPjWz9RT-gXC7k-dv7S_cznGXUZXztE7QAaSLsbncQ4NEupzC0FRcCJU-m9WXi8KaMMdp4I_iyohDGbi19NFfzRJ-CGV76pBYmQXnejH4F5Leh3IieGdEFQKSl5pCJJu0Oq0r8VNmdDi87Ylzt8ywjykgee_TMrPV-Vcyk4NJhtGegqy7Eiy_TA\/s2000\/accident-vatra-dornei-28aprilie2026-05.jpeg\"><img decoding=\"async\" alt=\"Accident grav \u00een Vatra Dornei: Trei tineri r\u0103ni\u021bi dup\u0103 ce un \u0219ofer b\u0103ut s-a izbit cu ma\u0219ina \u00eentr-un camion\" border=\"0\" height=\"640\" loading=\"lazy\" src=\"https:\/\/blogger.googleusercontent.com\/img\/b\/R29vZ2xl\/AVvXsEiKr6HurPjWz9RT-gXC7k-dv7S_cznGXUZXztE7QAaSLsbncQ4NEupzC0FRcCJU-m9WXi8KaMMdp4I_iyohDGbi19NFfzRJ-CGV76pBYmQXnejH4F5Leh3IieGdEFQKSl5pCJJu0Oq0r8VNmdDi87Ylzt8ywjykgee_TMrPV-Vcyk4NJhtGegqy7Eiy_TA\/w480-h640-rw\/accident-vatra-dornei-28aprilie2026-05.jpeg\" title=\"Accident grav \u00een Vatra Dornei: Trei tineri r\u0103ni\u021bi dup\u0103 ce un \u0219ofer b\u0103ut s-a izbit cu ma\u0219ina \u00eentr-un camion\" width=\"480\"><\/a><\/div>\n<div class=\"separator\"><a href=\"https:\/\/blogger.googleusercontent.com\/img\/b\/R29vZ2xl\/AVvXsEgnVM8rzj9R-11ZRXoyQJgaIhwDaKVCCEQE5Uh3yUdS4J9rjjjmQDrTLHsBLGUAEEfQKbRNufQ38n884pSY8g0D5FFu8W0tSHf1lli-m6BRYaYfZrKerlAU_ErO8nzNvTRwmYicaOfjK3Ew-gCN4cc__nK5nTgMOJtGWwgItwcVgWvwA56z5WGy038-aaA\/s2000\/accident-vatra-dornei-28aprilie2026-04.jpeg\"><img decoding=\"async\" alt=\"Accident grav \u00een Vatra Dornei: Trei tineri r\u0103ni\u021bi dup\u0103 ce un \u0219ofer b\u0103ut s-a izbit cu ma\u0219ina \u00eentr-un camion\" border=\"0\" height=\"640\" loading=\"lazy\" src=\"https:\/\/blogger.googleusercontent.com\/img\/b\/R29vZ2xl\/AVvXsEgnVM8rzj9R-11ZRXoyQJgaIhwDaKVCCEQE5Uh3yUdS4J9rjjjmQDrTLHsBLGUAEEfQKbRNufQ38n884pSY8g0D5FFu8W0tSHf1lli-m6BRYaYfZrKerlAU_ErO8nzNvTRwmYicaOfjK3Ew-gCN4cc__nK5nTgMOJtGWwgItwcVgWvwA56z5WGy038-aaA\/w480-h640-rw\/accident-vatra-dornei-28aprilie2026-04.jpeg\" title=\"Accident grav \u00een Vatra Dornei: Trei tineri r\u0103ni\u021bi dup\u0103 ce un \u0219ofer b\u0103ut s-a izbit cu ma\u0219ina \u00eentr-un camion\" width=\"480\"><\/a><\/div>\n<div class=\"separator\"><a href=\"https:\/\/blogger.googleusercontent.com\/img\/b\/R29vZ2xl\/AVvXsEjqqAdqSLn1SBumypI366H_hM7Xhn_NNM4H22btuz7PWjgZpW38_bGc_OahCiRh5HBF_APyrIL4Yk1-0va4nupc3VjEBpe3_LthlKA_UAH4eL6khhS9h6pd-eaxwdM8lks7CMkkLZNQT2xha5IRPBDnFKiuCho4rk5TQp9MmVFO-xoLFaIg2oQ7e10yIao\/s2000\/accident-vatra-dornei-28aprilie2026-03.jpeg\"><img decoding=\"async\" alt=\"Accident grav \u00een Vatra Dornei: Trei tineri r\u0103ni\u021bi dup\u0103 ce un \u0219ofer b\u0103ut s-a izbit cu ma\u0219ina \u00eentr-un camion\" border=\"0\" height=\"640\" loading=\"lazy\" src=\"https:\/\/blogger.googleusercontent.com\/img\/b\/R29vZ2xl\/AVvXsEjqqAdqSLn1SBumypI366H_hM7Xhn_NNM4H22btuz7PWjgZpW38_bGc_OahCiRh5HBF_APyrIL4Yk1-0va4nupc3VjEBpe3_LthlKA_UAH4eL6khhS9h6pd-eaxwdM8lks7CMkkLZNQT2xha5IRPBDnFKiuCho4rk5TQp9MmVFO-xoLFaIg2oQ7e10yIao\/w480-h640-rw\/accident-vatra-dornei-28aprilie2026-03.jpeg\" title=\"Accident grav \u00een Vatra Dornei: Trei tineri r\u0103ni\u021bi dup\u0103 ce un \u0219ofer b\u0103ut s-a izbit cu ma\u0219ina \u00eentr-un camion\" width=\"480\"><\/a><\/div>\n<div class=\"separator\"><a href=\"https:\/\/blogger.googleusercontent.com\/img\/b\/R29vZ2xl\/AVvXsEjFXBIUQAYUadIiCVTaTTPq4VE9hcJ1Gmne6k9OFKlH_WSxEe2SI-kSQjI8-uLqa3cHSsQg6n0tk35Y5x2-B8MLMFqYjGqyayzakECuKSS9Mda10qkgEv3m9fExx8OU1QyEZ2PdQVD-mTrovwRc8qgObRlhAVCvbZzRywgnz9Iqh50LZYrY0Q5QuU_8Vfs\/s2000\/accident-vatra-dornei-28aprilie2026-02.jpeg\"><img decoding=\"async\" alt=\"Accident grav \u00een Vatra Dornei: Trei tineri r\u0103ni\u021bi dup\u0103 ce un \u0219ofer b\u0103ut s-a izbit cu ma\u0219ina \u00eentr-un camion\" border=\"0\" height=\"640\" loading=\"lazy\" src=\"https:\/\/blogger.googleusercontent.com\/img\/b\/R29vZ2xl\/AVvXsEjFXBIUQAYUadIiCVTaTTPq4VE9hcJ1Gmne6k9OFKlH_WSxEe2SI-kSQjI8-uLqa3cHSsQg6n0tk35Y5x2-B8MLMFqYjGqyayzakECuKSS9Mda10qkgEv3m9fExx8OU1QyEZ2PdQVD-mTrovwRc8qgObRlhAVCvbZzRywgnz9Iqh50LZYrY0Q5QuU_8Vfs\/w480-h640-rw\/accident-vatra-dornei-28aprilie2026-02.jpeg\" title=\"Accident grav \u00een Vatra Dornei: Trei tineri r\u0103ni\u021bi dup\u0103 ce un \u0219ofer b\u0103ut s-a izbit cu ma\u0219ina \u00eentr-un camion\" width=\"480\"><\/a><\/div>\n<\/div>\n<div class=\"post-body entry-content\" id=\"post-body\">\n<div class=\"separator\"><a href=\"https:\/\/blogger.googleusercontent.com\/img\/b\/R29vZ2xl\/AVvXsEjWAm_pNYH0Wh0IAMZDhgZab0O8fIsb0nTD4I11FoO219_Oufb4s5zBw-evmQk7j6nviiJHWKgx39F3r-YjUaachjqJmjW4oz09tQtWEImLpnYAAhbju0lXH5hjxv7JKV1VR_fucdlm-eWO-mtB5f_vE3cSBRPWkk7zj9Rq5AjeKjrMbHIVccjdi5xzUXI\/s1200\/accident-vatra-dornei-28aprilie2026-01.jpg\"><img decoding=\"async\" alt=\"Accident grav \u00een Vatra Dornei: Trei tineri r\u0103ni\u021bi dup\u0103 ce un \u0219ofer b\u0103ut s-a izbit cu ma\u0219ina \u00eentr-un camion\" border=\"0\" height=\"335\" loading=\"lazy\" src=\"https:\/\/blogger.googleusercontent.com\/img\/b\/R29vZ2xl\/AVvXsEjWAm_pNYH0Wh0IAMZDhgZab0O8fIsb0nTD4I11FoO219_Oufb4s5zBw-evmQk7j6nviiJHWKgx39F3r-YjUaachjqJmjW4oz09tQtWEImLpnYAAhbju0lXH5hjxv7JKV1VR_fucdlm-eWO-mtB5f_vE3cSBRPWkk7zj9Rq5AjeKjrMbHIVccjdi5xzUXI\/w640-h335-rw\/accident-vatra-dornei-28aprilie2026-01.jpg\" title=\"Accident grav \u00een Vatra Dornei: Trei tineri r\u0103ni\u021bi dup\u0103 ce un \u0219ofer b\u0103ut s-a izbit cu ma\u0219ina \u00eentr-un camion\" width=\"640\"><\/a><\/div>\n<p>Un grav accident rutier a avut loc \u00een noaptea de mar\u021bi, 28 aprilie 2026, pe strada Ro\u0219u din municipiul Vatra Dornei. Trei tineri au ajuns la spital, unul dintre ei \u00een stare critic\u0103, dup\u0103 ce autoturismul \u00een care se aflau s-a ciocnit frontal cu un autotren condus regulamentar.<\/p>\n<p>Potrivit Inspectoratului pentru Situa\u021bii de Urgen\u021b\u0103 (ISU) Suceava, apelul prin sistemul 112 a fost recep\u021bionat la ora 03:37. La fa\u021ba locului au intervenit de urgen\u021b\u0103 pompierii militari din cadrul Deta\u0219amentului Vatra Dornei \u0219i ai Punctului de Lucru Poiana Stampei, cu o autospecial\u0103 de descarcerare, o ambulan\u021b\u0103 SMURD \u0219i dou\u0103 echipaje ale Serviciului de Ambulan\u021b\u0103 Jude\u021bean (SAJ).<\/p>\n<h3>Victime \u00eencarcerate \u0219i un pasager \u00een com\u0103<\/h3>\n<p>Echipele de interven\u021bie au g\u0103sit la locul accidentului trei victime, cu v\u00e2rste cuprinse \u00eentre 19 \u0219i 24 de ani, toate aflate \u00een autoturism. Dou\u0103 dintre acestea au r\u0103mas blocate \u00eentre fiarele contorsionate ale ma\u0219inii, fiind necesare manevre de descarcerare pentru extragerea lor.<\/p>\n<p>Conform Serviciului de Ambulan\u021b\u0103 Jude\u021bean Suceava, situa\u021bia victimelor este urm\u0103toarea:<\/p>\n<ul>\n<li><strong>Pasagerul din dreapta fa\u021b\u0103:<\/strong> Un t\u00e2n\u0103r de 20 de ani, a fost extras \u00een stare de com\u0103, prezent\u00e2nd un politraumatism sever. Acesta a fost preluat de un echipaj medical \u0219i direc\u021bionat c\u0103tre Unitatea de Primiri Urgen\u021be (UPU) Suceava.<\/li>\n<li><strong>Conduc\u0103torul auto:<\/strong> \u00cen v\u00e2rst\u0103 de 24 de ani, a suferit traumatisme u\u0219oare \u0219i se afla \u00een stare de ebrietate.<\/li>\n<li><strong>Pasagerul din spate:<\/strong> Un t\u00e2n\u0103r de 20 de ani, a suferit r\u0103ni u\u0219oare la nivelul membrelor superioare.<\/li>\n<\/ul>\n<h3>Alcoolemie de 0,64 mg\/l \u00een aerul expirat<\/h3>\n<p>Cercet\u0103rile efectuate de poli\u021bi\u0219tii din cadrul Compartimentului Rutier Vatra Dornei au stabilit c\u0103 vinovat de producerea accidentului este t\u00e2n\u0103rul de 24 de ani din comuna Poiana Stampei. Acesta, \u00een timp ce conducea un autoturism Volkswagen Jetta, pe fondul vitezei neadaptate \u0219i a consumului de alcool, a pierdut controlul asupra direc\u021biei, a p\u0103truns pe sensul opus \u0219i a intrat \u00een coliziune cu un autotren Renault condus de un cet\u0103\u021bean polonez de 41 de ani.<\/p>\n<p>\u00cen urma test\u0103rii cu aparatul etilometru, rezultatul pentru \u0219oferul rom\u00e2n a fost de <strong>0,64 mg\/l alcool pur \u00een aerul expirat<\/strong>. \u00cen cazul conduc\u0103torului auto polonez, rezultatul a fost negativ. Ambilor \u0219oferi le-au fost recoltate probe biologice de s\u00e2nge pentru stabilirea exact\u0103 a alcoolemiei.<\/p>\n<h3>Dosar penal pentru dou\u0103 infrac\u021biuni<\/h3>\n<p>Poli\u021bia a deschis un dosar de cercetare penal\u0103 sub aspectul s\u0103v\u00e2r\u0219irii infrac\u021biunilor de <em>\u201ev\u0103t\u0103mare corporal\u0103 din culp\u0103\u201d<\/em> \u0219i <em>\u201econducerea unui autovehicul sub influen\u021ba alcoolului\u201d<\/em>. <\/p>\n<p>Autotrenul implicat \u00een evenimentul rutier era \u00eenc\u0103rcat cu vat\u0103 mineral\u0103. Din fericire, \u0219oferul acestuia nu a suferit v\u0103t\u0103m\u0103ri corporale, \u00eens\u0103 traficul \u00een zon\u0103 a fost restric\u021bionat pe durata interven\u021biei salvatorilor \u0219i a cercet\u0103rilor efectuate de echipa operativ\u0103 a IPJ Suceava.<\/p>\n<div class=\"separator\"><a href=\"https:\/\/blogger.googleusercontent.com\/img\/b\/R29vZ2xl\/AVvXsEiKr6HurPjWz9RT-gXC7k-dv7S_cznGXUZXztE7QAaSLsbncQ4NEupzC0FRcCJU-m9WXi8KaMMdp4I_iyohDGbi19NFfzRJ-CGV76pBYmQXnejH4F5Leh3IieGdEFQKSl5pCJJu0Oq0r8VNmdDi87Ylzt8ywjykgee_TMrPV-Vcyk4NJhtGegqy7Eiy_TA\/s2000\/accident-vatra-dornei-28aprilie2026-05.jpeg\"><img decoding=\"async\" alt=\"Accident grav \u00een Vatra Dornei: Trei tineri r\u0103ni\u021bi dup\u0103 ce un \u0219ofer b\u0103ut s-a izbit cu ma\u0219ina \u00eentr-un camion\" border=\"0\" height=\"640\" loading=\"lazy\" src=\"https:\/\/blogger.googleusercontent.com\/img\/b\/R29vZ2xl\/AVvXsEiKr6HurPjWz9RT-gXC7k-dv7S_cznGXUZXztE7QAaSLsbncQ4NEupzC0FRcCJU-m9WXi8KaMMdp4I_iyohDGbi19NFfzRJ-CGV76pBYmQXnejH4F5Leh3IieGdEFQKSl5pCJJu0Oq0r8VNmdDi87Ylzt8ywjykgee_TMrPV-Vcyk4NJhtGegqy7Eiy_TA\/w480-h640-rw\/accident-vatra-dornei-28aprilie2026-05.jpeg\" title=\"Accident grav \u00een Vatra Dornei: Trei tineri r\u0103ni\u021bi dup\u0103 ce un \u0219ofer b\u0103ut s-a izbit cu ma\u0219ina \u00eentr-un camion\" width=\"480\"><\/a><\/div>\n<div class=\"separator\"><a href=\"https:\/\/blogger.googleusercontent.com\/img\/b\/R29vZ2xl\/AVvXsEgnVM8rzj9R-11ZRXoyQJgaIhwDaKVCCEQE5Uh3yUdS4J9rjjjmQDrTLHsBLGUAEEfQKbRNufQ38n884pSY8g0D5FFu8W0tSHf1lli-m6BRYaYfZrKerlAU_ErO8nzNvTRwmYicaOfjK3Ew-gCN4cc__nK5nTgMOJtGWwgItwcVgWvwA56z5WGy038-aaA\/s2000\/accident-vatra-dornei-28aprilie2026-04.jpeg\"><img decoding=\"async\" alt=\"Accident grav \u00een Vatra Dornei: Trei tineri r\u0103ni\u021bi dup\u0103 ce un \u0219ofer b\u0103ut s-a izbit cu ma\u0219ina \u00eentr-un camion\" border=\"0\" height=\"640\" loading=\"lazy\" src=\"https:\/\/blogger.googleusercontent.com\/img\/b\/R29vZ2xl\/AVvXsEgnVM8rzj9R-11ZRXoyQJgaIhwDaKVCCEQE5Uh3yUdS4J9rjjjmQDrTLHsBLGUAEEfQKbRNufQ38n884pSY8g0D5FFu8W0tSHf1lli-m6BRYaYfZrKerlAU_ErO8nzNvTRwmYicaOfjK3Ew-gCN4cc__nK5nTgMOJtGWwgItwcVgWvwA56z5WGy038-aaA\/w480-h640-rw\/accident-vatra-dornei-28aprilie2026-04.jpeg\" title=\"Accident grav \u00een Vatra Dornei: Trei tineri r\u0103ni\u021bi dup\u0103 ce un \u0219ofer b\u0103ut s-a izbit cu ma\u0219ina \u00eentr-un camion\" width=\"480\"><\/a><\/div>\n<div class=\"separator\"><a href=\"https:\/\/blogger.googleusercontent.com\/img\/b\/R29vZ2xl\/AVvXsEjqqAdqSLn1SBumypI366H_hM7Xhn_NNM4H22btuz7PWjgZpW38_bGc_OahCiRh5HBF_APyrIL4Yk1-0va4nupc3VjEBpe3_LthlKA_UAH4eL6khhS9h6pd-eaxwdM8lks7CMkkLZNQT2xha5IRPBDnFKiuCho4rk5TQp9MmVFO-xoLFaIg2oQ7e10yIao\/s2000\/accident-vatra-dornei-28aprilie2026-03.jpeg\"><img decoding=\"async\" alt=\"Accident grav \u00een Vatra Dornei: Trei tineri r\u0103ni\u021bi dup\u0103 ce un \u0219ofer b\u0103ut s-a izbit cu ma\u0219ina \u00eentr-un camion\" border=\"0\" height=\"640\" loading=\"lazy\" src=\"https:\/\/blogger.googleusercontent.com\/img\/b\/R29vZ2xl\/AVvXsEjqqAdqSLn1SBumypI366H_hM7Xhn_NNM4H22btuz7PWjgZpW38_bGc_OahCiRh5HBF_APyrIL4Yk1-0va4nupc3VjEBpe3_LthlKA_UAH4eL6khhS9h6pd-eaxwdM8lks7CMkkLZNQT2xha5IRPBDnFKiuCho4rk5TQp9MmVFO-xoLFaIg2oQ7e10yIao\/w480-h640-rw\/accident-vatra-dornei-28aprilie2026-03.jpeg\" title=\"Accident grav \u00een Vatra Dornei: Trei tineri r\u0103ni\u021bi dup\u0103 ce un \u0219ofer b\u0103ut s-a izbit cu ma\u0219ina \u00eentr-un camion\" width=\"480\"><\/a><\/div>\n<div class=\"separator\"><a href=\"https:\/\/blogger.googleusercontent.com\/img\/b\/R29vZ2xl\/AVvXsEjFXBIUQAYUadIiCVTaTTPq4VE9hcJ1Gmne6k9OFKlH_WSxEe2SI-kSQjI8-uLqa3cHSsQg6n0tk35Y5x2-B8MLMFqYjGqyayzakECuKSS9Mda10qkgEv3m9fExx8OU1QyEZ2PdQVD-mTrovwRc8qgObRlhAVCvbZzRywgnz9Iqh50LZYrY0Q5QuU_8Vfs\/s2000\/accident-vatra-dornei-28aprilie2026-02.jpeg\"><img decoding=\"async\" alt=\"Accident grav \u00een Vatra Dornei: Trei tineri r\u0103ni\u021bi dup\u0103 ce un \u0219ofer b\u0103ut s-a izbit cu ma\u0219ina \u00eentr-un camion\" border=\"0\" height=\"640\" loading=\"lazy\" src=\"https:\/\/blogger.googleusercontent.com\/img\/b\/R29vZ2xl\/AVvXsEjFXBIUQAYUadIiCVTaTTPq4VE9hcJ1Gmne6k9OFKlH_WSxEe2SI-kSQjI8-uLqa3cHSsQg6n0tk35Y5x2-B8MLMFqYjGqyayzakECuKSS9Mda10qkgEv3m9fExx8OU1QyEZ2PdQVD-mTrovwRc8qgObRlhAVCvbZzRywgnz9Iqh50LZYrY0Q5QuU_8Vfs\/w480-h640-rw\/accident-vatra-dornei-28aprilie2026-02.jpeg\" title=\"Accident grav \u00een Vatra Dornei: Trei tineri r\u0103ni\u021bi dup\u0103 ce un \u0219ofer b\u0103ut s-a izbit cu ma\u0219ina \u00eentr-un camion\" width=\"480\"><\/a><\/div>\n<\/div>\n<p>[analyse_source url=&#8221;https:\/\/www.stirisuceava.net\/2026\/04\/accident-grav-in-vatra-dornei-trei.html&#8221;]<\/p>\n","protected":false},"excerpt":{"rendered":"<p>[analyse_image type=&#8221;featured&#8221; src=&#8221;https:\/\/blogger.googleusercontent.com\/img\/b\/R29vZ2xl\/AVvXsEjWAm_pNYH0Wh0IAMZDhgZab0O8fIsb0nTD4I11FoO219_Oufb4s5zBw-evmQk7j6nviiJHWKgx39F3r-YjUaachjqJmjW4oz09tQtWEImLpnYAAhbju0lXH5hjxv7JKV1VR_fucdlm-eWO-mtB5f_vE3cSBRPWkk7zj9Rq5AjeKjrMbHIVccjdi5xzUXI\/w1600\/accident-vatra-dornei-28aprilie2026-01.jpg&#8221;] Un grav accident rutier a avut loc \u00een noaptea de mar\u021bi, 28 aprilie 2026, pe strada Ro\u0219u din municipiul Vatra Dornei. Trei tineri au ajuns la spital, unul dintre ei \u00een stare critic\u0103, dup\u0103 ce autoturismul \u00een care se aflau s-a ciocnit frontal cu un autotren condus regulamentar. Potrivit Inspectoratului pentru Situa\u021bii [&hellip;]<\/p>\n","protected":false},"author":1,"featured_media":0,"comment_status":"open","ping_status":"","sticky":false,"template":"","format":"standard","meta":{"footnotes":""},"categories":[89],"tags":[226,172],"class_list":["post-1906477","post","type-post","status-publish","format-standard","hentry","category-romania","tag-crawlmanager","tag-stirisuceava-net"],"_links":{"self":[{"href":"https:\/\/analyse.optim.biz\/index.php?rest_route=\/wp\/v2\/posts\/1906477","targetHints":{"allow":["GET"]}}],"collection":[{"href":"https:\/\/analyse.optim.biz\/index.php?rest_route=\/wp\/v2\/posts"}],"about":[{"href":"https:\/\/analyse.optim.biz\/index.php?rest_route=\/wp\/v2\/types\/post"}],"author":[{"embeddable":true,"href":"https:\/\/analyse.optim.biz\/index.php?rest_route=\/wp\/v2\/users\/1"}],"replies":[{"embeddable":true,"href":"https:\/\/analyse.optim.biz\/index.php?rest_route=%2Fwp%2Fv2%2Fcomments&post=1906477"}],"version-history":[{"count":0,"href":"https:\/\/analyse.optim.biz\/index.php?rest_route=\/wp\/v2\/posts\/1906477\/revisions"}],"wp:attachment":[{"href":"https:\/\/analyse.optim.biz\/index.php?rest_route=%2Fwp%2Fv2%2Fmedia&parent=1906477"}],"wp:term":[{"taxonomy":"category","embeddable":true,"href":"https:\/\/analyse.optim.biz\/index.php?rest_route=%2Fwp%2Fv2%2Fcategories&post=1906477"},{"taxonomy":"post_tag","embeddable":true,"href":"https:\/\/analyse.optim.biz\/index.php?rest_route=%2Fwp%2Fv2%2Ftags&post=1906477"}],"curies":[{"name":"wp","href":"https:\/\/api.w.org\/{rel}","templated":true}]}}