{"id":1906468,"date":"2026-04-27T09:35:17","date_gmt":"2026-04-27T06:35:17","guid":{"rendered":"https:\/\/analyse.optim.biz\/?p=1906468"},"modified":"2026-04-27T09:35:17","modified_gmt":"2026-04-27T06:35:17","slug":"mai-multe-crize-interne-si-externe-s-au-aliniat-perfect-cine-mai-salveaza-romania-de-dr-adrian-botezatu","status":"publish","type":"post","link":"https:\/\/analyse.optim.biz\/?p=1906468","title":{"rendered":"Mai multe crize interne \u0219i externe s-au aliniat perfect. Cine mai salveaz\u0103 Rom\u00e2nia? , de dr. Adrian Botezatu"},"content":{"rendered":"<p>[analyse_image type=&#8221;featured&#8221; src=&#8221;https:\/\/www.newsbucovina.ro\/wp-content\/uploads\/2026\/04\/WhatsApp-Image-2026-04-27-at-12.28.22.jpeghttps:\/\/cdn.newsbucovina.ro\/wp-content\/uploads\/2026\/04\/WhatsApp-Image-2026-04-27-at-12.28.22.jpeg&#8221;]<\/p>\n<div class=\"td-post-content tagdiv-type\">\n<div class=\"td-a-rec td-a-rec-id-content_top  tdi_3 td_block_template_1\"><strong>Intr\u0103 acum \u0219i \u00een grupul de <\/p>\n<div class=\"wp-block-button\"><a class=\"wp-block-button__link wp-element-button\" href=\"https:\/\/t.me\/+TH8wcfnp8fw5NWI0\">Telegram News Bucovina<\/a><\/div>\n<p><\/strong><\/div>\n<figure class=\"wp-block-image size-large is-resized\"><a href=\"https:\/\/cdn.newsbucovina.ro\/wp-content\/uploads\/2026\/04\/WhatsApp-Image-2026-04-27-at-12.28.22.jpeg\"><img loading=\"lazy\" decoding=\"async\" width=\"1024\" height=\"576\" src=\"https:\/\/cdn.newsbucovina.ro\/wp-content\/uploads\/2026\/04\/WhatsApp-Image-2026-04-27-at-12.28.22-1024x576.jpeg\" alt class=\"wp-image-437161\"><\/a><figcaption class=\"wp-element-caption\">Foto:AI<\/figcaption><\/figure>\n<p>\u00a0\u00a0\u00a0\u00a0\u00a0\u00a0\u00a0\u00a0\u00a0\u00a0\u00a0\u00a0\u00a0\u00a0 \u00cen Rom\u00e2nia s-au aliniat perfect mai multe crize interne \u0219i externe:<\/p>\n<ul class=\"wp-block-list\">\n<li><strong>O criz\u0103 economic\u0103 structural\u0103: migrarea masiv\u0103 a for\u021bei de munc\u0103 (impozitele pe munc\u0103 nu ajung \u00een Bugetul Rom\u00e2niei; o criz\u0103 a Sistemului de Pensii care pe termen lung va colapsa; for\u021ba de munc\u0103 rom\u00e2neasc\u0103 contribuie la cre\u0219terea PIB-lui altor \u021b\u0103ri); aproximativ 80% din deficitul comercial al Rom\u00e2niei e dat de importurile de alimente (\u00een condi\u021biile \u00een care Rom\u00e2nia ar putea hr\u0103ni o popula\u021bie de 4-5 ori mai mare); sabotarea antreprenorilor rom\u00e2ni prin supra-taxare, \u0219icanare institu\u021bional\u0103, lips\u0103 de previzibilitate, lips\u0103 de infrastructur\u0103 economic\u0103; drenarea discret\u0103 \u0219i secret\u0103 a resurselor financiare \u0219i naturale c\u0103tre exterior; acumularea galopant\u0103 de datorie extern\u0103<\/strong><\/li>\n<li>O criz\u0103 administrativ\u0103 structural\u0103: Sistemul Constitu\u021bional rom\u00e2nesc este o stru\u021bo-c\u0103mil\u0103, cu o fragmentare decizional\u0103 auto-blocant\u0103 (Pre\u0219edintele este ales direct , dar nu are p\u00e2rghii administrative; premierul are p\u00e2rghii administrative mari, dar este instabil politic: 12 premieri \u00een 11 ani; un Parlament cu o cot\u0103 de \u00eencredere catastrofal; servicii secrete influente politic \u00een controlul de facto al sistemului institu\u021bional, dar ineficiente \u00een ap\u0103rarea suveranit\u0103\u021bii economice a \u021b\u0103rii). De fapt, actorii institu\u021bionali externi, nu \u0219tiu cine conduce concret Rom\u00e2nia. \u0218i nici cet\u0103\u021benii rom\u00e2ni.<\/li>\n<li><strong>O criz\u0103 social\u0103 structural\u0103: absolven\u021bii de licee \u0219i facult\u0103\u021bi nu g\u0103sesc locuri de munc\u0103 \u00een \u021bar\u0103 \u0219i sunt for\u021ba\u021bi s\u0103 emigreze \u00een exterior; foarte mul\u021bi tineri nu se mai \u00eentorc; foarte mul\u021bi tineri rom\u00e2ni, n\u0103scu\u021bi \u0219i crescu\u021bi \u00een alte \u021b\u0103ri, nu mai percep Rom\u00e2nia ca fiind \u021bara lor; sistemul politic a distrus Meritocra\u021bia social\u0103 \u0219i a creat un sistem de Contra-selec\u021bie: cei buni sunt marginaliza\u021bi social, pilo\u0219ii sunt promova\u021bi; Sistemul solidarit\u0103\u021bii sociale dintre genera\u021bii se va pr\u0103bu\u0219i o dat\u0103 cu colapsarea Sistemului de pensii; institu\u021bionalizarea unui sistem discriminatoriu de pensionare: cei din sistemul institu\u021biilor de for\u021b\u0103 se pensioneaz\u0103 tineri cu pensii mari, restul muncesc p\u00e2n\u0103 la ad\u00e2nci b\u0103tr\u00e2ne\u021bi<\/strong><\/li>\n<li>O criz\u0103 de afiliere geopolitic\u0103: \u00een acest moment interesele geostrategice \u0219i economice ale SUA \u0219i ale UE\u00a0 nu mai coincid. SUA este implicat\u0103 al\u0103turi de Israel \u00een r\u0103zboiul contra Iranului, pe care europenii nu \u00eel sus\u021bin; iar UE este implicat\u0103 total \u00een r\u0103zboiul din Ucraina contra Rusiei (SUA este \u00eenclinat\u0103 spre o retragere negociat\u0103 cu ru\u0219ii). Rom\u00e2nia este \u00een dilema copilului la divor\u021bul p\u0103rin\u021bilor: s\u0103 se alieze cu SUA sau cu UE? SUA are armat\u0103 \u0219i tehnologie; UE are bani \u0219i parteneriate economice (de asemenea: China are interese economice \u00een Europa de est, Rusia are interese strategice \u00een Europa de est)<\/li>\n<\/ul>\n<p><strong>Actuala criz\u0103 politic\u0103 este generat\u0103 \u00een esen\u021ba ei de lipsa de legitimitate politic\u0103: axul actualei guvern\u0103ri este dat de partidul de pe locul 4, iar premierul de partidul de pe locul 3. Cum a fost posibil a\u0219a ceva? A\u0219a s-a hot\u0103r\u00e2t la Comisia European\u0103, a\u0219a s-a aplicat \u00een Rom\u00e2nia de \u0219efii de institu\u021bii importante. Dac\u0103 e ordin, cu pl\u0103cere!<\/strong><\/p>\n<p>Acum suntem \u00een faza mo\u021biunii de cenzur\u0103 ini\u021biat\u0103 de AUR \u0219i PSD. <\/p>\n<p>Exist\u0103 patru variante:<\/p>\n<ol start=\"1\" class=\"wp-block-list\">\n<li><strong>PNL \u0219i USR cump\u0103r\u0103 parlamentari la bucat\u0103 \u0219i \u00ee\u0219i asigur\u0103 o majoritate parlamentar\u0103. Guvernarea continu\u0103 cu sprijinul Comisiei Europene, \u00een ciuda sus\u021binerii majorit\u0103\u021bii cet\u0103\u021benilor rom\u00e2ni (la vot se vor aplica din nou tehnici de fachirism electoral\u2026.)<\/strong><\/li>\n<li>PSD va vota c\u0103derea Cabinetului Bolojan. Apoi va negocia cu PNL \u0219i USR o nou\u0103 formul\u0103 guvernamental\u0103, cu un nou premier. La viitoarele alegeri, PSD nu va mai intra \u00een Parlament.<\/li>\n<li><strong>PSD \u0219i AUR demit \u00een Parlament Guvernul Bolojan \u0219i fac \u00eempreun\u0103 o nou\u0103 coali\u021bie de guvernare. E singura variant\u0103 \u00een care PSD supravie\u021buie\u0219te politic la viitoarele alegeri<\/strong><\/li>\n<li>PSD \u0219i AUR joac\u0103 tare \u0219i for\u021beaz\u0103 alegerile anticipate. Dup\u0103, guverneaz\u0103 \u00eempreun\u0103. Aceast\u0103 variant\u0103 este cea mai pu\u021bin probabil\u0103.<\/li>\n<\/ol>\n<p>Concluzie: Bine nu va fi\u2026..<\/p>\n<figure class=\"wp-block-embed is-type-video is-provider-youtube wp-block-embed-youtube wp-embed-aspect-16-9 wp-has-aspect-ratio\">\n<div class=\"wp-block-embed__wrapper\">\n<div class=\"youtube-embed\" data-video_id=\"kVlZBegLWgA\"><iframe loading=\"lazy\" title=\"Dac\u0103 te TRECE...te \u00eeneci!! Bucovina instagramabil\u0103 e doar \u00een mintea lor! E JALE pe European!!\" width=\"696\" height=\"392\" src=\"https:\/\/www.youtube.com\/embed\/kVlZBegLWgA?feature=oembed&amp;enablejsapi=1\" frameborder allow=\"accelerometer; autoplay; clipboard-write; encrypted-media; gyroscope; picture-in-picture; web-share\" referrerpolicy=\"strict-origin-when-cross-origin\" allowfullscreen><\/iframe><\/div>\n<\/div>\n<\/figure>\n<div class=\"td-a-rec td-a-rec-id-content_bottom  tdi_4 td_block_template_1\"><strong>Intr\u0103 acum \u0219i \u00een grupul de <\/p>\n<div class=\"wp-block-button\"><a class=\"wp-block-button__link wp-element-button\" href=\"https:\/\/t.me\/+TH8wcfnp8fw5NWI0\">Telegram News Bucovina<\/a><\/div>\n<p><\/strong><\/div>\n<\/div>\n<div class=\"td-post-content tagdiv-type\">\n<div class=\"td-a-rec td-a-rec-id-content_top  tdi_3 td_block_template_1\"><strong>Intr\u0103 acum \u0219i \u00een grupul de <\/p>\n<div class=\"wp-block-button\"><a class=\"wp-block-button__link wp-element-button\" href=\"https:\/\/t.me\/+TH8wcfnp8fw5NWI0\">Telegram News Bucovina<\/a><\/div>\n<p><\/strong><\/div>\n<figure class=\"wp-block-image size-large is-resized\"><a href=\"https:\/\/cdn.newsbucovina.ro\/wp-content\/uploads\/2026\/04\/WhatsApp-Image-2026-04-27-at-12.28.22.jpeg\"><img loading=\"lazy\" decoding=\"async\" width=\"1024\" height=\"576\" src=\"https:\/\/cdn.newsbucovina.ro\/wp-content\/uploads\/2026\/04\/WhatsApp-Image-2026-04-27-at-12.28.22-1024x576.jpeg\" alt class=\"wp-image-437161\"><\/a><figcaption class=\"wp-element-caption\">Foto:AI<\/figcaption><\/figure>\n<p>\u00a0\u00a0\u00a0\u00a0\u00a0\u00a0\u00a0\u00a0\u00a0\u00a0\u00a0\u00a0\u00a0\u00a0 \u00cen Rom\u00e2nia s-au aliniat perfect mai multe crize interne \u0219i externe:<\/p>\n<ul class=\"wp-block-list\">\n<li><strong>O criz\u0103 economic\u0103 structural\u0103: migrarea masiv\u0103 a for\u021bei de munc\u0103 (impozitele pe munc\u0103 nu ajung \u00een Bugetul Rom\u00e2niei; o criz\u0103 a Sistemului de Pensii care pe termen lung va colapsa; for\u021ba de munc\u0103 rom\u00e2neasc\u0103 contribuie la cre\u0219terea PIB-lui altor \u021b\u0103ri); aproximativ 80% din deficitul comercial al Rom\u00e2niei e dat de importurile de alimente (\u00een condi\u021biile \u00een care Rom\u00e2nia ar putea hr\u0103ni o popula\u021bie de 4-5 ori mai mare); sabotarea antreprenorilor rom\u00e2ni prin supra-taxare, \u0219icanare institu\u021bional\u0103, lips\u0103 de previzibilitate, lips\u0103 de infrastructur\u0103 economic\u0103; drenarea discret\u0103 \u0219i secret\u0103 a resurselor financiare \u0219i naturale c\u0103tre exterior; acumularea galopant\u0103 de datorie extern\u0103<\/strong><\/li>\n<li>O criz\u0103 administrativ\u0103 structural\u0103: Sistemul Constitu\u021bional rom\u00e2nesc este o stru\u021bo-c\u0103mil\u0103, cu o fragmentare decizional\u0103 auto-blocant\u0103 (Pre\u0219edintele este ales direct , dar nu are p\u00e2rghii administrative; premierul are p\u00e2rghii administrative mari, dar este instabil politic: 12 premieri \u00een 11 ani; un Parlament cu o cot\u0103 de \u00eencredere catastrofal; servicii secrete influente politic \u00een controlul de facto al sistemului institu\u021bional, dar ineficiente \u00een ap\u0103rarea suveranit\u0103\u021bii economice a \u021b\u0103rii). De fapt, actorii institu\u021bionali externi, nu \u0219tiu cine conduce concret Rom\u00e2nia. \u0218i nici cet\u0103\u021benii rom\u00e2ni.<\/li>\n<li><strong>O criz\u0103 social\u0103 structural\u0103: absolven\u021bii de licee \u0219i facult\u0103\u021bi nu g\u0103sesc locuri de munc\u0103 \u00een \u021bar\u0103 \u0219i sunt for\u021ba\u021bi s\u0103 emigreze \u00een exterior; foarte mul\u021bi tineri nu se mai \u00eentorc; foarte mul\u021bi tineri rom\u00e2ni, n\u0103scu\u021bi \u0219i crescu\u021bi \u00een alte \u021b\u0103ri, nu mai percep Rom\u00e2nia ca fiind \u021bara lor; sistemul politic a distrus Meritocra\u021bia social\u0103 \u0219i a creat un sistem de Contra-selec\u021bie: cei buni sunt marginaliza\u021bi social, pilo\u0219ii sunt promova\u021bi; Sistemul solidarit\u0103\u021bii sociale dintre genera\u021bii se va pr\u0103bu\u0219i o dat\u0103 cu colapsarea Sistemului de pensii; institu\u021bionalizarea unui sistem discriminatoriu de pensionare: cei din sistemul institu\u021biilor de for\u021b\u0103 se pensioneaz\u0103 tineri cu pensii mari, restul muncesc p\u00e2n\u0103 la ad\u00e2nci b\u0103tr\u00e2ne\u021bi<\/strong><\/li>\n<li>O criz\u0103 de afiliere geopolitic\u0103: \u00een acest moment interesele geostrategice \u0219i economice ale SUA \u0219i ale UE\u00a0 nu mai coincid. SUA este implicat\u0103 al\u0103turi de Israel \u00een r\u0103zboiul contra Iranului, pe care europenii nu \u00eel sus\u021bin; iar UE este implicat\u0103 total \u00een r\u0103zboiul din Ucraina contra Rusiei (SUA este \u00eenclinat\u0103 spre o retragere negociat\u0103 cu ru\u0219ii). Rom\u00e2nia este \u00een dilema copilului la divor\u021bul p\u0103rin\u021bilor: s\u0103 se alieze cu SUA sau cu UE? SUA are armat\u0103 \u0219i tehnologie; UE are bani \u0219i parteneriate economice (de asemenea: China are interese economice \u00een Europa de est, Rusia are interese strategice \u00een Europa de est)<\/li>\n<\/ul>\n<p><strong>Actuala criz\u0103 politic\u0103 este generat\u0103 \u00een esen\u021ba ei de lipsa de legitimitate politic\u0103: axul actualei guvern\u0103ri este dat de partidul de pe locul 4, iar premierul de partidul de pe locul 3. Cum a fost posibil a\u0219a ceva? A\u0219a s-a hot\u0103r\u00e2t la Comisia European\u0103, a\u0219a s-a aplicat \u00een Rom\u00e2nia de \u0219efii de institu\u021bii importante. Dac\u0103 e ordin, cu pl\u0103cere!<\/strong><\/p>\n<p>Acum suntem \u00een faza mo\u021biunii de cenzur\u0103 ini\u021biat\u0103 de AUR \u0219i PSD. <\/p>\n<p>Exist\u0103 patru variante:<\/p>\n<ol start=\"1\" class=\"wp-block-list\">\n<li><strong>PNL \u0219i USR cump\u0103r\u0103 parlamentari la bucat\u0103 \u0219i \u00ee\u0219i asigur\u0103 o majoritate parlamentar\u0103. Guvernarea continu\u0103 cu sprijinul Comisiei Europene, \u00een ciuda sus\u021binerii majorit\u0103\u021bii cet\u0103\u021benilor rom\u00e2ni (la vot se vor aplica din nou tehnici de fachirism electoral\u2026.)<\/strong><\/li>\n<li>PSD va vota c\u0103derea Cabinetului Bolojan. Apoi va negocia cu PNL \u0219i USR o nou\u0103 formul\u0103 guvernamental\u0103, cu un nou premier. La viitoarele alegeri, PSD nu va mai intra \u00een Parlament.<\/li>\n<li><strong>PSD \u0219i AUR demit \u00een Parlament Guvernul Bolojan \u0219i fac \u00eempreun\u0103 o nou\u0103 coali\u021bie de guvernare. E singura variant\u0103 \u00een care PSD supravie\u021buie\u0219te politic la viitoarele alegeri<\/strong><\/li>\n<li>PSD \u0219i AUR joac\u0103 tare \u0219i for\u021beaz\u0103 alegerile anticipate. Dup\u0103, guverneaz\u0103 \u00eempreun\u0103. Aceast\u0103 variant\u0103 este cea mai pu\u021bin probabil\u0103.<\/li>\n<\/ol>\n<p>Concluzie: Bine nu va fi\u2026..<\/p>\n<figure class=\"wp-block-embed is-type-video is-provider-youtube wp-block-embed-youtube wp-embed-aspect-16-9 wp-has-aspect-ratio\">\n<div class=\"wp-block-embed__wrapper\">\n<div class=\"youtube-embed\" data-video_id=\"kVlZBegLWgA\"><iframe loading=\"lazy\" title=\"Dac\u0103 te TRECE...te \u00eeneci!! Bucovina instagramabil\u0103 e doar \u00een mintea lor! E JALE pe European!!\" width=\"696\" height=\"392\" src=\"https:\/\/www.youtube.com\/embed\/kVlZBegLWgA?feature=oembed&amp;enablejsapi=1\" frameborder allow=\"accelerometer; autoplay; clipboard-write; encrypted-media; gyroscope; picture-in-picture; web-share\" referrerpolicy=\"strict-origin-when-cross-origin\" allowfullscreen><\/iframe><\/div>\n<\/div>\n<\/figure>\n<div class=\"td-a-rec td-a-rec-id-content_bottom  tdi_4 td_block_template_1\"><strong>Intr\u0103 acum \u0219i \u00een grupul de <\/p>\n<div class=\"wp-block-button\"><a class=\"wp-block-button__link wp-element-button\" href=\"https:\/\/t.me\/+TH8wcfnp8fw5NWI0\">Telegram News Bucovina<\/a><\/div>\n<p><\/strong><\/div>\n<\/div>\n<p>[analyse_source url=&#8221;https:\/\/www.newsbucovina.ro\/opinii\/437160\/mai-multe-crize-interne-si-externe-s-au-aliniat-perfect-cine-mai-salveaza-romania-de-dr-adrian-botezatu&#8221;]<\/p>\n","protected":false},"excerpt":{"rendered":"<p>[analyse_image type=&#8221;featured&#8221; src=&#8221;https:\/\/www.newsbucovina.ro\/wp-content\/uploads\/2026\/04\/WhatsApp-Image-2026-04-27-at-12.28.22.jpeghttps:\/\/cdn.newsbucovina.ro\/wp-content\/uploads\/2026\/04\/WhatsApp-Image-2026-04-27-at-12.28.22.jpeg&#8221;] Intr\u0103 acum \u0219i \u00een grupul de Telegram News Bucovina Foto:AI \u00a0\u00a0\u00a0\u00a0\u00a0\u00a0\u00a0\u00a0\u00a0\u00a0\u00a0\u00a0\u00a0\u00a0 \u00cen Rom\u00e2nia s-au aliniat perfect mai multe crize interne \u0219i externe: O criz\u0103 economic\u0103 structural\u0103: migrarea masiv\u0103 a for\u021bei de munc\u0103 (impozitele pe munc\u0103 nu ajung \u00een Bugetul Rom\u00e2niei; o criz\u0103 a Sistemului de Pensii care pe termen lung va colapsa; [&hellip;]<\/p>\n","protected":false},"author":1,"featured_media":0,"comment_status":"open","ping_status":"","sticky":false,"template":"","format":"standard","meta":{"footnotes":""},"categories":[89],"tags":[226,165],"class_list":["post-1906468","post","type-post","status-publish","format-standard","hentry","category-romania","tag-crawlmanager","tag-newsbucovina-ro"],"_links":{"self":[{"href":"https:\/\/analyse.optim.biz\/index.php?rest_route=\/wp\/v2\/posts\/1906468","targetHints":{"allow":["GET"]}}],"collection":[{"href":"https:\/\/analyse.optim.biz\/index.php?rest_route=\/wp\/v2\/posts"}],"about":[{"href":"https:\/\/analyse.optim.biz\/index.php?rest_route=\/wp\/v2\/types\/post"}],"author":[{"embeddable":true,"href":"https:\/\/analyse.optim.biz\/index.php?rest_route=\/wp\/v2\/users\/1"}],"replies":[{"embeddable":true,"href":"https:\/\/analyse.optim.biz\/index.php?rest_route=%2Fwp%2Fv2%2Fcomments&post=1906468"}],"version-history":[{"count":0,"href":"https:\/\/analyse.optim.biz\/index.php?rest_route=\/wp\/v2\/posts\/1906468\/revisions"}],"wp:attachment":[{"href":"https:\/\/analyse.optim.biz\/index.php?rest_route=%2Fwp%2Fv2%2Fmedia&parent=1906468"}],"wp:term":[{"taxonomy":"category","embeddable":true,"href":"https:\/\/analyse.optim.biz\/index.php?rest_route=%2Fwp%2Fv2%2Fcategories&post=1906468"},{"taxonomy":"post_tag","embeddable":true,"href":"https:\/\/analyse.optim.biz\/index.php?rest_route=%2Fwp%2Fv2%2Ftags&post=1906468"}],"curies":[{"name":"wp","href":"https:\/\/api.w.org\/{rel}","templated":true}]}}