{"id":1906313,"date":"2026-04-28T08:28:20","date_gmt":"2026-04-28T05:28:20","guid":{"rendered":"https:\/\/analyse.optim.biz\/?p=1906313"},"modified":"2026-04-28T08:28:20","modified_gmt":"2026-04-28T05:28:20","slug":"prognoza-meteo-pentru-urmatoarele-patru-saptamani-cum-va-fi-vremea-pana-la-finele-primaverii","status":"publish","type":"post","link":"https:\/\/analyse.optim.biz\/?p=1906313","title":{"rendered":"Prognoza meteo pentru urm\u0103toarele patru s\u0103pt\u0103m\u00e2ni. Cum va fi vremea p\u00e2n\u0103 la finele prim\u0103verii"},"content":{"rendered":"<p>[analyse_image type=&#8221;featured&#8221; src=&#8221;https:\/\/www.pressalert.ro\/wp-content\/uploads\/2020\/06\/vremea-meteo-cer-senin-nori-5.jpghttps:\/\/www.pressalert.ro\/wp-content\/uploads\/2020\/06\/vremea-meteo-cer-senin-nori-5.jpg&#8221;]<\/p>\n<article id=\"post-583795\" class=\"post-583795 post type-post status-publish format-standard has-post-thumbnail hentry category-editori category-stiri category-arad-stiri-locale category-caras-severin-stiri-locale category-hunedoara-stiri-locale category-stiri-locale category-timis-stiri-locale tag-arad tag-hunedoara tag-timis tag-timisoara\">\n<div class=\"td-post-header td-pb-padding-side\">\n<div class=\"entry-crumbs\"><span><a title class=\"entry-crumb\" href=\"https:\/\/www.pressalert.ro\/\"><span>Acas\u0103<\/span><\/a><\/span><span><a title=\"Vede\u021bi toate articolele \u00een Recomand\u0103rile editorilor\" class=\"entry-crumb\" href=\"https:\/\/www.pressalert.ro\/category\/editori\/\"><span>Recomand\u0103rile editorilor<\/span><\/a><\/span><span class=\"td-bred-no-url-last\">Prognoza meteo pentru urm\u0103toarele patru s\u0103pt\u0103m\u00e2ni. Cum va fi vremea p\u00e2n\u0103 la&#8230;<\/span><\/div>\n<ul class=\"td-category\">\n<li class=\"entry-category\"><a href=\"https:\/\/www.pressalert.ro\/category\/editori\/\">Recomand\u0103rile editorilor<\/a><\/li>\n<li class=\"entry-category\"><a href=\"https:\/\/www.pressalert.ro\/category\/stiri\/\">\u015etiri<\/a><\/li>\n<li class=\"entry-category\"><a href=\"https:\/\/www.pressalert.ro\/category\/stiri\/stiri-locale\/\">\u0218tiri locale<\/a><\/li>\n<li class=\"entry-category\"><a href=\"https:\/\/www.pressalert.ro\/category\/stiri\/stiri-locale\/arad-stiri-locale\/\">\u0218tiri Arad<\/a><\/li>\n<li class=\"entry-category\"><a href=\"https:\/\/www.pressalert.ro\/category\/stiri\/stiri-locale\/caras-severin-stiri-locale\/\">\u0218tiri Cara\u0219-Severin<\/a><\/li>\n<li class=\"entry-category\"><a href=\"https:\/\/www.pressalert.ro\/category\/stiri\/stiri-locale\/hunedoara-stiri-locale\/\">\u0218tiri Hunedoara<\/a><\/li>\n<li class=\"entry-category\"><a href=\"https:\/\/www.pressalert.ro\/category\/stiri\/stiri-locale\/timis-stiri-locale\/\">\u0218tiri Timi\u0219<\/a><\/li>\n<\/ul>\n<header>\n<h1 class=\"entry-title\">Prognoza meteo pentru urm\u0103toarele patru s\u0103pt\u0103m\u00e2ni. Cum va fi vremea p\u00e2n\u0103 la finele prim\u0103verii<\/h1>\n<div class=\"meta-info\">\n<div class=\"td-post-author-name\">\n<div class=\"td-author-by\">De<\/div>\n<p><a href=\"https:\/\/www.pressalert.ro\/author\/marius-popescu\/\">Marius Popescu<\/a><\/p>\n<div class=\"td-author-line\"> &#8211; <\/div>\n<\/div>\n<p><span class=\"td-post-date\"><time class=\"entry-date updated td-module-date\" datetime=\"2026-04-28T08:28:20+00:00\">apr. 28, 2026<\/time><\/span><\/p>\n<div class=\"td-post-comments\"><a href=\"https:\/\/www.pressalert.ro\/2026\/04\/prognoza-meteo-pentru-urmatoarele-patru-saptamani-cum-va-fi-vremea-pana-la-finele-primaverii\/#respond\">0<\/a><\/div>\n<\/div>\n<\/header>\n<\/div>\n<div class=\"td-post-sharing td-post-sharing-top td-pb-padding-side\"><span class=\"td-post-share-title\">DISTRIBUI\u021aI<\/span><\/p>\n<div class=\"td-default-sharing \"><a class=\"td-social-sharing-buttons td-social-facebook\" href=\"http:\/\/www.facebook.com\/sharer.php?u=https%3A%2F%2Fwww.pressalert.ro%2F2026%2F04%2Fprognoza-meteo-pentru-urmatoarele-patru-saptamani-cum-va-fi-vremea-pana-la-finele-primaverii%2F\"><\/p>\n<div class=\"td-social-but-text\">Facebook<\/div>\n<p><\/a><a class=\"td-social-sharing-buttons td-social-twitter\" href=\"https:\/\/twitter.com\/intent\/tweet?text=Prognoza+meteo+pentru+urm%C4%83toarele+patru+s%C4%83pt%C4%83m%C3%A2ni.+Cum+va+fi+vremea+p%C3%A2n%C4%83+la+finele+prim%C4%83verii&amp;url=https%3A%2F%2Fwww.pressalert.ro%2F2026%2F04%2Fprognoza-meteo-pentru-urmatoarele-patru-saptamani-cum-va-fi-vremea-pana-la-finele-primaverii%2F&amp;via=PRESSALERT.ro\"><\/p>\n<div class=\"td-social-but-text\">Twitter<\/div>\n<p><\/a><\/div>\n<\/div>\n<div class=\"td-post-content td-pb-padding-side\">\n<figure class=\"wp-block-image size-large\"><img loading=\"lazy\" decoding=\"async\" width=\"1024\" height=\"768\" src=\"https:\/\/www.pressalert.ro\/wp-content\/uploads\/2020\/06\/vremea-meteo-cer-senin-nori-5-1024x768.jpg\" alt class=\"wp-image-397988\"><\/figure>\n<p>Administra\u021bia Na\u021bional\u0103 de Meteorologie a anun\u021bat cum va fi vremea \u00een Rom\u00e2nia p\u00e2n\u0103 la finalul prim\u0103verii. \u00cen unele regiuni va ploua, iar temperaturile vor oscila de la o s\u0103pt\u0103m\u00e2n\u0103 la alta.<\/p>\n<p>Potrivit ANM, \u00een s\u0103pt\u0103m\u00e2na 27 aprilie-4 mai, valorile termice vor fi mai cobor\u00e2te dec\u00e2t cele specifice pentru aceast\u0103 s\u0103pt\u0103m\u00e2n\u0103 pe \u00eentreg teritoriul Rom\u00e2niei, dar cu o abatere termic\u0103 negativ\u0103 mai accentuat\u0103 \u00een jum\u0103tatea estic\u0103 a \u021b\u0103rii.<\/p>\n<p>Regimul pluviometric va fi excedentar \u00een regiunile sud-estice, dar \u0219i deficitar \u00een cele vestice, nordice \u0219i centrale, iar \u00een rest va fi apropiat de cel normal.<\/p>\n<p>\u00cen s\u0103pt\u0103m\u00e2na 4-11 mai, temperaturile medii vor fi u\u0219or mai ridicate dec\u00e2t cele specifice pentru acest interval \u00een jum\u0103tatea vestic\u0103 a teritoriului, iar \u00een rest vor fi apropiate de cele normale.<\/p>\n<p>Cantit\u0103\u021bile de precipita\u021bii vor fi deficitare \u00een regiunile vestice \u0219i sud-vestice, iar \u00een rest vor fi \u00een general apropiate de cele normale pentru aceast\u0103 perioad\u0103.<\/p>\n<p>\u00cen s\u0103pt\u0103m\u00e2na 11-18 mai, temperatura medie a aerului va avea valori ce se vor situa \u00een jurul celor normale pentru acest interval, la nivelul \u00eentregii \u021b\u0103ri.<\/p>\n<p>Regimul pluviometric estimat pentru aceast\u0103 perioad\u0103 va fi apropiat de cel normal, \u00een cea mai mare parte a \u021b\u0103rii.<\/p>\n<p>\u00cen s\u0103pt\u0103m\u00e2na 18-25 mai, mediile valorilor termice vor fi apropiate de cele specifice pentru aceast\u0103 s\u0103pt\u0103m\u00e2n\u0103, pe \u00eentreg teritoriul Rom\u00e2niei.<\/p>\n<p>Cantit\u0103\u021bile de precipita\u021bii se vor situa \u00een jurul celor normale pentru acest interval, la nivelul \u00eentregii \u021b\u0103ri, a precizat ANM.<\/p>\n<\/div>\n<footer>\n<div class=\"td-post-source-tags td-pb-padding-side\">\n<ul class=\"td-tags td-post-small-box clearfix\">\n<li><span>ETICHETE<\/span><\/li>\n<li><a href=\"https:\/\/www.pressalert.ro\/tag\/arad\/\">Arad<\/a><\/li>\n<li><a href=\"https:\/\/www.pressalert.ro\/tag\/hunedoara\/\">hunedoara<\/a><\/li>\n<li><a href=\"https:\/\/www.pressalert.ro\/tag\/timis\/\">timis<\/a><\/li>\n<li><a href=\"https:\/\/www.pressalert.ro\/tag\/timisoara\/\">Timisoara<\/a><\/li>\n<\/ul>\n<\/div>\n<div class=\"td-post-sharing td-post-sharing-bottom td-pb-padding-side\"><span class=\"td-post-share-title\">DISTRIBUI\u021aI<\/span><\/p>\n<div class=\"td-default-sharing \"><a class=\"td-social-sharing-buttons td-social-facebook\" href=\"http:\/\/www.facebook.com\/sharer.php?u=https%3A%2F%2Fwww.pressalert.ro%2F2026%2F04%2Fprognoza-meteo-pentru-urmatoarele-patru-saptamani-cum-va-fi-vremea-pana-la-finele-primaverii%2F\"><\/p>\n<div class=\"td-social-but-text\">Facebook<\/div>\n<p><\/a><a class=\"td-social-sharing-buttons td-social-twitter\" href=\"https:\/\/twitter.com\/intent\/tweet?text=Prognoza+meteo+pentru+urm%C4%83toarele+patru+s%C4%83pt%C4%83m%C3%A2ni.+Cum+va+fi+vremea+p%C3%A2n%C4%83+la+finele+prim%C4%83verii&amp;url=https%3A%2F%2Fwww.pressalert.ro%2F2026%2F04%2Fprognoza-meteo-pentru-urmatoarele-patru-saptamani-cum-va-fi-vremea-pana-la-finele-primaverii%2F&amp;via=PRESSALERT.ro\"><\/p>\n<div class=\"td-social-but-text\">Twitter<\/div>\n<p><\/a><\/div>\n<\/div>\n<div class=\"td-block-row td-post-next-prev\">\n<div class=\"td-block-span6 td-post-prev-post\">\n<div class=\"td-post-next-prev-content\"><span>Articolul precedent<\/span><a href=\"https:\/\/www.pressalert.ro\/2026\/04\/banatul-invitat-de-onoare-in-inima-europei-succes-pentru-timis-la-primavara-romaneasca-la-bruxelles\/\">Banatul, invitat de onoare \u00een inima Europei: Succes pentru Timi\u0219 la \u201ePrim\u0103vara Rom\u00e2neasc\u0103 la Bruxelles\u201d<\/a><\/div>\n<\/div>\n<div class=\"td-block-span6 td-post-next-post\">\n<div class=\"td-post-next-prev-content\"><span>Articolul urm\u0103tor<\/span><a href=\"https:\/\/www.pressalert.ro\/2026\/04\/marilen-gabriel-pirtea-rectorul-uvt-universitatile-din-romania-in-era-competentelor-intre-presiune-demografica-si-reinventare-strategica\/\">Marilen Gabriel Pirtea, rectorul UVT: \u201eUniversit\u0103\u021bile din Rom\u00e2nia \u00een era competen\u021belor, \u00eentre presiune demografic\u0103 \u0219i reinventare strategic\u0103\u201d<\/a><\/div>\n<\/div>\n<\/div>\n<div class=\"author-box-wrap\"><a href=\"https:\/\/www.pressalert.ro\/author\/marius-popescu\/\"><img loading=\"lazy\" decoding=\"async\" alt src=\"https:\/\/secure.gravatar.com\/avatar\/6ff5b29455ffa79f6eac9c7ee3cb2891?s=96&amp;d=mm&amp;r=g\" class=\"avatar avatar-96 photo\" height=\"96\" width=\"96\"><\/a><\/p>\n<div class=\"desc\">\n<div class=\"td-author-name vcard author\"><span class=\"fn\"><a href=\"https:\/\/www.pressalert.ro\/author\/marius-popescu\/\">Marius Popescu<\/a><\/span><\/div>\n<div class=\"td-author-url\"><a href=\"http:\/\/www.pressalert.ro\">http:\/\/www.pressalert.ro<\/a><\/div>\n<\/div>\n<\/div>\n<p><span><\/span><span><span><\/span><\/span><span><\/span><\/footer>\n<\/article>\n<div class=\"td-post-content td-pb-padding-side\">\n<figure class=\"wp-block-image size-large\"><img loading=\"lazy\" decoding=\"async\" width=\"1024\" height=\"768\" src=\"https:\/\/www.pressalert.ro\/wp-content\/uploads\/2020\/06\/vremea-meteo-cer-senin-nori-5-1024x768.jpg\" alt class=\"wp-image-397988\"><\/figure>\n<p>Administra\u021bia Na\u021bional\u0103 de Meteorologie a anun\u021bat cum va fi vremea \u00een Rom\u00e2nia p\u00e2n\u0103 la finalul prim\u0103verii. \u00cen unele regiuni va ploua, iar temperaturile vor oscila de la o s\u0103pt\u0103m\u00e2n\u0103 la alta.<\/p>\n<p>Potrivit ANM, \u00een s\u0103pt\u0103m\u00e2na 27 aprilie-4 mai, valorile termice vor fi mai cobor\u00e2te dec\u00e2t cele specifice pentru aceast\u0103 s\u0103pt\u0103m\u00e2n\u0103 pe \u00eentreg teritoriul Rom\u00e2niei, dar cu o abatere termic\u0103 negativ\u0103 mai accentuat\u0103 \u00een jum\u0103tatea estic\u0103 a \u021b\u0103rii.<\/p>\n<p>Regimul pluviometric va fi excedentar \u00een regiunile sud-estice, dar \u0219i deficitar \u00een cele vestice, nordice \u0219i centrale, iar \u00een rest va fi apropiat de cel normal.<\/p>\n<p>\u00cen s\u0103pt\u0103m\u00e2na 4-11 mai, temperaturile medii vor fi u\u0219or mai ridicate dec\u00e2t cele specifice pentru acest interval \u00een jum\u0103tatea vestic\u0103 a teritoriului, iar \u00een rest vor fi apropiate de cele normale.<\/p>\n<p>Cantit\u0103\u021bile de precipita\u021bii vor fi deficitare \u00een regiunile vestice \u0219i sud-vestice, iar \u00een rest vor fi \u00een general apropiate de cele normale pentru aceast\u0103 perioad\u0103.<\/p>\n<p>\u00cen s\u0103pt\u0103m\u00e2na 11-18 mai, temperatura medie a aerului va avea valori ce se vor situa \u00een jurul celor normale pentru acest interval, la nivelul \u00eentregii \u021b\u0103ri.<\/p>\n<p>Regimul pluviometric estimat pentru aceast\u0103 perioad\u0103 va fi apropiat de cel normal, \u00een cea mai mare parte a \u021b\u0103rii.<\/p>\n<p>\u00cen s\u0103pt\u0103m\u00e2na 18-25 mai, mediile valorilor termice vor fi apropiate de cele specifice pentru aceast\u0103 s\u0103pt\u0103m\u00e2n\u0103, pe \u00eentreg teritoriul Rom\u00e2niei.<\/p>\n<p>Cantit\u0103\u021bile de precipita\u021bii se vor situa \u00een jurul celor normale pentru acest interval, la nivelul \u00eentregii \u021b\u0103ri, a precizat ANM.<\/p>\n<\/div>\n<p>[analyse_source url=&#8221;https:\/\/www.pressalert.ro\/2026\/04\/prognoza-meteo-pentru-urmatoarele-patru-saptamani-cum-va-fi-vremea-pana-la-finele-primaverii\/&#8221;]<\/p>\n","protected":false},"excerpt":{"rendered":"<p>[analyse_image type=&#8221;featured&#8221; src=&#8221;https:\/\/www.pressalert.ro\/wp-content\/uploads\/2020\/06\/vremea-meteo-cer-senin-nori-5.jpghttps:\/\/www.pressalert.ro\/wp-content\/uploads\/2020\/06\/vremea-meteo-cer-senin-nori-5.jpg&#8221;] Acas\u0103Recomand\u0103rile editorilorPrognoza meteo pentru urm\u0103toarele patru s\u0103pt\u0103m\u00e2ni. Cum va fi vremea p\u00e2n\u0103 la&#8230; Recomand\u0103rile editorilor \u015etiri \u0218tiri locale \u0218tiri Arad \u0218tiri Cara\u0219-Severin \u0218tiri Hunedoara \u0218tiri Timi\u0219 Prognoza meteo pentru urm\u0103toarele patru s\u0103pt\u0103m\u00e2ni. Cum va fi vremea p\u00e2n\u0103 la finele prim\u0103verii De Marius Popescu &#8211; apr. 28, 2026 0 DISTRIBUI\u021aI Facebook Twitter Administra\u021bia [&hellip;]<\/p>\n","protected":false},"author":1,"featured_media":0,"comment_status":"open","ping_status":"","sticky":false,"template":"","format":"standard","meta":{"footnotes":""},"categories":[89],"tags":[226,176],"class_list":["post-1906313","post","type-post","status-publish","format-standard","hentry","category-romania","tag-crawlmanager","tag-pressalert-ro"],"_links":{"self":[{"href":"https:\/\/analyse.optim.biz\/index.php?rest_route=\/wp\/v2\/posts\/1906313","targetHints":{"allow":["GET"]}}],"collection":[{"href":"https:\/\/analyse.optim.biz\/index.php?rest_route=\/wp\/v2\/posts"}],"about":[{"href":"https:\/\/analyse.optim.biz\/index.php?rest_route=\/wp\/v2\/types\/post"}],"author":[{"embeddable":true,"href":"https:\/\/analyse.optim.biz\/index.php?rest_route=\/wp\/v2\/users\/1"}],"replies":[{"embeddable":true,"href":"https:\/\/analyse.optim.biz\/index.php?rest_route=%2Fwp%2Fv2%2Fcomments&post=1906313"}],"version-history":[{"count":0,"href":"https:\/\/analyse.optim.biz\/index.php?rest_route=\/wp\/v2\/posts\/1906313\/revisions"}],"wp:attachment":[{"href":"https:\/\/analyse.optim.biz\/index.php?rest_route=%2Fwp%2Fv2%2Fmedia&parent=1906313"}],"wp:term":[{"taxonomy":"category","embeddable":true,"href":"https:\/\/analyse.optim.biz\/index.php?rest_route=%2Fwp%2Fv2%2Fcategories&post=1906313"},{"taxonomy":"post_tag","embeddable":true,"href":"https:\/\/analyse.optim.biz\/index.php?rest_route=%2Fwp%2Fv2%2Ftags&post=1906313"}],"curies":[{"name":"wp","href":"https:\/\/api.w.org\/{rel}","templated":true}]}}