{"id":1906307,"date":"2026-04-27T12:53:46","date_gmt":"2026-04-27T09:53:46","guid":{"rendered":"https:\/\/analyse.optim.biz\/?p=1906307"},"modified":"2026-04-27T12:53:46","modified_gmt":"2026-04-27T09:53:46","slug":"sorin-grindeanu-cere-secretarilor-de-stat-si-prefectilor-psd-sa-demisioneze-inainte-de-motiunea-de-cenzura","status":"publish","type":"post","link":"https:\/\/analyse.optim.biz\/?p=1906307","title":{"rendered":"Sorin Grindeanu cere secretarilor de stat \u015fi prefec\u0163ilor PSD s\u0103 demisioneze \u00eenainte de mo\u0163iunea de cenzur\u0103"},"content":{"rendered":"<p>[analyse_image type=&#8221;featured&#8221; src=&#8221;https:\/\/ziardesuceava.ro\/wp-content\/uploads\/2026\/03\/grindeanu-2.jpg&#8221;]<\/p>\n<div class=\"post-content clearfix\">\n<div class=\"blog-post-thumb\"><img loading=\"lazy\" decoding=\"async\" width=\"887\" height=\"512\" src=\"https:\/\/ziardesuceava.ro\/wp-content\/uploads\/2026\/03\/grindeanu-2.jpg\" class=\"attachment-inhype-blog-thumb size-inhype-blog-thumb wp-post-image\" alt><\/div>\n<div class=\"entry-content\">\n<div>\n<p class=\"first-paragraph\">Pre\u015fedintele PSD, Sorin Grindeanu a cerut secretarilor de stat \u015fi prefec\u0163ilor PSD s\u0103 demisioneze \u00eenainte de dezbaterea mo\u0163iunii de cenzur\u0103.<\/p>\n<p>\u201dCer secretarilor de stat PSD s\u0103 \u00ee\u015fi prezinte demisile \u00een perioada urm\u0103toare, astfel \u00eenc\u00e2t, atunci c\u00e2nd vom avea mo\u0163iune, s\u0103 avem lucrurile c\u00e2t se poate de clare, f\u0103r\u0103 a mai exista discu\u0163ii cum c\u0103, s\u0103 spunem, unii sunt \u00een continuare \u00een arcul guvernamental. Deci, apelul meu c\u0103tre secretarii de stat propu\u015fi de PSD \u015fi, \u00eentr-un termen rezonabil, astfel \u00eenc\u00e2t s\u0103 nu dea totu\u015fi peste cap lucrurile \u00een administra\u0163ie, prefec\u0163ii propu\u015fi de PSD, s\u0103 \u00ee\u015fi prezinte demisile din func\u0163iile respective\u201d, a spus Grindeanu, dup\u0103 \u015fedin\u0163a PSD.<\/p>\n<p>El a precizat c\u0103 \u00ee\u015fi dore\u015fte ca, atunci c\u00e2nd avu mo\u0163iunea depus\u0103, \u015fi asta se va \u00eent\u00e2mpla \u00een zilele urm\u0103toare, to\u0163i ace\u015fti reprezentan\u0163i ai PSD s\u0103 fie cu demisiile scrise.<\/p>\n<\/div>\n<\/div>\n<div class=\"inhype-social-share-fixed sidebar-position-right\">\n<div class=\"post-social-wrapper\">\n<div class=\"post-social-title\"><span class=\"post-social-title-text\">Share<\/span><\/div>\n<\/div>\n<\/div>\n<\/div>\n<p>[analyse_source url=&#8221;https:\/\/ziardesuceava.ro\/sorin-grindeanu-cere-secretarilor-de-stat-si-prefectilor-psd-sa-demisioneze-inainte-de-motiunea-de-cenzura\/&#8221;]<\/p>\n","protected":false},"excerpt":{"rendered":"<p>[analyse_image type=&#8221;featured&#8221; src=&#8221;https:\/\/ziardesuceava.ro\/wp-content\/uploads\/2026\/03\/grindeanu-2.jpg&#8221;] Pre\u015fedintele PSD, Sorin Grindeanu a cerut secretarilor de stat \u015fi prefec\u0163ilor PSD s\u0103 demisioneze \u00eenainte de dezbaterea mo\u0163iunii de cenzur\u0103. \u201dCer secretarilor de stat PSD s\u0103 \u00ee\u015fi prezinte demisile \u00een perioada urm\u0103toare, astfel \u00eenc\u00e2t, atunci c\u00e2nd vom avea mo\u0163iune, s\u0103 avem lucrurile c\u00e2t se poate de clare, f\u0103r\u0103 a mai exista discu\u0163ii [&hellip;]<\/p>\n","protected":false},"author":1,"featured_media":0,"comment_status":"open","ping_status":"","sticky":false,"template":"","format":"standard","meta":{"footnotes":""},"categories":[89],"tags":[226,171],"class_list":["post-1906307","post","type-post","status-publish","format-standard","hentry","category-romania","tag-crawlmanager","tag-ziardesuceava-ro"],"_links":{"self":[{"href":"https:\/\/analyse.optim.biz\/index.php?rest_route=\/wp\/v2\/posts\/1906307","targetHints":{"allow":["GET"]}}],"collection":[{"href":"https:\/\/analyse.optim.biz\/index.php?rest_route=\/wp\/v2\/posts"}],"about":[{"href":"https:\/\/analyse.optim.biz\/index.php?rest_route=\/wp\/v2\/types\/post"}],"author":[{"embeddable":true,"href":"https:\/\/analyse.optim.biz\/index.php?rest_route=\/wp\/v2\/users\/1"}],"replies":[{"embeddable":true,"href":"https:\/\/analyse.optim.biz\/index.php?rest_route=%2Fwp%2Fv2%2Fcomments&post=1906307"}],"version-history":[{"count":0,"href":"https:\/\/analyse.optim.biz\/index.php?rest_route=\/wp\/v2\/posts\/1906307\/revisions"}],"wp:attachment":[{"href":"https:\/\/analyse.optim.biz\/index.php?rest_route=%2Fwp%2Fv2%2Fmedia&parent=1906307"}],"wp:term":[{"taxonomy":"category","embeddable":true,"href":"https:\/\/analyse.optim.biz\/index.php?rest_route=%2Fwp%2Fv2%2Fcategories&post=1906307"},{"taxonomy":"post_tag","embeddable":true,"href":"https:\/\/analyse.optim.biz\/index.php?rest_route=%2Fwp%2Fv2%2Ftags&post=1906307"}],"curies":[{"name":"wp","href":"https:\/\/api.w.org\/{rel}","templated":true}]}}