{"id":1906306,"date":"2026-04-27T11:52:42","date_gmt":"2026-04-27T08:52:42","guid":{"rendered":"https:\/\/analyse.optim.biz\/?p=1906306"},"modified":"2026-04-27T11:52:42","modified_gmt":"2026-04-27T08:52:42","slug":"florin-manole-aproape-8000-de-certificate-de-incadrare-in-grad-de-handicap-retrase-dupa-ce-s-a-constatat-ca-persoanele-respective-nu-au-dizabilitati","status":"publish","type":"post","link":"https:\/\/analyse.optim.biz\/?p=1906306","title":{"rendered":"Florin Manole \u2013 Aproape 8000 de certificate de \u00eencadrare \u00een grad de handicap, retrase dup\u0103 ce s-a constatat c\u0103 persoanele respective nu au dizabilit\u0103\u0163i"},"content":{"rendered":"<p>[analyse_image type=&#8221;featured&#8221; src=&#8221;https:\/\/ziardesuceava.ro\/wp-content\/uploads\/2026\/04\/screenshot-2026-03-16-190714.jpg&#8221;]<\/p>\n<div class=\"post-content clearfix\">\n<div class=\"blog-post-thumb\"><img loading=\"lazy\" decoding=\"async\" width=\"887\" height=\"515\" src=\"https:\/\/ziardesuceava.ro\/wp-content\/uploads\/2026\/04\/screenshot-2026-03-16-190714.jpg\" class=\"attachment-inhype-blog-thumb size-inhype-blog-thumb wp-post-image\" alt><\/div>\n<div class=\"entry-content\">\n<div>\n<p>Fostul ministru al Muncii, Florin Manole, anun\u0163\u0103 c\u0103, \u00een perioada mandatului s\u0103u, aproape 8000 de de\u0163in\u0103tori de certificate de \u00eencadrare \u00een grad de handicap au pierdut beneficiile pe care le aveau \u00een baza acestora, dup\u0103 ce controalele \u015fi reevalu\u0103rile au ar\u0103tat c\u0103 ace\u015fti oameni nu sunt persoane cu dizabilit\u0103\u0163i. Pe de alt\u0103 parte, alte 11.000 de persoane, pentru care \u00eencadrarea \u00een grad de handicap s-a f\u0103cut eronat, au primit noi \u00eencadr\u0103ri \u015fi, prin urmare, beneficii mai mari.<\/p>\n<p>\u201eAgen\u0163ia Na\u0163ional\u0103 pentru Protec\u0163ia Persoanilor cu Dizabilit\u0103\u0163i a realizat \u00een aceast\u0103 perioad\u0103 peste 72.000 de reevalu\u0103ri care au dus la identificarea unui num\u0103r de 8.750 de certificate care nu trebuiau s\u0103 fie acordate \u015fi pentru care s-a decis ne\u00eencadrarea \u00een grad de handicap\u201d, a anun\u0163at Florin Manole luni, la prezentarea bilan\u0163ului activit\u0103\u0163ii sale ca ministru al Muncii \u015fi Protec\u0163iei Sociale.<\/p>\n<p>Ministrul demisionar a precizat c\u0103, pe l\u00eeng\u0103 ideea de toleran\u0163\u0103 zero pentru munca la negru, abuzuri \u015fi fraud\u0103, controalele au relevat \u015fi mii de situa\u0163ii \u00een care \u00eencadrarea \u00een grad de handicap a unor persoane s-a f\u0103cut eronat.<\/p>\n<p>\u201ePentru c\u0103 obiectivul nostru nu a fost doar lupta cu frauda, ci \u015fi justi\u0163ia social\u0103, peste 11.000 de persoane care trebuiau s\u0103 aib\u0103, conform realit\u0103\u0163ilor medicale, un grad de \u00eencadrare superior, au primit acest grad de \u00eencadrare\u201d, a ad\u0103ugat Manole.<\/p>\n<\/div>\n<\/div>\n<div class=\"inhype-social-share-fixed sidebar-position-right\">\n<div class=\"post-social-wrapper\">\n<div class=\"post-social-title\"><span class=\"post-social-title-text\">Share<\/span><\/div>\n<\/div>\n<\/div>\n<\/div>\n<p>[analyse_source url=&#8221;https:\/\/ziardesuceava.ro\/florin-manole-aproape-8000-de-certificate-de-incadrare-in-grad-de-handicap-retrase-dupa-ce-s-a-constatat-ca-persoanele-respective-nu-au-dizabilitati\/&#8221;]<\/p>\n","protected":false},"excerpt":{"rendered":"<p>[analyse_image type=&#8221;featured&#8221; src=&#8221;https:\/\/ziardesuceava.ro\/wp-content\/uploads\/2026\/04\/screenshot-2026-03-16-190714.jpg&#8221;] Fostul ministru al Muncii, Florin Manole, anun\u0163\u0103 c\u0103, \u00een perioada mandatului s\u0103u, aproape 8000 de de\u0163in\u0103tori de certificate de \u00eencadrare \u00een grad de handicap au pierdut beneficiile pe care le aveau \u00een baza acestora, dup\u0103 ce controalele \u015fi reevalu\u0103rile au ar\u0103tat c\u0103 ace\u015fti oameni nu sunt persoane cu dizabilit\u0103\u0163i. Pe de alt\u0103 [&hellip;]<\/p>\n","protected":false},"author":1,"featured_media":0,"comment_status":"open","ping_status":"","sticky":false,"template":"","format":"standard","meta":{"footnotes":""},"categories":[89],"tags":[226,171],"class_list":["post-1906306","post","type-post","status-publish","format-standard","hentry","category-romania","tag-crawlmanager","tag-ziardesuceava-ro"],"_links":{"self":[{"href":"https:\/\/analyse.optim.biz\/index.php?rest_route=\/wp\/v2\/posts\/1906306","targetHints":{"allow":["GET"]}}],"collection":[{"href":"https:\/\/analyse.optim.biz\/index.php?rest_route=\/wp\/v2\/posts"}],"about":[{"href":"https:\/\/analyse.optim.biz\/index.php?rest_route=\/wp\/v2\/types\/post"}],"author":[{"embeddable":true,"href":"https:\/\/analyse.optim.biz\/index.php?rest_route=\/wp\/v2\/users\/1"}],"replies":[{"embeddable":true,"href":"https:\/\/analyse.optim.biz\/index.php?rest_route=%2Fwp%2Fv2%2Fcomments&post=1906306"}],"version-history":[{"count":0,"href":"https:\/\/analyse.optim.biz\/index.php?rest_route=\/wp\/v2\/posts\/1906306\/revisions"}],"wp:attachment":[{"href":"https:\/\/analyse.optim.biz\/index.php?rest_route=%2Fwp%2Fv2%2Fmedia&parent=1906306"}],"wp:term":[{"taxonomy":"category","embeddable":true,"href":"https:\/\/analyse.optim.biz\/index.php?rest_route=%2Fwp%2Fv2%2Fcategories&post=1906306"},{"taxonomy":"post_tag","embeddable":true,"href":"https:\/\/analyse.optim.biz\/index.php?rest_route=%2Fwp%2Fv2%2Ftags&post=1906306"}],"curies":[{"name":"wp","href":"https:\/\/api.w.org\/{rel}","templated":true}]}}