{"id":1906180,"date":"2026-04-28T04:00:09","date_gmt":"2026-04-28T01:00:09","guid":{"rendered":"https:\/\/analyse.optim.biz\/?p=1906180"},"modified":"2026-04-28T04:00:09","modified_gmt":"2026-04-28T01:00:09","slug":"urmarile-incendiului-in-lant-care-a-mistuit-zeci-de-gospodarii-in-vrancea-marturiile-oamenilor-ramasi-pe","status":"publish","type":"post","link":"https:\/\/analyse.optim.biz\/?p=1906180","title":{"rendered":"Urm\u0103rile incendiului \u00een lan\u021b, care a mistuit zeci de gospod\u0103rii \u00een Vrancea. M\u0103rturiile oamenilor r\u0103ma\u0219i pe&#8230;"},"content":{"rendered":"<p>[analyse_image type=&#8221;featured&#8221; src=&#8221;https:\/\/s.iw.ro\/gateway\/g\/ZmlsZVNvdXJjZT1odHRwJTNBJTJGJTJG\/c3RvcmFnZTA4dHJhbnNjb2Rlci5yY3Mt\/cmRzLnJvJTJGc3RvcmFnZSUyRjIwMjYl\/MkYwNCUyRjI4JTJGMjcwMTEyOF8yNzAx\/MTI4X3VybWFyaS1pbmNlbmRpdS12cmFu\/Y2VhLmpwZyZ3PTEyMDAmaD02MzAmemM9\/MSZoYXNoPWJhMGE0YTk4MzU3MjM0YTNjYmRhMGE4MTZiMzQ1OGZj.thumb.jpg&#8221;]<\/p>\n<div class=\"entry data-app-meta data-app-meta-article\" data-embed-base-url-canonical=\"https:\/\/www.digi24.ro\/embed\/stiri\/actualitate\/social\/urmarile-incendiului-in-lant-care-a-mistuit-zeci-de-gospodarii-in-vrancea-marturiile-oamenilor-ramasi-pe-drumuri-s-a-distrus-tot-3747269\">\n<p data-index=\"1\"><strong>32 de gospod\u0103rii au fost mistuite de incendiul devastator din Soveja, jude\u021bul Vrancea. Fl\u0103c\u0103rile uria\u0219e au fost alimentate de v\u00e2ntul puternic, care a purtat focul prin toat\u0103 localitatea. 300 de oameni au fost evacua\u021bi, iar mul\u021bi dintre ei nu mai au unde s\u0103 se \u00eentoarc\u0103. \u201eS-a distrus tot\u201d, spun dispera\u021bi oamenii. \u00cen ajutorul pompierilor din Vrancea au venit colegi din Bac\u0103u, Buz\u0103u, Gala\u0163i, Bra\u015fov \u015fi Covasna. \u00cen total, 230 de pompieri s-au luptat cu fl\u0103c\u0103rile.<\/strong><\/p>\n<p data-index=\"2\">Zeci de familii au r\u0103mas pe drumuri \u00een urma incendiului devastator, care a distrus o parte din satul Ruc\u0103reni, din comuna Soveja. Fl\u0103c\u0103rile au izbucnit duminic\u0103 diminea\u021b\u0103 \u00een casa unei femei de 90 de ani, iar \u00een c\u00e2teva zeci de minute v\u00e2ntul puternic a purtat focul la toate casele de pe strad\u0103. Dezastrul se vede cel mai bine de sus. \u00cen total, 32 de gospod\u0103rii au fost distruse sau afectate de incendiu.<\/p>\n<p data-index=\"3\">\u201eM-am dus la stins focul, s\u0103 ajut acolo, \u0219i apoi, c\u00e2nd m-am uitat, a luat foc la mine. Pompierii nu au mai putut s\u0103 fac\u0103 nimic. Ce a fost, s-a distrus tot! Am \u00eencercat la mine s\u0103 sting. I-am dat drumul la pomp\u0103, s-a \u00eentrerupt curentul, am \u00eencercat cu re\u021beaua de ap\u0103 de la comun\u0103, a r\u0103mas f\u0103r\u0103 presiune&#8230; Dac\u0103 aveam astea dou\u0103, poate \u00eel luam din fa\u0219\u0103 \u0219i-l terminam aici\u201d, poveste\u0219te cu am\u0103r\u0103ciune unul dintre localnicii r\u0103ma\u0219i pe drumuri.<\/p>\n<p data-index=\"4\">\u201eProblemele au fost cu deplas\u0103rile ma\u0219inilor de interven\u021bie: strada e foarte \u00eengust\u0103, ma\u0219ina a trebuit s\u0103 vin\u0103 s\u0103 dea cu spatele. Am hot\u0103r\u00e2t, la un moment dat, \u0219i am postat dou\u0103, trei ma\u0219ini la intersec\u021bie, ca s\u0103 alimenteze celealte ma\u0219ini \u0219i s\u0103 nu ne oprim din fluxul de stingere\u201d, poveste\u0219te prefectul jude\u021bului Vrancea, Marius Eusebiu Iorga.<\/p>\n<p data-index=\"5\">Oamenii \u0219i-au petrecut noaptea la rude sau \u00een spa\u021biile de cazare oferite de autorit\u0103\u021bi, iar diminea\u021ba s-au \u00eentors s\u0103 vad\u0103 ce a mai r\u0103mas din gospod\u0103riile lor. Mul\u021bi sunt dispera\u021bi, pentru c\u0103 nu aveau locuin\u021bele asigurate.<\/p>\n<p data-index=\"6\">\u201eN-a r\u0103mas nimic! Bol\u021barii \u0103ia ce au mai r\u0103mas, \u00een rest nimic\u201d, spune \u00eendurerat\u0103 o femeie.<\/p>\n<p data-index=\"7\">\u201eAm luat vaca. Grajdul a ars, casa la fel, toate bunurile\u201d, spune altcineva.<\/p>\n<p data-index=\"8\">\u201eO aveam pe mama soacr\u0103 \u00een cas\u0103, eu eram la biseric\u0103. C\u00e2nd am venit eu, focul era \u00een spate \u0219i am l\u0103sat ma\u0219ina la parc \u0219i am venit \u0219i-am luat-o pe ea. \u0218i am scos-o pe pragul \u0103la, acolo, \u0219i i-am zis: &#8216;Nu te mi\u0219ti de acolo p\u00e2n\u0103 nu te iau eu&#8217;, povete\u0219te o alt\u0103 femeie din sat.<\/p>\n<p data-index=\"9\">Oamenii care au r\u0103mas f\u0103r\u0103 case vor primi un sprijin financiar de la Guvern. \u00cen zon\u0103 au ajuns \u0219i voluntarii de la Crucea Ro\u0219ie.<\/p>\n<p data-index=\"10\">\u201eCei de la Crucea Rosie au \u00eenceput s\u0103 str\u00e2ng\u0103 alimente, ne-au adus de ieri 25-30 de saci cu alimente. Ne-au sunat foarte mul\u021bi, inclusiv primarul de la Bro\u0219teni, s\u0103 ne aduc\u0103 alimente \u0219i materiale de construc\u021bii\u201d, a declarat, pentru Digi24, Ionu\u021b Filimon, primarul comunei Soveja.<\/p>\n<p data-index=\"11\">\u00cen urm\u0103 cu 70 de ani, 400 de case din comuna Soveja au fost distruse tot de un incendiu devastator. \u0218i atunci focul s-a extins din cauza v\u00e2ntului puternic. Comuna a trecut prin incendii violente \u0219i \u00een 1998, dar \u0219i \u00een anul 2006.<\/p>\n<p data-index=\"12\">reporter: Ioana Carpen<br \/>operator: Bogdan Vl\u0103doiu<\/p>\n<p> Editor : <a href=\"https:\/\/www.digi24.ro\/autor\/izabela-zaharia\"> Izabela Zaharia <\/a><\/p>\n<\/div>\n<p>[analyse_source url=&#8221;https:\/\/www.digi24.ro\/stiri\/actualitate\/social\/urmarile-incendiului-in-lant-care-a-mistuit-zeci-de-gospodarii-in-vrancea-marturiile-oamenilor-ramasi-pe-drumuri-s-a-distrus-tot-3747269&#8243;]<\/p>\n","protected":false},"excerpt":{"rendered":"<p>[analyse_image type=&#8221;featured&#8221; src=&#8221;https:\/\/s.iw.ro\/gateway\/g\/ZmlsZVNvdXJjZT1odHRwJTNBJTJGJTJG\/c3RvcmFnZTA4dHJhbnNjb2Rlci5yY3Mt\/cmRzLnJvJTJGc3RvcmFnZSUyRjIwMjYl\/MkYwNCUyRjI4JTJGMjcwMTEyOF8yNzAx\/MTI4X3VybWFyaS1pbmNlbmRpdS12cmFu\/Y2VhLmpwZyZ3PTEyMDAmaD02MzAmemM9\/MSZoYXNoPWJhMGE0YTk4MzU3MjM0YTNjYmRhMGE4MTZiMzQ1OGZj.thumb.jpg&#8221;] 32 de gospod\u0103rii au fost mistuite de incendiul devastator din Soveja, jude\u021bul Vrancea. Fl\u0103c\u0103rile uria\u0219e au fost alimentate de v\u00e2ntul puternic, care a purtat focul prin toat\u0103 localitatea. 300 de oameni au fost evacua\u021bi, iar mul\u021bi dintre ei nu mai au unde s\u0103 se \u00eentoarc\u0103. \u201eS-a distrus tot\u201d, spun dispera\u021bi oamenii. \u00cen [&hellip;]<\/p>\n","protected":false},"author":1,"featured_media":0,"comment_status":"open","ping_status":"","sticky":false,"template":"","format":"standard","meta":{"footnotes":""},"categories":[89],"tags":[226,11],"class_list":["post-1906180","post","type-post","status-publish","format-standard","hentry","category-romania","tag-crawlmanager","tag-digi24"],"_links":{"self":[{"href":"https:\/\/analyse.optim.biz\/index.php?rest_route=\/wp\/v2\/posts\/1906180","targetHints":{"allow":["GET"]}}],"collection":[{"href":"https:\/\/analyse.optim.biz\/index.php?rest_route=\/wp\/v2\/posts"}],"about":[{"href":"https:\/\/analyse.optim.biz\/index.php?rest_route=\/wp\/v2\/types\/post"}],"author":[{"embeddable":true,"href":"https:\/\/analyse.optim.biz\/index.php?rest_route=\/wp\/v2\/users\/1"}],"replies":[{"embeddable":true,"href":"https:\/\/analyse.optim.biz\/index.php?rest_route=%2Fwp%2Fv2%2Fcomments&post=1906180"}],"version-history":[{"count":0,"href":"https:\/\/analyse.optim.biz\/index.php?rest_route=\/wp\/v2\/posts\/1906180\/revisions"}],"wp:attachment":[{"href":"https:\/\/analyse.optim.biz\/index.php?rest_route=%2Fwp%2Fv2%2Fmedia&parent=1906180"}],"wp:term":[{"taxonomy":"category","embeddable":true,"href":"https:\/\/analyse.optim.biz\/index.php?rest_route=%2Fwp%2Fv2%2Fcategories&post=1906180"},{"taxonomy":"post_tag","embeddable":true,"href":"https:\/\/analyse.optim.biz\/index.php?rest_route=%2Fwp%2Fv2%2Ftags&post=1906180"}],"curies":[{"name":"wp","href":"https:\/\/api.w.org\/{rel}","templated":true}]}}