{"id":1906178,"date":"2026-04-28T04:00:06","date_gmt":"2026-04-28T01:00:06","guid":{"rendered":"https:\/\/analyse.optim.biz\/?p=1906178"},"modified":"2026-04-28T04:00:06","modified_gmt":"2026-04-28T01:00:06","slug":"m-am-uitat-in-ochii-lui-donald-trump-mentalistul-oz-pearlman-descrie-panica-de-la-cina-corespondentilor","status":"publish","type":"post","link":"https:\/\/analyse.optim.biz\/?p=1906178","title":{"rendered":"\u201eM-am uitat \u00een ochii lui Donald Trump\u201d: Mentalistul Oz Pearlman descrie panica de la cina coresponden\u021bilor&#8230;"},"content":{"rendered":"<p>[analyse_image type=&#8221;featured&#8221; src=&#8221;https:\/\/s.iw.ro\/gateway\/g\/ZmlsZVNvdXJjZT1odHRwJTNBJTJGJTJG\/c3RvcmFnZTA4dHJhbnNjb2Rlci5yY3Mt\/cmRzLnJvJTJGc3RvcmFnZSUyRjIwMjYl\/MkYwNCUyRjI3JTJGMjcwMDM4NV8yNzAw\/Mzg1X296LXBlYXJsbWFuLmpwZyZ3PTEy\/MDAmaD02MzAmemM9MSZoYXNoPWY2YWMw\/MGQzNTJmNDcxMDA4YmIzMGFkYzk4NjM4NjAx.thumb.jpg&#8221;]<\/p>\n<div class=\"entry data-app-meta data-app-meta-article\" data-embed-base-url-canonical=\"https:\/\/www.digi24.ro\/embed\/stiri\/externe\/mapamond\/m-am-uitat-in-ochii-lui-donald-trump-mentalistul-oz-pearlman-descrie-panica-de-la-cina-corespondentilor-dupa-focurile-de-arma-3746563\">\n<p data-index=\"1\"><strong>Oz Pearlman, mentalistul invitat la cina organizat\u0103 de Asocia\u021bia Coresponden\u021bilor de la Casa Alb\u0103, s\u00e2mb\u0103t\u0103 seara, la Washington, a relatat momentele de panic\u0103 tr\u0103ite l\u00e2ng\u0103 Donald Trump, dup\u0103 ce focuri de arm\u0103 au fost trase \u00een timpul evenimentului.<\/strong><\/p>\n<p data-index=\"2\">Oz Pearlman, un \u201ementalist\u201d autodeclarat, care sus\u021bine spectacole \u00een care \u201eghice\u0219te\u201d g\u00e2nduri sau informa\u021bii, a declarat pentru <a href=\"https:\/\/www.bbc.com\/news\/articles\/czjwj8wgymro\" target=\"_blank\" rel=\"noopener\" data-skip-linkfix=\"1\">BBC<\/a> c\u0103 vorbea cu Trump, Prima Doamn\u0103 Melania Trump \u0219i purt\u0103toarea de cuv\u00e2nt a Casei Albe, Karoline Leavitt, \u00een <a href=\"https:\/\/www.digi24.ro\/stiri\/externe\/video-focuri-de-arma-la-dineul-corespondentilor-de-la-casa-alba-donald-si-melania-trump-au-fost-evacuati-si-sunt-in-siguranta-3744725\" target=\"_blank\" rel=\"noopener\" data-skip-linkfix=\"1\">momentul \u00een care a avut loc atacul<\/a>.<\/p>\n<p data-index=\"3\">\u201eM-am aruncat la p\u0103m\u00e2nt foarte repede. Apoi Serviciul Secret l-a tr\u00e2ntit pe pre\u0219edintele Trump: a\u0219 spune foarte eficient, dar destul de violent\u201d, a spus el. \u201eEram la aproximativ o jum\u0103tate de metru distan\u021b\u0103, fa\u021b\u0103 \u00een fa\u021b\u0103, \u00eentin\u0219i pe jos, uit\u00e2ndu-ne unul la altul, \u00een timp ce auzeam focuri de arm\u0103 \u0219i m\u0103 g\u00e2ndeam: \u00abSuntem pe punctul de a muri\u00bb.\u201d<\/p>\n<p data-index=\"4\">Imagini de la evenimentul anual \u00eel arat\u0103 pe Pearlman st\u00e2nd cu o foaie de h\u00e2rtie \u00een spatele celor trei oficiali, care erau a\u0219eza\u021bi la o mas\u0103 pe o scen\u0103, \u00een sala din hotelul Washington Hilton.<\/p>\n<p class=\"gdpr-placeholder gdpr-social-media \" data-index=\"5\"> Setarile tale privind cookie-urile nu permit afisarea continutul din aceasta sectiune. Poti actualiza setarile modulelor coookie direct din browser sau de <a class=\"ot-sdk-show-settings\" data-skip-linkfix=\"1\">aici<\/a> \u2013 e nevoie sa accepti cookie-urile social media<\/p>\n<p data-index=\"6\">\u201eMomentul a fost o absolut\u0103 nebunie, pentru c\u0103 eram chiar \u00een mijlocul unui num\u0103r pentru prima doamn\u0103, pentru pre\u0219edinte \u0219i pentru purt\u0103toarea de cuv\u00e2nt, \u00eencercam s\u0103 ghicesc un nume, Karoline Leavitt urmeaz\u0103 s\u0103 aib\u0103 un copil\u201d, a spus Pearlman.<\/p>\n<p data-index=\"7\">El a explicat c\u0103 \u00eencerca s\u0103 ghiceasc\u0103 c\u00e2te litere are numele copilului, iar \u00een momentul \u00een care a rupt o bucat\u0103 de h\u00e2rtie \u0219i a ar\u0103tat numele, a auzit focurile de arm\u0103. La acel moment, a crezut c\u0103 \u201eurma s\u0103 explodeze o bomb\u0103, dup\u0103 felul \u00een care [agen\u021bii Serviciului Secret] se \u00eendreptau to\u021bi c\u0103tre o mas\u0103\u201d.<\/p>\n<p data-index=\"8\">\u201eNu p\u0103rea c\u0103 \u00eencearc\u0103 s\u0103 g\u0103seasc\u0103 un tr\u0103g\u0103tor. Aveam impresia c\u0103 \u00eencearc\u0103 s\u0103 opreasc\u0103 ceva s\u0103 se \u00eent\u00e2mple\u201d. Pearlman a spus c\u0103 apoi \u201es-a aruncat foarte repede la p\u0103m\u00e2nt\u201d.<\/p>\n<p data-index=\"9\">\u201eEram orientat spre partea st\u00e2ng\u0103 a scenei. \u0218i, din \u00eent\u00e2mplare, agen\u021bii l-au pus la p\u0103m\u00e2nt pe el [Trump] chiar l\u00e2ng\u0103 mine, orientat spre dreapta scenei. Iar eu m-am \u00eentors spre st\u00e2nga, uit\u00e2ndu-m\u0103 direct \u00een ochii lui, num\u0103r\u00e2nd \u00abOne Mississippi, Two Mississippi\u00bb \u00een timp ce speram s\u0103 nu fie ultimele mele clipe\u201d, a relatat el.<\/p>\n<p data-index=\"10\">Pearlman a spus c\u0103, \u201eaproximativ dou\u0103 secunde mai t\u00e2rziu\u201d, agen\u021bii l-au scos pe Trump din sal\u0103, \u00een timp ce el \u0219i alte dou\u0103 persoane din apropiere au reu\u0219it \u00een cele din urm\u0103 s\u0103 \u201ese t\u00e2rasc\u0103\u201d spre siguran\u021b\u0103.<\/p>\n<p data-index=\"11\">\u00centr-un interviu acordat emisiunii \u201e60 Minutes\u201d de la CBS, duminic\u0103, Trump a declarat c\u0103 \u201enu a fost \u00eengrijorat\u201d \u00een timpul incidentului. \u201e\u00cen\u021beleg via\u021ba. Tr\u0103im \u00eentr-o lume nebun\u0103\u201d, a spus el.<\/p>\n<p data-index=\"12\">\u00centrebat despre momentul \u00een care a fost pus la p\u0103m\u00e2nt de agen\u021bii de securitate, pre\u0219edintele a povestit: \u201eAm \u00eenceput s\u0103 merg cu ei [echipa de securitate]. M-am \u00eentors, am \u00eenceput s\u0103 merg, iar ei au spus: \u00abV\u0103 rog s\u0103 v\u0103 l\u0103sa\u021bi jos. V\u0103 rog s\u0103 v\u0103 \u00eentinde\u021bi pe podea\u00bb. A\u0219a c\u0103 m-am \u00eentins, iar prima doamn\u0103 s-a \u00eentins \u0219i ea.\u201d<\/p>\n<p data-index=\"13\">Un suspect a fost arestat la fa\u021ba locului dup\u0103 ce au fost trase focurile de arm\u0103 \u0219i <a href=\"https:\/\/www.digi24.ro\/stiri\/externe\/cine-este-atacatorul-de-la-dineul-de-gala-la-care-participa-presedintele-trump-3744757\" target=\"_blank\" rel=\"noopener\" data-skip-linkfix=\"1\">a fost identificat de autorit\u0103\u021bi<\/a> drept Cole Tomas Allen. Poli\u021bia a declarat c\u0103 b\u0103rbatul \u00een v\u00e2rst\u0103 de 31 de ani a schimbat focuri de arm\u0103 cu agen\u021bii de securitate la etajul de deasupra s\u0103lii \u00een care Trump se afla al\u0103turi de ceilal\u021bi participan\u021bi la eveniment.<\/p>\n<p data-index=\"14\">Dup\u0103 ce a fost re\u021binut, Allen le-ar fi spus autorit\u0103\u021bilor c\u0103 inten\u021biona s\u0103 trag\u0103 asupra unor oficiali din administra\u021bia Trump, potrivit a dou\u0103 surse citate de CBS, partenerul BBC \u00een SUA.<\/p>\n<p data-index=\"15\"><strong>Cite\u0219te \u0219i\u00a0<a href=\"https:\/\/www.digi24.ro\/stiri\/externe\/de-ce-jd-vance-a-fost-scos-primul-din-sala-de-bal-apoi-a-urmat-trump-in-timpul-incidentului-de-la-dineul-asociatiei-corespondentilor-3745035\" target=\"_blank\" rel=\"noopener\" data-skip-linkfix=\"1\">De ce JD Vance a fost scos primul din sala de bal, apoi a urmat Trump, \u00een timpul incidentului de la dineul Asocia\u021biei Coresponden\u021bilor<\/a><\/strong><\/p>\n<p> Editor : <a href=\"https:\/\/www.digi24.ro\/autor\/maria-isopescu\"> M.I. <\/a><\/p>\n<\/div>\n<p>[analyse_source url=&#8221;https:\/\/www.digi24.ro\/stiri\/externe\/mapamond\/m-am-uitat-in-ochii-lui-donald-trump-mentalistul-oz-pearlman-descrie-panica-de-la-cina-corespondentilor-dupa-focurile-de-arma-3746563&#8243;]<\/p>\n","protected":false},"excerpt":{"rendered":"<p>[analyse_image type=&#8221;featured&#8221; src=&#8221;https:\/\/s.iw.ro\/gateway\/g\/ZmlsZVNvdXJjZT1odHRwJTNBJTJGJTJG\/c3RvcmFnZTA4dHJhbnNjb2Rlci5yY3Mt\/cmRzLnJvJTJGc3RvcmFnZSUyRjIwMjYl\/MkYwNCUyRjI3JTJGMjcwMDM4NV8yNzAw\/Mzg1X296LXBlYXJsbWFuLmpwZyZ3PTEy\/MDAmaD02MzAmemM9MSZoYXNoPWY2YWMw\/MGQzNTJmNDcxMDA4YmIzMGFkYzk4NjM4NjAx.thumb.jpg&#8221;] Oz Pearlman, mentalistul invitat la cina organizat\u0103 de Asocia\u021bia Coresponden\u021bilor de la Casa Alb\u0103, s\u00e2mb\u0103t\u0103 seara, la Washington, a relatat momentele de panic\u0103 tr\u0103ite l\u00e2ng\u0103 Donald Trump, dup\u0103 ce focuri de arm\u0103 au fost trase \u00een timpul evenimentului. Oz Pearlman, un \u201ementalist\u201d autodeclarat, care sus\u021bine spectacole \u00een care \u201eghice\u0219te\u201d g\u00e2nduri sau informa\u021bii, [&hellip;]<\/p>\n","protected":false},"author":1,"featured_media":0,"comment_status":"open","ping_status":"","sticky":false,"template":"","format":"standard","meta":{"footnotes":""},"categories":[89],"tags":[226,11],"class_list":["post-1906178","post","type-post","status-publish","format-standard","hentry","category-romania","tag-crawlmanager","tag-digi24"],"_links":{"self":[{"href":"https:\/\/analyse.optim.biz\/index.php?rest_route=\/wp\/v2\/posts\/1906178","targetHints":{"allow":["GET"]}}],"collection":[{"href":"https:\/\/analyse.optim.biz\/index.php?rest_route=\/wp\/v2\/posts"}],"about":[{"href":"https:\/\/analyse.optim.biz\/index.php?rest_route=\/wp\/v2\/types\/post"}],"author":[{"embeddable":true,"href":"https:\/\/analyse.optim.biz\/index.php?rest_route=\/wp\/v2\/users\/1"}],"replies":[{"embeddable":true,"href":"https:\/\/analyse.optim.biz\/index.php?rest_route=%2Fwp%2Fv2%2Fcomments&post=1906178"}],"version-history":[{"count":0,"href":"https:\/\/analyse.optim.biz\/index.php?rest_route=\/wp\/v2\/posts\/1906178\/revisions"}],"wp:attachment":[{"href":"https:\/\/analyse.optim.biz\/index.php?rest_route=%2Fwp%2Fv2%2Fmedia&parent=1906178"}],"wp:term":[{"taxonomy":"category","embeddable":true,"href":"https:\/\/analyse.optim.biz\/index.php?rest_route=%2Fwp%2Fv2%2Fcategories&post=1906178"},{"taxonomy":"post_tag","embeddable":true,"href":"https:\/\/analyse.optim.biz\/index.php?rest_route=%2Fwp%2Fv2%2Ftags&post=1906178"}],"curies":[{"name":"wp","href":"https:\/\/api.w.org\/{rel}","templated":true}]}}