{"id":1906171,"date":"2026-04-28T03:40:03","date_gmt":"2026-04-28T00:40:03","guid":{"rendered":"https:\/\/analyse.optim.biz\/?p=1906171"},"modified":"2026-04-28T03:40:03","modified_gmt":"2026-04-28T00:40:03","slug":"nicusor-dan-participa-azi-la-summitul-initiativei-celor-trei-mari-in-croatia-temele-abordate-si","status":"publish","type":"post","link":"https:\/\/analyse.optim.biz\/?p=1906171","title":{"rendered":"Nicu\u015for Dan particip\u0103 azi la Summitul Ini\u0163iativei celor Trei M\u0103ri, \u00een Croa\u021bia. Temele abordate \u0219i&#8230;"},"content":{"rendered":"<p>[analyse_image type=&#8221;featured&#8221; src=&#8221;https:\/\/s.iw.ro\/gateway\/g\/ZmlsZVNvdXJjZT1odHRwJTNBJTJGJTJG\/c3RvcmFnZTA4dHJhbnNjb2Rlci5yY3Mt\/cmRzLnJvJTJGc3RvcmFnZSUyRjIwMjYl\/MkYwMiUyRjI0JTJGMjYwNDg2MV8yNjA0\/ODYxX25pY3Vzb3ItMS5qcGcmdz0xMjAw\/Jmg9NjMwJnpjPTEmaGFzaD01OTU3ZGM5\/NmUyYzI1MDViMTNjNTQzOWE5N2RjZjIyOQ==.thumb.jpg&#8221;]<\/p>\n<div class=\"entry data-app-meta data-app-meta-article\" data-embed-base-url-canonical=\"https:\/\/www.digi24.ro\/embed\/stiri\/actualitate\/politica\/nicusor-dan-participa-azi-la-summitul-initiativei-celor-trei-mari-in-croatia-temele-abordate-si-programul-presedintelui-3747375\">\n<p data-index=\"1\"><strong>Pre\u015fedintele Nicu\u015for Dan particip\u0103, mar\u0163i \u015fi miercuri, la Summitul Ini\u0163iativei celor Trei M\u0103ri (I3M), care are loc la Dubrovnik, \u00een Croa\u0163ia. De asemenea, \u015feful statului va participa m\u00e2ine la Forumul de Afaceri din cadrul evenimentului, la care va prezent \u015fi ministrul Finan\u0163elor, Alexandru Nazare.\u00a0<\/strong><\/p>\n<p data-index=\"2\">Potrivit Administra\u0163iei Preziden\u0163iale, reuniunea este programat\u0103 s\u0103 \u00eenceap\u0103 mar\u0163i, la ora 15:30 (ora Rom\u00e2niei).<\/p>\n<p data-index=\"3\">Ini\u0163iativa celor Trei M\u0103ri este o platform\u0103 politic\u0103 flexibil\u0103 \u015fi informal\u0103, la nivel preziden\u0163ial, care reune\u015fte cele 12 state membre ale UE aflate \u00eentre m\u0103rile Adriatic\u0103, Baltic\u0103 \u015fi Neagr\u0103 (Austria, Bulgaria, Croa\u0163ia, Cehia, Estonia, Ungaria, Letonia, Lituania, Polonia, Rom\u00e2nia, Slovacia \u015fi Slovenia).<\/p>\n<p data-index=\"4\">Evenimentul are ca obiectiv cre\u015fterea convergen\u0163ei \u015fi a coeziunii, \u00een paralel cu reducerea decalajului de dezvoltare economic\u0103 \u00eentre diferite zone \u015fi state membre ale Uniunii Europene prin cre\u015fterea interconectivit\u0103\u0163ii \u00een regiune, \u00een domeniile energiei, transporturilor \u015fi celui digital. Principiile de baz\u0103 ale Ini\u0163iativei celor Trei M\u0103ri sunt promovarea dezvolt\u0103rii economice, cre\u015fterea coeziunii la nivel european \u015fi consolidarea leg\u0103turilor transatlantice.<\/p>\n<p data-index=\"5\">Mar\u0163i seara, la ora 21:00, pre\u015fedintele Nicu\u015for Dan va participa la cina de lucru oferit\u0103 de prim-ministrul Republicii Croa\u0163ia, Andrej Plenkovic, la Muzeul de Art\u0103 Modern\u0103 din Dubrovnik.<\/p>\n<p data-index=\"6\">\u00cen cea de a doua zi a reuniunii, \u015feful statului rom\u00e2n va fi prezent la sesiunea special\u0103 a Forumului de Afaceri al Ini\u0163iativei celor Trei M\u0103ri.<\/p>\n<h2 id=\"highlight-3747375-1\">Ministrul Nazare, prezent la Forum<\/h2>\n<p data-index=\"7\">Ministrul Finan\u0163elor, Alexandru Nazare, va participa, la r\u00e2ndul lui, \u00een perioada\u00a028\u201329 aprilie 2026, la\u00a0Forumul de Business al Ini\u0163iativei celor Trei M\u0103ri, desf\u0103\u015furat la Dubrovnik, un eveniment care reune\u015fte lideri guvernamentali, institu\u0163ii financiare \u015fi investitori din Europa Central\u0103 \u015fi de Est.<\/p>\n<p data-index=\"8\">\u201eParticiparea vine \u00eentr-un moment \u00een care Rom\u00e2nia \u00ee\u015fi consolideaz\u0103 credibilitatea financiar\u0103 \u015fi rolul \u00een regiune, dup\u0103 progresele recente \u00een reducerea deficitului bugetar \u015fi stabilizarea finan\u0163elor publice &#8211;\u00a0evolu\u0163ii care deschid noi oportunit\u0103\u0163i pentru atragerea de investi\u0163ii majore. Unul dintre momentele centrale ale forumului va fi\u00a0semnarea Memorandumului de \u00cen\u0163elegere pentru Fondul de Infrastructur\u0103 al Ini\u0163iativei celor Trei M\u0103ri, administrat de Fondul European de Investi\u0163ii (FEI). Din partea Rom\u00e2niei, documentul va fi semnat de conducerea\u00a0B\u0103ncii de Investi\u0163ii \u015fi Dezvoltare, iar contribu\u0163ia financiar\u0103 estimat\u0103 a Rom\u00e2niei este cuprins\u0103 \u00eentre\u00a025 \u015fi 50 milioane euro\u201d, arat\u0103 Ministerul Finan\u0163elor.\u00a0<\/p>\n<p data-index=\"9\">Acest pas va permite Rom\u00e2niei s\u0103 participe direct la finan\u0163area unor proiecte regionale majore, \u00een special \u00een domeniile\u00a0infrastructurii de transport, energiei \u015fi conectivit\u0103\u0163ii, cu impact direct asupra dezvolt\u0103rii economice \u015fi competitivit\u0103\u0163ii regionale.<\/p>\n<p data-index=\"10\">\u201eMinistrul Finan\u0163elor va fi\u00a0keynote speaker\u00a0la conferin\u0163a dedicat\u0103 raportului de impact al fondului de investi\u0163ii al Ini\u0163iativei celor Trei M\u0103ri, eveniment desf\u0103\u015furat pe parcursul forumului. Cu aceast\u0103 ocazie, oficialul va prezenta priorit\u0103\u0163ile Rom\u00e2niei \u015fi oportunit\u0103\u0163ile investi\u0163ionale din regiune. \u00cen a doua zi a evenimentului, ministrul va participa la panelul\u00a0\u201eMapping the money: scale of traditional financing\u201d, al\u0103turi de lideri financiari interna\u0163ionali, unde vor fi analizate op\u0163iunile de finan\u0163are disponibile \u015fi reformele necesare pentru direc\u0163ionarea mai eficient\u0103 a resurselor c\u0103tre proiecte strategice\u201d, se mai arat\u0103 \u00een comunicatul oficial.\u00a0<\/p>\n<p data-index=\"11\">\u00cen marja forumului sunt programate, de asemenea o serie de \u00eent\u00e2lniri bilaterale cu parteneri financiari interna\u0163ionali, cu scopul de a atrage capital \u015fi de a accelera proiecte strategice \u00een Rom\u00e2nia.<\/p>\n<p data-index=\"12\">Printre acestea se num\u0103r\u0103:<\/p>\n<ul>\n<li>discu\u0163ii cu\u00a0Marjut Falkstedt, Director Executiv al Fondul European de Investi\u0163ii, privind crearea unui\u00a0fond na\u0163ional pentru cre\u015ftere sustenabil\u0103, prin intermediul B\u0103ncii de Investi\u0163ii \u015fi Dezvoltare;<\/li>\n<li>\u00eent\u00e2lnire cu\u00a0Hayashi Nobumitsu, Guvernator al Japan Bank for International Cooperation, pentru consolidarea cooper\u0103rii financiare cu investitori japonezi;<\/li>\n<li>discu\u0163ii cu omologul croat,\u00a0Tomislav \u0106ori\u0107, precum \u015fi cu reprezentan\u0163i ai b\u0103ncii de dezvoltare din Polonia \u015fi ai institu\u0163iilor financiare interna\u0163ionale;<\/li>\n<li>\u00eent\u00e2lniri cu oficiali ai\u00a0U.S. International Development Finance Corporation, privind oportunit\u0103\u0163i de finan\u0163are pentru proiecte strategice.<\/li>\n<\/ul>\n<p data-index=\"13\">Participarea la forum reflect\u0103\u00a0rolul tot mai activ al Rom\u00e2niei \u00een formatele regionale de cooperare economic\u0103 \u015fi financiar\u0103, dar \u015fi interesul investitorilor pentru proiecte din Rom\u00e2nia, \u00eentr-un context \u00een care stabilitatea fiscal\u0103 \u015fi reformele recente cresc \u00eencrederea partenerilor interna\u0163ionali, subliniaz\u0103 ministerul.\u00a0<\/p>\n<p data-index=\"14\">Anul trecut, Summitul Ini\u0163iativei celor Trei M\u0103ri s-a desf\u0103\u015furat pe 29 aprilie, la Var\u015fovia. Summitul din Polonia a marcat 10 ani de la implementarea acestei ini\u0163iative, iar discu\u0163iile s-au axat at\u00e2t pe subiecte de interconectivitate regional\u0103 \u00een transport \u015fi energie, c\u00e2t \u015fi pe problemele curente de securitate.<\/p>\n<p data-index=\"15\">Summitul celor Trei M\u0103ri a fost organizat \u015fi g\u0103zduit de Rom\u00e2nia de dou\u0103 ori &#8211; pe 17 \u015fi 18 septembrie 2018 \u015fi \u00een 6 septembrie 2023.<\/p>\n<p data-index=\"16\">P\u00e2n\u0103 \u00een prezent, au avut loc summituri ale Ini\u0163iativei celor trei M\u0103ri: la Dubrovnik \u00een 2016; la Var\u015fovia \u00een 2017; la Bucure\u015fti \u00een 2018; la Ljubljana \u00een 2019; la Tallinn \u00een 2020, \u00een format online; la Sofia \u00een 2021; la Riga \u00een 2022; la Bucure\u015fti \u00een 2023; la Vilnius \u00een 2024 \u015fi la Var\u015fovia \u00een 2025.<\/p>\n<p> Editor : <a href=\"https:\/\/www.digi24.ro\/autor\/stefana-radu\"> \u0218.R. <\/a><\/p>\n<\/div>\n<p>[analyse_source url=&#8221;https:\/\/www.digi24.ro\/stiri\/actualitate\/politica\/nicusor-dan-participa-azi-la-summitul-initiativei-celor-trei-mari-in-croatia-temele-abordate-si-programul-presedintelui-3747375&#8243;]<\/p>\n","protected":false},"excerpt":{"rendered":"<p>[analyse_image type=&#8221;featured&#8221; src=&#8221;https:\/\/s.iw.ro\/gateway\/g\/ZmlsZVNvdXJjZT1odHRwJTNBJTJGJTJG\/c3RvcmFnZTA4dHJhbnNjb2Rlci5yY3Mt\/cmRzLnJvJTJGc3RvcmFnZSUyRjIwMjYl\/MkYwMiUyRjI0JTJGMjYwNDg2MV8yNjA0\/ODYxX25pY3Vzb3ItMS5qcGcmdz0xMjAw\/Jmg9NjMwJnpjPTEmaGFzaD01OTU3ZGM5\/NmUyYzI1MDViMTNjNTQzOWE5N2RjZjIyOQ==.thumb.jpg&#8221;] Pre\u015fedintele Nicu\u015for Dan particip\u0103, mar\u0163i \u015fi miercuri, la Summitul Ini\u0163iativei celor Trei M\u0103ri (I3M), care are loc la Dubrovnik, \u00een Croa\u0163ia. De asemenea, \u015feful statului va participa m\u00e2ine la Forumul de Afaceri din cadrul evenimentului, la care va prezent \u015fi ministrul Finan\u0163elor, Alexandru Nazare.\u00a0 Potrivit Administra\u0163iei Preziden\u0163iale, reuniunea este programat\u0103 s\u0103 \u00eenceap\u0103 [&hellip;]<\/p>\n","protected":false},"author":1,"featured_media":0,"comment_status":"open","ping_status":"","sticky":false,"template":"","format":"standard","meta":{"footnotes":""},"categories":[89],"tags":[226,11],"class_list":["post-1906171","post","type-post","status-publish","format-standard","hentry","category-romania","tag-crawlmanager","tag-digi24"],"_links":{"self":[{"href":"https:\/\/analyse.optim.biz\/index.php?rest_route=\/wp\/v2\/posts\/1906171","targetHints":{"allow":["GET"]}}],"collection":[{"href":"https:\/\/analyse.optim.biz\/index.php?rest_route=\/wp\/v2\/posts"}],"about":[{"href":"https:\/\/analyse.optim.biz\/index.php?rest_route=\/wp\/v2\/types\/post"}],"author":[{"embeddable":true,"href":"https:\/\/analyse.optim.biz\/index.php?rest_route=\/wp\/v2\/users\/1"}],"replies":[{"embeddable":true,"href":"https:\/\/analyse.optim.biz\/index.php?rest_route=%2Fwp%2Fv2%2Fcomments&post=1906171"}],"version-history":[{"count":0,"href":"https:\/\/analyse.optim.biz\/index.php?rest_route=\/wp\/v2\/posts\/1906171\/revisions"}],"wp:attachment":[{"href":"https:\/\/analyse.optim.biz\/index.php?rest_route=%2Fwp%2Fv2%2Fmedia&parent=1906171"}],"wp:term":[{"taxonomy":"category","embeddable":true,"href":"https:\/\/analyse.optim.biz\/index.php?rest_route=%2Fwp%2Fv2%2Fcategories&post=1906171"},{"taxonomy":"post_tag","embeddable":true,"href":"https:\/\/analyse.optim.biz\/index.php?rest_route=%2Fwp%2Fv2%2Ftags&post=1906171"}],"curies":[{"name":"wp","href":"https:\/\/api.w.org\/{rel}","templated":true}]}}