{"id":1906170,"date":"2026-04-27T21:30:51","date_gmt":"2026-04-27T18:30:51","guid":{"rendered":"https:\/\/analyse.optim.biz\/?p=1906170"},"modified":"2026-04-27T21:30:51","modified_gmt":"2026-04-27T18:30:51","slug":"regele-charles-insotit-de-regina-camilla-a-sosit-in-prima-sa-vizita-de-stat-in-sua","status":"publish","type":"post","link":"https:\/\/analyse.optim.biz\/?p=1906170","title":{"rendered":"Regele Charles, \u00eenso\u0163it de regina Camilla, a sosit \u00een prima sa vizit\u0103 de stat \u00een SUA"},"content":{"rendered":"<p>[analyse_image type=&#8221;featured&#8221; src=&#8221;https:\/\/s.iw.ro\/gateway\/g\/ZmlsZVNvdXJjZT1odHRwJTNBJTJGJTJG\/c3RvcmFnZTA4dHJhbnNjb2Rlci5yY3Mt\/cmRzLnJvJTJGc3RvcmFnZSUyRjIwMjYl\/MkYwNCUyRjI4JTJGMjcwMTE0MV8yNzAx\/MTQxX2NoYXJsZXMtY3JvcC1pY29uLmpw\/ZyZ3PTEyMDAmaD02MzAmemM9MSZoYXNo\/PTg1ZDQ3YWVjYzM3ZGM1NGM2ZTZmMWQwYWU3ZTA4OWY1.thumb.jpg&#8221;]<\/p>\n<div class=\"entry data-app-meta data-app-meta-article\" data-embed-base-url-canonical=\"https:\/\/www.digi24.ro\/embed\/stiri\/externe\/regele-charles-insotit-de-regina-camilla-a-sosit-in-prima-sa-vizita-de-stat-in-sua-3747289\">\n<p data-index=\"1\"><strong>Regele Charles al III-lea \u015fi regina Camilla au sosit luni la Baza Comun\u0103 Andrews din Maryland, \u00eencep\u00e2nd o vizit\u0103 de stat de patru zile, prima pe care o face \u00een SUA monarhul britanic, care a urcat pe tron \u00een 2022, dup\u0103 moartea mamei sale, Regina Elizabeta a II-a, relateaz\u0103 News.ro.<\/strong><\/p>\n<p data-index=\"3\">Cuplul regal va fi \u00eent\u00e2mpinat la Washington de gazdele lor, pre\u015fedintele Donald Trump \u015fi prima-doamn\u0103 Melania Trump. Familia Trump \u00eei va \u00eent\u00e2mpina pe regele Charles \u015fi pe regina Camilla la sosirea lor la Porticul Sudic al Casei Albe, conform unui anun\u0163 f\u0103cut de biroul primei-doamne \u00een weekend, relateaz\u0103 News.ro.<\/p>\n<p data-index=\"4\">Cele dou\u0103 cupluri se vor \u00eendrepta apoi spre etajul oficial (State Floor) pentru un ceai privat \u00een Camera Verde.<\/p>\n<p data-index=\"5\">Dup\u0103 aceea, grupul va vizita stupina de la Casa Alb\u0103, recent inaugurat\u0103 \u015fi extins\u0103, situat\u0103 pe peluza sudic\u0103.<\/p>\n<p data-index=\"6\">Mai t\u00e2rziu, vor participa la o petrecere \u00een gr\u0103din\u0103, care va reuni reprezentan\u0163i din diverse medii a\u015fe societ\u0103\u0163ii americane.<\/p>\n<p data-index=\"7\">Regele Charles \u015fi Donald Trump vor participa mar\u0163i la evenimente fastuoase, inclusiv la o parad\u0103 militar\u0103 la Casa Alb\u0103. Regele va \u0163ine, de asemenea, un discurs \u00een fa\u0163a Congresului \u00eenainte de a participa la un dineu de stat.<\/p>\n<p data-index=\"8\">Potrivit CNN, vor exista ajust\u0103ri opera\u0163ionale minore la una sau dou\u0103 evenimente din program, ca r\u0103spuns la incidentul armat care a avut loc la Dineul Coresponden\u0163ilor de la Casa Alb\u0103, dar \u00een ansamblu, planul pentru vizita de patru zile r\u0103m\u00e2ne a\u015fa cum a fost programat anterior. Regele Charles este primul oaspete str\u0103in al pre\u015fedintelui american dup\u0103 incidentul de s\u00e2mb\u0103t\u0103.<\/p>\n<p> Editor : <a href=\"https:\/\/www.digi24.ro\/autor\/liviu-cojan\"> Liviu Cojan <\/a><\/p>\n<\/div>\n<p>[analyse_source url=&#8221;https:\/\/www.digi24.ro\/stiri\/externe\/regele-charles-insotit-de-regina-camilla-a-sosit-in-prima-sa-vizita-de-stat-in-sua-3747289&#8243;]<\/p>\n","protected":false},"excerpt":{"rendered":"<p>[analyse_image type=&#8221;featured&#8221; src=&#8221;https:\/\/s.iw.ro\/gateway\/g\/ZmlsZVNvdXJjZT1odHRwJTNBJTJGJTJG\/c3RvcmFnZTA4dHJhbnNjb2Rlci5yY3Mt\/cmRzLnJvJTJGc3RvcmFnZSUyRjIwMjYl\/MkYwNCUyRjI4JTJGMjcwMTE0MV8yNzAx\/MTQxX2NoYXJsZXMtY3JvcC1pY29uLmpw\/ZyZ3PTEyMDAmaD02MzAmemM9MSZoYXNo\/PTg1ZDQ3YWVjYzM3ZGM1NGM2ZTZmMWQwYWU3ZTA4OWY1.thumb.jpg&#8221;] Regele Charles al III-lea \u015fi regina Camilla au sosit luni la Baza Comun\u0103 Andrews din Maryland, \u00eencep\u00e2nd o vizit\u0103 de stat de patru zile, prima pe care o face \u00een SUA monarhul britanic, care a urcat pe tron \u00een 2022, dup\u0103 moartea mamei sale, Regina Elizabeta a II-a, relateaz\u0103 News.ro. Cuplul regal [&hellip;]<\/p>\n","protected":false},"author":1,"featured_media":0,"comment_status":"open","ping_status":"","sticky":false,"template":"","format":"standard","meta":{"footnotes":""},"categories":[89],"tags":[226,11],"class_list":["post-1906170","post","type-post","status-publish","format-standard","hentry","category-romania","tag-crawlmanager","tag-digi24"],"_links":{"self":[{"href":"https:\/\/analyse.optim.biz\/index.php?rest_route=\/wp\/v2\/posts\/1906170","targetHints":{"allow":["GET"]}}],"collection":[{"href":"https:\/\/analyse.optim.biz\/index.php?rest_route=\/wp\/v2\/posts"}],"about":[{"href":"https:\/\/analyse.optim.biz\/index.php?rest_route=\/wp\/v2\/types\/post"}],"author":[{"embeddable":true,"href":"https:\/\/analyse.optim.biz\/index.php?rest_route=\/wp\/v2\/users\/1"}],"replies":[{"embeddable":true,"href":"https:\/\/analyse.optim.biz\/index.php?rest_route=%2Fwp%2Fv2%2Fcomments&post=1906170"}],"version-history":[{"count":0,"href":"https:\/\/analyse.optim.biz\/index.php?rest_route=\/wp\/v2\/posts\/1906170\/revisions"}],"wp:attachment":[{"href":"https:\/\/analyse.optim.biz\/index.php?rest_route=%2Fwp%2Fv2%2Fmedia&parent=1906170"}],"wp:term":[{"taxonomy":"category","embeddable":true,"href":"https:\/\/analyse.optim.biz\/index.php?rest_route=%2Fwp%2Fv2%2Fcategories&post=1906170"},{"taxonomy":"post_tag","embeddable":true,"href":"https:\/\/analyse.optim.biz\/index.php?rest_route=%2Fwp%2Fv2%2Ftags&post=1906170"}],"curies":[{"name":"wp","href":"https:\/\/api.w.org\/{rel}","templated":true}]}}