{"id":1906126,"date":"2026-04-23T10:08:00","date_gmt":"2026-04-23T07:08:00","guid":{"rendered":"https:\/\/analyse.optim.biz\/?p=1906126"},"modified":"2026-04-23T10:08:00","modified_gmt":"2026-04-23T07:08:00","slug":"usr-isi-reafirma-sprijinul-pentru-guvernul-condus-de-ilie-bolojan-si-solicita-responsabilitate-din-partea-psd","status":"publish","type":"post","link":"https:\/\/analyse.optim.biz\/?p=1906126","title":{"rendered":"USR \u00ee\u0219i reafirm\u0103 sprijinul pentru guvernul condus de Ilie Bolojan \u0219i solicit\u0103 responsabilitate din partea PSD"},"content":{"rendered":"<p>[analyse_image type=&#8221;featured&#8221; src=&#8221;https:\/\/blogger.googleusercontent.com\/img\/b\/R29vZ2xl\/AVvXsEig8zgVJqprL6-mDkeYQDecJCM8AfgpflQAt7Zp8RbBoT-cPNPy5wP7n9e_gD8K1cc2MJ8EAm4-yZCQCAagVKc1j7C7fpawmEguy_0FA-s1dDHUjBr5aNVQvqNew1__32u4Qa6_PDIjICi5-V9FU-5AyzuddGUtg8Nw8GgE-OBkCjoH0uUq2nNDET-cr8A\/w1600\/usr-consultari.jpg&#8221;]<\/p>\n<div class=\"post-body entry-content\" id=\"post-body\">\n<div class=\"separator\"><a href=\"https:\/\/blogger.googleusercontent.com\/img\/b\/R29vZ2xl\/AVvXsEig8zgVJqprL6-mDkeYQDecJCM8AfgpflQAt7Zp8RbBoT-cPNPy5wP7n9e_gD8K1cc2MJ8EAm4-yZCQCAagVKc1j7C7fpawmEguy_0FA-s1dDHUjBr5aNVQvqNew1__32u4Qa6_PDIjICi5-V9FU-5AyzuddGUtg8Nw8GgE-OBkCjoH0uUq2nNDET-cr8A\/s1200\/usr-consultari.jpg\"><img decoding=\"async\" alt=\"USR \u00ee\u0219i reafirm\u0103 sprijinul pentru guvernul condus de Ilie Bolojan \u0219i solicit\u0103 responsabilitate din partea PSD\" border=\"0\" height=\"335\" loading=\"lazy\" src=\"https:\/\/blogger.googleusercontent.com\/img\/b\/R29vZ2xl\/AVvXsEig8zgVJqprL6-mDkeYQDecJCM8AfgpflQAt7Zp8RbBoT-cPNPy5wP7n9e_gD8K1cc2MJ8EAm4-yZCQCAagVKc1j7C7fpawmEguy_0FA-s1dDHUjBr5aNVQvqNew1__32u4Qa6_PDIjICi5-V9FU-5AyzuddGUtg8Nw8GgE-OBkCjoH0uUq2nNDET-cr8A\/w640-h335-rw\/usr-consultari.jpg\" title=\"USR \u00ee\u0219i reafirm\u0103 sprijinul pentru guvernul condus de Ilie Bolojan \u0219i solicit\u0103 responsabilitate din partea PSD\" width=\"640\"><\/a><\/div>\n<p>Pre\u0219edintele USR, Dominic Fritz, a declarat, \u00een urma consult\u0103rilor purtate de delega\u021bia partidului cu pre\u0219edintele Nicu\u0219or Dan, c\u0103 USR \u00ee\u0219i men\u021bine ferm angajamentul pentru stabilitatea guvern\u0103rii \u0219i continuarea reformelor.<\/p>\n<p>\u201eAm avut o discu\u021bie lung\u0103, sincer\u0103 \u0219i deschis\u0103 cu domnul pre\u0219edinte, \u00een care am prezentat viziunea \u0219i principiile pe baza c\u0103rora lu\u0103m deciziile \u00een aceast\u0103 perioad\u0103. L-am asigurat c\u0103 \u00eel sus\u021binem pe premierul Ilie Bolojan \u0219i c\u0103 vom continua s\u0103 ne asum\u0103m responsabilitatea guvern\u0103rii\u201d, a declarat Dominic Fritz.<\/p>\n<p>USR atrage aten\u021bia asupra riscurilor majore generate de actuala criz\u0103 politic\u0103, inclusiv posibilitatea pierderii unor fonduri esen\u021biale pentru dezvoltarea Rom\u00e2niei: aproximativ 10 miliarde de euro din PNRR \u0219i 16 miliarde de euro din programul SAFE.<\/p>\n<p>\u201eSuntem profund \u00eengrijora\u021bi c\u0103 reformele \u00eencepute ar putea fi anulate. Nu exist\u0103 o cale u\u0219oar\u0103 de ie\u0219ire din criza \u00een care ne-a adus PSD, dar responsabilitatea trebuie asumat\u0103\u201d, a subliniat liderul USR.<\/p>\n<p>\u00cen cadrul consult\u0103rilor, USR a transmis a\u0219teptarea clar\u0103 ca PSD s\u0103 dea dovad\u0103 de responsabilitate \u0219i s\u0103 nu blocheze programele strategice ale Rom\u00e2niei, precum PNRR \u0219i SAFE. Totodat\u0103, USR solicit\u0103 delimitarea clar\u0103 \u00eentre perioada \u00een care PSD a fost parte a guvern\u0103rii \u0219i cea care va urma.<\/p>\n<p>\u201eNe a\u0219tept\u0103m ca PSD s\u0103 \u00ee\u0219i retrag\u0103 rapid oamenii numi\u021bi politic. Un partid care amenin\u021b\u0103 constant cu o majoritate paralel\u0103 al\u0103turi de AUR \u0219i care ar sus\u021bine o mo\u021biune de cenzur\u0103 nu mai poate fi un partener pentru USR\u201d, a precizat Fritz.<\/p>\n<p>USR \u00ee\u0219i exprim\u0103 disponibilitatea de a sus\u021bine inclusiv o formul\u0103 de guvern minoritar, \u00een cazul \u00een care actualul Executiv ar c\u0103dea, \u00eens\u0103 subliniaz\u0103 c\u0103 responsabilitatea pentru o astfel de situa\u021bie ar reveni integral PSD.<\/p>\n<p>\u201eRealitatea politic\u0103 ne oblig\u0103 s\u0103 purt\u0103m discu\u021bii cu to\u021bi cei ale\u0219i de rom\u00e2ni, pentru a proteja stabilitatea \u0219i reformele. Excludem \u00eens\u0103 orice negociere formal\u0103 cu AUR\u201d, a declarat pre\u0219edintele USR.<\/p>\n<p>USR \u00ee\u0219i reafirm\u0103 angajamentul fa\u021b\u0103 de cet\u0103\u021beni \u0219i fa\u021b\u0103 de continuarea reformelor pentru o Rom\u00e2nie modern\u0103, prosper\u0103 \u0219i corect\u0103, \u00een ciuda contextului politic dificil.<\/p>\n<div><i>USR<\/i><\/div>\n<\/div>\n<div class=\"post-body entry-content\" id=\"post-body\">\n<div class=\"separator\"><a href=\"https:\/\/blogger.googleusercontent.com\/img\/b\/R29vZ2xl\/AVvXsEig8zgVJqprL6-mDkeYQDecJCM8AfgpflQAt7Zp8RbBoT-cPNPy5wP7n9e_gD8K1cc2MJ8EAm4-yZCQCAagVKc1j7C7fpawmEguy_0FA-s1dDHUjBr5aNVQvqNew1__32u4Qa6_PDIjICi5-V9FU-5AyzuddGUtg8Nw8GgE-OBkCjoH0uUq2nNDET-cr8A\/s1200\/usr-consultari.jpg\"><img decoding=\"async\" alt=\"USR \u00ee\u0219i reafirm\u0103 sprijinul pentru guvernul condus de Ilie Bolojan \u0219i solicit\u0103 responsabilitate din partea PSD\" border=\"0\" height=\"335\" loading=\"lazy\" src=\"https:\/\/blogger.googleusercontent.com\/img\/b\/R29vZ2xl\/AVvXsEig8zgVJqprL6-mDkeYQDecJCM8AfgpflQAt7Zp8RbBoT-cPNPy5wP7n9e_gD8K1cc2MJ8EAm4-yZCQCAagVKc1j7C7fpawmEguy_0FA-s1dDHUjBr5aNVQvqNew1__32u4Qa6_PDIjICi5-V9FU-5AyzuddGUtg8Nw8GgE-OBkCjoH0uUq2nNDET-cr8A\/w640-h335-rw\/usr-consultari.jpg\" title=\"USR \u00ee\u0219i reafirm\u0103 sprijinul pentru guvernul condus de Ilie Bolojan \u0219i solicit\u0103 responsabilitate din partea PSD\" width=\"640\"><\/a><\/div>\n<p>Pre\u0219edintele USR, Dominic Fritz, a declarat, \u00een urma consult\u0103rilor purtate de delega\u021bia partidului cu pre\u0219edintele Nicu\u0219or Dan, c\u0103 USR \u00ee\u0219i men\u021bine ferm angajamentul pentru stabilitatea guvern\u0103rii \u0219i continuarea reformelor.<\/p>\n<p>\u201eAm avut o discu\u021bie lung\u0103, sincer\u0103 \u0219i deschis\u0103 cu domnul pre\u0219edinte, \u00een care am prezentat viziunea \u0219i principiile pe baza c\u0103rora lu\u0103m deciziile \u00een aceast\u0103 perioad\u0103. L-am asigurat c\u0103 \u00eel sus\u021binem pe premierul Ilie Bolojan \u0219i c\u0103 vom continua s\u0103 ne asum\u0103m responsabilitatea guvern\u0103rii\u201d, a declarat Dominic Fritz.<\/p>\n<p>USR atrage aten\u021bia asupra riscurilor majore generate de actuala criz\u0103 politic\u0103, inclusiv posibilitatea pierderii unor fonduri esen\u021biale pentru dezvoltarea Rom\u00e2niei: aproximativ 10 miliarde de euro din PNRR \u0219i 16 miliarde de euro din programul SAFE.<\/p>\n<p>\u201eSuntem profund \u00eengrijora\u021bi c\u0103 reformele \u00eencepute ar putea fi anulate. Nu exist\u0103 o cale u\u0219oar\u0103 de ie\u0219ire din criza \u00een care ne-a adus PSD, dar responsabilitatea trebuie asumat\u0103\u201d, a subliniat liderul USR.<\/p>\n<p>\u00cen cadrul consult\u0103rilor, USR a transmis a\u0219teptarea clar\u0103 ca PSD s\u0103 dea dovad\u0103 de responsabilitate \u0219i s\u0103 nu blocheze programele strategice ale Rom\u00e2niei, precum PNRR \u0219i SAFE. Totodat\u0103, USR solicit\u0103 delimitarea clar\u0103 \u00eentre perioada \u00een care PSD a fost parte a guvern\u0103rii \u0219i cea care va urma.<\/p>\n<p>\u201eNe a\u0219tept\u0103m ca PSD s\u0103 \u00ee\u0219i retrag\u0103 rapid oamenii numi\u021bi politic. Un partid care amenin\u021b\u0103 constant cu o majoritate paralel\u0103 al\u0103turi de AUR \u0219i care ar sus\u021bine o mo\u021biune de cenzur\u0103 nu mai poate fi un partener pentru USR\u201d, a precizat Fritz.<\/p>\n<p>USR \u00ee\u0219i exprim\u0103 disponibilitatea de a sus\u021bine inclusiv o formul\u0103 de guvern minoritar, \u00een cazul \u00een care actualul Executiv ar c\u0103dea, \u00eens\u0103 subliniaz\u0103 c\u0103 responsabilitatea pentru o astfel de situa\u021bie ar reveni integral PSD.<\/p>\n<p>\u201eRealitatea politic\u0103 ne oblig\u0103 s\u0103 purt\u0103m discu\u021bii cu to\u021bi cei ale\u0219i de rom\u00e2ni, pentru a proteja stabilitatea \u0219i reformele. Excludem \u00eens\u0103 orice negociere formal\u0103 cu AUR\u201d, a declarat pre\u0219edintele USR.<\/p>\n<p>USR \u00ee\u0219i reafirm\u0103 angajamentul fa\u021b\u0103 de cet\u0103\u021beni \u0219i fa\u021b\u0103 de continuarea reformelor pentru o Rom\u00e2nie modern\u0103, prosper\u0103 \u0219i corect\u0103, \u00een ciuda contextului politic dificil.<\/p>\n<div><i>USR<\/i><\/div>\n<\/div>\n<p>[analyse_source url=&#8221;https:\/\/www.stirisuceava.net\/2026\/04\/usr-isi-reafirma-sprijinul-pentru.html&#8221;]<\/p>\n","protected":false},"excerpt":{"rendered":"<p>[analyse_image type=&#8221;featured&#8221; src=&#8221;https:\/\/blogger.googleusercontent.com\/img\/b\/R29vZ2xl\/AVvXsEig8zgVJqprL6-mDkeYQDecJCM8AfgpflQAt7Zp8RbBoT-cPNPy5wP7n9e_gD8K1cc2MJ8EAm4-yZCQCAagVKc1j7C7fpawmEguy_0FA-s1dDHUjBr5aNVQvqNew1__32u4Qa6_PDIjICi5-V9FU-5AyzuddGUtg8Nw8GgE-OBkCjoH0uUq2nNDET-cr8A\/w1600\/usr-consultari.jpg&#8221;] Pre\u0219edintele USR, Dominic Fritz, a declarat, \u00een urma consult\u0103rilor purtate de delega\u021bia partidului cu pre\u0219edintele Nicu\u0219or Dan, c\u0103 USR \u00ee\u0219i men\u021bine ferm angajamentul pentru stabilitatea guvern\u0103rii \u0219i continuarea reformelor. \u201eAm avut o discu\u021bie lung\u0103, sincer\u0103 \u0219i deschis\u0103 cu domnul pre\u0219edinte, \u00een care am prezentat viziunea \u0219i principiile pe baza c\u0103rora lu\u0103m deciziile [&hellip;]<\/p>\n","protected":false},"author":1,"featured_media":0,"comment_status":"open","ping_status":"","sticky":false,"template":"","format":"standard","meta":{"footnotes":""},"categories":[89],"tags":[226,172],"class_list":["post-1906126","post","type-post","status-publish","format-standard","hentry","category-romania","tag-crawlmanager","tag-stirisuceava-net"],"_links":{"self":[{"href":"https:\/\/analyse.optim.biz\/index.php?rest_route=\/wp\/v2\/posts\/1906126","targetHints":{"allow":["GET"]}}],"collection":[{"href":"https:\/\/analyse.optim.biz\/index.php?rest_route=\/wp\/v2\/posts"}],"about":[{"href":"https:\/\/analyse.optim.biz\/index.php?rest_route=\/wp\/v2\/types\/post"}],"author":[{"embeddable":true,"href":"https:\/\/analyse.optim.biz\/index.php?rest_route=\/wp\/v2\/users\/1"}],"replies":[{"embeddable":true,"href":"https:\/\/analyse.optim.biz\/index.php?rest_route=%2Fwp%2Fv2%2Fcomments&post=1906126"}],"version-history":[{"count":0,"href":"https:\/\/analyse.optim.biz\/index.php?rest_route=\/wp\/v2\/posts\/1906126\/revisions"}],"wp:attachment":[{"href":"https:\/\/analyse.optim.biz\/index.php?rest_route=%2Fwp%2Fv2%2Fmedia&parent=1906126"}],"wp:term":[{"taxonomy":"category","embeddable":true,"href":"https:\/\/analyse.optim.biz\/index.php?rest_route=%2Fwp%2Fv2%2Fcategories&post=1906126"},{"taxonomy":"post_tag","embeddable":true,"href":"https:\/\/analyse.optim.biz\/index.php?rest_route=%2Fwp%2Fv2%2Ftags&post=1906126"}],"curies":[{"name":"wp","href":"https:\/\/api.w.org\/{rel}","templated":true}]}}