{"id":1905995,"date":"2026-04-27T16:53:00","date_gmt":"2026-04-27T13:53:00","guid":{"rendered":"https:\/\/analyse.optim.biz\/?p=1905995"},"modified":"2026-04-27T16:53:00","modified_gmt":"2026-04-27T13:53:00","slug":"fabio-capello-parla-del-caso-arbitropoli-e-dellavviso-di-garanzia-a-rocchi-indagato-per-concorso-in","status":"publish","type":"post","link":"https:\/\/analyse.optim.biz\/?p=1905995","title":{"rendered":"Fabio capello parla del caso arbitropoli e dell\u2019avviso di garanzia a rocchi indagato per concorso in"},"content":{"rendered":"<p>[analyse_image type=&#8221;featured&#8221; src=&#8221;https:\/\/static.dagospia.com\/img\/patch\/04-2026\/capello-rocchi-malago-2257158_600_q50.webp&#8221;]<\/p>\n<article>\n<div class=\"img-wrapper\"><img decoding=\"async\" src=\"https:\/\/static.dagospia.com\/img\/patch\/04-2026\/capello-rocchi-malago-2257158_600_q50.webp\" alt=\"capello rocchi malago\"><time class=\"data-ora\">27 apr 2026 18:53<\/time><\/div>\n<p><span>\u201cA 20 ANNI DA CALCIOPOLI RICADERE IN UN ALTRO ILLECITO SAREBBE MOLTO GRAVE SPERO NON CI SIA NULLA DI VERO\u201d<\/span> \u2013 FABIO CAPELLO PARLA DEL CASO ARBITROPOLI E DELL\u2019AVVISO DI GARANZIA A ROCCHI INDAGATO PER CONCORSO IN FRODE SPORTIVA: \u201cIMMAGINARE CONDOTTE POCO LIMPIDE DELLA CATEGORIA DEGLI ARBITRI SAREBBE BRUTTISSIMO. IO MI CHIEDO COME SIA POSSIBILE CHE FRA VAR E ASSISTENTI, ARBITRI CHE GUARDANO E VIVISEZIONANO LE IMMAGINI NON CI POSSA ESSERE SPAZIO PER UN EX CALCIATORE\u201d \u2013 &#8220;<span>LA FIGC? DI RECENTE SONO STATI DUE I COMMISSARIAMENTI. NON RICORDO PROVVEDIMENTI EPOCALI, INSOMMA I RISULTATI LI ABBIAMO VISTI\u2026<\/span>SERVONO SUBITO LE RIFORME E MALAG\u00d2 \u00c8 L\u2019UOMO GIUSTO\u201d<\/p>\n<div class=\"share-section\">\n                Condividi  questo articolo<\/p>\n<div class=\"socials\"><a href=\"http:\/\/www.facebook.com\/sharer.php?u=http:\/\/www.dagospia.com\/sport\/fabio-capello-parla-caso-arbitropoli-dell-avviso-garanzia-rocchi-indagato-472315\" target=\"_blank\"><img decoding=\"async\" src=\"https:\/\/static.dagospia.com\/img\/icons\/facebook.svg\" alt=\"Condividi su Facebook\"><\/a><a href=\"http:\/\/www.twitter.com\/share?url=http:\/\/www.dagospia.com\/sport\/fabio-capello-parla-caso-arbitropoli-dell-avviso-garanzia-rocchi-indagato-472315&amp;text=FABIO%20CAPELLO%20PARLA%20DEL%20CASO%20ARBITROPOLI%20E%20DELL%E2%80%99AVVISO%20DI%20GARANZIA%20A%20ROCCHI%20INDAGATO%20PER%20CONCORSO%20IN\" target=\"_blank\"><img decoding=\"async\" src=\"https:\/\/static.dagospia.com\/img\/icons\/x-icon.png\" alt=\"Condividi su X\"><\/a><a href=\"\/\/www.dagospia.com\/sport\/fabio-capello-parla-caso-arbitropoli-dell-avviso-garanzia-rocchi-indagato-472315\" target=\"_blank\"><img decoding=\"async\" src=\"https:\/\/static.dagospia.com\/img\/icons\/whatsapp.svg\" alt=\"Condividi su Whatsapp\"><\/a><a href=\"mailto:?body=http:\/\/www.dagospia.com\/sport\/fabio-capello-parla-caso-arbitropoli-dell-avviso-garanzia-rocchi-indagato-472315\" target=\"_blank\"><img decoding=\"async\" src=\"https:\/\/static.dagospia.com\/img\/icons\/mail.svg\" alt=\"Invia in email\"><\/a><\/div>\n<\/div>\n<div class=\"content\">\n<p class=\"disable\"><strong>Monica Colombo Per Il Corriere Della Sera &#8211; Estratti<\/strong><\/p>\n<p class=\"disable\">\u00a0<\/p>\n<p><a href=\"https:\/\/www.dagospia.com\/media-gallery\/dago-fotogallery-508743\/2208485\" class=\"float-right img-wrapper\"><img decoding=\"async\" id=\"2208485\" loading=\"lazy\" src=\"https:\/\/static.dagospia.com\/img\/foto\/12-2025\/fabio-capello-2208485_800_q50.webp\"><span class=\"img-title\">fabio capello<\/span><\/a><\/p>\n<p class=\"disable\">Fabio Capello, lei che ha et\u00e0 e curriculum tali da aver assistito a mille scandali del calcio, dal Totonero nel 1980 a Calciopoli di 20 anni fa, opinionista di Sky e commentatore per la Gazzetta dello Sport, come ha accolto la notizia dell\u2019avviso di garanzia recapitato a Gianluca Rocchi?<\/p>\n<p class=\"disable\">\u00a0<\/p>\n<p class=\"disable\">\u00abVorrei essere prudente perch\u00e9 l\u2019ex designatore \u00e8 solo indagato. Aspettiamo a trarre conclusioni affrettate, la mia speranza \u00e8 che dell\u2019accusa di concorso in frode sportiva non ci sia nulla di vero. Pensare a un nuovo illecito, dopo Calciopoli nel 2006, sarebbe grave\u00bb.<\/p>\n<p class=\"disable\">\u00a0<\/p>\n<p class=\"disable\"><strong>Cosa la turba?<\/strong><\/p>\n<p class=\"disable\">\u00abGi\u00e0 a livello sportivo-agonistico abbiamo commesso errori cos\u00ec gravi che non ci siamo qualificati al Mondiale per la terza edizione consecutiva. Immaginare condotte poco limpide della categoria degli arbitri sarebbe bruttissimo. Ma io sono contrario a emettere sentenze anticipate\u00bb.<\/p>\n<p><a href=\"https:\/\/www.dagospia.com\/media-gallery\/dago-fotogallery-508743\/1547415\" class=\"float-left img-wrapper\"><img decoding=\"async\" id=\"1547415\" loading=\"lazy\" src=\"https:\/\/static.dagospia.com\/img\/foto\/10-2021\/gianluca-rocchi-1547415_800_q50.webp\"><span class=\"img-title\">gianluca rocchi<\/span><\/a><\/p>\n<p class=\"disable\">\u00a0<\/p>\n<p class=\"disable\"><strong>Rispecchia in pieno il pensiero della Serie A che in una nota ha chiesto garantismo per evitare un danno reputazionale. \u00c8 d\u2019accordo?<\/strong><\/p>\n<p class=\"disable\">\u00abCertamente: innanzitutto il processo non \u00e8 ancora iniziato. Non siamo arrivati neanche al rinvio a giudizio su un singolo e sembra che debba crollare il sistema calcio. Circoscriviamo le responsabilit\u00e0\u00bb.<\/p>\n<p class=\"disable\">\u00a0<\/p>\n<p class=\"disable\"><strong>Lo sport \u00e8 preoccupato per la potenziale invasione di campo della politica che invoca il commissario. Lei cosa pensa?<\/strong><\/p>\n<p class=\"disable\">\u00abIn questo momento il mondo agonistico ha bisogno di certezze, e anche a breve termine. Occorre iniziare presto il percorso di riforme\u00bb.<\/p>\n<p class=\"disable\">\u00a0<\/p>\n<p class=\"disable\"><strong>Quindi?<\/strong><\/p>\n<p class=\"disable\">\u00abSono dubbioso che un commissario sia la panacea di tutti i mali: si perderebbe un sacco di tempo e le decisioni cruciali verrebbero rinviate. \u00a0Io procederei con le elezioni federali, come da programma, e parallelamente lavorerei a un piano di rilancio del calcio. E vorrei fare un\u2019osservazione\u00bb.<\/p>\n<p class=\"disable\">\u00a0<\/p>\n<p class=\"disable\"><strong>Prego.<\/strong><\/p>\n<p class=\"disable\">\u00abSe la memoria non mi inganna di recente sono stati due i commissariamenti, con Guido Rossi post Calciopoli e pi\u00f9 di recente nel 2018 con Roberto Fabbricini. Non ricordo provvedimenti epocali, insomma i risultati li abbiamo visti\u2026\u00bb.<\/p>\n<p><a href=\"https:\/\/www.dagospia.com\/media-gallery\/dago-fotogallery-508743\/2248731\" class=\"float-right img-wrapper\"><img decoding=\"async\" id=\"2248731\" loading=\"lazy\" src=\"https:\/\/static.dagospia.com\/img\/foto\/03-2026\/andrea-abodi-2248731_800_q50.webp\"><span class=\"img-title\">ANDREA ABODI<\/span><\/a><\/p>\n<p class=\"disable\">\u00a0<\/p>\n<p class=\"disable\"><strong>Il ministro dello Sport, Andrea Abodi, insiste: ha adombrato tale soluzione tra le righe anche nella nota di sabato\u2026<\/strong><\/p>\n<p class=\"disable\">\u00abNon voglio dare giudizi di merito in tal senso. Dico solo che prima si elegge un presidente della Figc e meglio \u00e8. Prendere tempo \u00e8 deleterio per il nostro movimento calcistico\u00bb.<\/p>\n<p class=\"disable\">\u00a0<\/p>\n<p class=\"disable\"><strong>Giovanni Malag\u00f2 nonostante il caos delle ultime ore non intende compiere passi indietro e mercoled\u00ec ricever\u00e0 anche l\u2019appoggio ufficiale delle componenti tecniche.Forse \u00e8 lui a essere poco gradito al Governo?<\/strong><\/p>\n<p class=\"disable\">\u00abLo ha detto lei\u2026 per quanto mi riguarda io ho pubblicamente dichiarato che Malag\u00f2 ha l\u2019esperienza, dopo aver guidato il Coni per molti anni, per succedere a Gabriele Gravina e ricoprire il ruolo di presidente della Figc nel migliore dei modi. E vorrei aggiungere un\u2019altra considerazione\u00bb.<\/p>\n<p class=\"disable\">\u00a0<\/p>\n<p><a href=\"https:\/\/www.dagospia.com\/media-gallery\/dago-fotogallery-508743\/2249031\" class=\"float-left img-wrapper\"><img decoding=\"async\" id=\"2249031\" loading=\"lazy\" src=\"https:\/\/static.dagospia.com\/img\/foto\/04-2026\/malago-2249031_800_q50.webp\"><span class=\"img-title\">malago<\/span><\/a><\/p>\n<p class=\"disable\"><strong>Cio\u00e8?<\/strong><\/p>\n<p class=\"disable\">\u00abSi parla tanto del commissario ma chi verrebbe scelto poi per assumere quell\u2019incarico? Qui occorrono competenza e celerit\u00e0 per riportare il calcio ad alti livelli\u00bb.<\/p>\n<p class=\"disable\">\u00a0<\/p>\n<p class=\"disable\"><strong>Al di l\u00e0 della responsabilit\u00e0 di Rocchi che dovr\u00e0 essere ancora provata, una riforma del settore arbitrale \u00e8 inevitabile?<\/strong><\/p>\n<p class=\"disable\">\u00abNon vedo come non lo possa essere. Io mi chiedo come sia possibile che nella folla di persone che abita le stanze di Lissone, fra Var e assistenti, arbitri che guardano e vivisezionano le immagini non ci possa essere spazio per un ex calciatore. Serve una figura che tecnicamente possa analizzare il frame e dire se \u00e8 simulazione oppure fallo\u2026 Occorre un ex giocatore che possa con la sua esperienza leggere le situazioni pi\u00f9 ambigue. Dovr\u00e0 essere inserito nella squadra arbitrale\u00bb.<\/p>\n<p class=\"disable\">\u00a0<\/p>\n<p><a href=\"https:\/\/www.dagospia.com\/media-gallery\/dago-fotogallery-508743\/1964791\" class=\"float-right img-wrapper\"><img decoding=\"async\" id=\"1964791\" loading=\"lazy\" src=\"https:\/\/static.dagospia.com\/img\/foto\/03-2024\/fabio-capello-1964791_800_q50.webp\"><span class=\"img-title\">FABIO CAPELLO <\/span><\/a><\/p>\n<p class=\"disable\">(\u2026)<\/p>\n<p class=\"disable\">\u00a0<\/p>\n<p class=\"disable\"><strong>Cosa le lascia, emotivamente, questa vicenda?<\/strong><\/p>\n<p class=\"disable\">\u00abHo letto con dispiacere ogni notizia relativa a questa nuova crisi che ha investito il calcio. Resto con tanti dubbi ma, come dicevo prima, piano a dare giudizi tranchant. \u00c8 solo un avviso di garanzia\u00bb.<\/p>\n<p class=\"disable\">\u00a0<\/p>\n<p class=\"disable\">\u00a0<\/p>\n<\/div>\n<div class=\"share-section\">\n                Condividi  questo articolo<\/p>\n<div class=\"socials\"><a href=\"https:\/\/www.dagospia.com\/sport\/fabio-capello-parla-caso-arbitropoli-dell-avviso-garanzia-rocchi-indagato-472315\"><img decoding=\"async\" src=\"https:\/\/static.dagospia.com\/img\/icons\/facebook.svg\" alt=\"Condividi su Facebook\"><\/a><a href=\"https:\/\/www.dagospia.com\/sport\/fabio-capello-parla-caso-arbitropoli-dell-avviso-garanzia-rocchi-indagato-472315\"><img decoding=\"async\" src=\"https:\/\/static.dagospia.com\/img\/icons\/x-icon.png\" alt=\"Condividi su X\"><\/a><a href=\"https:\/\/www.dagospia.com\/sport\/fabio-capello-parla-caso-arbitropoli-dell-avviso-garanzia-rocchi-indagato-472315\"><img decoding=\"async\" src=\"https:\/\/static.dagospia.com\/img\/icons\/whatsapp.svg\" alt=\"Condividi su Whatsapp\"><\/a><a href=\"https:\/\/www.dagospia.com\/sport\/fabio-capello-parla-caso-arbitropoli-dell-avviso-garanzia-rocchi-indagato-472315\"><img decoding=\"async\" src=\"https:\/\/static.dagospia.com\/img\/icons\/mail.svg\" alt=\"Invia in email\"><\/a><\/div>\n<\/div>\n<\/article>\n<div class=\"content\">\n<p class=\"disable\"><strong>Monica Colombo Per Il Corriere Della Sera &#8211; Estratti<\/strong><\/p>\n<p class=\"disable\">\u00a0<\/p>\n<p><a href=\"https:\/\/www.dagospia.com\/media-gallery\/dago-fotogallery-508743\/2208485\" class=\"float-right img-wrapper\"><img decoding=\"async\" id=\"2208485\" loading=\"lazy\" src=\"https:\/\/static.dagospia.com\/img\/foto\/12-2025\/fabio-capello-2208485_800_q50.webp\"><span class=\"img-title\">fabio capello<\/span><\/a><\/p>\n<p class=\"disable\">Fabio Capello, lei che ha et\u00e0 e curriculum tali da aver assistito a mille scandali del calcio, dal Totonero nel 1980 a Calciopoli di 20 anni fa, opinionista di Sky e commentatore per la Gazzetta dello Sport, come ha accolto la notizia dell\u2019avviso di garanzia recapitato a Gianluca Rocchi?<\/p>\n<p class=\"disable\">\u00a0<\/p>\n<p class=\"disable\">\u00abVorrei essere prudente perch\u00e9 l\u2019ex designatore \u00e8 solo indagato. Aspettiamo a trarre conclusioni affrettate, la mia speranza \u00e8 che dell\u2019accusa di concorso in frode sportiva non ci sia nulla di vero. Pensare a un nuovo illecito, dopo Calciopoli nel 2006, sarebbe grave\u00bb.<\/p>\n<p class=\"disable\">\u00a0<\/p>\n<p class=\"disable\"><strong>Cosa la turba?<\/strong><\/p>\n<p class=\"disable\">\u00abGi\u00e0 a livello sportivo-agonistico abbiamo commesso errori cos\u00ec gravi che non ci siamo qualificati al Mondiale per la terza edizione consecutiva. Immaginare condotte poco limpide della categoria degli arbitri sarebbe bruttissimo. Ma io sono contrario a emettere sentenze anticipate\u00bb.<\/p>\n<p><a href=\"https:\/\/www.dagospia.com\/media-gallery\/dago-fotogallery-508743\/1547415\" class=\"float-left img-wrapper\"><img decoding=\"async\" id=\"1547415\" loading=\"lazy\" src=\"https:\/\/static.dagospia.com\/img\/foto\/10-2021\/gianluca-rocchi-1547415_800_q50.webp\"><span class=\"img-title\">gianluca rocchi<\/span><\/a><\/p>\n<p class=\"disable\">\u00a0<\/p>\n<p class=\"disable\"><strong>Rispecchia in pieno il pensiero della Serie A che in una nota ha chiesto garantismo per evitare un danno reputazionale. \u00c8 d\u2019accordo?<\/strong><\/p>\n<p class=\"disable\">\u00abCertamente: innanzitutto il processo non \u00e8 ancora iniziato. Non siamo arrivati neanche al rinvio a giudizio su un singolo e sembra che debba crollare il sistema calcio. Circoscriviamo le responsabilit\u00e0\u00bb.<\/p>\n<p class=\"disable\">\u00a0<\/p>\n<p class=\"disable\"><strong>Lo sport \u00e8 preoccupato per la potenziale invasione di campo della politica che invoca il commissario. Lei cosa pensa?<\/strong><\/p>\n<p class=\"disable\">\u00abIn questo momento il mondo agonistico ha bisogno di certezze, e anche a breve termine. Occorre iniziare presto il percorso di riforme\u00bb.<\/p>\n<p class=\"disable\">\u00a0<\/p>\n<p class=\"disable\"><strong>Quindi?<\/strong><\/p>\n<p class=\"disable\">\u00abSono dubbioso che un commissario sia la panacea di tutti i mali: si perderebbe un sacco di tempo e le decisioni cruciali verrebbero rinviate. \u00a0Io procederei con le elezioni federali, come da programma, e parallelamente lavorerei a un piano di rilancio del calcio. E vorrei fare un\u2019osservazione\u00bb.<\/p>\n<p class=\"disable\">\u00a0<\/p>\n<p class=\"disable\"><strong>Prego.<\/strong><\/p>\n<p class=\"disable\">\u00abSe la memoria non mi inganna di recente sono stati due i commissariamenti, con Guido Rossi post Calciopoli e pi\u00f9 di recente nel 2018 con Roberto Fabbricini. Non ricordo provvedimenti epocali, insomma i risultati li abbiamo visti\u2026\u00bb.<\/p>\n<p><a href=\"https:\/\/www.dagospia.com\/media-gallery\/dago-fotogallery-508743\/2248731\" class=\"float-right img-wrapper\"><img decoding=\"async\" id=\"2248731\" loading=\"lazy\" src=\"https:\/\/static.dagospia.com\/img\/foto\/03-2026\/andrea-abodi-2248731_800_q50.webp\"><span class=\"img-title\">ANDREA ABODI<\/span><\/a><\/p>\n<p class=\"disable\">\u00a0<\/p>\n<p class=\"disable\"><strong>Il ministro dello Sport, Andrea Abodi, insiste: ha adombrato tale soluzione tra le righe anche nella nota di sabato\u2026<\/strong><\/p>\n<p class=\"disable\">\u00abNon voglio dare giudizi di merito in tal senso. Dico solo che prima si elegge un presidente della Figc e meglio \u00e8. Prendere tempo \u00e8 deleterio per il nostro movimento calcistico\u00bb.<\/p>\n<p class=\"disable\">\u00a0<\/p>\n<p class=\"disable\"><strong>Giovanni Malag\u00f2 nonostante il caos delle ultime ore non intende compiere passi indietro e mercoled\u00ec ricever\u00e0 anche l\u2019appoggio ufficiale delle componenti tecniche.Forse \u00e8 lui a essere poco gradito al Governo?<\/strong><\/p>\n<p class=\"disable\">\u00abLo ha detto lei\u2026 per quanto mi riguarda io ho pubblicamente dichiarato che Malag\u00f2 ha l\u2019esperienza, dopo aver guidato il Coni per molti anni, per succedere a Gabriele Gravina e ricoprire il ruolo di presidente della Figc nel migliore dei modi. E vorrei aggiungere un\u2019altra considerazione\u00bb.<\/p>\n<p class=\"disable\">\u00a0<\/p>\n<p><a href=\"https:\/\/www.dagospia.com\/media-gallery\/dago-fotogallery-508743\/2249031\" class=\"float-left img-wrapper\"><img decoding=\"async\" id=\"2249031\" loading=\"lazy\" src=\"https:\/\/static.dagospia.com\/img\/foto\/04-2026\/malago-2249031_800_q50.webp\"><span class=\"img-title\">malago<\/span><\/a><\/p>\n<p class=\"disable\"><strong>Cio\u00e8?<\/strong><\/p>\n<p class=\"disable\">\u00abSi parla tanto del commissario ma chi verrebbe scelto poi per assumere quell\u2019incarico? Qui occorrono competenza e celerit\u00e0 per riportare il calcio ad alti livelli\u00bb.<\/p>\n<p class=\"disable\">\u00a0<\/p>\n<p class=\"disable\"><strong>Al di l\u00e0 della responsabilit\u00e0 di Rocchi che dovr\u00e0 essere ancora provata, una riforma del settore arbitrale \u00e8 inevitabile?<\/strong><\/p>\n<p class=\"disable\">\u00abNon vedo come non lo possa essere. Io mi chiedo come sia possibile che nella folla di persone che abita le stanze di Lissone, fra Var e assistenti, arbitri che guardano e vivisezionano le immagini non ci possa essere spazio per un ex calciatore. Serve una figura che tecnicamente possa analizzare il frame e dire se \u00e8 simulazione oppure fallo\u2026 Occorre un ex giocatore che possa con la sua esperienza leggere le situazioni pi\u00f9 ambigue. Dovr\u00e0 essere inserito nella squadra arbitrale\u00bb.<\/p>\n<p class=\"disable\">\u00a0<\/p>\n<p><a href=\"https:\/\/www.dagospia.com\/media-gallery\/dago-fotogallery-508743\/1964791\" class=\"float-right img-wrapper\"><img decoding=\"async\" id=\"1964791\" loading=\"lazy\" src=\"https:\/\/static.dagospia.com\/img\/foto\/03-2024\/fabio-capello-1964791_800_q50.webp\"><span class=\"img-title\">FABIO CAPELLO <\/span><\/a><\/p>\n<p class=\"disable\">(\u2026)<\/p>\n<p class=\"disable\">\u00a0<\/p>\n<p class=\"disable\"><strong>Cosa le lascia, emotivamente, questa vicenda?<\/strong><\/p>\n<p class=\"disable\">\u00abHo letto con dispiacere ogni notizia relativa a questa nuova crisi che ha investito il calcio. Resto con tanti dubbi ma, come dicevo prima, piano a dare giudizi tranchant. \u00c8 solo un avviso di garanzia\u00bb.<\/p>\n<p class=\"disable\">\u00a0<\/p>\n<p class=\"disable\">\u00a0<\/p>\n<\/div>\n<article><a href=\"https:\/\/www.dagospia.com\/politica\/flash-come-si-e-arrivati-licenziamento-beatrice-venezi-c-e-ragione-piu-472316\"><\/p>\n<div class=\"img-wrapper\"><img decoding=\"async\" src=\"https:\/\/static.dagospia.com\/img\/patch\/04-2026\/meloni-buttafuoco-fenice-venezi-colabianchi-giuli-brugnaro-2257163_600_q50.webp\" alt=\"meloni buttafuoco fenice venezi colabianchi giuli brugnaro\" loading=\"lazy\"><time class=\"data-ora\">27 apr 20:12<\/time><\/div>\n<div class=\"excerpt\">\n<p>FLASH! \u2013 <span>DIETRO LA CACCIATA\u00a0DI BEATRICE VENEZI C&#8217;E&#8217; UNA RAGIONE PI\u00d9\u00a0\u201cPOLITICA\u201d CHE MUSICALE: A FINE MAGGIO SI VOTA A VENEZIA PER IL NUOVO SINDACO <\/span>CHE PRENDERA&#8217; IL POSTO DI BRUGNARO, GRAN SPONSOR DELLA\u00a0\u201cBACCHETTA NERA\u201d (COME ANCHE IL MAL-DESTRO ZAIA) &#8211; <span>QUANDO MELONI HA SBIRCIATO I SONDAGGI RISERVATI <\/span>CHE VEDE IL CENTROSINISTRA AVANTI, SOSPINTO DALLO SCANDALOSO CASO-VENEZI (CHE STRAPPA ALLA DESTRA\u00a04-5%), GLI OTOLITI SONO ANDATI IN TILT &#8211; <span>E ALLA PRIMA OCCASIONE, CON LE IMPROVVIDE DICHIARAZIONI DI \u201cBEATROCE\u201d CONTRO L\u2019ORCHESTRA, \u00c8\u00a0STATA LICENZIATA &#8211;\u00a0<\/span>LO STESSO &#8221;SENTIMENT&#8221; VALE PER BUTTAFUOCO, MA IL PRESIDENTE DELLA BIENNALE, PIU&#8217; FURBO, NON OFFRE PER ORA IL FIANCO PER LIQUIDARLO &#8211; <span>E SE VENISSE CACCIATO, A DIFFERENZA DI VENEZI, HA L&#8217;\u201cINTELLIGHENZIA\u201d DEI SINISTRATI<\/span> CHE LODA L&#8217;INTELLETTUALITA&#8217; DEL FASCIO-MUSULMANO CHE APRE IL PADIGLIONE AI RUSSI&#8230;.<\/p>\n<\/div>\n<p><\/a><\/article>\n<article><a href=\"https:\/\/www.dagospia.com\/sport\/caso-rocchi-abodi-giorgetti-l-idea-commissariare-figc-meloni-considera-472320\"><\/p>\n<div class=\"img-wrapper\"><img decoding=\"async\" src=\"https:\/\/static.dagospia.com\/img\/patch\/04-2026\/giovanni-malago-giorgia-meloni-giancarlo-giorgetti-andrea-abodi-gianluca-rocchi-2257188_600_q50.webp\" alt=\"giovanni malago giorgia meloni giancarlo giorgetti andrea abodi gianluca rocchi \" loading=\"lazy\"><time class=\"data-ora\">27 apr 19:31<\/time><\/div>\n<div class=\"excerpt\">\n<p>DAGOREPORT <span>&#8211; IL CASO ROCCHI E&#8217; ARRIVATO COME IL CACIO SUI MACCHERONI PER ABODI E GIORGETTI,<\/span> PRETESTO PERFETTO PER COMMISSARIARE LA FIGC, SCONGIURANDO IL RISCHIO CHE COSI&#8217; POSSA CADERE NELLE MANI DELL&#8217;INAFFIDABILE MALAGO\u2019 &#8211; <span>LANCIATO DA DE LAURENTIIS, &#8220;MEGALO&#8217; SAREBBE IN LIEVE VANTAGGIO SUL FILO-GOVERNATIVO ABETE<\/span> &#8211;\u00a0A PARTE GIANNI LETTA, TUTTO IL GOVERNO, IN PRIMIS IL DUO ABODI-GIORGETTI, DETESTA L&#8217;IDEA DI MALAGO&#8217; E\u00a0<font color=\"#ff0000\">PUNTEREBBE A NOMINARE<\/font>\u00a0COMMISSARIO FIGC IL PRESIDENTE DI SPORT E SALUTE, MARCO MEZZAROMA, CARO ALLA FIAMMA MELONIANA\u2026<\/p>\n<\/div>\n<p><\/a><\/article>\n<article><a href=\"https:\/\/www.dagospia.com\/politica\/dagoreport-uniche-pompe-non-piacciono-trump-quelle-benzina-e-vero-472319\"><\/p>\n<div class=\"img-wrapper\"><img decoding=\"async\" src=\"https:\/\/static.dagospia.com\/img\/patch\/04-2026\/donald-trump-benzinaio-benzina-petrolio-greggio-2251186_600_q50.webp\" alt=\"donald trump benzinaio benzina petrolio greggio \" loading=\"lazy\"><time class=\"data-ora\">27 apr 17:11<\/time><\/div>\n<div class=\"excerpt\">\n<p>DAGOREPORT \u2013 <span>LE UNICHE POMPE CHE NON PIACCIONO A TRUMP SONO QUELLE DI BENZINA! \u00c8 VERO CHE LE ESPORTAZIONI DI GREGGIO AMERICANE CRESCONO A RITMI RECORD, MA IL PREZZO AL GALLONE NEI DISTRIBUTORI AMERICANI RESTA AI MASSIMI: <\/span>IL CAOS IN MEDIORIENTE \u00c8\u00a0STATO UN BOOMERANG VISTO CHE LO SCOTTO PEGGIORE LO STANNO PAGANDO I CITTADINI (SI VENDICHERANNO ALLE MIDTERM?), CHE HANNO LA BENZINA ALLE STELLE MENTRE I PRODUTTORI FANNO PROFITTI RECORD \u2013 IL MINISTRO DEGLI ESTERI IRANIANO, ARAGHCHI, VOLA A MOSCA E TRATTA CON QATAR E SAUDITI (MA NON CON EMIRATI E BAHREIN, CHE HANNO FIRMATO GLI ACCORDI DI ABRAMO CON ISRAELE)<\/p>\n<\/div>\n<p><\/a><\/article>\n<article><a href=\"https:\/\/www.dagospia.com\/media-tv\/dagoreport-la-repubblica-atene-theodore-kyriakou-idee-repubblica-472317\"><\/p>\n<div class=\"img-wrapper\"><img decoding=\"async\" src=\"https:\/\/static.dagospia.com\/img\/patch\/04-2026\/kyriakou-repubblica-radio-capital-tv8-2257164_600_q50.webp\" alt=\"kyriakou repubblica radio capital tv8\" loading=\"lazy\"><time class=\"data-ora\">27 apr 17:05<\/time><\/div>\n<div class=\"excerpt\">\n<p><span>DAGOREPORT <\/span>&#8211; \u201cLA REPUBBLICA\u201d DI ATENE \u2013 THEODORE KYRIAKOU VUOLE CAPIRE CHE DIREZIONE DARE AL GRUPPO GEDI E SE C\u2019\u00c8 UNO SPAZIO POLITICO (E COMMERCIALE) PER <span>DARE A \u201cREPUBBLICA\u201d UN ORIENTAMENTO PI\u00d9 MARCATAMENTE DI SINISTRA. <\/span>LA SVOLTA DEL QUOTIDIANO SI DOVREBBE ACCOMPAGNARE, NELLE INTENZIONI DELL\u2019EDITORE GRECO,<span> A UN INVESTIMENTO TELEVISIVO.<\/span> LA SUA IDEA \u00c8 QUELLA DI TRASFORMARE IN CANALE DIGITALE \u201cRADIO CAPITAL TV\u201d, GI\u00c0 DI PROPRIET\u00c0 DEL GRUPPO, MA NON \u00c8 ESCLUSO (E DIPENDER\u00c0 DAL PREZZO) <span>L\u2019ASSALTO A TV8 DEL GRUPPO SKY&#8230;<\/span><\/p>\n<\/div>\n<p><\/a><\/article>\n<article><a href=\"https:\/\/www.dagospia.com\/politica\/dagoreport-giorgia-meloni-questa-volta-fa-bene-incazzarsi-giancarlo-472264\"><\/p>\n<div class=\"img-wrapper\"><img decoding=\"async\" src=\"https:\/\/static.dagospia.com\/img\/patch\/04-2026\/giorgia-meloni-giancarlo-giorgetti-daria-perrotta-2257041_600_q50.webp\" alt=\"giorgia meloni giancarlo giorgetti daria perrotta \" loading=\"lazy\"><time class=\"data-ora\">27 apr 13:01<\/time><\/div>\n<div class=\"excerpt\">\n<p>DAGOREPORT \u2013\u00a0GIORGIA MELONI QUESTA VOLTA FA BENE A INCAZZARSI CON GIANCARLO GIORGETTI:\u00a0IL PASTROCCHIO SUL DEFICIT AL 3,1% (L\u2019ITALIA RESTER\u00c0 SOTTO PROCEDURA D\u2019INFRAZIONE PER LA MISERIA DI 600 MILIONI DI EURO)\u00a0<span>\u00c8\u00a0TUTTA FARINA DEL SACCO DEL MEF, E DELLA RAGIONIERA DELLO STATO DARIA PERROTTA (CHE NON HA AVUTO IL CARISMA PER ENTRARE IN SINTONIA CON L&#8217;APPARATO CORPORATIVO DEL MINISTERO)\u00a0<\/span>\u2013 SE CI FOSSE STATO UN VECCHIO VOLPONE COME BIAGIO MAZZOTTA O UN ALTRO GRAND COMMIS DI QUELLI TANTO INVISI ALLA \u201cFIAMMA MAGICA\u201d, UNA SOLUZIONE SI SAREBBE TROVATA, E QUELLO 0,1% SAREBBE STATO ARROTONDATO &#8211;\u00a0<span>COLPA DELLA INFAUSTA GUERRA AL DEEP STATE INIZIATA DAL GOVERNO MELONI&#8230;<\/span><\/p>\n<\/div>\n<p><\/a><\/article>\n<article><a href=\"https:\/\/www.dagospia.com\/politica\/trump-e-cosi-incazzato-i-paesi-europei-per-mancato-appoggio-guerra-in-472212\"><\/p>\n<div class=\"img-wrapper\"><img decoding=\"async\" src=\"https:\/\/static.dagospia.com\/img\/patch\/02-2025\/vladimir-putin-donald-trump-ue-europa-2100675_600_q50.webp\" alt=\"vladimir putin donald trump ue europa \" loading=\"lazy\"><time class=\"data-ora\">26 apr 18:14<\/time><\/div>\n<div class=\"excerpt\">\n<p><span>DAGOREPORT &#8211; TRUMP E\u2019 COSI\u2019 INCAZZATO CON I PAESI EUROPEI PER IL MANCATO APPOGGIO ALLA GUERRA IN IRAN CHE MEDITA LA SUA VENDETTA\u00a0<\/span>&#8211; POTREBBE DISERTARE IL PROSSIMO VERTICE DEL G7 A EVIAN, IN FRANCIA, DAL 15 AL 17 GIUGNO &#8211; UN PRIMO, CHIARO, SEGNALE DI SMARCAMENTO: SE VOI NON CI SIETE PER ME, IO NON CI SAR\u00d2 PER VOI &#8211; POTREBBE FARE IL BIS AL VERTICE NATO PREVISTO AD ANKARA, IN TURCHIA, IL 7 E L\u20198 LUGLIO 2026 (E IL\u00a0SEGRETARIO ALLA DIFESA PETE HEGSETH SPINGE PER RENDERE I VERTICI NATO A CADENZA BIENNALE E NON ANNUALE: UN ULTERIORE SGANCIAMENTO) &#8211;\u00a0<span>IL CEFFONE FINALE AI PAESI EUROPEI TRUMP CONTA DI DARLO AL G20 PREVISTO A MIAMI IL 14 E 15 DICEMBRE 2026<\/span>: AL VERTICE VUOLE INVITARE PUTIN. UNA PRESENZA CHE CLAMOROSA E DEFLAGRANTE PER L\u2019ASSE EURO-ATLANTICO: RITROVARSI AL TAVOLO PUTIN, SU CUI PENDE UN MANDATO DI CATTURA INTERNAZIONALE PER CRIMINI DI GUERRA IN UCRAINA, A UN CONSESSO NEGLI STATI UNITI (NON IN SUDAFRICA O IN BRASILE), E IN PRESENZA DI TUTTI GLI ALTRI LEADER EUROPEI, SAREBBE LO SPUTO NELL\u2019OCCHIO DEFINITIVO\u2026<\/p>\n<\/div>\n<p><\/a><\/article>\n<article><a href=\"https:\/\/www.dagospia.com\/politica\/pasqua-merda-per-matteo-piantedosi-dopo-claudia-conte-rivelato-urbi-et-469960\"><\/p>\n<div class=\"img-wrapper\"><img decoding=\"async\" src=\"https:\/\/static.dagospia.com\/img\/patch\/04-2026\/matteo-piantedosi-come-gennaro-sangiuliano-meme-claudia-conte-2249972_600_q50.webp\" alt=\"matteo piantedosi come gennaro sangiuliano meme claudia conte \" loading=\"lazy\"><\/div>\n<div class=\"excerpt\">CHE PASQUA DI MERDA PER MATTEO PIANTEDOSI! &#8211; DOPO CHE CLAUDIA CONTE HA RIVELATO URBI ET ORBI DI\u2026<\/div>\n<p><\/a><\/article>\n<article><a href=\"https:\/\/www.dagospia.com\/cronache\/michael-jackson-mi-abbasso-i-pantaloncini-mentre-giocavo-game-boy-470026\"><\/p>\n<div class=\"img-wrapper\"><img decoding=\"async\" src=\"https:\/\/static.dagospia.com\/img\/patch\/04-2026\/michael-jackson-aldo-cascio-2250437_600_q50.webp\" alt=\"michael jackson aldo cascio \" loading=\"lazy\"><\/div>\n<div class=\"excerpt\">\u201cMICHAEL JACKSON MI ABBASS\u00d2 I PANTALONCINI MENTRE GIOCAVO AL GAME BOY\u201d \u2013 LE TESTIMONIANZE DEI\u2026<\/div>\n<p><\/a><\/article>\n<article><a href=\"https:\/\/www.dagospia.com\/cafonal\/pardo-max-giusti-metti-sera-cena-eminenze-gricie-dell-edonismo-472056\"><\/p>\n<div class=\"img-wrapper\"><img decoding=\"async\" src=\"https:\/\/static.dagospia.com\/img\/patch\/04-2026\/ristorante-la-pisanella-2256575_600_q50.webp\" alt loading=\"lazy\"><\/div>\n<div class=\"excerpt\">DA PARDO A MAX GIUSTI: METTI UNA SERA A CENA LE \u201cEMINENZE GRICIE\u201d DELL\u2019EDONISMO ROMANELLO \u2013 AL\u2026<\/div>\n<p><\/a><\/article>\n<article><a href=\"https:\/\/www.dagospia.com\/media-tv\/pillole-gossip-elodie-franceska-limonano-pochi-passi-472290\"><\/p>\n<div class=\"img-wrapper\"><img decoding=\"async\" src=\"https:\/\/static.dagospia.com\/img\/patch\/04-2026\/pillole-avanti-gossip-2257085_600_q50.webp\" alt=\"pillole avanti gossip\" loading=\"lazy\"><\/div>\n<div class=\"excerpt\">PILLOLE DI GOSSIP! IL TRIANGOLO, S\u00cc! 25 APRILE\u00a0ELODIE E FRANCESKA SI SONO RITROVATE A POCHI PASSI\u2026<\/div>\n<p><\/a><\/article>\n<article><a href=\"https:\/\/www.dagospia.com\/sport\/col-vento-in-poppe-riconoscete-scio-girl-sogna-diventare-imprenditrice-472292\"><\/p>\n<div class=\"img-wrapper\"><img decoding=\"async\" src=\"https:\/\/static.dagospia.com\/img\/patch\/04-2026\/chiara-nasti-2257096_600_q50.webp\" alt=\"chiara nasti\" loading=\"lazy\"><\/div>\n<div class=\"excerpt\">COL VENTO IN POPPE! LA RICONOSCETE? LA SCIO\u2019-GIRL SOGNA DI DIVENTARE UNA IMPRENDITRICE NEL SETTORE\u2026<\/div>\n<p><\/a><\/article>\n<article><a href=\"https:\/\/www.dagospia.com\/politica\/flash-come-si-e-arrivati-licenziamento-beatrice-venezi-c-e-ragione-piu-472316\"><\/p>\n<div class=\"img-wrapper\"><img decoding=\"async\" src=\"https:\/\/static.dagospia.com\/img\/patch\/04-2026\/meloni-buttafuoco-fenice-venezi-colabianchi-giuli-brugnaro-2257163_600_q50.webp\" alt=\"meloni buttafuoco fenice venezi colabianchi giuli brugnaro\" loading=\"lazy\"><\/div>\n<div class=\"excerpt\">FLASH! \u2013 DIETRO LA CACCIATA\u00a0DI BEATRICE VENEZI C&#8217;E&#8217; UNA RAGIONE PI\u00d9\u00a0\u201cPOLITICA\u201d CHE MUSICALE: A FINE\u2026<\/div>\n<p><\/a><\/article>\n<article><a href=\"https:\/\/www.dagospia.com\/sport\/caso-rocchi-abodi-giorgetti-l-idea-commissariare-figc-meloni-considera-472320\"><\/p>\n<div class=\"img-wrapper\"><img decoding=\"async\" src=\"https:\/\/static.dagospia.com\/img\/patch\/04-2026\/giovanni-malago-giorgia-meloni-giancarlo-giorgetti-andrea-abodi-gianluca-rocchi-2257188_600_q50.webp\" alt=\"giovanni malago giorgia meloni giancarlo giorgetti andrea abodi gianluca rocchi \" loading=\"lazy\"><\/div>\n<div class=\"excerpt\">DAGOREPORT &#8211; IL CASO ROCCHI E&#8217; ARRIVATO COME IL CACIO SUI MACCHERONI PER ABODI E GIORGETTI,\u2026<\/div>\n<p><\/a><\/article>\n<article><a href=\"https:\/\/www.dagospia.com\/politica\/dagoreport-uniche-pompe-non-piacciono-trump-quelle-benzina-e-vero-472319\"><\/p>\n<div class=\"img-wrapper\"><img decoding=\"async\" src=\"https:\/\/static.dagospia.com\/img\/patch\/04-2026\/donald-trump-benzinaio-benzina-petrolio-greggio-2251186_600_q50.webp\" alt=\"donald trump benzinaio benzina petrolio greggio \" loading=\"lazy\"><\/div>\n<div class=\"excerpt\">DAGOREPORT \u2013 LE UNICHE POMPE CHE NON PIACCIONO A TRUMP SONO QUELLE DI BENZINA! \u00c8 VERO CHE LE\u2026<\/div>\n<p><\/a><\/article>\n<article><a href=\"https:\/\/www.dagospia.com\/media-tv\/dagoreport-la-repubblica-atene-theodore-kyriakou-idee-repubblica-472317\"><\/p>\n<div class=\"img-wrapper\"><img decoding=\"async\" src=\"https:\/\/static.dagospia.com\/img\/patch\/04-2026\/kyriakou-repubblica-radio-capital-tv8-2257164_600_q50.webp\" alt=\"kyriakou repubblica radio capital tv8\" loading=\"lazy\"><\/div>\n<div class=\"excerpt\">DAGOREPORT &#8211; \u201cLA REPUBBLICA\u201d DI ATENE \u2013 THEODORE KYRIAKOU VUOLE CAPIRE CHE DIREZIONE DARE AL GRUPPO\u2026<\/div>\n<p><\/a><\/article>\n<article><a href=\"https:\/\/www.dagospia.com\/politica\/dagoreport-giorgia-meloni-questa-volta-fa-bene-incazzarsi-giancarlo-472264\"><\/p>\n<div class=\"img-wrapper\"><img decoding=\"async\" src=\"https:\/\/static.dagospia.com\/img\/patch\/04-2026\/giorgia-meloni-giancarlo-giorgetti-daria-perrotta-2257041_600_q50.webp\" alt=\"giorgia meloni giancarlo giorgetti daria perrotta \" loading=\"lazy\"><\/div>\n<div class=\"excerpt\">DAGOREPORT \u2013\u00a0GIORGIA MELONI QUESTA VOLTA FA BENE A INCAZZARSI CON GIANCARLO GIORGETTI:\u00a0IL\u2026<\/div>\n<p><\/a><\/article>\n<article><a href=\"https:\/\/www.dagospia.com\/politica\/trump-e-cosi-incazzato-i-paesi-europei-per-mancato-appoggio-guerra-in-472212\"><\/p>\n<div class=\"img-wrapper\"><img decoding=\"async\" src=\"https:\/\/static.dagospia.com\/img\/patch\/02-2025\/vladimir-putin-donald-trump-ue-europa-2100675_600_q50.webp\" alt=\"vladimir putin donald trump ue europa \" loading=\"lazy\"><\/div>\n<div class=\"excerpt\">DAGOREPORT &#8211; TRUMP E\u2019 COSI\u2019 INCAZZATO CON I PAESI EUROPEI PER IL MANCATO APPOGGIO ALLA GUERRA IN\u2026<\/div>\n<p><\/a><\/article>\n<article><a href=\"https:\/\/www.dagospia.com\/politica\/dagoreport-la-storia-mai-raccontata-dell-irresistibile-ascesa-rovinosa-471816\"><\/p>\n<div class=\"img-wrapper\"><img decoding=\"async\" src=\"https:\/\/static.dagospia.com\/img\/patch\/04-2026\/luigi-ciro-de-lisi-matteo-salvini-giorgia-meloni-giuseppe-del-deo-mario-parente--2256581_600_q50.webp\" alt=\"luigi ciro de lisi matteo salvini giorgia meloni giuseppe del deo mario parente gaetano caputi  alfredo mantovano\" loading=\"lazy\"><\/div>\n<div class=\"excerpt\">DAGOREPORT &#8211; LA STORIA MAI RACCONTATA DELL&#8217;IRRESISTIBILE ASCESA E ROVINOSA CADUTA DI GIUSEPPE DEL\u2026<\/div>\n<p><\/a><\/article>\n<article><a href=\"https:\/\/www.dagospia.com\/politica\/brera-volta-pinacoteca-milanese-e-diventata-discount-471997\"><\/p>\n<div class=\"img-wrapper\"><img decoding=\"async\" src=\"https:\/\/static.dagospia.com\/img\/patch\/04-2026\/giancarla-rondinelli-brera-2256327_600_q50.webp\" alt=\"giancarla rondinelli brera \" loading=\"lazy\"><\/div>\n<div class=\"excerpt\">BRERA UNA VOLTA &#8211; LA PINACOTECA MILANESE\u00a0\u00c8 DIVENTATA UN DISCOUNT DELL\u2019INTRATTENIMENTO: LA\u2026<\/div>\n<p><\/a><\/article>\n<article><a href=\"https:\/\/www.dagospia.com\/business\/salutame-calta-cda-mps-rifila-vaffa-all-83enne-costruttore-cesare-471949\"><\/p>\n<div class=\"img-wrapper\"><img decoding=\"async\" src=\"https:\/\/static.dagospia.com\/img\/patch\/04-2026\/monte-dei-paschi-di-siena-mps-francesco-gaetano-caltagirone-luigi-lovaglio-cesar-2256179_600_q50.webp\" alt=\"monte dei paschi di siena mps francesco gaetano caltagirone luigi lovaglio cesare bisoni gaetano caputi vittorio grilli \" loading=\"lazy\"><\/div>\n<div class=\"excerpt\">SALUTAME A \u201cCALTA\u201d \u2013 IL CDA DI MPS RIFILA UN ALTRO \u201cVAFFA\u201d ALL\u201983ENNE COSTRUTTORE: CESARE BISONI \u00c8\u2026<\/div>\n<p><\/a><\/article>\n<article><a href=\"https:\/\/www.dagospia.com\/politica\/ignazio-russa-legge-dagospia-non-si-trova-per-nulla-d-accordo-ci-manda-471827\"><\/p>\n<div class=\"img-wrapper\"><img decoding=\"async\" src=\"https:\/\/static.dagospia.com\/img\/patch\/12-2025\/meloni-la-russa-2209089_600_q50.webp\" alt=\"meloni la russa\" loading=\"lazy\"><\/div>\n<div class=\"excerpt\">IL CO-FONDATORE DI FRATELLI D\u2019ITALIA E SECONDA CARICA DELLO STATO, IL POCO PALUDATO PRESIDENTE DEL\u2026<\/div>\n<p><\/a><\/article>\n<article><a href=\"https:\/\/www.dagospia.com\/cafonal\/pardo-max-giusti-metti-sera-cena-eminenze-gricie-dell-edonismo-472056\"><\/p>\n<div class=\"img-wrapper\"><img decoding=\"async\" src=\"https:\/\/static.dagospia.com\/img\/patch\/04-2026\/ristorante-la-pisanella-2256575_600_q50.webp\" alt loading=\"lazy\"><\/div>\n<div class=\"excerpt\">DA PARDO A MAX GIUSTI: METTI UNA SERA A CENA LE \u201cEMINENZE GRICIE\u201d DELL\u2019EDONISMO ROMANELLO \u2013 AL\u2026<\/div>\n<p><\/a><\/article>\n<article><a href=\"https:\/\/www.dagospia.com\/cafonal\/ne-andavo-quella-roma-nella-capitale-in-zona-talenti-intitolato-parco-remo-472030\"><\/p>\n<div class=\"img-wrapper\"><img decoding=\"async\" src=\"https:\/\/static.dagospia.com\/img\/patch\/04-2026\/inaugurazione-del-parco-remo-remotti-massimiliano-bruno-nicola-pistoia-michela-a-2256496_600_q50.webp\" alt=\"inaugurazione del parco remo remotti - massimiliano bruno nicola pistoia michela andreozzi luisa pistoia sabina guzzanti stefano fresi tommaso zanello piotta federica remotti - 5\" loading=\"lazy\"><\/div>\n<div class=\"excerpt\">VIDEO!&#8221;ME NE ANDAVO DA QUELLA ROMA\u2026!&#8221; NELLA CAPITALE, IN ZONA TALENTI, E\u2019 STATO INTITOLATO UN PARCO\u2026<\/div>\n<p><\/a><\/article>\n<article><a href=\"https:\/\/www.dagospia.com\/cafonal\/cafonal-all-opera-mi-porti-luca-guadagnino-maggio-fiorentino-the-death-471907\"><\/p>\n<div class=\"img-wrapper\"><img decoding=\"async\" src=\"https:\/\/static.dagospia.com\/img\/patch\/04-2026\/guadagnino-2256066_600_q50.webp\" alt=\"guadagnino\" loading=\"lazy\"><\/div>\n<div class=\"excerpt\">CAFONAL ALL\u2019OPERA &#8211; MI PORTI UN LUCA GUADAGNINO A FIRENZE \u2013 IL REGISTA PORTA IN SCENA AL MAGGIO\u2026<\/div>\n<p><\/a><\/article>\n<article><a href=\"https:\/\/www.dagospia.com\/cafonal\/cafonal-pallitto-chanel-totti-metri-trash-figlia-pupone-diventa-471192\"><\/p>\n<div class=\"img-wrapper\"><img decoding=\"async\" src=\"https:\/\/static.dagospia.com\/img\/patch\/04-2026\/2026pallitto-2253852_600_q50.webp\" alt loading=\"lazy\"><\/div>\n<div class=\"excerpt\">CAFONAL \u2013 PALLITTO-CHANEL TOTTI: TRE METRI SOPRA IL TRASH! LA FIGLIA DEL PUPONE DIVENTA LA\u2026<\/div>\n<p><\/a><\/article>\n<article><a href=\"https:\/\/www.dagospia.com\/cafonal\/cafonalino-cinema-caravaggio-roma-l-anteprima-film-a-year-in-london-471080\"><\/p>\n<div class=\"img-wrapper\"><img decoding=\"async\" src=\"https:\/\/static.dagospia.com\/img\/patch\/04-2026\/2026fendi-2253486_600_q50.webp\" alt=\"2026fendi\" loading=\"lazy\"><\/div>\n<div class=\"excerpt\">CAFONALINO! &#8211; AL CINEMA CARAVAGGIO DI ROMA ACCORRE UNA NUTRITA RAPPRESENTANZA DELLA FAMIGLIA FENDI\u2026<\/div>\n<p><\/a><\/article>\n<article><a href=\"https:\/\/www.dagospia.com\/cafonal\/cafonalino-maxxi-serena-bortone-presenta-suo-romanzo-quel-provolone-470822\"><\/p>\n<div class=\"img-wrapper\"><img decoding=\"async\" src=\"https:\/\/static.dagospia.com\/img\/patch\/04-2026\/2026bortone-serena-bortone-2252798_600_q50.webp\" alt=\"2026bortone serena bortone\" loading=\"lazy\"><\/div>\n<div class=\"excerpt\">CAFONALINO! \u2013\u00a0AL MAXXI DI ROMA SERENA BORTONE PRESENTA IL SUO ROMANZO \u201cLE DIRIMPETTAIE\u201d, AFFIANCATA\u2026<\/div>\n<p><\/a><\/article>\n<p>[analyse_source url=&#8221;https:\/\/www.dagospia.com\/sport\/fabio-capello-parla-caso-arbitropoli-dell-avviso-garanzia-rocchi-indagato-472315&#8243;]<\/p>\n","protected":false},"excerpt":{"rendered":"<p>[analyse_image type=&#8221;featured&#8221; src=&#8221;https:\/\/static.dagospia.com\/img\/patch\/04-2026\/capello-rocchi-malago-2257158_600_q50.webp&#8221;] 27 apr 2026 18:53 \u201cA 20 ANNI DA CALCIOPOLI RICADERE IN UN ALTRO ILLECITO SAREBBE MOLTO GRAVE SPERO NON CI SIA NULLA DI VERO\u201d \u2013 FABIO CAPELLO PARLA DEL CASO ARBITROPOLI E DELL\u2019AVVISO DI GARANZIA A ROCCHI INDAGATO PER CONCORSO IN FRODE SPORTIVA: \u201cIMMAGINARE CONDOTTE POCO LIMPIDE DELLA CATEGORIA DEGLI ARBITRI SAREBBE [&hellip;]<\/p>\n","protected":false},"author":1,"featured_media":0,"comment_status":"open","ping_status":"","sticky":false,"template":"","format":"standard","meta":{"footnotes":""},"categories":[87],"tags":[226,149],"class_list":["post-1905995","post","type-post","status-publish","format-standard","hentry","category-italy","tag-crawlmanager","tag-dagospia-com"],"_links":{"self":[{"href":"https:\/\/analyse.optim.biz\/index.php?rest_route=\/wp\/v2\/posts\/1905995","targetHints":{"allow":["GET"]}}],"collection":[{"href":"https:\/\/analyse.optim.biz\/index.php?rest_route=\/wp\/v2\/posts"}],"about":[{"href":"https:\/\/analyse.optim.biz\/index.php?rest_route=\/wp\/v2\/types\/post"}],"author":[{"embeddable":true,"href":"https:\/\/analyse.optim.biz\/index.php?rest_route=\/wp\/v2\/users\/1"}],"replies":[{"embeddable":true,"href":"https:\/\/analyse.optim.biz\/index.php?rest_route=%2Fwp%2Fv2%2Fcomments&post=1905995"}],"version-history":[{"count":0,"href":"https:\/\/analyse.optim.biz\/index.php?rest_route=\/wp\/v2\/posts\/1905995\/revisions"}],"wp:attachment":[{"href":"https:\/\/analyse.optim.biz\/index.php?rest_route=%2Fwp%2Fv2%2Fmedia&parent=1905995"}],"wp:term":[{"taxonomy":"category","embeddable":true,"href":"https:\/\/analyse.optim.biz\/index.php?rest_route=%2Fwp%2Fv2%2Fcategories&post=1905995"},{"taxonomy":"post_tag","embeddable":true,"href":"https:\/\/analyse.optim.biz\/index.php?rest_route=%2Fwp%2Fv2%2Ftags&post=1905995"}],"curies":[{"name":"wp","href":"https:\/\/api.w.org\/{rel}","templated":true}]}}