{"id":1905929,"date":"2026-04-27T13:56:44","date_gmt":"2026-04-27T10:56:44","guid":{"rendered":"https:\/\/analyse.optim.biz\/?p=1905929"},"modified":"2026-04-27T13:56:44","modified_gmt":"2026-04-27T10:56:44","slug":"timisul-in-centrul-atentiei-la-bruxelles-promovare-europeana-pentru-banat","status":"publish","type":"post","link":"https:\/\/analyse.optim.biz\/?p=1905929","title":{"rendered":"Timi\u0219ul, \u00een centrul aten\u021biei la Bruxelles: promovare european\u0103 pentru Banat"},"content":{"rendered":"<p>[analyse_image type=&#8221;featured&#8221; src=&#8221;https:\/\/orasul-timisoara.ro\/wp-content\/uploads\/2026\/04\/Delegatie-Timis_20260425_140321.jpg&#8221;]<\/p>\n<article id=\"post-38403\" class=\"td-post-template-7 post-38403 post type-post status-publish format-standard has-post-thumbnail category-featured category-stiri-timisoara category-turism tag-arthis-fest tag-banat-traditii tag-consiliul-judetean-timis tag-cultura-europeana tag-diaspora-romaneasca-2 tag-gastronomie-banat tag-promovare-turistica-2 tag-timis-bruxelles tag-visit-timis td-container-wrap\">\n<div class=\"td-full-screen-header-image-wrap\">\n<div class=\"td-container td-post-header\">\n<div class=\"td-crumb-container\">\n<div class=\"entry-crumbs\"><span><a title=\"Vede\u021bi toate articolele \u00een \u0218tiri Locale\" class=\"entry-crumb\" href=\"https:\/\/orasul-timisoara.ro\/local-category\/stiri-timisoara\/\">\u0218tiri Locale<\/a><\/span><span class=\"td-bred-no-url-last\">Timi\u0219ul, \u00een centrul aten\u021biei la Bruxelles: promovare european\u0103 pentru Banat<\/span><\/div>\n<\/div>\n<div class=\"td-post-header-holder\">\n<div class=\"td-parallax-header\">\n<header class=\"td-post-title\">\n<ul class=\"td-category\">\n<li class=\"entry-category\"><a href=\"https:\/\/orasul-timisoara.ro\/local-category\/stiri-timisoara\/\">\u0218tiri Locale<\/a><\/li>\n<li class=\"entry-category\"><a href=\"https:\/\/orasul-timisoara.ro\/local-category\/turism\/\">Turism<\/a><\/li>\n<\/ul>\n<h1 class=\"entry-title\">Timi\u0219ul, \u00een centrul aten\u021biei la Bruxelles: promovare european\u0103 pentru Banat<\/h1>\n<div class=\"td-module-meta-info\">\n<div class=\"td-post-author-name\">\n<div class=\"td-author-by\">De c\u0103tre<\/div>\n<p><a href=\"https:\/\/orasul-timisoara.ro\/author\/timisoara\/\">redactia<\/a><\/p>\n<div class=\"td-author-line\"> &#8211; <\/div>\n<\/div>\n<p><span class=\"td-post-date\"><time class=\"entry-date updated td-module-date\" datetime=\"2026-04-27T16:56:44+03:00\">27\/04\/2026<\/time><\/span><\/div>\n<\/header>\n<\/div>\n<\/div>\n<\/div>\n<div id=\"td-full-screen-header-image\" class=\"td-image-gradient-style7\"><img decoding=\"async\" class=\"td-backstretch\" src=\"https:\/\/orasul-timisoara.ro\/wp-content\/uploads\/2026\/04\/Delegatie-Timis_20260425_140321.jpg\"><\/div>\n<\/div>\n<div class=\"td-container\">\n<div class=\"td-pb-row\">\n<div class=\"td-pb-span8 td-main-content\" role=\"main\">\n<div class=\"td-ss-main-content\">\n<div class=\"td-post-sharing-top\">\n<div class=\"td-post-sharing-classic\"><iframe title=\"topFacebookLike\" frameborder src=\"https:\/\/www.facebook.com\/plugins\/like.php?href=https:\/\/orasul-timisoara.ro\/local-38403\/&amp;layout=button_count&amp;show_faces=false&amp;width=105&amp;action=like&amp;colorscheme=light&amp;height=21\"><\/iframe><\/div>\n<div id=\"td_social_sharing_article_top\" class=\"td-post-sharing td-ps-bg td-ps-notext td-post-sharing-style1 \">\n<div class=\"td-post-sharing-visible\"><a class=\"td-social-sharing-button td-social-sharing-button-js td-social-network td-social-facebook\" href=\"https:\/\/www.facebook.com\/sharer.php?u=https%3A%2F%2Forasul-timisoara.ro%2Flocal-38403%2F\" title=\"Facebook\"><\/p>\n<div class=\"td-social-but-text\">Facebook<\/div>\n<p><\/a><a class=\"td-social-sharing-button td-social-sharing-button-js td-social-network td-social-twitter\" href=\"https:\/\/twitter.com\/intent\/tweet?text=Timi%C8%99ul%2C+%C3%AEn+centrul+aten%C8%9Biei+la+Bruxelles%3A+promovare+european%C4%83+pentru+Banat&amp;url=https%3A%2F%2Forasul-timisoara.ro%2Flocal-38403%2F&amp;via=orasultm\" title=\"Twitter\"><\/p>\n<div class=\"td-social-but-text\">Twitter<\/div>\n<p><\/a><a class=\"td-social-sharing-button td-social-sharing-button-js td-social-network td-social-whatsapp\" href=\"https:\/\/api.whatsapp.com\/send?text=Timi%C8%99ul%2C+%C3%AEn+centrul+aten%C8%9Biei+la+Bruxelles%3A+promovare+european%C4%83+pentru+Banat%20%0A%0A%20https:\/\/orasul-timisoara.ro\/local-38403\/\" title=\"WhatsApp\"><\/p>\n<div class=\"td-social-but-text\">WhatsApp<\/div>\n<p><\/a><a class=\"td-social-sharing-button td-social-sharing-button-js td-social-network td-social-linkedin\" href=\"https:\/\/www.linkedin.com\/shareArticle?mini=true&amp;url=https:\/\/orasul-timisoara.ro\/local-38403\/&amp;title=Timi%C8%99ul%2C+%C3%AEn+centrul+aten%C8%9Biei+la+Bruxelles%3A+promovare+european%C4%83+pentru+Banat\" title=\"Linkedin\"><\/p>\n<div class=\"td-social-but-text\">Linkedin<\/div>\n<p><\/a><a class=\"td-social-sharing-button td-social-sharing-button-js td-social-network td-social-reddit\" href=\"https:\/\/reddit.com\/submit?url=https:\/\/orasul-timisoara.ro\/local-38403\/&amp;title=Timi%C8%99ul%2C+%C3%AEn+centrul+aten%C8%9Biei+la+Bruxelles%3A+promovare+european%C4%83+pentru+Banat\" title=\"ReddIt\"><\/p>\n<div class=\"td-social-but-text\">ReddIt<\/div>\n<p><\/a><a class=\"td-social-sharing-button td-social-sharing-button-js td-social-network td-social-mail\" href=\"mailto:?subject=Timi%C8%99ul,%20%C3%AEn%20centrul%20aten%C8%9Biei%20la%20Bruxelles:%20promovare%20european%C4%83%20pentru%20Banat&amp;body=https:\/\/orasul-timisoara.ro\/local-38403\/\" title=\"Email\"><\/p>\n<div class=\"td-social-but-text\">Email<\/div>\n<p><\/a><a class=\"td-social-sharing-button td-social-sharing-button-js td-social-network td-social-print\" href=\"https:\/\/orasul-timisoara.ro\/local-38403\/\" title=\"Imprimare\"><\/p>\n<div class=\"td-social-but-text\">Imprimare<\/div>\n<p><\/a><\/div>\n<\/div>\n<\/div>\n<div class=\"td-post-content tagdiv-type\">\n<p>Participarea jude\u021bului Timi\u0219 la evenimentul \u201ePrim\u0103vara Rom\u00e2neasc\u0103 la Bruxelles \u2013 Arthis Fest 2026\u201d s-a \u00eencheiat cu rezultate notabile, confirm\u00e2nd interesul publicului european pentru valorile culturale \u0219i gastronomice ale Banatului. Desf\u0103\u0219urat \u00een perioada 23\u201325 aprilie, evenimentul a reunit diaspora rom\u00e2neasc\u0103, oficiali europeni \u0219i vizitatori interna\u021bionali, \u00eentr-un cadru dedicat promov\u0103rii identit\u0103\u021bii rom\u00e2ne\u0219ti.<\/p>\n<p>Invitat de onoare \u00een cadrul festivalului organizat de Arthis \u2013 Casa de Cultur\u0103 Belgo-Rom\u00e2n\u0103, jude\u021bul Timi\u0219 a propus o imagine complex\u0103 a regiunii: de la tradi\u021biile satului b\u0103n\u0103\u021bean p\u00e2n\u0103 la dinamismul urban al Timi\u0219oarei moderne. Conceptul prezent\u0103rii a urm\u0103rit s\u0103 eviden\u021bieze autenticitatea \u0219i diversitatea cultural\u0103, \u00eentr-un context european.<\/p>\n<p>Evenimentul s-a bucurat de prezen\u021ba unor oficialit\u0103\u021bi importante, printre care Philippe Close, Ahmed Laaouej \u0219i Victor Negrescu. Vizitele acestora la standul Banatului au confirmat interesul institu\u021bional pentru dezvoltarea rela\u021biilor culturale \u0219i turistice cu regiunea.<\/p>\n<p>Delega\u021bia timi\u0219ean\u0103 a fost condus\u0103 de Alexandru Iovescu, reprezent\u00e2nd Consiliul Jude\u021bean Timi\u0219, al\u0103turi de echipa Visit Timi\u0219. Ace\u0219tia au coordonat o serie de activit\u0103\u021bi menite s\u0103 creasc\u0103 vizibilitatea jude\u021bului pe plan interna\u021bional.<\/p>\n<p>Un punct central al particip\u0103rii a fost promovarea gastronomiei locale, \u00een contextul \u00een care Banatul de\u021bine titlul de Regiune Gastronomic\u0103 European\u0103 2028. Vizitatorii au avut ocazia s\u0103 descopere produse tradi\u021bionale \u0219i reinterpret\u0103ri culinare moderne, prezentate de produc\u0103tori locali reuni\u021bi sub conceptul \u201eProdus \u00een Banat\u201d.<\/p>\n<p>Programul artistic a completat experien\u021ba cultural\u0103, incluz\u00e2nd momente sus\u021binute de Ansamblul Cununa Timi\u0219ului din Ghiroda, care a prezentat costume populare \u0219i dansuri tradi\u021bionale. De asemenea, concertul sus\u021binut de artistul Mihai Toma a fost bine primit de publicul prezent.<\/p>\n<p>Printre produc\u0103torii \u0219i artizanii prezen\u021bi s-au num\u0103rat Brut\u0103ria \u201eMoara Maria\u201d, Dintre Dealuri, Livada AnaRita, Petrovaselo, Cramele Reca\u0219, Crama Reca\u0219, Aronia Charlottenburg, LUN Design, Mert Craft, Matei Luciana, Miere Noja \u0219i Comorile lui Solomon. Ace\u0219tia au contribuit la conturarea unei imagini autentice a Banatului, bazat\u0103 pe tradi\u021bie \u0219i calitate.<\/p>\n<p>\u201ePrezen\u021ba Timi\u0219ului la Bruxelles a fost mai mult dec\u00e2t o participare la un festival. A fost o declara\u021bie despre identitatea noastr\u0103 \u0219i despre locul pe care \u00eel ocup\u0103m \u00een Europa\u201d, a declarat Alexandru Iovescu, subliniind importan\u021ba acestui demers pentru consolidarea rela\u021biilor interna\u021bionale.<\/p>\n<p>Participarea la Arthis Fest 2026 reprezint\u0103 un pas strategic \u00een direc\u021bia promov\u0103rii jude\u021bului Timi\u0219 pe plan european, deschiz\u00e2nd oportunit\u0103\u021bi pentru colabor\u0103ri culturale, turistice \u0219i economice viitoare.<\/p>\n<\/div>\n<footer>\n<div class=\"td-post-source-tags\">\n<ul class=\"td-tags td-post-small-box clearfix\">\n<li><span>ETICHETE<\/span><\/li>\n<li><a href=\"https:\/\/orasul-timisoara.ro\/local-tag\/arthis-fest\/\">Arthis Fest<\/a><\/li>\n<li><a href=\"https:\/\/orasul-timisoara.ro\/local-tag\/banat-traditii\/\">Banat traditii<\/a><\/li>\n<li><a href=\"https:\/\/orasul-timisoara.ro\/local-tag\/consiliul-judetean-timis\/\">consiliul judetean timis<\/a><\/li>\n<li><a href=\"https:\/\/orasul-timisoara.ro\/local-tag\/cultura-europeana\/\">cultura europeana<\/a><\/li>\n<li><a href=\"https:\/\/orasul-timisoara.ro\/local-tag\/diaspora-romaneasca-2\/\">diaspora romaneasca<\/a><\/li>\n<li><a href=\"https:\/\/orasul-timisoara.ro\/local-tag\/gastronomie-banat\/\">gastronomie Banat<\/a><\/li>\n<li><a href=\"https:\/\/orasul-timisoara.ro\/local-tag\/promovare-turistica-2\/\">promovare turistica<\/a><\/li>\n<li><a href=\"https:\/\/orasul-timisoara.ro\/local-tag\/timis-bruxelles\/\">Timis Bruxelles<\/a><\/li>\n<li><a href=\"https:\/\/orasul-timisoara.ro\/local-tag\/visit-timis\/\">visit timis<\/a><\/li>\n<\/ul>\n<\/div>\n<div class=\"td-post-sharing-bottom\">\n<div class=\"td-post-sharing-classic\"><iframe title=\"bottomFacebookLike\" frameborder src=\"https:\/\/www.facebook.com\/plugins\/like.php?href=https:\/\/orasul-timisoara.ro\/local-38403\/&amp;layout=button_count&amp;show_faces=false&amp;width=105&amp;action=like&amp;colorscheme=light&amp;height=21\"><\/iframe><\/div>\n<div id=\"td_social_sharing_article_bottom\" class=\"td-post-sharing td-ps-bg td-ps-notext td-post-sharing-style1 \">\n<div class=\"td-post-sharing-visible\"><a class=\"td-social-sharing-button td-social-sharing-button-js td-social-network td-social-facebook\" href=\"https:\/\/www.facebook.com\/sharer.php?u=https%3A%2F%2Forasul-timisoara.ro%2Flocal-38403%2F\" title=\"Facebook\"><\/p>\n<div class=\"td-social-but-text\">Facebook<\/div>\n<p><\/a><a class=\"td-social-sharing-button td-social-sharing-button-js td-social-network td-social-twitter\" href=\"https:\/\/twitter.com\/intent\/tweet?text=Timi%C8%99ul%2C+%C3%AEn+centrul+aten%C8%9Biei+la+Bruxelles%3A+promovare+european%C4%83+pentru+Banat&amp;url=https%3A%2F%2Forasul-timisoara.ro%2Flocal-38403%2F&amp;via=orasultm\" title=\"Twitter\"><\/p>\n<div class=\"td-social-but-text\">Twitter<\/div>\n<p><\/a><a class=\"td-social-sharing-button td-social-sharing-button-js td-social-network td-social-whatsapp\" href=\"https:\/\/api.whatsapp.com\/send?text=Timi%C8%99ul%2C+%C3%AEn+centrul+aten%C8%9Biei+la+Bruxelles%3A+promovare+european%C4%83+pentru+Banat%20%0A%0A%20https:\/\/orasul-timisoara.ro\/local-38403\/\" title=\"WhatsApp\"><\/p>\n<div class=\"td-social-but-text\">WhatsApp<\/div>\n<p><\/a><a class=\"td-social-sharing-button td-social-sharing-button-js td-social-network td-social-linkedin\" href=\"https:\/\/www.linkedin.com\/shareArticle?mini=true&amp;url=https:\/\/orasul-timisoara.ro\/local-38403\/&amp;title=Timi%C8%99ul%2C+%C3%AEn+centrul+aten%C8%9Biei+la+Bruxelles%3A+promovare+european%C4%83+pentru+Banat\" title=\"Linkedin\"><\/p>\n<div class=\"td-social-but-text\">Linkedin<\/div>\n<p><\/a><a class=\"td-social-sharing-button td-social-sharing-button-js td-social-network td-social-reddit\" href=\"https:\/\/reddit.com\/submit?url=https:\/\/orasul-timisoara.ro\/local-38403\/&amp;title=Timi%C8%99ul%2C+%C3%AEn+centrul+aten%C8%9Biei+la+Bruxelles%3A+promovare+european%C4%83+pentru+Banat\" title=\"ReddIt\"><\/p>\n<div class=\"td-social-but-text\">ReddIt<\/div>\n<p><\/a><a class=\"td-social-sharing-button td-social-sharing-button-js td-social-network td-social-mail\" href=\"mailto:?subject=Timi%C8%99ul,%20%C3%AEn%20centrul%20aten%C8%9Biei%20la%20Bruxelles:%20promovare%20european%C4%83%20pentru%20Banat&amp;body=https:\/\/orasul-timisoara.ro\/local-38403\/\" title=\"Email\"><\/p>\n<div class=\"td-social-but-text\">Email<\/div>\n<p><\/a><a class=\"td-social-sharing-button td-social-sharing-button-js td-social-network td-social-print\" href=\"https:\/\/orasul-timisoara.ro\/local-38403\/\" title=\"Imprimare\"><\/p>\n<div class=\"td-social-but-text\">Imprimare<\/div>\n<p><\/a><\/div>\n<\/div>\n<\/div>\n<div class=\"td-block-row td-post-next-prev\">\n<div class=\"td-block-span6 td-post-prev-post\">\n<div class=\"td-post-next-prev-content\"><span>Articolul precedent<\/span><a href=\"https:\/\/orasul-timisoara.ro\/local-38398\/\">Dezinsec\u021bie \u00een Timi\u0219oara: tratamente \u00eempotriva \u021b\u00e2n\u021barilor \u0219i c\u0103pu\u0219elor, \u00een perioada 4\u201312 mai<\/a><\/div>\n<\/div>\n<div class=\"td-block-span6 td-post-next-post\">\n<div class=\"td-post-next-prev-content\"><span>Articolul urm\u0103tor<\/span><a href=\"https:\/\/orasul-timisoara.ro\/local-38408\/\">PSD \u0219i AUR depun mo\u021biune de cenzur\u0103 \u00eempotriva Guvernului Bolojan. Criza politic\u0103 se ad\u00e2nce\u0219te, Rom\u00e2nia \u00een pericol s\u0103 piard\u0103 zeci de miliarde de euro<\/a><\/div>\n<\/div>\n<\/div>\n<div class=\"td-author-name vcard author\"><span class=\"fn\"><a href=\"https:\/\/orasul-timisoara.ro\/author\/timisoara\/\">redactia<\/a><\/span><\/div>\n<p><span class=\"td-page-meta\"><\/span><span class=\"td-page-meta\"><span class=\"td-page-meta\"><\/span><\/span><span class=\"td-page-meta\"><\/span><\/footer>\n<div class=\"td_block_wrap td_block_related_posts tdi_3 td_with_ajax_pagination td-pb-border-top td_block_template_8\" data-td-block-uid=\"tdi_3\">\n<h4 class=\"td-related-title td-block-title\"><a id=\"tdi_4\" class=\"td-related-left td-cur-simple-item\" data-td_filter_value data-td_block_id=\"tdi_3\" href=\"https:\/\/orasul-timisoara.ro\/local-38403\/\">ARTICOLE SIMILARE<\/a><a id=\"tdi_5\" class=\"td-related-right\" data-td_filter_value=\"td_related_more_from_author\" data-td_block_id=\"tdi_3\" href=\"https:\/\/orasul-timisoara.ro\/local-38403\/\">DE LA ACELA\u0218I AUTOR<\/a><\/h4>\n<div id=\"tdi_3\" class=\"td_block_inner\">\n<div class=\"td-related-row\">\n<div class=\"td-related-span4\">\n<div class=\"td_module_related_posts td-animation-stack td_mod_related_posts\">\n<div class=\"td-module-image\">\n<div class=\"td-module-thumb\"><a href=\"https:\/\/orasul-timisoara.ro\/local-38273\/\" rel=\"bookmark\" class=\"td-image-wrap \" title=\"Timi\u0219ul, invitat de onoare la Bruxelles: tradi\u021bie \u0219i modernitate la Arthis Fest 2026\"><img loading=\"lazy\" decoding=\"async\" class=\"entry-thumb\" src=\"https:\/\/orasul-timisoara.ro\/wp-content\/uploads\/2020\/10\/prefectura-timis-consiliul-judetean-cjt-palat-centru.jpg\" alt title=\"Timi\u0219ul, invitat de onoare la Bruxelles: tradi\u021bie \u0219i modernitate la Arthis Fest 2026\" width=\"218\" height=\"150\"><\/a><\/div>\n<\/div>\n<div class=\"item-details\">\n<h3 class=\"entry-title td-module-title\"><a href=\"https:\/\/orasul-timisoara.ro\/local-38273\/\" rel=\"bookmark\" title=\"Timi\u0219ul, invitat de onoare la Bruxelles: tradi\u021bie \u0219i modernitate la Arthis Fest 2026\">Timi\u0219ul, invitat de onoare la Bruxelles: tradi\u021bie \u0219i modernitate la Arthis Fest 2026<\/a><\/h3>\n<\/div>\n<\/div>\n<\/div>\n<div class=\"td-related-span4\">\n<div class=\"td_module_related_posts td-animation-stack td_mod_related_posts\">\n<div class=\"td-module-image\">\n<div class=\"td-module-thumb\"><a href=\"https:\/\/orasul-timisoara.ro\/local-38154\/\" rel=\"bookmark\" class=\"td-image-wrap \" title=\"Consiliul Jude\u021bean Timi\u0219 finan\u021beaz\u0103 alimenta\u021bia elevilor: peste 1,4 milioane lei pentru produse distribuite \u00een \u0219coli\"><img loading=\"lazy\" decoding=\"async\" class=\"entry-thumb\" src=\"https:\/\/orasul-timisoara.ro\/wp-content\/uploads\/2026\/04\/elevi-alimentatie-scoli-436x300.jpg\" alt title=\"Consiliul Jude\u021bean Timi\u0219 finan\u021beaz\u0103 alimenta\u021bia elevilor: peste 1,4 milioane lei pentru produse distribuite \u00een \u0219coli\" width=\"218\" height=\"150\"><\/a><\/div>\n<\/div>\n<div class=\"item-details\">\n<h3 class=\"entry-title td-module-title\"><a href=\"https:\/\/orasul-timisoara.ro\/local-38154\/\" rel=\"bookmark\" title=\"Consiliul Jude\u021bean Timi\u0219 finan\u021beaz\u0103 alimenta\u021bia elevilor: peste 1,4 milioane lei pentru produse distribuite \u00een \u0219coli\">Consiliul Jude\u021bean Timi\u0219 finan\u021beaz\u0103 alimenta\u021bia elevilor: peste 1,4 milioane lei pentru produse distribuite \u00een \u0219coli<\/a><\/h3>\n<\/div>\n<\/div>\n<\/div>\n<div class=\"td-related-span4\">\n<div class=\"td_module_related_posts td-animation-stack td_mod_related_posts\">\n<div class=\"td-module-image\">\n<div class=\"td-module-thumb\"><a href=\"https:\/\/orasul-timisoara.ro\/local-37690\/\" rel=\"bookmark\" class=\"td-image-wrap \" title=\"CJ Timi\u0219 lanseaz\u0103 consultarea public\u0103 pentru finan\u021barea sportului \u00een 2026\"><img loading=\"lazy\" decoding=\"async\" class=\"entry-thumb\" src=\"https:\/\/orasul-timisoara.ro\/wp-content\/uploads\/2026\/03\/finantare-sport-436x300.jpg\" alt title=\"CJ Timi\u0219 lanseaz\u0103 consultarea public\u0103 pentru finan\u021barea sportului \u00een 2026\" width=\"218\" height=\"150\"><\/a><\/div>\n<\/div>\n<div class=\"item-details\">\n<h3 class=\"entry-title td-module-title\"><a href=\"https:\/\/orasul-timisoara.ro\/local-37690\/\" rel=\"bookmark\" title=\"CJ Timi\u0219 lanseaz\u0103 consultarea public\u0103 pentru finan\u021barea sportului \u00een 2026\">CJ Timi\u0219 lanseaz\u0103 consultarea public\u0103 pentru finan\u021barea sportului \u00een 2026<\/a><\/h3>\n<\/div>\n<\/div>\n<\/div>\n<\/div>\n<\/div>\n<\/div>\n<div class=\"comments\" id=\"comments\">\n<div id=\"respond\" class=\"comment-respond\">\n<h3 id=\"reply-title\" class=\"comment-reply-title\">L\u0102SA\u021aI UN MESAJ<\/h3>\n<div class=\"comment-form-input-wrap td-form-comment\">\n<div class=\"td-warning-comment\">V\u0103 rug\u0103m s\u0103 introduce\u021bi comentariul dvs.!<\/div>\n<\/div>\n<div class=\"comment-form-input-wrap td-form-author\">\n<div class=\"td-warning-author\">Introduce\u021bi aici numele dvs.<\/div>\n<\/div>\n<div class=\"comment-form-input-wrap td-form-email\">\n<div class=\"td-warning-email-error\">A\u021bi introdus o adres\u0103 de e-mail incorect\u0103!<\/div>\n<div class=\"td-warning-email\">V\u0103 rug\u0103m s\u0103 introduce\u021bi adresa dvs. de e-mail aici<\/div>\n<\/div>\n<\/div>\n<p class=\"akismet_comment_form_privacy_notice\">Acest site folose\u0219te Akismet pentru a reduce spamul. <a href=\"https:\/\/akismet.com\/privacy\/\" target=\"_blank\" rel=\"nofollow noopener\">Afl\u0103 cum sunt procesate datele comentariilor tale<\/a>.<\/p>\n<\/div>\n<\/div>\n<\/div>\n<div class=\"td-pb-span4 td-main-sidebar\" role=\"complementary\">\n<div class=\"td-ss-main-sidebar\">\n<aside id=\"block-4\" class=\"td_block_template_8 widget block-4 widget_block widget_media_image\">\n<figure class=\"wp-block-image size-full\"><img loading=\"lazy\" decoding=\"async\" width=\"336\" height=\"280\" src=\"https:\/\/orasul-timisoara.ro\/wp-content\/uploads\/2024\/11\/ReTIM-Abonamentul-Verde-Google-Ads-336x280px.gif\" alt class=\"wp-image-29257\"><\/figure>\n<\/aside>\n<div class=\"td_block_wrap td_block_social_counter td_block_widget tdi_6 td-social-style5 td-social-boxed td-pb-border-top td_block_template_8\">\n<div class=\"td-block-title-wrap\">\n<h4 class=\"td-block-title\"><span>Urm\u0103re\u0219te-ne pe Social Media<\/span><\/h4>\n<\/div>\n<div class=\"td-social-list\">\n<div class=\"td_social_type td-pb-margin-side td_social_facebook\">\n<div class=\"td-social-box\"><span class=\"td_social_info td_social_info_counter\">344,595<\/span><span class=\"td_social_info td_social_info_name\">Fani<\/span><span class=\"td_social_button\"><a href=\"https:\/\/www.facebook.com\/247timisoara\" target=\"_blank\" rel=\"nofollow\">\u00cemi place<\/a><\/span><\/div>\n<\/div>\n<div class=\"td_social_type td-pb-margin-side td_social_instagram\">\n<div class=\"td-social-box\"><span class=\"td_social_info td_social_info_counter\">4,416<\/span><span class=\"td_social_info td_social_info_name\">Cititori<\/span><span class=\"td_social_button\"><a href=\"https:\/\/instagram.com\/orasultimisoararo\/\" target=\"_blank\" rel=\"nofollow\">Conecta\u021bi-v\u0103<\/a><\/span><\/div>\n<\/div>\n<div class=\"td_social_type td-pb-margin-side td_social_rss\">\n<div class=\"td-social-box\"><span class=\"td_social_info td_social_info_counter\">12,506<\/span><span class=\"td_social_info td_social_info_name\">Cititori<\/span><span class=\"td_social_button\"><a href=\"https:\/\/orasul-timisoara.ro\/feed\/\" target=\"_blank\" rel=\"nofollow\">Conecta\u021bi-v\u0103<\/a><\/span><\/div>\n<\/div>\n<div class=\"td_social_type td-pb-margin-side td_social_tiktok\">\n<div class=\"td-social-box\"><span class=\"td_social_info td_social_info_counter\">1,500<\/span><span class=\"td_social_info td_social_info_name\">Cititori<\/span><span class=\"td_social_button\"><a href=\"https:\/\/www.tiktok.com\/@orasultimisoara\" target=\"_blank\" rel=\"nofollow\">Conecta\u021bi-v\u0103<\/a><\/span><\/div>\n<\/div>\n<div class=\"td_social_type td-pb-margin-side td_social_twitter\">\n<div class=\"td-social-box\"><span class=\"td_social_info td_social_info_counter\">1,595<\/span><span class=\"td_social_info td_social_info_name\">Cititori<\/span><span class=\"td_social_button\"><a href=\"https:\/\/twitter.com\/orasultm\" target=\"_blank\" rel=\"nofollow\">Conecta\u021bi-v\u0103<\/a><\/span><\/div>\n<\/div>\n<div class=\"td_social_type td-pb-margin-side td_social_youtube\">\n<div class=\"td-social-box\"><span class=\"td_social_info td_social_info_counter\">3,506<\/span><span class=\"td_social_info td_social_info_name\">Abona\u021bi<\/span><span class=\"td_social_button\"><a href=\"https:\/\/www.youtube.com\/channel\/UCQNsQvs2XCSIm1Z-AHRturw?sub_confirmation=1\" target=\"_blank\" rel=\"nofollow\">Abona\u021bi-v\u0103<\/a><\/span><\/div>\n<\/div>\n<\/div>\n<\/div>\n<aside id=\"text-7\" class=\"td_block_template_8 widget text-7 widget_text\">\n<h4 class=\"td-block-title\"><span>C\u0103ut\u0103ri populare pe OTM<\/span><\/h4>\n<div class=\"textwidget\"><a href=\"https:\/\/orasul-timisoara.ro\/?s=timisoara\"><span>Timisoara<\/span><\/a><a href=\"https:\/\/orasul-timisoara.ro\/?s=calin+dobra\"><span>Calin Dobra<\/span><\/a><a href=\"https:\/\/orasul-timisoara.ro\/?s=primaria+timisoara\"><span>Primaria Timisoara<\/span><\/a><a href=\"https:\/\/orasul-timisoara.ro\/?s=dominic+fritz\"><span>Dominic Fritz<\/span><\/a><a href=\"https:\/\/orasul-timisoara.ro\/?s=nicolae+robu\"><span>Nicolae Robu<\/span><\/a><a href=\"https:\/\/orasul-timisoara.ro\/?s=consiliul+local+timisoara\">Consiliul Local Timisoara<\/a><a href=\"https:\/\/orasul-timisoara.ro\/?s=consiliul+judetean+timis\"><span>Consiliul Judetean Timis<\/span><\/a><a href=\"https:\/\/orasul-timisoara.ro\/?s=cjt\"><span>CJT<\/span><\/a><a href=\"https:\/\/orasul-timisoara.ro\/?s=Alfred+Simonis\"><span>Alfred Simonis<\/span><\/a><a href=\"https:\/\/orasul-timisoara.ro\/?s=PNL\"><span>PNL<\/span><\/a><a href=\"https:\/\/orasul-timisoara.ro\/?s=coronavirus\"><span>coronavirus<\/span><\/a><a href=\"https:\/\/orasul-timisoara.ro\/?s=teatru+timisoara\">teatru Timisoara<\/a><a href=\"https:\/\/orasul-timisoara.ro\/?s=restaurante\"><span>restaurante Timisoara<\/span><\/a><a href=\"https:\/\/orasul-timisoara.ro\/?s=diskoteka\"><span>Diskoteka<\/span><\/a><a href=\"https:\/\/orasul-timisoara.ro\/?s=iulius+town\"><span>Iulius Town<\/span><\/a><a href=\"https:\/\/orasul-timisoara.ro\/?s=iulius+mall\"><span>Iulius Mall<\/span><\/a><a href=\"https:\/\/orasul-timisoara.ro\/?s=stpt\"><span>STPT<\/span><\/a><a href=\"https:\/\/orasul-timisoara.ro\/?s=alin+nica\"><span>Alin Nica<\/span><\/a><a href=\"https:\/\/orasul-timisoara.ro\/?s=psd\"><span>PSD<\/span><\/a><a href=\"https:\/\/orasul-timisoara.ro\/?s=aeroport\"><span>Aeroportul International Timisoara<\/span><\/a><a href=\"https:\/\/orasul-timisoara.ro\/?s=babes\"><span>Spitalul Victor Babes Timisoara<\/span><\/a><a href=\"https:\/\/orasul-timisoara.ro\/?s=poli\"><span>Poli Timi\u0219oara<\/span><\/a><a href=\"https:\/\/orasul-timisoara.ro\/?s=carantina\"><span>carantina<\/span><\/a><a href=\"https:\/\/orasul-timisoara.ro\/?s=aquatim\"><span>Aquatim<\/span><\/a><a href=\"https:\/\/orasul-timisoara.ro\/local-category\/stiri-timisoara\/\"><span>Stiri Timisoara<\/span><\/a><a href=\"https:\/\/orasul-timisoara.ro\/local-category\/investitii-in-timisoara\/\"><span>Investi\u021bii in Timi\u0219oara<\/span><\/a><a href=\"https:\/\/orasul-timisoara.ro\/local-9463\/\"><span>shaorma<\/span><\/a><a href=\"https:\/\/orasul-timisoara.ro\/?s=trafic\"><span>trafic rutier<\/span><\/a><a href=\"https:\/\/orasul-timisoara.ro\/?s=politia\"><span>politia locala timisoara<\/span><\/a><a href=\"https:\/\/orasul-timisoara.ro\/?s=roxana\"><span>Roxana Iliescu<\/span><\/a><a href=\"https:\/\/orasul-timisoara.ro\/?s=colterm\"><span>Colterm<\/span><\/a><a href=\"https:\/\/orasul-timisoara.ro\/?s=latcau\"><span>Ruben La\u021bc\u0103u<\/span><\/a><a href=\"https:\/\/orasul-timisoara.ro\/?s=timis\"><span>\u0218tiri din Timi\u0219<\/span><\/a><a href=\"https:\/\/orasul-timisoara.ro\/?s=spital\"><span>Spitale din Timi\u0219oara<\/span><\/a><a href=\"https:\/\/orasul-timisoara.ro\/?s=tabara\"><span>Cosmin Tab\u0103r\u0103<\/span><\/a><\/div>\n<\/aside>\n<aside id=\"rss-2\" class=\"td_block_template_8 widget rss-2 widget_rss\">\n<h4 class=\"td-block-title\"><span><a class=\"rsswidget rss-widget-feed\" href=\"https:\/\/fashionfridays.ro\/feed\"><img decoding=\"async\" class=\"rss-widget-icon\" width=\"14\" height=\"14\" src=\"https:\/\/orasul-timisoara.ro\/wp-includes\/images\/rss.png\" alt=\"RSS\" loading=\"lazy\"><\/a><a class=\"rsswidget rss-widget-title\" href=\"https:\/\/fashionfridays.ro\/\">Fashion Fridays<\/a><\/span><\/h4>\n<ul>\n<li><a class=\"rsswidget\" href=\"https:\/\/fashionfridays.ro\/crocs-lanseaza-crocband-gum-clog-confort-iconic-cu-influente-retro-sport-pentru-primavara\/\">Crocs lanseaz\u0103 Crocband Gum Clog: confort iconic cu influen\u021be retro-sport pentru prim\u0103var\u0103<\/a>\n<div class=\"rssSummary\">Martie marcheaz\u0103 acel moment al anului \u00een care stilul \u00eencepe s\u0103 se relaxeze. Zilele devin mai lungi, ritmul ora\u0219ului se schimb\u0103, iar garderoba face tranzi\u021bia c\u0103tre piese care pun confortul pe primul loc, f\u0103r\u0103 s\u0103 renun\u021be la atitudine. Este sezonul \u00een care autenticitatea devine declara\u021bie de stil, iar alegerile vestimentare reflect\u0103 mai mult ca oric\u00e2nd [\u2026]<\/div>\n<\/li>\n<\/ul>\n<\/aside>\n<aside id=\"rss-4\" class=\"td_block_template_8 widget rss-4 widget_rss\">\n<h4 class=\"td-block-title\"><span><a class=\"rsswidget rss-widget-feed\" href=\"https:\/\/emasini.ro\/feed\"><img decoding=\"async\" class=\"rss-widget-icon\" width=\"14\" height=\"14\" src=\"https:\/\/orasul-timisoara.ro\/wp-includes\/images\/rss.png\" alt=\"RSS\" loading=\"lazy\"><\/a><a class=\"rsswidget rss-widget-title\" href=\"https:\/\/emasini.ro\/\">eMasini<\/a><\/span><\/h4>\n<ul>\n<li><a class=\"rsswidget\" href=\"https:\/\/emasini.ro\/traficul-rutier-sub-analiza-recensamant-national-pentru-modernizarea-infrastructurii\/\">Traficul rutier, sub analiz\u0103: recens\u0103m\u00e2nt na\u021bional pentru modernizarea infrastructurii<\/a>\n<div class=\"rssSummary\">Compania Na\u021bional\u0103 de Administrare a Infrastructurii Rutiere, prin Centrul de Studii Tehnice Rutiere \u0219i Informatic\u0103, preg\u0103te\u0219te una dintre cele mai importante ac\u021biuni de colectare de date din domeniul transporturilor: Recens\u0103m\u00e2ntul General de Circula\u021bie Rutier\u0103. Demersul are un rol strategic \u00een fundamentarea deciziilor privind dezvoltarea \u0219i modernizarea infrastructurii rutiere din Rom\u00e2nia. Ac\u021biunea este coordonat\u0103 de CNAIR, [\u2026]<\/div>\n<\/li>\n<\/ul>\n<\/aside>\n<\/div>\n<\/div>\n<\/div>\n<\/div>\n<\/article>\n<div class=\"td-post-content tagdiv-type\">\n<p>Participarea jude\u021bului Timi\u0219 la evenimentul \u201ePrim\u0103vara Rom\u00e2neasc\u0103 la Bruxelles \u2013 Arthis Fest 2026\u201d s-a \u00eencheiat cu rezultate notabile, confirm\u00e2nd interesul publicului european pentru valorile culturale \u0219i gastronomice ale Banatului. Desf\u0103\u0219urat \u00een perioada 23\u201325 aprilie, evenimentul a reunit diaspora rom\u00e2neasc\u0103, oficiali europeni \u0219i vizitatori interna\u021bionali, \u00eentr-un cadru dedicat promov\u0103rii identit\u0103\u021bii rom\u00e2ne\u0219ti.<\/p>\n<p>Invitat de onoare \u00een cadrul festivalului organizat de Arthis \u2013 Casa de Cultur\u0103 Belgo-Rom\u00e2n\u0103, jude\u021bul Timi\u0219 a propus o imagine complex\u0103 a regiunii: de la tradi\u021biile satului b\u0103n\u0103\u021bean p\u00e2n\u0103 la dinamismul urban al Timi\u0219oarei moderne. Conceptul prezent\u0103rii a urm\u0103rit s\u0103 eviden\u021bieze autenticitatea \u0219i diversitatea cultural\u0103, \u00eentr-un context european.<\/p>\n<p>Evenimentul s-a bucurat de prezen\u021ba unor oficialit\u0103\u021bi importante, printre care Philippe Close, Ahmed Laaouej \u0219i Victor Negrescu. Vizitele acestora la standul Banatului au confirmat interesul institu\u021bional pentru dezvoltarea rela\u021biilor culturale \u0219i turistice cu regiunea.<\/p>\n<p>Delega\u021bia timi\u0219ean\u0103 a fost condus\u0103 de Alexandru Iovescu, reprezent\u00e2nd Consiliul Jude\u021bean Timi\u0219, al\u0103turi de echipa Visit Timi\u0219. Ace\u0219tia au coordonat o serie de activit\u0103\u021bi menite s\u0103 creasc\u0103 vizibilitatea jude\u021bului pe plan interna\u021bional.<\/p>\n<p>Un punct central al particip\u0103rii a fost promovarea gastronomiei locale, \u00een contextul \u00een care Banatul de\u021bine titlul de Regiune Gastronomic\u0103 European\u0103 2028. Vizitatorii au avut ocazia s\u0103 descopere produse tradi\u021bionale \u0219i reinterpret\u0103ri culinare moderne, prezentate de produc\u0103tori locali reuni\u021bi sub conceptul \u201eProdus \u00een Banat\u201d.<\/p>\n<p>Programul artistic a completat experien\u021ba cultural\u0103, incluz\u00e2nd momente sus\u021binute de Ansamblul Cununa Timi\u0219ului din Ghiroda, care a prezentat costume populare \u0219i dansuri tradi\u021bionale. De asemenea, concertul sus\u021binut de artistul Mihai Toma a fost bine primit de publicul prezent.<\/p>\n<p>Printre produc\u0103torii \u0219i artizanii prezen\u021bi s-au num\u0103rat Brut\u0103ria \u201eMoara Maria\u201d, Dintre Dealuri, Livada AnaRita, Petrovaselo, Cramele Reca\u0219, Crama Reca\u0219, Aronia Charlottenburg, LUN Design, Mert Craft, Matei Luciana, Miere Noja \u0219i Comorile lui Solomon. Ace\u0219tia au contribuit la conturarea unei imagini autentice a Banatului, bazat\u0103 pe tradi\u021bie \u0219i calitate.<\/p>\n<p>\u201ePrezen\u021ba Timi\u0219ului la Bruxelles a fost mai mult dec\u00e2t o participare la un festival. A fost o declara\u021bie despre identitatea noastr\u0103 \u0219i despre locul pe care \u00eel ocup\u0103m \u00een Europa\u201d, a declarat Alexandru Iovescu, subliniind importan\u021ba acestui demers pentru consolidarea rela\u021biilor interna\u021bionale.<\/p>\n<p>Participarea la Arthis Fest 2026 reprezint\u0103 un pas strategic \u00een direc\u021bia promov\u0103rii jude\u021bului Timi\u0219 pe plan european, deschiz\u00e2nd oportunit\u0103\u021bi pentru colabor\u0103ri culturale, turistice \u0219i economice viitoare.<\/p>\n<\/div>\n<p>[analyse_source url=&#8221;https:\/\/orasul-timisoara.ro\/local-38403\/&#8221;]<\/p>\n","protected":false},"excerpt":{"rendered":"<p>[analyse_image type=&#8221;featured&#8221; src=&#8221;https:\/\/orasul-timisoara.ro\/wp-content\/uploads\/2026\/04\/Delegatie-Timis_20260425_140321.jpg&#8221;] \u0218tiri LocaleTimi\u0219ul, \u00een centrul aten\u021biei la Bruxelles: promovare european\u0103 pentru Banat \u0218tiri Locale Turism Timi\u0219ul, \u00een centrul aten\u021biei la Bruxelles: promovare european\u0103 pentru Banat De c\u0103tre redactia &#8211; 27\/04\/2026 Facebook Twitter WhatsApp Linkedin ReddIt Email Imprimare Participarea jude\u021bului Timi\u0219 la evenimentul \u201ePrim\u0103vara Rom\u00e2neasc\u0103 la Bruxelles \u2013 Arthis Fest 2026\u201d s-a \u00eencheiat cu [&hellip;]<\/p>\n","protected":false},"author":1,"featured_media":0,"comment_status":"open","ping_status":"","sticky":false,"template":"","format":"standard","meta":{"footnotes":""},"categories":[89],"tags":[226,189],"class_list":["post-1905929","post","type-post","status-publish","format-standard","hentry","category-romania","tag-crawlmanager","tag-orasul-timisoara-ro"],"_links":{"self":[{"href":"https:\/\/analyse.optim.biz\/index.php?rest_route=\/wp\/v2\/posts\/1905929","targetHints":{"allow":["GET"]}}],"collection":[{"href":"https:\/\/analyse.optim.biz\/index.php?rest_route=\/wp\/v2\/posts"}],"about":[{"href":"https:\/\/analyse.optim.biz\/index.php?rest_route=\/wp\/v2\/types\/post"}],"author":[{"embeddable":true,"href":"https:\/\/analyse.optim.biz\/index.php?rest_route=\/wp\/v2\/users\/1"}],"replies":[{"embeddable":true,"href":"https:\/\/analyse.optim.biz\/index.php?rest_route=%2Fwp%2Fv2%2Fcomments&post=1905929"}],"version-history":[{"count":0,"href":"https:\/\/analyse.optim.biz\/index.php?rest_route=\/wp\/v2\/posts\/1905929\/revisions"}],"wp:attachment":[{"href":"https:\/\/analyse.optim.biz\/index.php?rest_route=%2Fwp%2Fv2%2Fmedia&parent=1905929"}],"wp:term":[{"taxonomy":"category","embeddable":true,"href":"https:\/\/analyse.optim.biz\/index.php?rest_route=%2Fwp%2Fv2%2Fcategories&post=1905929"},{"taxonomy":"post_tag","embeddable":true,"href":"https:\/\/analyse.optim.biz\/index.php?rest_route=%2Fwp%2Fv2%2Ftags&post=1905929"}],"curies":[{"name":"wp","href":"https:\/\/api.w.org\/{rel}","templated":true}]}}