{"id":1905904,"date":"2026-04-27T10:18:00","date_gmt":"2026-04-27T07:18:00","guid":{"rendered":"https:\/\/analyse.optim.biz\/?p=1905904"},"modified":"2026-04-27T10:18:00","modified_gmt":"2026-04-27T07:18:00","slug":"gli-avvocati-dei-feriti-e-delle-vittime-del-constellation-potranno-visionare-le-immagini","status":"publish","type":"post","link":"https:\/\/analyse.optim.biz\/?p=1905904","title":{"rendered":"Gli avvocati dei feriti e delle vittime del &#8216;constellation&#8217; potranno visionare le immagini&#8230;"},"content":{"rendered":"<p>[analyse_image type=&#8221;featured&#8221; src=&#8221;https:\/\/static.dagospia.com\/img\/patch\/02-2026\/rogo-constellation-crans-montana-2235150.gif&#8221;]<\/p>\n<article>\n<div class=\"img-wrapper\"><img decoding=\"async\" src=\"https:\/\/static.dagospia.com\/img\/patch\/02-2026\/rogo-constellation-crans-montana-2235150.gif\" alt=\"rogo constellation crans-montana\"><time class=\"data-ora\">27 apr 2026 12:18<\/time><\/div>\n<p>QUESTO S\u00cc CHE \u00c8 UN VERO FILM DELL&#8217;ORRORE &#8211; GLI AVVOCATI DEI FERITI E DELLE VITTIME DEL &#8220;CONSTELLATION&#8221; <span>POTRANNO VISIONARE LE IMMAGINI REGISTRATE DAL SISTEMA DI SORVEGLIANZA DEL LOCALE DI CRANS-MONTANA DURANTE IL ROGO<\/span> &#8211; FINORA IL VIDEO E&#8217; STATO VISTO SOLO DAGLI INVESTIGATORI: DURA OTTO MINUTI E <span>MOSTRA IL MOMENTO IN CUI LE FIAMME DIVAMPANO E I DRAMMATICI MOMENTI SUCCESSIVI,<\/span> IN CUI SONO MORTE 41 PERSONE E 115 SONO RIMASTE FERITE &#8211; DALLE IMMAGINI SI VEDE L&#8217;USCITA DI SICUREZZA OSTRUITA DA UNO SGABELLO E &#8220;L&#8217;IMBUTO&#8221; CHE SI E&#8217; CREATO NELLE SCALE, UNICA VIA D&#8217;USCITA &#8211; <span>DAI FILMATI SI POTR\u00c0 VEDERE SE JESSICA MORETTI E&#8217; SCAPPATA CON LA CASSA, COME SOSTENGONO I TESTIMONI&#8230;<\/span><\/p>\n<div class=\"share-section\">\n                Condividi  questo articolo<\/p>\n<div class=\"socials\"><a href=\"http:\/\/www.facebook.com\/sharer.php?u=http:\/\/www.dagospia.com\/cronache\/gli-avvocati-dei-feriti-delle-vittime-constellation-potranno-visionare-472244\" target=\"_blank\"><img decoding=\"async\" src=\"https:\/\/static.dagospia.com\/img\/icons\/facebook.svg\" alt=\"Condividi su Facebook\"><\/a><a href=\"http:\/\/www.twitter.com\/share?url=http:\/\/www.dagospia.com\/cronache\/gli-avvocati-dei-feriti-delle-vittime-constellation-potranno-visionare-472244&amp;text=GLI%20AVVOCATI%20DEI%20FERITI%20E%20DELLE%20VITTIME%20DEL%20'CONSTELLATION'%20POTRANNO%20VISIONARE%20LE%20IMMAGINI...\" target=\"_blank\"><img decoding=\"async\" src=\"https:\/\/static.dagospia.com\/img\/icons\/x-icon.png\" alt=\"Condividi su X\"><\/a><a href=\"\/\/www.dagospia.com\/cronache\/gli-avvocati-dei-feriti-delle-vittime-constellation-potranno-visionare-472244\" target=\"_blank\"><img decoding=\"async\" src=\"https:\/\/static.dagospia.com\/img\/icons\/whatsapp.svg\" alt=\"Condividi su Whatsapp\"><\/a><a href=\"mailto:?body=http:\/\/www.dagospia.com\/cronache\/gli-avvocati-dei-feriti-delle-vittime-constellation-potranno-visionare-472244\" target=\"_blank\"><img decoding=\"async\" src=\"https:\/\/static.dagospia.com\/img\/icons\/mail.svg\" alt=\"Invia in email\"><\/a><\/div>\n<\/div>\n<div class=\"content\">\n<div>\n<blockquote class=\"twitter-tweet\" data-width=\"500\" data-dnt=\"true\">\n<p lang=\"it\" dir=\"ltr\">Incendio a Crans-Montana, il video che mostra l\u2019inizio del rogo nel locale \ud83d\udc49 <a href=\"https:\/\/t.co\/O5E152ZWkN\">https:\/\/t.co\/O5E152ZWkN<\/a> <a href=\"https:\/\/t.co\/bNKFnIFQbg\">pic.twitter.com\/bNKFnIFQbg<\/a><\/p>\n<p>&mdash; Tg La7 (@TgLa7) <a href=\"https:\/\/twitter.com\/TgLa7\/status\/2007077178765447309?ref_src=twsrc%5Etfw\">January 2, 2026<\/a><\/p><\/blockquote>\n<p><script async src=\"https:\/\/platform.twitter.com\/widgets.js\" charset=\"utf-8\"><\/script>\n<\/div>\n<p class=\"disable\">\u00a0<\/p>\n<p class=\"disable\"><strong>Estratto dell&#8217;articolo di Rosario Di Raimondo, Tiziana De Giorgio per <a href=\"http:\/\/www.repubblica.it\" target=\"_blank\">&#8220;la Repubblica&#8221;<\/a><\/strong><\/p>\n<p class=\"disable\">\u00a0<\/p>\n<p><a href=\"https:\/\/www.dagospia.com\/media-gallery\/dago-fotogallery-508672\/2216391\" class=\"float-left img-wrapper\"><img decoding=\"async\" id=\"2216391\" loading=\"lazy\" src=\"https:\/\/static.dagospia.com\/img\/foto\/01-2026\/fontanella-sopra-lo-champagne-alla-discoteca-le-constellation-di-crans-montana-2216391_800_q50.webp\"><span class=\"img-title\">fontanella sopra lo champagne alla discoteca le constellation di crans montana<\/span><\/a><\/p>\n<p class=\"disable\">Sar\u00e0 un momento cruciale per l&#8217;inchiesta. Ma anche emotivamente durissimo. Mentre prosegue lo scontro diplomatico sulle fatture e l&#8217;Italia si prepara a chiedere di costituirsi ufficialmente parte civile per il disastro Crans-Montana, da oggi gli avvocati dei feriti e delle vittime del Constellation possono finalmente vedere le immagini del sistema di sorveglianza interno del locale di Jacques e Jessica Moretti che ha registrato, minuto dopo minuto, la strage di Capodanno.<\/p>\n<p class=\"disable\">\u00a0<\/p>\n<p class=\"disable\">La prossima settimana potranno farlo anche i genitori. Avendo accesso per la prima volta al film, finora protetto dagli investigatori, che mostra gli istanti in cui loro figli si sono gravemente ustionati, stravolgendo le loro vite. O sono scomparsi per sempre.<\/p>\n<p class=\"disable\">\u00a0<\/p>\n<p class=\"disable\">Grazie a quattordici telecamere del pub i video restituiscono da diverse angolazioni gli istanti che precedono il rogo costato la vita a 41 persone, ferendone 115, la maggior parte giovanissime. E ci\u00f2 che \u00e8 seguito.<\/p>\n<p class=\"disable\">\u00a0<\/p>\n<p><a href=\"https:\/\/www.dagospia.com\/media-gallery\/dago-fotogallery-508672\/2217085\" class=\"float-right img-wrapper\"><img decoding=\"async\" id=\"2217085\" loading=\"lazy\" src=\"https:\/\/static.dagospia.com\/img\/foto\/01-2026\/incendio-a-le-constellation-a-crans-montana-2217085_800_q50.webp\"><span class=\"img-title\">INCENDIO A LE CONSTELLATION A CRANS MONTANA <\/span><\/a><\/p>\n<p class=\"disable\">Immagini forti, drammatiche, quelle isolate a partire dall&#8217;1.20 di quella notte, che la procura di Sion ha deciso di non diffondere. Ogni legale ha avuto la possibilit\u00e0 di prenotarsi per un tempo massimo di mezza giornata e potr\u00e0 presentarsi fino a gioved\u00ec.<\/p>\n<p class=\"disable\">\u00a0<\/p>\n<p class=\"disable\">Dieci le postazioni allestite per gli avvocati in arrivo dai diversi Paesi, con la possibilit\u00e0 di prendere appunti, ma il divieto assoluto di avere una copia o di scattare foto di file considerati delicatissimi. Dove si vede per esempio l&#8217;istante in cui il deejay della serata, Mat\u00e9o Lesguer (23 anni, anche lui morto) all&#8217;1.27 si accorge delle primissime fiamme sul soffitto e lascia la consolle per andare a recuperare un estintore, mentre la musica prosegue. Il fuoco ovunque, il fumo tossico sempre pi\u00f9 nero. E poi il tentativo, per molti vano, di fuga.<\/p>\n<p><a href=\"https:\/\/www.dagospia.com\/media-gallery\/dago-fotogallery-508672\/2220601\" class=\"float-left img-wrapper\"><img decoding=\"async\" id=\"2220601\" loading=\"lazy\" src=\"https:\/\/static.dagospia.com\/img\/foto\/01-2026\/porta-di-servizio-bloccata-le-constellation-2220601_800_q50.webp\"><span class=\"img-title\">PORTA DI SERVIZIO BLOCCATA &#8211; LE CONSTELLATION<\/span><\/a><\/p>\n<p class=\"disable\">\u00a0<\/p>\n<p class=\"disable\">\u00abCon il viso vicino al pavimento\u00bb, hanno annotato i poliziotti descrivendo quelle immagini, dove si vede l&#8217;uscita d&#8217;emergenza ostruita da uno sgabello dove, poco prima del rogo, compare un giovane seduto. Ancora, la scala per risalire dal seminterrato che diventa un imbuto: in tanti muoiono laggi\u00f9. Solo otto le persone illese. Immagini fondamentali per capire le responsabilit\u00e0:<\/p>\n<p class=\"disable\">\u00a0<\/p>\n<p class=\"disable\">\u00abCercher\u00f2 di osservare, se si riesce a vedere, il comportamento di Jessica Moretti, se c&#8217;\u00e8 stato un suo intervento nel provare a coordinare l&#8217;uscita dei ragazzi, se c&#8217;\u00e8 qualcuno che sembra avere avuto una formazione\u00bb, spiega Domenico Radice, avvocato milanese che segue diversi feriti del Constellation. Ma anche il ruolo della stessa Moretti nell&#8217;accensione delle candele scintillanti che hanno scatenato il rogo.<\/p>\n<p class=\"disable\">\u00a0<\/p>\n<p><a href=\"https:\/\/www.dagospia.com\/media-gallery\/dago-fotogallery-508672\/2216822\" class=\"float-right img-wrapper\"><img decoding=\"async\" id=\"2216822\" loading=\"lazy\" src=\"https:\/\/static.dagospia.com\/img\/foto\/01-2026\/incendio-a-le-constellation-a-crans-montana-in-svizzera-2-2216822_800_q50.webp\"><span class=\"img-title\">incendio a le constellation a crans montana, in svizzera 2<\/span><\/a><\/p>\n<p class=\"disable\">\u00abDa quello che aveva raccontato una testimone, potrebbe vedersi Jessica che indica il percorso che deve fare il ragazzo che ha sulle spalle la cameriera col casco che ha innescato l&#8217;incendio\u00bb.\u00a0 [&#8230;]<\/p>\n<p><a href=\"https:\/\/www.dagospia.com\/media-gallery\/dago-fotogallery-508672\/2235151\" class=\"float-right img-wrapper\"><img decoding=\"async\" id=\"2235151\" loading=\"lazy\" src=\"https:\/\/static.dagospia.com\/img\/foto\/02-2026\/incendio-al-constellation-1-2235151_800_q50.webp\"><span class=\"img-title\">incendio al constellation 1<\/span><\/a><a href=\"https:\/\/www.dagospia.com\/media-gallery\/dago-fotogallery-508672\/2216823\" class=\"float-left img-wrapper\"><img decoding=\"async\" id=\"2216823\" loading=\"lazy\" src=\"https:\/\/static.dagospia.com\/img\/foto\/01-2026\/incendio-a-le-constellation-a-crans-montana-in-svizzera-1-2216823_800_q50.webp\"><span class=\"img-title\">incendio a le constellation a crans montana, in svizzera 1<\/span><\/a><a href=\"https:\/\/www.dagospia.com\/media-gallery\/dago-fotogallery-508672\/2216998\" class=\"float-right img-wrapper\"><img decoding=\"async\" id=\"2216998\" loading=\"lazy\" src=\"https:\/\/static.dagospia.com\/img\/foto\/01-2026\/persone-davanti-al-bar-le-constellation-dopo-la-strage-di-capodanno-4-2216998_800_q50.webp\"><span class=\"img-title\">persone davanti al bar le constellation dopo la strage di capodanno 4<\/span><\/a><a href=\"https:\/\/www.dagospia.com\/media-gallery\/dago-fotogallery-508672\/2230990\" class=\"float-right img-wrapper\"><img decoding=\"async\" id=\"2230990\" loading=\"lazy\" src=\"https:\/\/static.dagospia.com\/img\/foto\/02-2026\/il-constellation-dopo-l-incendio-4-2230990_800_q50.webp\"><span class=\"img-title\">il constellation dopo l incendio 4<\/span><\/a><a href=\"https:\/\/www.dagospia.com\/media-gallery\/dago-fotogallery-508672\/2216995\" class=\"float-right img-wrapper\"><img decoding=\"async\" id=\"2216995\" loading=\"lazy\" src=\"https:\/\/static.dagospia.com\/img\/foto\/01-2026\/persone-davanti-al-bar-le-constellation-dopo-la-strage-di-capodanno-2-2216995_800_q50.webp\"><span class=\"img-title\">persone davanti al bar le constellation dopo la strage di capodanno 2<\/span><\/a><a href=\"https:\/\/www.dagospia.com\/media-gallery\/dago-fotogallery-508672\/2230988\" class=\"float-right img-wrapper\"><img decoding=\"async\" id=\"2230988\" loading=\"lazy\" src=\"https:\/\/static.dagospia.com\/img\/foto\/02-2026\/il-constellation-dopo-l-incendio-9-2230988_800_q50.webp\"><span class=\"img-title\">il constellation dopo l incendio 9<\/span><\/a><\/p>\n<\/div>\n<div class=\"share-section\">\n                Condividi  questo articolo<\/p>\n<div class=\"socials\"><a href=\"https:\/\/www.dagospia.com\/cronache\/gli-avvocati-dei-feriti-delle-vittime-constellation-potranno-visionare-472244\"><img decoding=\"async\" src=\"https:\/\/static.dagospia.com\/img\/icons\/facebook.svg\" alt=\"Condividi su Facebook\"><\/a><a href=\"https:\/\/www.dagospia.com\/cronache\/gli-avvocati-dei-feriti-delle-vittime-constellation-potranno-visionare-472244\"><img decoding=\"async\" src=\"https:\/\/static.dagospia.com\/img\/icons\/x-icon.png\" alt=\"Condividi su X\"><\/a><a href=\"https:\/\/www.dagospia.com\/cronache\/gli-avvocati-dei-feriti-delle-vittime-constellation-potranno-visionare-472244\"><img decoding=\"async\" src=\"https:\/\/static.dagospia.com\/img\/icons\/whatsapp.svg\" alt=\"Condividi su Whatsapp\"><\/a><a href=\"https:\/\/www.dagospia.com\/cronache\/gli-avvocati-dei-feriti-delle-vittime-constellation-potranno-visionare-472244\"><img decoding=\"async\" src=\"https:\/\/static.dagospia.com\/img\/icons\/mail.svg\" alt=\"Invia in email\"><\/a><\/div>\n<\/div>\n<\/article>\n<div class=\"content\">\n<div>\n<blockquote class=\"twitter-tweet\" data-width=\"500\" data-dnt=\"true\">\n<p lang=\"it\" dir=\"ltr\">Incendio a Crans-Montana, il video che mostra l\u2019inizio del rogo nel locale \ud83d\udc49 <a href=\"https:\/\/t.co\/O5E152ZWkN\">https:\/\/t.co\/O5E152ZWkN<\/a> <a href=\"https:\/\/t.co\/bNKFnIFQbg\">pic.twitter.com\/bNKFnIFQbg<\/a><\/p>\n<p>&mdash; Tg La7 (@TgLa7) <a href=\"https:\/\/twitter.com\/TgLa7\/status\/2007077178765447309?ref_src=twsrc%5Etfw\">January 2, 2026<\/a><\/p><\/blockquote>\n<p><script async src=\"https:\/\/platform.twitter.com\/widgets.js\" charset=\"utf-8\"><\/script>\n<\/div>\n<p class=\"disable\">\u00a0<\/p>\n<p class=\"disable\"><strong>Estratto dell&#8217;articolo di Rosario Di Raimondo, Tiziana De Giorgio per <a href=\"http:\/\/www.repubblica.it\" target=\"_blank\">&#8220;la Repubblica&#8221;<\/a><\/strong><\/p>\n<p class=\"disable\">\u00a0<\/p>\n<p><a href=\"https:\/\/www.dagospia.com\/media-gallery\/dago-fotogallery-508672\/2216391\" class=\"float-left img-wrapper\"><img decoding=\"async\" id=\"2216391\" loading=\"lazy\" src=\"https:\/\/static.dagospia.com\/img\/foto\/01-2026\/fontanella-sopra-lo-champagne-alla-discoteca-le-constellation-di-crans-montana-2216391_800_q50.webp\"><span class=\"img-title\">fontanella sopra lo champagne alla discoteca le constellation di crans montana<\/span><\/a><\/p>\n<p class=\"disable\">Sar\u00e0 un momento cruciale per l&#8217;inchiesta. Ma anche emotivamente durissimo. Mentre prosegue lo scontro diplomatico sulle fatture e l&#8217;Italia si prepara a chiedere di costituirsi ufficialmente parte civile per il disastro Crans-Montana, da oggi gli avvocati dei feriti e delle vittime del Constellation possono finalmente vedere le immagini del sistema di sorveglianza interno del locale di Jacques e Jessica Moretti che ha registrato, minuto dopo minuto, la strage di Capodanno.<\/p>\n<p class=\"disable\">\u00a0<\/p>\n<p class=\"disable\">La prossima settimana potranno farlo anche i genitori. Avendo accesso per la prima volta al film, finora protetto dagli investigatori, che mostra gli istanti in cui loro figli si sono gravemente ustionati, stravolgendo le loro vite. O sono scomparsi per sempre.<\/p>\n<p class=\"disable\">\u00a0<\/p>\n<p class=\"disable\">Grazie a quattordici telecamere del pub i video restituiscono da diverse angolazioni gli istanti che precedono il rogo costato la vita a 41 persone, ferendone 115, la maggior parte giovanissime. E ci\u00f2 che \u00e8 seguito.<\/p>\n<p class=\"disable\">\u00a0<\/p>\n<p><a href=\"https:\/\/www.dagospia.com\/media-gallery\/dago-fotogallery-508672\/2217085\" class=\"float-right img-wrapper\"><img decoding=\"async\" id=\"2217085\" loading=\"lazy\" src=\"https:\/\/static.dagospia.com\/img\/foto\/01-2026\/incendio-a-le-constellation-a-crans-montana-2217085_800_q50.webp\"><span class=\"img-title\">INCENDIO A LE CONSTELLATION A CRANS MONTANA <\/span><\/a><\/p>\n<p class=\"disable\">Immagini forti, drammatiche, quelle isolate a partire dall&#8217;1.20 di quella notte, che la procura di Sion ha deciso di non diffondere. Ogni legale ha avuto la possibilit\u00e0 di prenotarsi per un tempo massimo di mezza giornata e potr\u00e0 presentarsi fino a gioved\u00ec.<\/p>\n<p class=\"disable\">\u00a0<\/p>\n<p class=\"disable\">Dieci le postazioni allestite per gli avvocati in arrivo dai diversi Paesi, con la possibilit\u00e0 di prendere appunti, ma il divieto assoluto di avere una copia o di scattare foto di file considerati delicatissimi. Dove si vede per esempio l&#8217;istante in cui il deejay della serata, Mat\u00e9o Lesguer (23 anni, anche lui morto) all&#8217;1.27 si accorge delle primissime fiamme sul soffitto e lascia la consolle per andare a recuperare un estintore, mentre la musica prosegue. Il fuoco ovunque, il fumo tossico sempre pi\u00f9 nero. E poi il tentativo, per molti vano, di fuga.<\/p>\n<p><a href=\"https:\/\/www.dagospia.com\/media-gallery\/dago-fotogallery-508672\/2220601\" class=\"float-left img-wrapper\"><img decoding=\"async\" id=\"2220601\" loading=\"lazy\" src=\"https:\/\/static.dagospia.com\/img\/foto\/01-2026\/porta-di-servizio-bloccata-le-constellation-2220601_800_q50.webp\"><span class=\"img-title\">PORTA DI SERVIZIO BLOCCATA &#8211; LE CONSTELLATION<\/span><\/a><\/p>\n<p class=\"disable\">\u00a0<\/p>\n<p class=\"disable\">\u00abCon il viso vicino al pavimento\u00bb, hanno annotato i poliziotti descrivendo quelle immagini, dove si vede l&#8217;uscita d&#8217;emergenza ostruita da uno sgabello dove, poco prima del rogo, compare un giovane seduto. Ancora, la scala per risalire dal seminterrato che diventa un imbuto: in tanti muoiono laggi\u00f9. Solo otto le persone illese. Immagini fondamentali per capire le responsabilit\u00e0:<\/p>\n<p class=\"disable\">\u00a0<\/p>\n<p class=\"disable\">\u00abCercher\u00f2 di osservare, se si riesce a vedere, il comportamento di Jessica Moretti, se c&#8217;\u00e8 stato un suo intervento nel provare a coordinare l&#8217;uscita dei ragazzi, se c&#8217;\u00e8 qualcuno che sembra avere avuto una formazione\u00bb, spiega Domenico Radice, avvocato milanese che segue diversi feriti del Constellation. Ma anche il ruolo della stessa Moretti nell&#8217;accensione delle candele scintillanti che hanno scatenato il rogo.<\/p>\n<p class=\"disable\">\u00a0<\/p>\n<p><a href=\"https:\/\/www.dagospia.com\/media-gallery\/dago-fotogallery-508672\/2216822\" class=\"float-right img-wrapper\"><img decoding=\"async\" id=\"2216822\" loading=\"lazy\" src=\"https:\/\/static.dagospia.com\/img\/foto\/01-2026\/incendio-a-le-constellation-a-crans-montana-in-svizzera-2-2216822_800_q50.webp\"><span class=\"img-title\">incendio a le constellation a crans montana, in svizzera 2<\/span><\/a><\/p>\n<p class=\"disable\">\u00abDa quello che aveva raccontato una testimone, potrebbe vedersi Jessica che indica il percorso che deve fare il ragazzo che ha sulle spalle la cameriera col casco che ha innescato l&#8217;incendio\u00bb.\u00a0 [&#8230;]<\/p>\n<p><a href=\"https:\/\/www.dagospia.com\/media-gallery\/dago-fotogallery-508672\/2235151\" class=\"float-right img-wrapper\"><img decoding=\"async\" id=\"2235151\" loading=\"lazy\" src=\"https:\/\/static.dagospia.com\/img\/foto\/02-2026\/incendio-al-constellation-1-2235151_800_q50.webp\"><span class=\"img-title\">incendio al constellation 1<\/span><\/a><a href=\"https:\/\/www.dagospia.com\/media-gallery\/dago-fotogallery-508672\/2216823\" class=\"float-left img-wrapper\"><img decoding=\"async\" id=\"2216823\" loading=\"lazy\" src=\"https:\/\/static.dagospia.com\/img\/foto\/01-2026\/incendio-a-le-constellation-a-crans-montana-in-svizzera-1-2216823_800_q50.webp\"><span class=\"img-title\">incendio a le constellation a crans montana, in svizzera 1<\/span><\/a><a href=\"https:\/\/www.dagospia.com\/media-gallery\/dago-fotogallery-508672\/2216998\" class=\"float-right img-wrapper\"><img decoding=\"async\" id=\"2216998\" loading=\"lazy\" src=\"https:\/\/static.dagospia.com\/img\/foto\/01-2026\/persone-davanti-al-bar-le-constellation-dopo-la-strage-di-capodanno-4-2216998_800_q50.webp\"><span class=\"img-title\">persone davanti al bar le constellation dopo la strage di capodanno 4<\/span><\/a><a href=\"https:\/\/www.dagospia.com\/media-gallery\/dago-fotogallery-508672\/2230990\" class=\"float-right img-wrapper\"><img decoding=\"async\" id=\"2230990\" loading=\"lazy\" src=\"https:\/\/static.dagospia.com\/img\/foto\/02-2026\/il-constellation-dopo-l-incendio-4-2230990_800_q50.webp\"><span class=\"img-title\">il constellation dopo l incendio 4<\/span><\/a><a href=\"https:\/\/www.dagospia.com\/media-gallery\/dago-fotogallery-508672\/2216995\" class=\"float-right img-wrapper\"><img decoding=\"async\" id=\"2216995\" loading=\"lazy\" src=\"https:\/\/static.dagospia.com\/img\/foto\/01-2026\/persone-davanti-al-bar-le-constellation-dopo-la-strage-di-capodanno-2-2216995_800_q50.webp\"><span class=\"img-title\">persone davanti al bar le constellation dopo la strage di capodanno 2<\/span><\/a><a href=\"https:\/\/www.dagospia.com\/media-gallery\/dago-fotogallery-508672\/2230988\" class=\"float-right img-wrapper\"><img decoding=\"async\" id=\"2230988\" loading=\"lazy\" src=\"https:\/\/static.dagospia.com\/img\/foto\/02-2026\/il-constellation-dopo-l-incendio-9-2230988_800_q50.webp\"><span class=\"img-title\">il constellation dopo l incendio 9<\/span><\/a><\/p>\n<\/div>\n<article><a href=\"https:\/\/www.dagospia.com\/politica\/flash-come-si-e-arrivati-licenziamento-beatrice-venezi-c-e-ragione-piu-472316\"><\/p>\n<div class=\"img-wrapper\"><img decoding=\"async\" src=\"https:\/\/static.dagospia.com\/img\/patch\/04-2026\/meloni-buttafuoco-fenice-venezi-colabianchi-giuli-brugnaro-2257163_600_q50.webp\" alt=\"meloni buttafuoco fenice venezi colabianchi giuli brugnaro\" loading=\"lazy\"><time class=\"data-ora\">27 apr 20:12<\/time><\/div>\n<div class=\"excerpt\">\n<p>FLASH! \u2013 <span>DIETRO LA CACCIATA\u00a0DI BEATRICE VENEZI C&#8217;E&#8217; UNA RAGIONE PI\u00d9\u00a0\u201cPOLITICA\u201d CHE MUSICALE: A FINE MAGGIO SI VOTA A VENEZIA PER IL NUOVO SINDACO <\/span>CHE PRENDERA&#8217; IL POSTO DI BRUGNARO, GRAN SPONSOR DELLA\u00a0\u201cBACCHETTA NERA\u201d (COME ANCHE IL MAL-DESTRO ZAIA) &#8211; <span>QUANDO MELONI HA SBIRCIATO I SONDAGGI RISERVATI <\/span>CHE VEDE IL CENTROSINISTRA AVANTI, SOSPINTO DALLO SCANDALOSO CASO-VENEZI (CHE STRAPPA ALLA DESTRA\u00a04-5%), GLI OTOLITI SONO ANDATI IN TILT &#8211; <span>E ALLA PRIMA OCCASIONE, CON LE IMPROVVIDE DICHIARAZIONI DI \u201cBEATROCE\u201d CONTRO L\u2019ORCHESTRA, \u00c8\u00a0STATA LICENZIATA &#8211;\u00a0<\/span>LO STESSO &#8221;SENTIMENT&#8221; VALE PER BUTTAFUOCO, MA IL PRESIDENTE DELLA BIENNALE, PIU&#8217; FURBO, NON OFFRE PER ORA IL FIANCO PER LIQUIDARLO &#8211; <span>E SE VENISSE CACCIATO, A DIFFERENZA DI VENEZI, HA L&#8217;\u201cINTELLIGHENZIA\u201d DEI SINISTRATI<\/span> CHE LODA L&#8217;INTELLETTUALITA&#8217; DEL FASCIO-MUSULMANO CHE APRE IL PADIGLIONE AI RUSSI&#8230;.<\/p>\n<\/div>\n<p><\/a><\/article>\n<article><a href=\"https:\/\/www.dagospia.com\/sport\/caso-rocchi-abodi-giorgetti-l-idea-commissariare-figc-meloni-considera-472320\"><\/p>\n<div class=\"img-wrapper\"><img decoding=\"async\" src=\"https:\/\/static.dagospia.com\/img\/patch\/04-2026\/giovanni-malago-giorgia-meloni-giancarlo-giorgetti-andrea-abodi-gianluca-rocchi-2257188_600_q50.webp\" alt=\"giovanni malago giorgia meloni giancarlo giorgetti andrea abodi gianluca rocchi \" loading=\"lazy\"><time class=\"data-ora\">27 apr 19:31<\/time><\/div>\n<div class=\"excerpt\">\n<p>DAGOREPORT <span>&#8211; IL CASO ROCCHI E&#8217; ARRIVATO COME IL CACIO SUI MACCHERONI PER ABODI E GIORGETTI,<\/span> PRETESTO PERFETTO PER COMMISSARIARE LA FIGC, SCONGIURANDO IL RISCHIO CHE COSI&#8217; POSSA CADERE NELLE MANI DELL&#8217;INAFFIDABILE MALAGO\u2019 &#8211; <span>LANCIATO DA DE LAURENTIIS, &#8220;MEGALO&#8217; SAREBBE IN LIEVE VANTAGGIO SUL FILO-GOVERNATIVO ABETE<\/span> &#8211;\u00a0A PARTE GIANNI LETTA, TUTTO IL GOVERNO, IN PRIMIS IL DUO ABODI-GIORGETTI, DETESTA L&#8217;IDEA DI MALAGO&#8217; E\u00a0<font color=\"#ff0000\">PUNTEREBBE A NOMINARE<\/font>\u00a0COMMISSARIO FIGC IL PRESIDENTE DI SPORT E SALUTE, MARCO MEZZAROMA, CARO ALLA FIAMMA MELONIANA\u2026<\/p>\n<\/div>\n<p><\/a><\/article>\n<article><a href=\"https:\/\/www.dagospia.com\/politica\/dagoreport-uniche-pompe-non-piacciono-trump-quelle-benzina-e-vero-472319\"><\/p>\n<div class=\"img-wrapper\"><img decoding=\"async\" src=\"https:\/\/static.dagospia.com\/img\/patch\/04-2026\/donald-trump-benzinaio-benzina-petrolio-greggio-2251186_600_q50.webp\" alt=\"donald trump benzinaio benzina petrolio greggio \" loading=\"lazy\"><time class=\"data-ora\">27 apr 17:11<\/time><\/div>\n<div class=\"excerpt\">\n<p>DAGOREPORT \u2013 <span>LE UNICHE POMPE CHE NON PIACCIONO A TRUMP SONO QUELLE DI BENZINA! \u00c8 VERO CHE LE ESPORTAZIONI DI GREGGIO AMERICANE CRESCONO A RITMI RECORD, MA IL PREZZO AL GALLONE NEI DISTRIBUTORI AMERICANI RESTA AI MASSIMI: <\/span>IL CAOS IN MEDIORIENTE \u00c8\u00a0STATO UN BOOMERANG VISTO CHE LO SCOTTO PEGGIORE LO STANNO PAGANDO I CITTADINI (SI VENDICHERANNO ALLE MIDTERM?), CHE HANNO LA BENZINA ALLE STELLE MENTRE I PRODUTTORI FANNO PROFITTI RECORD \u2013 IL MINISTRO DEGLI ESTERI IRANIANO, ARAGHCHI, VOLA A MOSCA E TRATTA CON QATAR E SAUDITI (MA NON CON EMIRATI E BAHREIN, CHE HANNO FIRMATO GLI ACCORDI DI ABRAMO CON ISRAELE)<\/p>\n<\/div>\n<p><\/a><\/article>\n<article><a href=\"https:\/\/www.dagospia.com\/media-tv\/dagoreport-la-repubblica-atene-theodore-kyriakou-idee-repubblica-472317\"><\/p>\n<div class=\"img-wrapper\"><img decoding=\"async\" src=\"https:\/\/static.dagospia.com\/img\/patch\/04-2026\/kyriakou-repubblica-radio-capital-tv8-2257164_600_q50.webp\" alt=\"kyriakou repubblica radio capital tv8\" loading=\"lazy\"><time class=\"data-ora\">27 apr 17:05<\/time><\/div>\n<div class=\"excerpt\">\n<p><span>DAGOREPORT <\/span>&#8211; \u201cLA REPUBBLICA\u201d DI ATENE \u2013 THEODORE KYRIAKOU VUOLE CAPIRE CHE DIREZIONE DARE AL GRUPPO GEDI E SE C\u2019\u00c8 UNO SPAZIO POLITICO (E COMMERCIALE) PER <span>DARE A \u201cREPUBBLICA\u201d UN ORIENTAMENTO PI\u00d9 MARCATAMENTE DI SINISTRA. <\/span>LA SVOLTA DEL QUOTIDIANO SI DOVREBBE ACCOMPAGNARE, NELLE INTENZIONI DELL\u2019EDITORE GRECO,<span> A UN INVESTIMENTO TELEVISIVO.<\/span> LA SUA IDEA \u00c8 QUELLA DI TRASFORMARE IN CANALE DIGITALE \u201cRADIO CAPITAL TV\u201d, GI\u00c0 DI PROPRIET\u00c0 DEL GRUPPO, MA NON \u00c8 ESCLUSO (E DIPENDER\u00c0 DAL PREZZO) <span>L\u2019ASSALTO A TV8 DEL GRUPPO SKY&#8230;<\/span><\/p>\n<\/div>\n<p><\/a><\/article>\n<article><a href=\"https:\/\/www.dagospia.com\/politica\/dagoreport-giorgia-meloni-questa-volta-fa-bene-incazzarsi-giancarlo-472264\"><\/p>\n<div class=\"img-wrapper\"><img decoding=\"async\" src=\"https:\/\/static.dagospia.com\/img\/patch\/04-2026\/giorgia-meloni-giancarlo-giorgetti-daria-perrotta-2257041_600_q50.webp\" alt=\"giorgia meloni giancarlo giorgetti daria perrotta \" loading=\"lazy\"><time class=\"data-ora\">27 apr 13:01<\/time><\/div>\n<div class=\"excerpt\">\n<p>DAGOREPORT \u2013\u00a0GIORGIA MELONI QUESTA VOLTA FA BENE A INCAZZARSI CON GIANCARLO GIORGETTI:\u00a0IL PASTROCCHIO SUL DEFICIT AL 3,1% (L\u2019ITALIA RESTER\u00c0 SOTTO PROCEDURA D\u2019INFRAZIONE PER LA MISERIA DI 600 MILIONI DI EURO)\u00a0<span>\u00c8\u00a0TUTTA FARINA DEL SACCO DEL MEF, E DELLA RAGIONIERA DELLO STATO DARIA PERROTTA (CHE NON HA AVUTO IL CARISMA PER ENTRARE IN SINTONIA CON L&#8217;APPARATO CORPORATIVO DEL MINISTERO)\u00a0<\/span>\u2013 SE CI FOSSE STATO UN VECCHIO VOLPONE COME BIAGIO MAZZOTTA O UN ALTRO GRAND COMMIS DI QUELLI TANTO INVISI ALLA \u201cFIAMMA MAGICA\u201d, UNA SOLUZIONE SI SAREBBE TROVATA, E QUELLO 0,1% SAREBBE STATO ARROTONDATO &#8211;\u00a0<span>COLPA DELLA INFAUSTA GUERRA AL DEEP STATE INIZIATA DAL GOVERNO MELONI&#8230;<\/span><\/p>\n<\/div>\n<p><\/a><\/article>\n<article><a href=\"https:\/\/www.dagospia.com\/politica\/trump-e-cosi-incazzato-i-paesi-europei-per-mancato-appoggio-guerra-in-472212\"><\/p>\n<div class=\"img-wrapper\"><img decoding=\"async\" src=\"https:\/\/static.dagospia.com\/img\/patch\/02-2025\/vladimir-putin-donald-trump-ue-europa-2100675_600_q50.webp\" alt=\"vladimir putin donald trump ue europa \" loading=\"lazy\"><time class=\"data-ora\">26 apr 18:14<\/time><\/div>\n<div class=\"excerpt\">\n<p><span>DAGOREPORT &#8211; TRUMP E\u2019 COSI\u2019 INCAZZATO CON I PAESI EUROPEI PER IL MANCATO APPOGGIO ALLA GUERRA IN IRAN CHE MEDITA LA SUA VENDETTA\u00a0<\/span>&#8211; POTREBBE DISERTARE IL PROSSIMO VERTICE DEL G7 A EVIAN, IN FRANCIA, DAL 15 AL 17 GIUGNO &#8211; UN PRIMO, CHIARO, SEGNALE DI SMARCAMENTO: SE VOI NON CI SIETE PER ME, IO NON CI SAR\u00d2 PER VOI &#8211; POTREBBE FARE IL BIS AL VERTICE NATO PREVISTO AD ANKARA, IN TURCHIA, IL 7 E L\u20198 LUGLIO 2026 (E IL\u00a0SEGRETARIO ALLA DIFESA PETE HEGSETH SPINGE PER RENDERE I VERTICI NATO A CADENZA BIENNALE E NON ANNUALE: UN ULTERIORE SGANCIAMENTO) &#8211;\u00a0<span>IL CEFFONE FINALE AI PAESI EUROPEI TRUMP CONTA DI DARLO AL G20 PREVISTO A MIAMI IL 14 E 15 DICEMBRE 2026<\/span>: AL VERTICE VUOLE INVITARE PUTIN. UNA PRESENZA CHE CLAMOROSA E DEFLAGRANTE PER L\u2019ASSE EURO-ATLANTICO: RITROVARSI AL TAVOLO PUTIN, SU CUI PENDE UN MANDATO DI CATTURA INTERNAZIONALE PER CRIMINI DI GUERRA IN UCRAINA, A UN CONSESSO NEGLI STATI UNITI (NON IN SUDAFRICA O IN BRASILE), E IN PRESENZA DI TUTTI GLI ALTRI LEADER EUROPEI, SAREBBE LO SPUTO NELL\u2019OCCHIO DEFINITIVO\u2026<\/p>\n<\/div>\n<p><\/a><\/article>\n<article><a href=\"https:\/\/www.dagospia.com\/politica\/pasqua-merda-per-matteo-piantedosi-dopo-claudia-conte-rivelato-urbi-et-469960\"><\/p>\n<div class=\"img-wrapper\"><img decoding=\"async\" src=\"https:\/\/static.dagospia.com\/img\/patch\/04-2026\/matteo-piantedosi-come-gennaro-sangiuliano-meme-claudia-conte-2249972_600_q50.webp\" alt=\"matteo piantedosi come gennaro sangiuliano meme claudia conte \" loading=\"lazy\"><\/div>\n<div class=\"excerpt\">CHE PASQUA DI MERDA PER MATTEO PIANTEDOSI! &#8211; DOPO CHE CLAUDIA CONTE HA RIVELATO URBI ET ORBI DI\u2026<\/div>\n<p><\/a><\/article>\n<article><a href=\"https:\/\/www.dagospia.com\/cronache\/michael-jackson-mi-abbasso-i-pantaloncini-mentre-giocavo-game-boy-470026\"><\/p>\n<div class=\"img-wrapper\"><img decoding=\"async\" src=\"https:\/\/static.dagospia.com\/img\/patch\/04-2026\/michael-jackson-aldo-cascio-2250437_600_q50.webp\" alt=\"michael jackson aldo cascio \" loading=\"lazy\"><\/div>\n<div class=\"excerpt\">\u201cMICHAEL JACKSON MI ABBASS\u00d2 I PANTALONCINI MENTRE GIOCAVO AL GAME BOY\u201d \u2013 LE TESTIMONIANZE DEI\u2026<\/div>\n<p><\/a><\/article>\n<article><a href=\"https:\/\/www.dagospia.com\/cafonal\/pardo-max-giusti-metti-sera-cena-eminenze-gricie-dell-edonismo-472056\"><\/p>\n<div class=\"img-wrapper\"><img decoding=\"async\" src=\"https:\/\/static.dagospia.com\/img\/patch\/04-2026\/ristorante-la-pisanella-2256575_600_q50.webp\" alt loading=\"lazy\"><\/div>\n<div class=\"excerpt\">DA PARDO A MAX GIUSTI: METTI UNA SERA A CENA LE \u201cEMINENZE GRICIE\u201d DELL\u2019EDONISMO ROMANELLO \u2013 AL\u2026<\/div>\n<p><\/a><\/article>\n<article><a href=\"https:\/\/www.dagospia.com\/media-tv\/pillole-gossip-elodie-franceska-limonano-pochi-passi-472290\"><\/p>\n<div class=\"img-wrapper\"><img decoding=\"async\" src=\"https:\/\/static.dagospia.com\/img\/patch\/04-2026\/pillole-avanti-gossip-2257085_600_q50.webp\" alt=\"pillole avanti gossip\" loading=\"lazy\"><\/div>\n<div class=\"excerpt\">PILLOLE DI GOSSIP! IL TRIANGOLO, S\u00cc! 25 APRILE\u00a0ELODIE E FRANCESKA SI SONO RITROVATE A POCHI PASSI\u2026<\/div>\n<p><\/a><\/article>\n<article><a href=\"https:\/\/www.dagospia.com\/sport\/col-vento-in-poppe-riconoscete-scio-girl-sogna-diventare-imprenditrice-472292\"><\/p>\n<div class=\"img-wrapper\"><img decoding=\"async\" src=\"https:\/\/static.dagospia.com\/img\/patch\/04-2026\/chiara-nasti-2257096_600_q50.webp\" alt=\"chiara nasti\" loading=\"lazy\"><\/div>\n<div class=\"excerpt\">COL VENTO IN POPPE! LA RICONOSCETE? LA SCIO\u2019-GIRL SOGNA DI DIVENTARE UNA IMPRENDITRICE NEL SETTORE\u2026<\/div>\n<p><\/a><\/article>\n<article><a href=\"https:\/\/www.dagospia.com\/politica\/flash-come-si-e-arrivati-licenziamento-beatrice-venezi-c-e-ragione-piu-472316\"><\/p>\n<div class=\"img-wrapper\"><img decoding=\"async\" src=\"https:\/\/static.dagospia.com\/img\/patch\/04-2026\/meloni-buttafuoco-fenice-venezi-colabianchi-giuli-brugnaro-2257163_600_q50.webp\" alt=\"meloni buttafuoco fenice venezi colabianchi giuli brugnaro\" loading=\"lazy\"><\/div>\n<div class=\"excerpt\">FLASH! \u2013 DIETRO LA CACCIATA\u00a0DI BEATRICE VENEZI C&#8217;E&#8217; UNA RAGIONE PI\u00d9\u00a0\u201cPOLITICA\u201d CHE MUSICALE: A FINE\u2026<\/div>\n<p><\/a><\/article>\n<article><a href=\"https:\/\/www.dagospia.com\/sport\/caso-rocchi-abodi-giorgetti-l-idea-commissariare-figc-meloni-considera-472320\"><\/p>\n<div class=\"img-wrapper\"><img decoding=\"async\" src=\"https:\/\/static.dagospia.com\/img\/patch\/04-2026\/giovanni-malago-giorgia-meloni-giancarlo-giorgetti-andrea-abodi-gianluca-rocchi-2257188_600_q50.webp\" alt=\"giovanni malago giorgia meloni giancarlo giorgetti andrea abodi gianluca rocchi \" loading=\"lazy\"><\/div>\n<div class=\"excerpt\">DAGOREPORT &#8211; IL CASO ROCCHI E&#8217; ARRIVATO COME IL CACIO SUI MACCHERONI PER ABODI E GIORGETTI,\u2026<\/div>\n<p><\/a><\/article>\n<article><a href=\"https:\/\/www.dagospia.com\/politica\/dagoreport-uniche-pompe-non-piacciono-trump-quelle-benzina-e-vero-472319\"><\/p>\n<div class=\"img-wrapper\"><img decoding=\"async\" src=\"https:\/\/static.dagospia.com\/img\/patch\/04-2026\/donald-trump-benzinaio-benzina-petrolio-greggio-2251186_600_q50.webp\" alt=\"donald trump benzinaio benzina petrolio greggio \" loading=\"lazy\"><\/div>\n<div class=\"excerpt\">DAGOREPORT \u2013 LE UNICHE POMPE CHE NON PIACCIONO A TRUMP SONO QUELLE DI BENZINA! \u00c8 VERO CHE LE\u2026<\/div>\n<p><\/a><\/article>\n<article><a href=\"https:\/\/www.dagospia.com\/media-tv\/dagoreport-la-repubblica-atene-theodore-kyriakou-idee-repubblica-472317\"><\/p>\n<div class=\"img-wrapper\"><img decoding=\"async\" src=\"https:\/\/static.dagospia.com\/img\/patch\/04-2026\/kyriakou-repubblica-radio-capital-tv8-2257164_600_q50.webp\" alt=\"kyriakou repubblica radio capital tv8\" loading=\"lazy\"><\/div>\n<div class=\"excerpt\">DAGOREPORT &#8211; \u201cLA REPUBBLICA\u201d DI ATENE \u2013 THEODORE KYRIAKOU VUOLE CAPIRE CHE DIREZIONE DARE AL GRUPPO\u2026<\/div>\n<p><\/a><\/article>\n<article><a href=\"https:\/\/www.dagospia.com\/politica\/dagoreport-giorgia-meloni-questa-volta-fa-bene-incazzarsi-giancarlo-472264\"><\/p>\n<div class=\"img-wrapper\"><img decoding=\"async\" src=\"https:\/\/static.dagospia.com\/img\/patch\/04-2026\/giorgia-meloni-giancarlo-giorgetti-daria-perrotta-2257041_600_q50.webp\" alt=\"giorgia meloni giancarlo giorgetti daria perrotta \" loading=\"lazy\"><\/div>\n<div class=\"excerpt\">DAGOREPORT \u2013\u00a0GIORGIA MELONI QUESTA VOLTA FA BENE A INCAZZARSI CON GIANCARLO GIORGETTI:\u00a0IL\u2026<\/div>\n<p><\/a><\/article>\n<article><a href=\"https:\/\/www.dagospia.com\/politica\/trump-e-cosi-incazzato-i-paesi-europei-per-mancato-appoggio-guerra-in-472212\"><\/p>\n<div class=\"img-wrapper\"><img decoding=\"async\" src=\"https:\/\/static.dagospia.com\/img\/patch\/02-2025\/vladimir-putin-donald-trump-ue-europa-2100675_600_q50.webp\" alt=\"vladimir putin donald trump ue europa \" loading=\"lazy\"><\/div>\n<div class=\"excerpt\">DAGOREPORT &#8211; TRUMP E\u2019 COSI\u2019 INCAZZATO CON I PAESI EUROPEI PER IL MANCATO APPOGGIO ALLA GUERRA IN\u2026<\/div>\n<p><\/a><\/article>\n<article><a href=\"https:\/\/www.dagospia.com\/politica\/dagoreport-la-storia-mai-raccontata-dell-irresistibile-ascesa-rovinosa-471816\"><\/p>\n<div class=\"img-wrapper\"><img decoding=\"async\" src=\"https:\/\/static.dagospia.com\/img\/patch\/04-2026\/luigi-ciro-de-lisi-matteo-salvini-giorgia-meloni-giuseppe-del-deo-mario-parente--2256581_600_q50.webp\" alt=\"luigi ciro de lisi matteo salvini giorgia meloni giuseppe del deo mario parente gaetano caputi  alfredo mantovano\" loading=\"lazy\"><\/div>\n<div class=\"excerpt\">DAGOREPORT &#8211; LA STORIA MAI RACCONTATA DELL&#8217;IRRESISTIBILE ASCESA E ROVINOSA CADUTA DI GIUSEPPE DEL\u2026<\/div>\n<p><\/a><\/article>\n<article><a href=\"https:\/\/www.dagospia.com\/politica\/brera-volta-pinacoteca-milanese-e-diventata-discount-471997\"><\/p>\n<div class=\"img-wrapper\"><img decoding=\"async\" src=\"https:\/\/static.dagospia.com\/img\/patch\/04-2026\/giancarla-rondinelli-brera-2256327_600_q50.webp\" alt=\"giancarla rondinelli brera \" loading=\"lazy\"><\/div>\n<div class=\"excerpt\">BRERA UNA VOLTA &#8211; LA PINACOTECA MILANESE\u00a0\u00c8 DIVENTATA UN DISCOUNT DELL\u2019INTRATTENIMENTO: LA\u2026<\/div>\n<p><\/a><\/article>\n<article><a href=\"https:\/\/www.dagospia.com\/business\/salutame-calta-cda-mps-rifila-vaffa-all-83enne-costruttore-cesare-471949\"><\/p>\n<div class=\"img-wrapper\"><img decoding=\"async\" src=\"https:\/\/static.dagospia.com\/img\/patch\/04-2026\/monte-dei-paschi-di-siena-mps-francesco-gaetano-caltagirone-luigi-lovaglio-cesar-2256179_600_q50.webp\" alt=\"monte dei paschi di siena mps francesco gaetano caltagirone luigi lovaglio cesare bisoni gaetano caputi vittorio grilli \" loading=\"lazy\"><\/div>\n<div class=\"excerpt\">SALUTAME A \u201cCALTA\u201d \u2013 IL CDA DI MPS RIFILA UN ALTRO \u201cVAFFA\u201d ALL\u201983ENNE COSTRUTTORE: CESARE BISONI \u00c8\u2026<\/div>\n<p><\/a><\/article>\n<article><a href=\"https:\/\/www.dagospia.com\/politica\/ignazio-russa-legge-dagospia-non-si-trova-per-nulla-d-accordo-ci-manda-471827\"><\/p>\n<div class=\"img-wrapper\"><img decoding=\"async\" src=\"https:\/\/static.dagospia.com\/img\/patch\/12-2025\/meloni-la-russa-2209089_600_q50.webp\" alt=\"meloni la russa\" loading=\"lazy\"><\/div>\n<div class=\"excerpt\">IL CO-FONDATORE DI FRATELLI D\u2019ITALIA E SECONDA CARICA DELLO STATO, IL POCO PALUDATO PRESIDENTE DEL\u2026<\/div>\n<p><\/a><\/article>\n<article><a href=\"https:\/\/www.dagospia.com\/cafonal\/pardo-max-giusti-metti-sera-cena-eminenze-gricie-dell-edonismo-472056\"><\/p>\n<div class=\"img-wrapper\"><img decoding=\"async\" src=\"https:\/\/static.dagospia.com\/img\/patch\/04-2026\/ristorante-la-pisanella-2256575_600_q50.webp\" alt loading=\"lazy\"><\/div>\n<div class=\"excerpt\">DA PARDO A MAX GIUSTI: METTI UNA SERA A CENA LE \u201cEMINENZE GRICIE\u201d DELL\u2019EDONISMO ROMANELLO \u2013 AL\u2026<\/div>\n<p><\/a><\/article>\n<article><a href=\"https:\/\/www.dagospia.com\/cafonal\/ne-andavo-quella-roma-nella-capitale-in-zona-talenti-intitolato-parco-remo-472030\"><\/p>\n<div class=\"img-wrapper\"><img decoding=\"async\" src=\"https:\/\/static.dagospia.com\/img\/patch\/04-2026\/inaugurazione-del-parco-remo-remotti-massimiliano-bruno-nicola-pistoia-michela-a-2256496_600_q50.webp\" alt=\"inaugurazione del parco remo remotti - massimiliano bruno nicola pistoia michela andreozzi luisa pistoia sabina guzzanti stefano fresi tommaso zanello piotta federica remotti - 5\" loading=\"lazy\"><\/div>\n<div class=\"excerpt\">VIDEO!&#8221;ME NE ANDAVO DA QUELLA ROMA\u2026!&#8221; NELLA CAPITALE, IN ZONA TALENTI, E\u2019 STATO INTITOLATO UN PARCO\u2026<\/div>\n<p><\/a><\/article>\n<article><a href=\"https:\/\/www.dagospia.com\/cafonal\/cafonal-all-opera-mi-porti-luca-guadagnino-maggio-fiorentino-the-death-471907\"><\/p>\n<div class=\"img-wrapper\"><img decoding=\"async\" src=\"https:\/\/static.dagospia.com\/img\/patch\/04-2026\/guadagnino-2256066_600_q50.webp\" alt=\"guadagnino\" loading=\"lazy\"><\/div>\n<div class=\"excerpt\">CAFONAL ALL\u2019OPERA &#8211; MI PORTI UN LUCA GUADAGNINO A FIRENZE \u2013 IL REGISTA PORTA IN SCENA AL MAGGIO\u2026<\/div>\n<p><\/a><\/article>\n<article><a href=\"https:\/\/www.dagospia.com\/cafonal\/cafonal-pallitto-chanel-totti-metri-trash-figlia-pupone-diventa-471192\"><\/p>\n<div class=\"img-wrapper\"><img decoding=\"async\" src=\"https:\/\/static.dagospia.com\/img\/patch\/04-2026\/2026pallitto-2253852_600_q50.webp\" alt loading=\"lazy\"><\/div>\n<div class=\"excerpt\">CAFONAL \u2013 PALLITTO-CHANEL TOTTI: TRE METRI SOPRA IL TRASH! LA FIGLIA DEL PUPONE DIVENTA LA\u2026<\/div>\n<p><\/a><\/article>\n<article><a href=\"https:\/\/www.dagospia.com\/cafonal\/cafonalino-cinema-caravaggio-roma-l-anteprima-film-a-year-in-london-471080\"><\/p>\n<div class=\"img-wrapper\"><img decoding=\"async\" src=\"https:\/\/static.dagospia.com\/img\/patch\/04-2026\/2026fendi-2253486_600_q50.webp\" alt=\"2026fendi\" loading=\"lazy\"><\/div>\n<div class=\"excerpt\">CAFONALINO! &#8211; AL CINEMA CARAVAGGIO DI ROMA ACCORRE UNA NUTRITA RAPPRESENTANZA DELLA FAMIGLIA FENDI\u2026<\/div>\n<p><\/a><\/article>\n<article><a href=\"https:\/\/www.dagospia.com\/cafonal\/cafonalino-maxxi-serena-bortone-presenta-suo-romanzo-quel-provolone-470822\"><\/p>\n<div class=\"img-wrapper\"><img decoding=\"async\" src=\"https:\/\/static.dagospia.com\/img\/patch\/04-2026\/2026bortone-serena-bortone-2252798_600_q50.webp\" alt=\"2026bortone serena bortone\" loading=\"lazy\"><\/div>\n<div class=\"excerpt\">CAFONALINO! \u2013\u00a0AL MAXXI DI ROMA SERENA BORTONE PRESENTA IL SUO ROMANZO \u201cLE DIRIMPETTAIE\u201d, AFFIANCATA\u2026<\/div>\n<p><\/a><\/article>\n<p>[analyse_source url=&#8221;https:\/\/www.dagospia.com\/cronache\/gli-avvocati-dei-feriti-delle-vittime-constellation-potranno-visionare-472244&#8243;]<\/p>\n","protected":false},"excerpt":{"rendered":"<p>[analyse_image type=&#8221;featured&#8221; src=&#8221;https:\/\/static.dagospia.com\/img\/patch\/02-2026\/rogo-constellation-crans-montana-2235150.gif&#8221;] 27 apr 2026 12:18 QUESTO S\u00cc CHE \u00c8 UN VERO FILM DELL&#8217;ORRORE &#8211; GLI AVVOCATI DEI FERITI E DELLE VITTIME DEL &#8220;CONSTELLATION&#8221; POTRANNO VISIONARE LE IMMAGINI REGISTRATE DAL SISTEMA DI SORVEGLIANZA DEL LOCALE DI CRANS-MONTANA DURANTE IL ROGO &#8211; FINORA IL VIDEO E&#8217; STATO VISTO SOLO DAGLI INVESTIGATORI: DURA OTTO MINUTI E [&hellip;]<\/p>\n","protected":false},"author":1,"featured_media":0,"comment_status":"open","ping_status":"","sticky":false,"template":"","format":"standard","meta":{"footnotes":""},"categories":[87],"tags":[226,149],"class_list":["post-1905904","post","type-post","status-publish","format-standard","hentry","category-italy","tag-crawlmanager","tag-dagospia-com"],"_links":{"self":[{"href":"https:\/\/analyse.optim.biz\/index.php?rest_route=\/wp\/v2\/posts\/1905904","targetHints":{"allow":["GET"]}}],"collection":[{"href":"https:\/\/analyse.optim.biz\/index.php?rest_route=\/wp\/v2\/posts"}],"about":[{"href":"https:\/\/analyse.optim.biz\/index.php?rest_route=\/wp\/v2\/types\/post"}],"author":[{"embeddable":true,"href":"https:\/\/analyse.optim.biz\/index.php?rest_route=\/wp\/v2\/users\/1"}],"replies":[{"embeddable":true,"href":"https:\/\/analyse.optim.biz\/index.php?rest_route=%2Fwp%2Fv2%2Fcomments&post=1905904"}],"version-history":[{"count":0,"href":"https:\/\/analyse.optim.biz\/index.php?rest_route=\/wp\/v2\/posts\/1905904\/revisions"}],"wp:attachment":[{"href":"https:\/\/analyse.optim.biz\/index.php?rest_route=%2Fwp%2Fv2%2Fmedia&parent=1905904"}],"wp:term":[{"taxonomy":"category","embeddable":true,"href":"https:\/\/analyse.optim.biz\/index.php?rest_route=%2Fwp%2Fv2%2Fcategories&post=1905904"},{"taxonomy":"post_tag","embeddable":true,"href":"https:\/\/analyse.optim.biz\/index.php?rest_route=%2Fwp%2Fv2%2Ftags&post=1905904"}],"curies":[{"name":"wp","href":"https:\/\/api.w.org\/{rel}","templated":true}]}}