{"id":1905903,"date":"2026-04-27T10:09:00","date_gmt":"2026-04-27T07:09:00","guid":{"rendered":"https:\/\/analyse.optim.biz\/?p=1905903"},"modified":"2026-04-27T10:09:00","modified_gmt":"2026-04-27T07:09:00","slug":"e-caccia-alluomo-che-alla-manifestazione-per-il-25-aprile-a-roma-ha-sparato-con-una-pistola-ad","status":"publish","type":"post","link":"https:\/\/analyse.optim.biz\/?p=1905903","title":{"rendered":"\u00c8 caccia all\u2019uomo che alla manifestazione per il 25 aprile a roma, ha sparato con una pistola ad&#8230;"},"content":{"rendered":"<p>[analyse_image type=&#8221;featured&#8221; src=&#8221;https:\/\/static.dagospia.com\/img\/patch\/04-2026\/25-aprile-manifestazione-roma-pistola-aria-compressa-spari-sparatoria-corteo-anp-2257016_600_q50.webp&#8221;]<\/p>\n<article>\n<div class=\"img-wrapper\"><img decoding=\"async\" src=\"https:\/\/static.dagospia.com\/img\/patch\/04-2026\/25-aprile-manifestazione-roma-pistola-aria-compressa-spari-sparatoria-corteo-anp-2257016_600_q50.webp\" alt=\"25 aprile manifestazione roma pistola aria compressa spari sparatoria corteo anpi feriti\"><time class=\"data-ora\">27 apr 2026 12:09<\/time><\/div>\n<p>LA STORIA CHE RITORNA: VIOLENZA E COLPI DI PISTOLA\u00a0\u2013 \u00c8 CACCIA ALL\u2019UOMO CHE, ALLA MANIFESTAZIONE PER IL 25 APRILE A ROMA, HA <span>SPARATO CON UNA PISTOLA AD ARIA COMPRESSA FERENDO UNA COPPIA CHE INDOSSAVA IL FAZZOLETTO DELL&#8217;ANPI<\/span> \u2013 \u00c8 STATO RIPRESO DALLE TELECAMERE DI SORVEGLIANZA: ERA A BORDO DI UNO SCOOTER CHIARO, CON IL CASCO INTEGRALE NERO E LA GIACCA MILITARE \u2013 GLI INVESTIGATORI <span>CERCANO NELL\u2019AMBIENTE DELL\u2019ESTREMA DESTRA ROMANA, TRA LE CHAT DEI SUPREMATISTI,<\/span> IL MONDO CHE RUOTA INTORNO AGLI APPASSIONATI DI SOFTAIR VICINI ALLA \u201cGALASSIA NERA\u201d \u2013 L&#8217;ATTACCO DI SABATO POMERIGGIO \u00c8 UN&#8217;AZIONE STUDIATA E MIRATA. <span>L\u2019IPOTESI DI UNA SOPRALLUOGO IL GIORNO PRIMA\u2026<\/span><\/p>\n<div class=\"share-section\">\n                Condividi  questo articolo<\/p>\n<div class=\"socials\"><a href=\"http:\/\/www.facebook.com\/sharer.php?u=http:\/\/www.dagospia.com\/cronache\/e-caccia-all-uomo-manifestazione-per-25-aprile-roma-sparato-pistola-ad-472249\" target=\"_blank\"><img decoding=\"async\" src=\"https:\/\/static.dagospia.com\/img\/icons\/facebook.svg\" alt=\"Condividi su Facebook\"><\/a><a href=\"http:\/\/www.twitter.com\/share?url=http:\/\/www.dagospia.com\/cronache\/e-caccia-all-uomo-manifestazione-per-25-aprile-roma-sparato-pistola-ad-472249&amp;text=%C3%88%20CACCIA%20ALL%E2%80%99UOMO%20CHE%20ALLA%20MANIFESTAZIONE%20PER%20IL%2025%20APRILE%20A%20ROMA,%20HA%20SPARATO%20CON%20UNA%20PISTOLA%20AD...\" target=\"_blank\"><img decoding=\"async\" src=\"https:\/\/static.dagospia.com\/img\/icons\/x-icon.png\" alt=\"Condividi su X\"><\/a><a href=\"\/\/www.dagospia.com\/cronache\/e-caccia-all-uomo-manifestazione-per-25-aprile-roma-sparato-pistola-ad-472249\" target=\"_blank\"><img decoding=\"async\" src=\"https:\/\/static.dagospia.com\/img\/icons\/whatsapp.svg\" alt=\"Condividi su Whatsapp\"><\/a><a href=\"mailto:?body=http:\/\/www.dagospia.com\/cronache\/e-caccia-all-uomo-manifestazione-per-25-aprile-roma-sparato-pistola-ad-472249\" target=\"_blank\"><img decoding=\"async\" src=\"https:\/\/static.dagospia.com\/img\/icons\/mail.svg\" alt=\"Invia in email\"><\/a><\/div>\n<\/div>\n<div class=\"content\">\n<p class=\"disable\"><strong>Estratto dell\u2019articolo di Andrea Ossino e Viola Giannoli per <a href=\"http:\/\/www.repubblica.it\" target=\"_blank\">\u201cla Repubblica\u201d<\/a><\/strong><\/p>\n<p class=\"disable\">\u00a0<\/p>\n<p><a href=\"https:\/\/www.dagospia.com\/media-gallery\/dago-fotogallery-508677\/2257007\" class=\"float-right img-wrapper\"><img decoding=\"async\" id=\"2257007\" loading=\"lazy\" src=\"https:\/\/static.dagospia.com\/img\/foto\/04-2026\/coppia-ferita-alla-manifestazione-del-25-aprile-a-roma-2257007_800_q50.webp\"><span class=\"img-title\">COPPIA FERITA ALLA MANIFESTAZIONE DEL 25 APRILE A ROMA<\/span><\/a><\/p>\n<p class=\"disable\">Si cerca l&#8217;uomo con il casco in testa. Il ragazzo ripreso dalle telecamere. Che sapeva chi colpire, quando e dove. Perch\u00e9 l&#8217;attacco di sabato pomeriggio al parco Schuster \u00e8 un&#8217;azione studiata e mirata.<\/p>\n<p class=\"disable\">\u00a0<\/p>\n<p class=\"disable\">[&#8230;] il 25 aprile a Roma, [&#8230;]\u00a0 un giovane in sella a uno scooter chiaro, con il casco integrale nero e la giacca militare ha sparato con una pistola ad aria compressa ferendo una coppia che indossava il fazzoletto dell&#8217;Anpi.<\/p>\n<p class=\"disable\">\u00a0<\/p>\n<p><a href=\"https:\/\/www.dagospia.com\/media-gallery\/dago-fotogallery-508677\/2257006\" class=\"float-left img-wrapper\"><img decoding=\"async\" id=\"2257006\" loading=\"lazy\" src=\"https:\/\/static.dagospia.com\/img\/foto\/04-2026\/corteo-di-roma-per-il-25-aprile-festa-della-liberazione-anpi-2257006_800_q50.webp\"><span class=\"img-title\">corteo di roma per il 25 aprile &#8211; festa della liberazione &#8211; anpi<\/span><\/a><\/p>\n<p class=\"disable\">L&#8217;estrema destra romana, le chat dei suprematisti, i forum che si muovono tra web e dark web, il mondo che ruota intorno agli appassionati di softair vicini alla galassia nera: \u00e8 questo il perimetro su cui si concentra l&#8217;indagine. \u00c8 qui che si cercano tracce, parole, rivendicazioni. [&#8230;]\u00a0<\/p>\n<p class=\"disable\">\u00a0<\/p>\n<p class=\"disable\">C&#8217;\u00e8 un filmato capace di chiarire cosa sia accaduto sabato pomeriggio intorno alle 4 all&#8217;incrocio tra via delle Sette Chiese e l&#8217;Ostiense, a pochi metri dal parco dove veniva celebrata la Resistenza.<\/p>\n<p class=\"disable\">\u00a0<\/p>\n<p class=\"disable\">\u00c8 il punto in cui Rossana Gabrieli e Nicola Fasciano, 62 anni lei, 65 lui, sono stati colpiti dalla raffica di pallini, bianchi e lucidi. Le ferite sono lievi: una alla spalla per lei, alla gola e alla mano per lui. Ma a essere significativo \u00e8 il bersaglio. Due persone con i simboli dell&#8217;Anpi al collo, isolate in quel momento dalle centinaia di antifascisti in corteo. Un dettaglio che pesa ben pi\u00f9 del referto medico.<\/p>\n<p class=\"disable\">\u00a0<\/p>\n<p><a href=\"https:\/\/www.dagospia.com\/media-gallery\/dago-fotogallery-508677\/2257015\" class=\"float-right img-wrapper\"><img decoding=\"async\" id=\"2257015\" loading=\"lazy\" src=\"https:\/\/static.dagospia.com\/img\/foto\/04-2026\/uomo-spara-con-pistola-ad-aria-compressa-al-corteo-per-il-25-aprile-a-roma-palli-2257015_800_q50.webp\"><span class=\"img-title\">UOMO SPARA CON PISTOLA AD ARIA COMPRESSA AL CORTEO PER IL 25 APRILE A ROMA \u2013 PALLINO BIANCO TROVATO A TERRA <\/span><\/a><\/p>\n<p class=\"disable\">Per questo motivo l&#8217;indagine, per lesioni aggravate, finir\u00e0 sul tavolo del procuratore capo di Roma Francesco Lo Voi, che coordina anche il pool antiterrorismo. Le telecamere possono dare una risposta. Ce ne sono diverse attorno a una delle quattro basiliche papali romane, San Paolo fuori le mura, che affaccia su parco Schuster. Iniziano su via Ostiense, proseguono davanti ai locali, tra i ristoranti e i chioschi.<\/p>\n<p class=\"disable\">\u00a0<\/p>\n<p class=\"disable\">Ci sono anche sulle insegne luminose comunali dove due giorni fa scorrevano le immagini delle donne della Resistenza. Le telecamere inquadrano ogni percorso che l&#8217;aggressore potrebbe aver percorso. C&#8217;\u00e8 anche un dispositivo di sorveglianza che punta esattamente sul punto in cui sono stati trovati i pallini. Lo ha fatto installare un concessionario per difendersi dai furti: [&#8230;]\u00a0<\/p>\n<p class=\"disable\">\u00a0<\/p>\n<p class=\"disable\">[&#8230;]<\/p>\n<p class=\"disable\">\u00a0<\/p>\n<p><a href=\"https:\/\/www.dagospia.com\/media-gallery\/dago-fotogallery-508677\/2257005\" class=\"float-left img-wrapper\"><img decoding=\"async\" id=\"2257005\" loading=\"lazy\" src=\"https:\/\/static.dagospia.com\/img\/foto\/04-2026\/corteo-di-roma-per-il-25-aprile-festa-della-liberazione-2257005_800_q50.webp\"><span class=\"img-title\">corteo di roma per il 25 aprile &#8211; festa della liberazione<\/span><\/a><\/p>\n<p class=\"disable\">Che il motociclista con casco integrale abbia aspettato che la festa si svuotasse, individuando due persone riconoscibili dai simboli della resistenza per colpire e andare via. Un gesto emblematico, per questo si cerca in un contesto preciso.<\/p>\n<p class=\"disable\">\u00a0<\/p>\n<p class=\"disable\">Intanto resta la versione delle vittime, raccolta poco dopo. Raccontano il pranzo, la sosta all&#8217;incrocio, gli spari. Lei \u00e8 iscritta a Sinistra italiana, impegnata tra scuola, cultura e Anpi. Lui \u00e8 attivo nel sociale, ha la passione per il teatro. Hanno denunciato, poi il silenzio: \u00abPer me il caso \u00e8 chiuso\u00bb, dice lui. Per chi indaga \u00e8 appena cominciato.<\/p>\n<p><a href=\"https:\/\/www.dagospia.com\/media-gallery\/dago-fotogallery-508677\/2257003\" class=\"float-left img-wrapper\"><img decoding=\"async\" id=\"2257003\" loading=\"lazy\" src=\"https:\/\/static.dagospia.com\/img\/foto\/04-2026\/corteo-di-roma-per-il-25-aprile-festa-della-liberazione-2257003_800_q50.webp\"><span class=\"img-title\">corteo di roma per il 25 aprile &#8211; festa della liberazione<\/span><\/a><a href=\"https:\/\/www.dagospia.com\/media-gallery\/dago-fotogallery-508677\/2257004\" class=\"float-right img-wrapper\"><img decoding=\"async\" id=\"2257004\" loading=\"lazy\" src=\"https:\/\/static.dagospia.com\/img\/foto\/04-2026\/corteo-di-roma-per-il-25-aprile-festa-della-liberazione-2257004_800_q50.webp\"><span class=\"img-title\">corteo di roma per il 25 aprile &#8211; festa della liberazione<\/span><\/a><\/p>\n<\/div>\n<div class=\"share-section\">\n                Condividi  questo articolo<\/p>\n<div class=\"socials\"><a href=\"https:\/\/www.dagospia.com\/cronache\/e-caccia-all-uomo-manifestazione-per-25-aprile-roma-sparato-pistola-ad-472249\"><img decoding=\"async\" src=\"https:\/\/static.dagospia.com\/img\/icons\/facebook.svg\" alt=\"Condividi su Facebook\"><\/a><a href=\"https:\/\/www.dagospia.com\/cronache\/e-caccia-all-uomo-manifestazione-per-25-aprile-roma-sparato-pistola-ad-472249\"><img decoding=\"async\" src=\"https:\/\/static.dagospia.com\/img\/icons\/x-icon.png\" alt=\"Condividi su X\"><\/a><a href=\"https:\/\/www.dagospia.com\/cronache\/e-caccia-all-uomo-manifestazione-per-25-aprile-roma-sparato-pistola-ad-472249\"><img decoding=\"async\" src=\"https:\/\/static.dagospia.com\/img\/icons\/whatsapp.svg\" alt=\"Condividi su Whatsapp\"><\/a><a href=\"https:\/\/www.dagospia.com\/cronache\/e-caccia-all-uomo-manifestazione-per-25-aprile-roma-sparato-pistola-ad-472249\"><img decoding=\"async\" src=\"https:\/\/static.dagospia.com\/img\/icons\/mail.svg\" alt=\"Invia in email\"><\/a><\/div>\n<\/div>\n<\/article>\n<div class=\"content\">\n<p class=\"disable\"><strong>Estratto dell\u2019articolo di Andrea Ossino e Viola Giannoli per <a href=\"http:\/\/www.repubblica.it\" target=\"_blank\">\u201cla Repubblica\u201d<\/a><\/strong><\/p>\n<p class=\"disable\">\u00a0<\/p>\n<p><a href=\"https:\/\/www.dagospia.com\/media-gallery\/dago-fotogallery-508677\/2257007\" class=\"float-right img-wrapper\"><img decoding=\"async\" id=\"2257007\" loading=\"lazy\" src=\"https:\/\/static.dagospia.com\/img\/foto\/04-2026\/coppia-ferita-alla-manifestazione-del-25-aprile-a-roma-2257007_800_q50.webp\"><span class=\"img-title\">COPPIA FERITA ALLA MANIFESTAZIONE DEL 25 APRILE A ROMA<\/span><\/a><\/p>\n<p class=\"disable\">Si cerca l&#8217;uomo con il casco in testa. Il ragazzo ripreso dalle telecamere. Che sapeva chi colpire, quando e dove. Perch\u00e9 l&#8217;attacco di sabato pomeriggio al parco Schuster \u00e8 un&#8217;azione studiata e mirata.<\/p>\n<p class=\"disable\">\u00a0<\/p>\n<p class=\"disable\">[&#8230;] il 25 aprile a Roma, [&#8230;]\u00a0 un giovane in sella a uno scooter chiaro, con il casco integrale nero e la giacca militare ha sparato con una pistola ad aria compressa ferendo una coppia che indossava il fazzoletto dell&#8217;Anpi.<\/p>\n<p class=\"disable\">\u00a0<\/p>\n<p><a href=\"https:\/\/www.dagospia.com\/media-gallery\/dago-fotogallery-508677\/2257006\" class=\"float-left img-wrapper\"><img decoding=\"async\" id=\"2257006\" loading=\"lazy\" src=\"https:\/\/static.dagospia.com\/img\/foto\/04-2026\/corteo-di-roma-per-il-25-aprile-festa-della-liberazione-anpi-2257006_800_q50.webp\"><span class=\"img-title\">corteo di roma per il 25 aprile &#8211; festa della liberazione &#8211; anpi<\/span><\/a><\/p>\n<p class=\"disable\">L&#8217;estrema destra romana, le chat dei suprematisti, i forum che si muovono tra web e dark web, il mondo che ruota intorno agli appassionati di softair vicini alla galassia nera: \u00e8 questo il perimetro su cui si concentra l&#8217;indagine. \u00c8 qui che si cercano tracce, parole, rivendicazioni. [&#8230;]\u00a0<\/p>\n<p class=\"disable\">\u00a0<\/p>\n<p class=\"disable\">C&#8217;\u00e8 un filmato capace di chiarire cosa sia accaduto sabato pomeriggio intorno alle 4 all&#8217;incrocio tra via delle Sette Chiese e l&#8217;Ostiense, a pochi metri dal parco dove veniva celebrata la Resistenza.<\/p>\n<p class=\"disable\">\u00a0<\/p>\n<p class=\"disable\">\u00c8 il punto in cui Rossana Gabrieli e Nicola Fasciano, 62 anni lei, 65 lui, sono stati colpiti dalla raffica di pallini, bianchi e lucidi. Le ferite sono lievi: una alla spalla per lei, alla gola e alla mano per lui. Ma a essere significativo \u00e8 il bersaglio. Due persone con i simboli dell&#8217;Anpi al collo, isolate in quel momento dalle centinaia di antifascisti in corteo. Un dettaglio che pesa ben pi\u00f9 del referto medico.<\/p>\n<p class=\"disable\">\u00a0<\/p>\n<p><a href=\"https:\/\/www.dagospia.com\/media-gallery\/dago-fotogallery-508677\/2257015\" class=\"float-right img-wrapper\"><img decoding=\"async\" id=\"2257015\" loading=\"lazy\" src=\"https:\/\/static.dagospia.com\/img\/foto\/04-2026\/uomo-spara-con-pistola-ad-aria-compressa-al-corteo-per-il-25-aprile-a-roma-palli-2257015_800_q50.webp\"><span class=\"img-title\">UOMO SPARA CON PISTOLA AD ARIA COMPRESSA AL CORTEO PER IL 25 APRILE A ROMA \u2013 PALLINO BIANCO TROVATO A TERRA <\/span><\/a><\/p>\n<p class=\"disable\">Per questo motivo l&#8217;indagine, per lesioni aggravate, finir\u00e0 sul tavolo del procuratore capo di Roma Francesco Lo Voi, che coordina anche il pool antiterrorismo. Le telecamere possono dare una risposta. Ce ne sono diverse attorno a una delle quattro basiliche papali romane, San Paolo fuori le mura, che affaccia su parco Schuster. Iniziano su via Ostiense, proseguono davanti ai locali, tra i ristoranti e i chioschi.<\/p>\n<p class=\"disable\">\u00a0<\/p>\n<p class=\"disable\">Ci sono anche sulle insegne luminose comunali dove due giorni fa scorrevano le immagini delle donne della Resistenza. Le telecamere inquadrano ogni percorso che l&#8217;aggressore potrebbe aver percorso. C&#8217;\u00e8 anche un dispositivo di sorveglianza che punta esattamente sul punto in cui sono stati trovati i pallini. Lo ha fatto installare un concessionario per difendersi dai furti: [&#8230;]\u00a0<\/p>\n<p class=\"disable\">\u00a0<\/p>\n<p class=\"disable\">[&#8230;]<\/p>\n<p class=\"disable\">\u00a0<\/p>\n<p><a href=\"https:\/\/www.dagospia.com\/media-gallery\/dago-fotogallery-508677\/2257005\" class=\"float-left img-wrapper\"><img decoding=\"async\" id=\"2257005\" loading=\"lazy\" src=\"https:\/\/static.dagospia.com\/img\/foto\/04-2026\/corteo-di-roma-per-il-25-aprile-festa-della-liberazione-2257005_800_q50.webp\"><span class=\"img-title\">corteo di roma per il 25 aprile &#8211; festa della liberazione<\/span><\/a><\/p>\n<p class=\"disable\">Che il motociclista con casco integrale abbia aspettato che la festa si svuotasse, individuando due persone riconoscibili dai simboli della resistenza per colpire e andare via. Un gesto emblematico, per questo si cerca in un contesto preciso.<\/p>\n<p class=\"disable\">\u00a0<\/p>\n<p class=\"disable\">Intanto resta la versione delle vittime, raccolta poco dopo. Raccontano il pranzo, la sosta all&#8217;incrocio, gli spari. Lei \u00e8 iscritta a Sinistra italiana, impegnata tra scuola, cultura e Anpi. Lui \u00e8 attivo nel sociale, ha la passione per il teatro. Hanno denunciato, poi il silenzio: \u00abPer me il caso \u00e8 chiuso\u00bb, dice lui. Per chi indaga \u00e8 appena cominciato.<\/p>\n<p><a href=\"https:\/\/www.dagospia.com\/media-gallery\/dago-fotogallery-508677\/2257003\" class=\"float-left img-wrapper\"><img decoding=\"async\" id=\"2257003\" loading=\"lazy\" src=\"https:\/\/static.dagospia.com\/img\/foto\/04-2026\/corteo-di-roma-per-il-25-aprile-festa-della-liberazione-2257003_800_q50.webp\"><span class=\"img-title\">corteo di roma per il 25 aprile &#8211; festa della liberazione<\/span><\/a><a href=\"https:\/\/www.dagospia.com\/media-gallery\/dago-fotogallery-508677\/2257004\" class=\"float-right img-wrapper\"><img decoding=\"async\" id=\"2257004\" loading=\"lazy\" src=\"https:\/\/static.dagospia.com\/img\/foto\/04-2026\/corteo-di-roma-per-il-25-aprile-festa-della-liberazione-2257004_800_q50.webp\"><span class=\"img-title\">corteo di roma per il 25 aprile &#8211; festa della liberazione<\/span><\/a><\/p>\n<\/div>\n<article><a href=\"https:\/\/www.dagospia.com\/politica\/flash-come-si-e-arrivati-licenziamento-beatrice-venezi-c-e-ragione-piu-472316\"><\/p>\n<div class=\"img-wrapper\"><img decoding=\"async\" src=\"https:\/\/static.dagospia.com\/img\/patch\/04-2026\/meloni-buttafuoco-fenice-venezi-colabianchi-giuli-brugnaro-2257163_600_q50.webp\" alt=\"meloni buttafuoco fenice venezi colabianchi giuli brugnaro\" loading=\"lazy\"><time class=\"data-ora\">27 apr 20:12<\/time><\/div>\n<div class=\"excerpt\">\n<p>FLASH! \u2013 <span>DIETRO LA CACCIATA\u00a0DI BEATRICE VENEZI C&#8217;E&#8217; UNA RAGIONE PI\u00d9\u00a0\u201cPOLITICA\u201d CHE MUSICALE: A FINE MAGGIO SI VOTA A VENEZIA PER IL NUOVO SINDACO <\/span>CHE PRENDERA&#8217; IL POSTO DI BRUGNARO, GRAN SPONSOR DELLA\u00a0\u201cBACCHETTA NERA\u201d (COME ANCHE IL MAL-DESTRO ZAIA) &#8211; <span>QUANDO MELONI HA SBIRCIATO I SONDAGGI RISERVATI <\/span>CHE VEDE IL CENTROSINISTRA AVANTI, SOSPINTO DALLO SCANDALOSO CASO-VENEZI (CHE STRAPPA ALLA DESTRA\u00a04-5%), GLI OTOLITI SONO ANDATI IN TILT &#8211; <span>E ALLA PRIMA OCCASIONE, CON LE IMPROVVIDE DICHIARAZIONI DI \u201cBEATROCE\u201d CONTRO L\u2019ORCHESTRA, \u00c8\u00a0STATA LICENZIATA &#8211;\u00a0<\/span>LO STESSO &#8221;SENTIMENT&#8221; VALE PER BUTTAFUOCO, MA IL PRESIDENTE DELLA BIENNALE, PIU&#8217; FURBO, NON OFFRE PER ORA IL FIANCO PER LIQUIDARLO &#8211; <span>E SE VENISSE CACCIATO, A DIFFERENZA DI VENEZI, HA L&#8217;\u201cINTELLIGHENZIA\u201d DEI SINISTRATI<\/span> CHE LODA L&#8217;INTELLETTUALITA&#8217; DEL FASCIO-MUSULMANO CHE APRE IL PADIGLIONE AI RUSSI&#8230;.<\/p>\n<\/div>\n<p><\/a><\/article>\n<article><a href=\"https:\/\/www.dagospia.com\/sport\/caso-rocchi-abodi-giorgetti-l-idea-commissariare-figc-meloni-considera-472320\"><\/p>\n<div class=\"img-wrapper\"><img decoding=\"async\" src=\"https:\/\/static.dagospia.com\/img\/patch\/04-2026\/giovanni-malago-giorgia-meloni-giancarlo-giorgetti-andrea-abodi-gianluca-rocchi-2257188_600_q50.webp\" alt=\"giovanni malago giorgia meloni giancarlo giorgetti andrea abodi gianluca rocchi \" loading=\"lazy\"><time class=\"data-ora\">27 apr 19:31<\/time><\/div>\n<div class=\"excerpt\">\n<p>DAGOREPORT <span>&#8211; IL CASO ROCCHI E&#8217; ARRIVATO COME IL CACIO SUI MACCHERONI PER ABODI E GIORGETTI,<\/span> PRETESTO PERFETTO PER COMMISSARIARE LA FIGC, SCONGIURANDO IL RISCHIO CHE COSI&#8217; POSSA CADERE NELLE MANI DELL&#8217;INAFFIDABILE MALAGO\u2019 &#8211; <span>LANCIATO DA DE LAURENTIIS, &#8220;MEGALO&#8217; SAREBBE IN LIEVE VANTAGGIO SUL FILO-GOVERNATIVO ABETE<\/span> &#8211;\u00a0A PARTE GIANNI LETTA, TUTTO IL GOVERNO, IN PRIMIS IL DUO ABODI-GIORGETTI, DETESTA L&#8217;IDEA DI MALAGO&#8217; E\u00a0<font color=\"#ff0000\">PUNTEREBBE A NOMINARE<\/font>\u00a0COMMISSARIO FIGC IL PRESIDENTE DI SPORT E SALUTE, MARCO MEZZAROMA, CARO ALLA FIAMMA MELONIANA\u2026<\/p>\n<\/div>\n<p><\/a><\/article>\n<article><a href=\"https:\/\/www.dagospia.com\/politica\/dagoreport-uniche-pompe-non-piacciono-trump-quelle-benzina-e-vero-472319\"><\/p>\n<div class=\"img-wrapper\"><img decoding=\"async\" src=\"https:\/\/static.dagospia.com\/img\/patch\/04-2026\/donald-trump-benzinaio-benzina-petrolio-greggio-2251186_600_q50.webp\" alt=\"donald trump benzinaio benzina petrolio greggio \" loading=\"lazy\"><time class=\"data-ora\">27 apr 17:11<\/time><\/div>\n<div class=\"excerpt\">\n<p>DAGOREPORT \u2013 <span>LE UNICHE POMPE CHE NON PIACCIONO A TRUMP SONO QUELLE DI BENZINA! \u00c8 VERO CHE LE ESPORTAZIONI DI GREGGIO AMERICANE CRESCONO A RITMI RECORD, MA IL PREZZO AL GALLONE NEI DISTRIBUTORI AMERICANI RESTA AI MASSIMI: <\/span>IL CAOS IN MEDIORIENTE \u00c8\u00a0STATO UN BOOMERANG VISTO CHE LO SCOTTO PEGGIORE LO STANNO PAGANDO I CITTADINI (SI VENDICHERANNO ALLE MIDTERM?), CHE HANNO LA BENZINA ALLE STELLE MENTRE I PRODUTTORI FANNO PROFITTI RECORD \u2013 IL MINISTRO DEGLI ESTERI IRANIANO, ARAGHCHI, VOLA A MOSCA E TRATTA CON QATAR E SAUDITI (MA NON CON EMIRATI E BAHREIN, CHE HANNO FIRMATO GLI ACCORDI DI ABRAMO CON ISRAELE)<\/p>\n<\/div>\n<p><\/a><\/article>\n<article><a href=\"https:\/\/www.dagospia.com\/media-tv\/dagoreport-la-repubblica-atene-theodore-kyriakou-idee-repubblica-472317\"><\/p>\n<div class=\"img-wrapper\"><img decoding=\"async\" src=\"https:\/\/static.dagospia.com\/img\/patch\/04-2026\/kyriakou-repubblica-radio-capital-tv8-2257164_600_q50.webp\" alt=\"kyriakou repubblica radio capital tv8\" loading=\"lazy\"><time class=\"data-ora\">27 apr 17:05<\/time><\/div>\n<div class=\"excerpt\">\n<p><span>DAGOREPORT <\/span>&#8211; \u201cLA REPUBBLICA\u201d DI ATENE \u2013 THEODORE KYRIAKOU VUOLE CAPIRE CHE DIREZIONE DARE AL GRUPPO GEDI E SE C\u2019\u00c8 UNO SPAZIO POLITICO (E COMMERCIALE) PER <span>DARE A \u201cREPUBBLICA\u201d UN ORIENTAMENTO PI\u00d9 MARCATAMENTE DI SINISTRA. <\/span>LA SVOLTA DEL QUOTIDIANO SI DOVREBBE ACCOMPAGNARE, NELLE INTENZIONI DELL\u2019EDITORE GRECO,<span> A UN INVESTIMENTO TELEVISIVO.<\/span> LA SUA IDEA \u00c8 QUELLA DI TRASFORMARE IN CANALE DIGITALE \u201cRADIO CAPITAL TV\u201d, GI\u00c0 DI PROPRIET\u00c0 DEL GRUPPO, MA NON \u00c8 ESCLUSO (E DIPENDER\u00c0 DAL PREZZO) <span>L\u2019ASSALTO A TV8 DEL GRUPPO SKY&#8230;<\/span><\/p>\n<\/div>\n<p><\/a><\/article>\n<article><a href=\"https:\/\/www.dagospia.com\/politica\/dagoreport-giorgia-meloni-questa-volta-fa-bene-incazzarsi-giancarlo-472264\"><\/p>\n<div class=\"img-wrapper\"><img decoding=\"async\" src=\"https:\/\/static.dagospia.com\/img\/patch\/04-2026\/giorgia-meloni-giancarlo-giorgetti-daria-perrotta-2257041_600_q50.webp\" alt=\"giorgia meloni giancarlo giorgetti daria perrotta \" loading=\"lazy\"><time class=\"data-ora\">27 apr 13:01<\/time><\/div>\n<div class=\"excerpt\">\n<p>DAGOREPORT \u2013\u00a0GIORGIA MELONI QUESTA VOLTA FA BENE A INCAZZARSI CON GIANCARLO GIORGETTI:\u00a0IL PASTROCCHIO SUL DEFICIT AL 3,1% (L\u2019ITALIA RESTER\u00c0 SOTTO PROCEDURA D\u2019INFRAZIONE PER LA MISERIA DI 600 MILIONI DI EURO)\u00a0<span>\u00c8\u00a0TUTTA FARINA DEL SACCO DEL MEF, E DELLA RAGIONIERA DELLO STATO DARIA PERROTTA (CHE NON HA AVUTO IL CARISMA PER ENTRARE IN SINTONIA CON L&#8217;APPARATO CORPORATIVO DEL MINISTERO)\u00a0<\/span>\u2013 SE CI FOSSE STATO UN VECCHIO VOLPONE COME BIAGIO MAZZOTTA O UN ALTRO GRAND COMMIS DI QUELLI TANTO INVISI ALLA \u201cFIAMMA MAGICA\u201d, UNA SOLUZIONE SI SAREBBE TROVATA, E QUELLO 0,1% SAREBBE STATO ARROTONDATO &#8211;\u00a0<span>COLPA DELLA INFAUSTA GUERRA AL DEEP STATE INIZIATA DAL GOVERNO MELONI&#8230;<\/span><\/p>\n<\/div>\n<p><\/a><\/article>\n<article><a href=\"https:\/\/www.dagospia.com\/politica\/trump-e-cosi-incazzato-i-paesi-europei-per-mancato-appoggio-guerra-in-472212\"><\/p>\n<div class=\"img-wrapper\"><img decoding=\"async\" src=\"https:\/\/static.dagospia.com\/img\/patch\/02-2025\/vladimir-putin-donald-trump-ue-europa-2100675_600_q50.webp\" alt=\"vladimir putin donald trump ue europa \" loading=\"lazy\"><time class=\"data-ora\">26 apr 18:14<\/time><\/div>\n<div class=\"excerpt\">\n<p><span>DAGOREPORT &#8211; TRUMP E\u2019 COSI\u2019 INCAZZATO CON I PAESI EUROPEI PER IL MANCATO APPOGGIO ALLA GUERRA IN IRAN CHE MEDITA LA SUA VENDETTA\u00a0<\/span>&#8211; POTREBBE DISERTARE IL PROSSIMO VERTICE DEL G7 A EVIAN, IN FRANCIA, DAL 15 AL 17 GIUGNO &#8211; UN PRIMO, CHIARO, SEGNALE DI SMARCAMENTO: SE VOI NON CI SIETE PER ME, IO NON CI SAR\u00d2 PER VOI &#8211; POTREBBE FARE IL BIS AL VERTICE NATO PREVISTO AD ANKARA, IN TURCHIA, IL 7 E L\u20198 LUGLIO 2026 (E IL\u00a0SEGRETARIO ALLA DIFESA PETE HEGSETH SPINGE PER RENDERE I VERTICI NATO A CADENZA BIENNALE E NON ANNUALE: UN ULTERIORE SGANCIAMENTO) &#8211;\u00a0<span>IL CEFFONE FINALE AI PAESI EUROPEI TRUMP CONTA DI DARLO AL G20 PREVISTO A MIAMI IL 14 E 15 DICEMBRE 2026<\/span>: AL VERTICE VUOLE INVITARE PUTIN. UNA PRESENZA CHE CLAMOROSA E DEFLAGRANTE PER L\u2019ASSE EURO-ATLANTICO: RITROVARSI AL TAVOLO PUTIN, SU CUI PENDE UN MANDATO DI CATTURA INTERNAZIONALE PER CRIMINI DI GUERRA IN UCRAINA, A UN CONSESSO NEGLI STATI UNITI (NON IN SUDAFRICA O IN BRASILE), E IN PRESENZA DI TUTTI GLI ALTRI LEADER EUROPEI, SAREBBE LO SPUTO NELL\u2019OCCHIO DEFINITIVO\u2026<\/p>\n<\/div>\n<p><\/a><\/article>\n<article><a href=\"https:\/\/www.dagospia.com\/politica\/pasqua-merda-per-matteo-piantedosi-dopo-claudia-conte-rivelato-urbi-et-469960\"><\/p>\n<div class=\"img-wrapper\"><img decoding=\"async\" src=\"https:\/\/static.dagospia.com\/img\/patch\/04-2026\/matteo-piantedosi-come-gennaro-sangiuliano-meme-claudia-conte-2249972_600_q50.webp\" alt=\"matteo piantedosi come gennaro sangiuliano meme claudia conte \" loading=\"lazy\"><\/div>\n<div class=\"excerpt\">CHE PASQUA DI MERDA PER MATTEO PIANTEDOSI! &#8211; DOPO CHE CLAUDIA CONTE HA RIVELATO URBI ET ORBI DI\u2026<\/div>\n<p><\/a><\/article>\n<article><a href=\"https:\/\/www.dagospia.com\/cronache\/michael-jackson-mi-abbasso-i-pantaloncini-mentre-giocavo-game-boy-470026\"><\/p>\n<div class=\"img-wrapper\"><img decoding=\"async\" src=\"https:\/\/static.dagospia.com\/img\/patch\/04-2026\/michael-jackson-aldo-cascio-2250437_600_q50.webp\" alt=\"michael jackson aldo cascio \" loading=\"lazy\"><\/div>\n<div class=\"excerpt\">\u201cMICHAEL JACKSON MI ABBASS\u00d2 I PANTALONCINI MENTRE GIOCAVO AL GAME BOY\u201d \u2013 LE TESTIMONIANZE DEI\u2026<\/div>\n<p><\/a><\/article>\n<article><a href=\"https:\/\/www.dagospia.com\/cafonal\/pardo-max-giusti-metti-sera-cena-eminenze-gricie-dell-edonismo-472056\"><\/p>\n<div class=\"img-wrapper\"><img decoding=\"async\" src=\"https:\/\/static.dagospia.com\/img\/patch\/04-2026\/ristorante-la-pisanella-2256575_600_q50.webp\" alt loading=\"lazy\"><\/div>\n<div class=\"excerpt\">DA PARDO A MAX GIUSTI: METTI UNA SERA A CENA LE \u201cEMINENZE GRICIE\u201d DELL\u2019EDONISMO ROMANELLO \u2013 AL\u2026<\/div>\n<p><\/a><\/article>\n<article><a href=\"https:\/\/www.dagospia.com\/media-tv\/pillole-gossip-elodie-franceska-limonano-pochi-passi-472290\"><\/p>\n<div class=\"img-wrapper\"><img decoding=\"async\" src=\"https:\/\/static.dagospia.com\/img\/patch\/04-2026\/pillole-avanti-gossip-2257085_600_q50.webp\" alt=\"pillole avanti gossip\" loading=\"lazy\"><\/div>\n<div class=\"excerpt\">PILLOLE DI GOSSIP! IL TRIANGOLO, S\u00cc! 25 APRILE\u00a0ELODIE E FRANCESKA SI SONO RITROVATE A POCHI PASSI\u2026<\/div>\n<p><\/a><\/article>\n<article><a href=\"https:\/\/www.dagospia.com\/sport\/col-vento-in-poppe-riconoscete-scio-girl-sogna-diventare-imprenditrice-472292\"><\/p>\n<div class=\"img-wrapper\"><img decoding=\"async\" src=\"https:\/\/static.dagospia.com\/img\/patch\/04-2026\/chiara-nasti-2257096_600_q50.webp\" alt=\"chiara nasti\" loading=\"lazy\"><\/div>\n<div class=\"excerpt\">COL VENTO IN POPPE! LA RICONOSCETE? LA SCIO\u2019-GIRL SOGNA DI DIVENTARE UNA IMPRENDITRICE NEL SETTORE\u2026<\/div>\n<p><\/a><\/article>\n<article><a href=\"https:\/\/www.dagospia.com\/politica\/flash-come-si-e-arrivati-licenziamento-beatrice-venezi-c-e-ragione-piu-472316\"><\/p>\n<div class=\"img-wrapper\"><img decoding=\"async\" src=\"https:\/\/static.dagospia.com\/img\/patch\/04-2026\/meloni-buttafuoco-fenice-venezi-colabianchi-giuli-brugnaro-2257163_600_q50.webp\" alt=\"meloni buttafuoco fenice venezi colabianchi giuli brugnaro\" loading=\"lazy\"><\/div>\n<div class=\"excerpt\">FLASH! \u2013 DIETRO LA CACCIATA\u00a0DI BEATRICE VENEZI C&#8217;E&#8217; UNA RAGIONE PI\u00d9\u00a0\u201cPOLITICA\u201d CHE MUSICALE: A FINE\u2026<\/div>\n<p><\/a><\/article>\n<article><a href=\"https:\/\/www.dagospia.com\/sport\/caso-rocchi-abodi-giorgetti-l-idea-commissariare-figc-meloni-considera-472320\"><\/p>\n<div class=\"img-wrapper\"><img decoding=\"async\" src=\"https:\/\/static.dagospia.com\/img\/patch\/04-2026\/giovanni-malago-giorgia-meloni-giancarlo-giorgetti-andrea-abodi-gianluca-rocchi-2257188_600_q50.webp\" alt=\"giovanni malago giorgia meloni giancarlo giorgetti andrea abodi gianluca rocchi \" loading=\"lazy\"><\/div>\n<div class=\"excerpt\">DAGOREPORT &#8211; IL CASO ROCCHI E&#8217; ARRIVATO COME IL CACIO SUI MACCHERONI PER ABODI E GIORGETTI,\u2026<\/div>\n<p><\/a><\/article>\n<article><a href=\"https:\/\/www.dagospia.com\/politica\/dagoreport-uniche-pompe-non-piacciono-trump-quelle-benzina-e-vero-472319\"><\/p>\n<div class=\"img-wrapper\"><img decoding=\"async\" src=\"https:\/\/static.dagospia.com\/img\/patch\/04-2026\/donald-trump-benzinaio-benzina-petrolio-greggio-2251186_600_q50.webp\" alt=\"donald trump benzinaio benzina petrolio greggio \" loading=\"lazy\"><\/div>\n<div class=\"excerpt\">DAGOREPORT \u2013 LE UNICHE POMPE CHE NON PIACCIONO A TRUMP SONO QUELLE DI BENZINA! \u00c8 VERO CHE LE\u2026<\/div>\n<p><\/a><\/article>\n<article><a href=\"https:\/\/www.dagospia.com\/media-tv\/dagoreport-la-repubblica-atene-theodore-kyriakou-idee-repubblica-472317\"><\/p>\n<div class=\"img-wrapper\"><img decoding=\"async\" src=\"https:\/\/static.dagospia.com\/img\/patch\/04-2026\/kyriakou-repubblica-radio-capital-tv8-2257164_600_q50.webp\" alt=\"kyriakou repubblica radio capital tv8\" loading=\"lazy\"><\/div>\n<div class=\"excerpt\">DAGOREPORT &#8211; \u201cLA REPUBBLICA\u201d DI ATENE \u2013 THEODORE KYRIAKOU VUOLE CAPIRE CHE DIREZIONE DARE AL GRUPPO\u2026<\/div>\n<p><\/a><\/article>\n<article><a href=\"https:\/\/www.dagospia.com\/politica\/dagoreport-giorgia-meloni-questa-volta-fa-bene-incazzarsi-giancarlo-472264\"><\/p>\n<div class=\"img-wrapper\"><img decoding=\"async\" src=\"https:\/\/static.dagospia.com\/img\/patch\/04-2026\/giorgia-meloni-giancarlo-giorgetti-daria-perrotta-2257041_600_q50.webp\" alt=\"giorgia meloni giancarlo giorgetti daria perrotta \" loading=\"lazy\"><\/div>\n<div class=\"excerpt\">DAGOREPORT \u2013\u00a0GIORGIA MELONI QUESTA VOLTA FA BENE A INCAZZARSI CON GIANCARLO GIORGETTI:\u00a0IL\u2026<\/div>\n<p><\/a><\/article>\n<article><a href=\"https:\/\/www.dagospia.com\/politica\/trump-e-cosi-incazzato-i-paesi-europei-per-mancato-appoggio-guerra-in-472212\"><\/p>\n<div class=\"img-wrapper\"><img decoding=\"async\" src=\"https:\/\/static.dagospia.com\/img\/patch\/02-2025\/vladimir-putin-donald-trump-ue-europa-2100675_600_q50.webp\" alt=\"vladimir putin donald trump ue europa \" loading=\"lazy\"><\/div>\n<div class=\"excerpt\">DAGOREPORT &#8211; TRUMP E\u2019 COSI\u2019 INCAZZATO CON I PAESI EUROPEI PER IL MANCATO APPOGGIO ALLA GUERRA IN\u2026<\/div>\n<p><\/a><\/article>\n<article><a href=\"https:\/\/www.dagospia.com\/politica\/dagoreport-la-storia-mai-raccontata-dell-irresistibile-ascesa-rovinosa-471816\"><\/p>\n<div class=\"img-wrapper\"><img decoding=\"async\" src=\"https:\/\/static.dagospia.com\/img\/patch\/04-2026\/luigi-ciro-de-lisi-matteo-salvini-giorgia-meloni-giuseppe-del-deo-mario-parente--2256581_600_q50.webp\" alt=\"luigi ciro de lisi matteo salvini giorgia meloni giuseppe del deo mario parente gaetano caputi  alfredo mantovano\" loading=\"lazy\"><\/div>\n<div class=\"excerpt\">DAGOREPORT &#8211; LA STORIA MAI RACCONTATA DELL&#8217;IRRESISTIBILE ASCESA E ROVINOSA CADUTA DI GIUSEPPE DEL\u2026<\/div>\n<p><\/a><\/article>\n<article><a href=\"https:\/\/www.dagospia.com\/politica\/brera-volta-pinacoteca-milanese-e-diventata-discount-471997\"><\/p>\n<div class=\"img-wrapper\"><img decoding=\"async\" src=\"https:\/\/static.dagospia.com\/img\/patch\/04-2026\/giancarla-rondinelli-brera-2256327_600_q50.webp\" alt=\"giancarla rondinelli brera \" loading=\"lazy\"><\/div>\n<div class=\"excerpt\">BRERA UNA VOLTA &#8211; LA PINACOTECA MILANESE\u00a0\u00c8 DIVENTATA UN DISCOUNT DELL\u2019INTRATTENIMENTO: LA\u2026<\/div>\n<p><\/a><\/article>\n<article><a href=\"https:\/\/www.dagospia.com\/business\/salutame-calta-cda-mps-rifila-vaffa-all-83enne-costruttore-cesare-471949\"><\/p>\n<div class=\"img-wrapper\"><img decoding=\"async\" src=\"https:\/\/static.dagospia.com\/img\/patch\/04-2026\/monte-dei-paschi-di-siena-mps-francesco-gaetano-caltagirone-luigi-lovaglio-cesar-2256179_600_q50.webp\" alt=\"monte dei paschi di siena mps francesco gaetano caltagirone luigi lovaglio cesare bisoni gaetano caputi vittorio grilli \" loading=\"lazy\"><\/div>\n<div class=\"excerpt\">SALUTAME A \u201cCALTA\u201d \u2013 IL CDA DI MPS RIFILA UN ALTRO \u201cVAFFA\u201d ALL\u201983ENNE COSTRUTTORE: CESARE BISONI \u00c8\u2026<\/div>\n<p><\/a><\/article>\n<article><a href=\"https:\/\/www.dagospia.com\/politica\/ignazio-russa-legge-dagospia-non-si-trova-per-nulla-d-accordo-ci-manda-471827\"><\/p>\n<div class=\"img-wrapper\"><img decoding=\"async\" src=\"https:\/\/static.dagospia.com\/img\/patch\/12-2025\/meloni-la-russa-2209089_600_q50.webp\" alt=\"meloni la russa\" loading=\"lazy\"><\/div>\n<div class=\"excerpt\">IL CO-FONDATORE DI FRATELLI D\u2019ITALIA E SECONDA CARICA DELLO STATO, IL POCO PALUDATO PRESIDENTE DEL\u2026<\/div>\n<p><\/a><\/article>\n<article><a href=\"https:\/\/www.dagospia.com\/cafonal\/pardo-max-giusti-metti-sera-cena-eminenze-gricie-dell-edonismo-472056\"><\/p>\n<div class=\"img-wrapper\"><img decoding=\"async\" src=\"https:\/\/static.dagospia.com\/img\/patch\/04-2026\/ristorante-la-pisanella-2256575_600_q50.webp\" alt loading=\"lazy\"><\/div>\n<div class=\"excerpt\">DA PARDO A MAX GIUSTI: METTI UNA SERA A CENA LE \u201cEMINENZE GRICIE\u201d DELL\u2019EDONISMO ROMANELLO \u2013 AL\u2026<\/div>\n<p><\/a><\/article>\n<article><a href=\"https:\/\/www.dagospia.com\/cafonal\/ne-andavo-quella-roma-nella-capitale-in-zona-talenti-intitolato-parco-remo-472030\"><\/p>\n<div class=\"img-wrapper\"><img decoding=\"async\" src=\"https:\/\/static.dagospia.com\/img\/patch\/04-2026\/inaugurazione-del-parco-remo-remotti-massimiliano-bruno-nicola-pistoia-michela-a-2256496_600_q50.webp\" alt=\"inaugurazione del parco remo remotti - massimiliano bruno nicola pistoia michela andreozzi luisa pistoia sabina guzzanti stefano fresi tommaso zanello piotta federica remotti - 5\" loading=\"lazy\"><\/div>\n<div class=\"excerpt\">VIDEO!&#8221;ME NE ANDAVO DA QUELLA ROMA\u2026!&#8221; NELLA CAPITALE, IN ZONA TALENTI, E\u2019 STATO INTITOLATO UN PARCO\u2026<\/div>\n<p><\/a><\/article>\n<article><a href=\"https:\/\/www.dagospia.com\/cafonal\/cafonal-all-opera-mi-porti-luca-guadagnino-maggio-fiorentino-the-death-471907\"><\/p>\n<div class=\"img-wrapper\"><img decoding=\"async\" src=\"https:\/\/static.dagospia.com\/img\/patch\/04-2026\/guadagnino-2256066_600_q50.webp\" alt=\"guadagnino\" loading=\"lazy\"><\/div>\n<div class=\"excerpt\">CAFONAL ALL\u2019OPERA &#8211; MI PORTI UN LUCA GUADAGNINO A FIRENZE \u2013 IL REGISTA PORTA IN SCENA AL MAGGIO\u2026<\/div>\n<p><\/a><\/article>\n<article><a href=\"https:\/\/www.dagospia.com\/cafonal\/cafonal-pallitto-chanel-totti-metri-trash-figlia-pupone-diventa-471192\"><\/p>\n<div class=\"img-wrapper\"><img decoding=\"async\" src=\"https:\/\/static.dagospia.com\/img\/patch\/04-2026\/2026pallitto-2253852_600_q50.webp\" alt loading=\"lazy\"><\/div>\n<div class=\"excerpt\">CAFONAL \u2013 PALLITTO-CHANEL TOTTI: TRE METRI SOPRA IL TRASH! LA FIGLIA DEL PUPONE DIVENTA LA\u2026<\/div>\n<p><\/a><\/article>\n<article><a href=\"https:\/\/www.dagospia.com\/cafonal\/cafonalino-cinema-caravaggio-roma-l-anteprima-film-a-year-in-london-471080\"><\/p>\n<div class=\"img-wrapper\"><img decoding=\"async\" src=\"https:\/\/static.dagospia.com\/img\/patch\/04-2026\/2026fendi-2253486_600_q50.webp\" alt=\"2026fendi\" loading=\"lazy\"><\/div>\n<div class=\"excerpt\">CAFONALINO! &#8211; AL CINEMA CARAVAGGIO DI ROMA ACCORRE UNA NUTRITA RAPPRESENTANZA DELLA FAMIGLIA FENDI\u2026<\/div>\n<p><\/a><\/article>\n<article><a href=\"https:\/\/www.dagospia.com\/cafonal\/cafonalino-maxxi-serena-bortone-presenta-suo-romanzo-quel-provolone-470822\"><\/p>\n<div class=\"img-wrapper\"><img decoding=\"async\" src=\"https:\/\/static.dagospia.com\/img\/patch\/04-2026\/2026bortone-serena-bortone-2252798_600_q50.webp\" alt=\"2026bortone serena bortone\" loading=\"lazy\"><\/div>\n<div class=\"excerpt\">CAFONALINO! \u2013\u00a0AL MAXXI DI ROMA SERENA BORTONE PRESENTA IL SUO ROMANZO \u201cLE DIRIMPETTAIE\u201d, AFFIANCATA\u2026<\/div>\n<p><\/a><\/article>\n<p>[analyse_source url=&#8221;https:\/\/www.dagospia.com\/cronache\/e-caccia-all-uomo-manifestazione-per-25-aprile-roma-sparato-pistola-ad-472249&#8243;]<\/p>\n","protected":false},"excerpt":{"rendered":"<p>[analyse_image type=&#8221;featured&#8221; src=&#8221;https:\/\/static.dagospia.com\/img\/patch\/04-2026\/25-aprile-manifestazione-roma-pistola-aria-compressa-spari-sparatoria-corteo-anp-2257016_600_q50.webp&#8221;] 27 apr 2026 12:09 LA STORIA CHE RITORNA: VIOLENZA E COLPI DI PISTOLA\u00a0\u2013 \u00c8 CACCIA ALL\u2019UOMO CHE, ALLA MANIFESTAZIONE PER IL 25 APRILE A ROMA, HA SPARATO CON UNA PISTOLA AD ARIA COMPRESSA FERENDO UNA COPPIA CHE INDOSSAVA IL FAZZOLETTO DELL&#8217;ANPI \u2013 \u00c8 STATO RIPRESO DALLE TELECAMERE DI SORVEGLIANZA: ERA A BORDO [&hellip;]<\/p>\n","protected":false},"author":1,"featured_media":0,"comment_status":"open","ping_status":"","sticky":false,"template":"","format":"standard","meta":{"footnotes":""},"categories":[87],"tags":[226,149],"class_list":["post-1905903","post","type-post","status-publish","format-standard","hentry","category-italy","tag-crawlmanager","tag-dagospia-com"],"_links":{"self":[{"href":"https:\/\/analyse.optim.biz\/index.php?rest_route=\/wp\/v2\/posts\/1905903","targetHints":{"allow":["GET"]}}],"collection":[{"href":"https:\/\/analyse.optim.biz\/index.php?rest_route=\/wp\/v2\/posts"}],"about":[{"href":"https:\/\/analyse.optim.biz\/index.php?rest_route=\/wp\/v2\/types\/post"}],"author":[{"embeddable":true,"href":"https:\/\/analyse.optim.biz\/index.php?rest_route=\/wp\/v2\/users\/1"}],"replies":[{"embeddable":true,"href":"https:\/\/analyse.optim.biz\/index.php?rest_route=%2Fwp%2Fv2%2Fcomments&post=1905903"}],"version-history":[{"count":0,"href":"https:\/\/analyse.optim.biz\/index.php?rest_route=\/wp\/v2\/posts\/1905903\/revisions"}],"wp:attachment":[{"href":"https:\/\/analyse.optim.biz\/index.php?rest_route=%2Fwp%2Fv2%2Fmedia&parent=1905903"}],"wp:term":[{"taxonomy":"category","embeddable":true,"href":"https:\/\/analyse.optim.biz\/index.php?rest_route=%2Fwp%2Fv2%2Fcategories&post=1905903"},{"taxonomy":"post_tag","embeddable":true,"href":"https:\/\/analyse.optim.biz\/index.php?rest_route=%2Fwp%2Fv2%2Ftags&post=1905903"}],"curies":[{"name":"wp","href":"https:\/\/api.w.org\/{rel}","templated":true}]}}