{"id":1905880,"date":"2026-04-27T18:36:14","date_gmt":"2026-04-27T15:36:14","guid":{"rendered":"https:\/\/analyse.optim.biz\/?p=1905880"},"modified":"2026-04-27T18:36:14","modified_gmt":"2026-04-27T15:36:14","slug":"pagube-mari-si-100-de-pasari-moarte-la-incendiul-din-mitocu-dragomirnei-stiri-suceava","status":"publish","type":"post","link":"https:\/\/analyse.optim.biz\/?p=1905880","title":{"rendered":"Pagube mari \u0219i 100 de p\u0103s\u0103ri moarte, la incendiul din Mitocu Dragomirnei &#8211; Stiri Suceava"},"content":{"rendered":"<p>[analyse_image type=&#8221;featured&#8221; src=&#8221;https:\/\/www.informatiata.ro\/wp-content\/uploads\/2026\/04\/Screenshot_20260427_164144-957&#215;1024.jpg&#8221;]<\/p>\n<div class=\"td-post-content tagdiv-type\">\n<div class=\"td-post-featured-image\"><a href=\"https:\/\/www.informatiata.ro\/wp-content\/uploads\/2026\/04\/Screenshot_20260427_164144-scaled.jpg\" data-caption><img loading=\"lazy\" decoding=\"async\" width=\"696\" height=\"744\" class=\"entry-thumb td-modal-image\" src=\"https:\/\/www.informatiata.ro\/wp-content\/uploads\/2026\/04\/Screenshot_20260427_164144-696x744.jpg\" alt title=\"Screenshot_20260427_164144\"><img loading=\"lazy\" decoding=\"async\" width=\"696\" height=\"744\" class=\"entry-thumb td-modal-image\" src=\"https:\/\/www.informatiata.ro\/wp-content\/uploads\/2026\/04\/Screenshot_20260427_164144-696x744.jpg\" alt title=\"Screenshot_20260427_164144\"><\/a><\/div>\n<p>Pagube mari \u0219i 100 de p\u0103s\u0103ri moarte, la incendiul din Mitocu Dragomirnei. <\/p>\n<p>La sosirea echipajelor incendiul se manifesta generalizat la o magazie \u0219i \u00een interiorul acesteia cu pericol de propagare la casa de locuit.<\/p>\n<div class=\"td-a-rec td-a-rec-id-content_inlineright  tdi_6 td_block_template_1\"><img loading=\"lazy\" decoding=\"async\" class=\"aligncenter size-full wp-image-64758\" src=\"https:\/\/www.informatiata.ro\/wp-content\/uploads\/2026\/04\/SAVCOM-14.gif\" alt width=\"299\" height=\"250\"><img loading=\"lazy\" decoding=\"async\" class=\"aligncenter size-full wp-image-64758\" src=\"https:\/\/www.informatiata.ro\/wp-content\/uploads\/2026\/04\/SAVCOM-14.gif\" alt width=\"299\" height=\"250\"><img loading=\"lazy\" decoding=\"async\" class=\"aligncenter size-full wp-image-64759\" src=\"https:\/\/www.informatiata.ro\/wp-content\/uploads\/2026\/04\/FACOS-12.gif\" alt width=\"300\" height=\"250\"><img loading=\"lazy\" decoding=\"async\" class=\"aligncenter size-full wp-image-64759\" src=\"https:\/\/www.informatiata.ro\/wp-content\/uploads\/2026\/04\/FACOS-12.gif\" alt width=\"300\" height=\"250\"><\/div>\n<p>Au ars magazia pe o suprafa\u021b\u0103 de aproximativ 300 de metri p\u0103tra\u021bi, circa 17 tone de cereale (porumb, gr\u00e2u, orz \u0219i soia), materiale de construc\u021bii \u0219i alte bunuri din interiorul acesteia. <\/p>\n<p>S-au degradat pere\u021bii magaziei, un utilaj (\u00eenc\u0103rc\u0103tor hidraulic) \u0219i acoperi\u0219ul unei sere din proximitate.<\/p>\n<p>\u00cen incendiu au pierit \u0219i 100 de p\u0103s\u0103ri (g\u0103ini).<\/p>\n<p>Cauza probabil\u0103 de izbucnire a incendiului a fost de natur\u0103 electric\u0103 (scurtcircuit).<\/p>\n<p>Prin interven\u021bia pompierilor a fost salvat\u0103 casa de locuit din apropierea magaziei.<\/p>\n<div class=\"td-a-rec td-a-rec-id-content_bottom  tdi_7 td_block_template_1\"><img loading=\"lazy\" decoding=\"async\" class=\"aligncenter size-full wp-image-64758\" src=\"https:\/\/www.informatiata.ro\/wp-content\/uploads\/2026\/04\/SAVCOM-14.gif\" alt width=\"299\" height=\"250\"><img loading=\"lazy\" decoding=\"async\" class=\"aligncenter size-full wp-image-64758\" src=\"https:\/\/www.informatiata.ro\/wp-content\/uploads\/2026\/04\/SAVCOM-14.gif\" alt width=\"299\" height=\"250\"><img loading=\"lazy\" decoding=\"async\" class=\"aligncenter size-full wp-image-64759\" src=\"https:\/\/www.informatiata.ro\/wp-content\/uploads\/2026\/04\/FACOS-12.gif\" alt width=\"300\" height=\"250\"><img loading=\"lazy\" decoding=\"async\" class=\"aligncenter size-full wp-image-64759\" src=\"https:\/\/www.informatiata.ro\/wp-content\/uploads\/2026\/04\/FACOS-12.gif\" alt width=\"300\" height=\"250\"><\/div>\n<\/div>\n<p>[analyse_source url=&#8221;https:\/\/www.informatiata.ro\/pagube-mari-la-incendiu-mitocu-dragomirnei\/&#8221;]<\/p>\n","protected":false},"excerpt":{"rendered":"<p>[analyse_image type=&#8221;featured&#8221; src=&#8221;https:\/\/www.informatiata.ro\/wp-content\/uploads\/2026\/04\/Screenshot_20260427_164144-957&#215;1024.jpg&#8221;] Pagube mari \u0219i 100 de p\u0103s\u0103ri moarte, la incendiul din Mitocu Dragomirnei. La sosirea echipajelor incendiul se manifesta generalizat la o magazie \u0219i \u00een interiorul acesteia cu pericol de propagare la casa de locuit. Au ars magazia pe o suprafa\u021b\u0103 de aproximativ 300 de metri p\u0103tra\u021bi, circa 17 tone de cereale (porumb, [&hellip;]<\/p>\n","protected":false},"author":1,"featured_media":0,"comment_status":"open","ping_status":"","sticky":false,"template":"","format":"standard","meta":{"footnotes":""},"categories":[89],"tags":[226,167],"class_list":["post-1905880","post","type-post","status-publish","format-standard","hentry","category-romania","tag-crawlmanager","tag-informatiata-ro"],"_links":{"self":[{"href":"https:\/\/analyse.optim.biz\/index.php?rest_route=\/wp\/v2\/posts\/1905880","targetHints":{"allow":["GET"]}}],"collection":[{"href":"https:\/\/analyse.optim.biz\/index.php?rest_route=\/wp\/v2\/posts"}],"about":[{"href":"https:\/\/analyse.optim.biz\/index.php?rest_route=\/wp\/v2\/types\/post"}],"author":[{"embeddable":true,"href":"https:\/\/analyse.optim.biz\/index.php?rest_route=\/wp\/v2\/users\/1"}],"replies":[{"embeddable":true,"href":"https:\/\/analyse.optim.biz\/index.php?rest_route=%2Fwp%2Fv2%2Fcomments&post=1905880"}],"version-history":[{"count":0,"href":"https:\/\/analyse.optim.biz\/index.php?rest_route=\/wp\/v2\/posts\/1905880\/revisions"}],"wp:attachment":[{"href":"https:\/\/analyse.optim.biz\/index.php?rest_route=%2Fwp%2Fv2%2Fmedia&parent=1905880"}],"wp:term":[{"taxonomy":"category","embeddable":true,"href":"https:\/\/analyse.optim.biz\/index.php?rest_route=%2Fwp%2Fv2%2Fcategories&post=1905880"},{"taxonomy":"post_tag","embeddable":true,"href":"https:\/\/analyse.optim.biz\/index.php?rest_route=%2Fwp%2Fv2%2Ftags&post=1905880"}],"curies":[{"name":"wp","href":"https:\/\/api.w.org\/{rel}","templated":true}]}}