{"id":1905742,"date":"2026-04-27T20:44:58","date_gmt":"2026-04-27T17:44:58","guid":{"rendered":"https:\/\/analyse.optim.biz\/?p=1905742"},"modified":"2026-04-27T20:44:58","modified_gmt":"2026-04-27T17:44:58","slug":"bolojan-anunta-acord-pe-aparare-dar-blocaj-la-pnrr-ce-au-decis-liderii-la-cotroceni-si-unde-s-au-blocat","status":"publish","type":"post","link":"https:\/\/analyse.optim.biz\/?p=1905742","title":{"rendered":"Bolojan anun\u021b\u0103 acord pe ap\u0103rare, dar blocaj la PNRR. Ce au decis liderii la Cotroceni \u0219i unde s-au blocat&#8230;"},"content":{"rendered":"<p>[analyse_image type=&#8221;featured&#8221; src=&#8221;https:\/\/s.iw.ro\/gateway\/g\/ZmlsZVNvdXJjZT1odHRwJTNBJTJGJTJG\/c3RvcmFnZTA4dHJhbnNjb2Rlci5yY3Mt\/cmRzLnJvJTJGc3RvcmFnZSUyRjIwMjUl\/MkYxMSUyRjE0JTJGMjQ0MjUzOF8yNDQy\/NTM4X0dldHR5SW1hZ2VzLTIxOTg0NTY0\/MTEuanBnJnc9MTIwMCZoPTYzMCZ6Yz0x\/Jmhhc2g9YTcwMmU2NjU0N2Q3ZGYwODQzODk2NTU0OGM2ZTg3YjA=.thumb.jpg&#8221;]<\/p>\n<div class=\"entry data-app-meta data-app-meta-article\" data-embed-base-url-canonical=\"https:\/\/www.digi24.ro\/embed\/stiri\/actualitate\/politica\/bolojan-anunta-acord-pe-aparare-dar-blocaj-la-pnrr-ce-au-decis-liderii-la-cotroceni-si-unde-s-au-blocat-negocierile-3747271\">\n<p data-index=\"1\"><strong>Premierul <a href=\"https:\/\/www.digi24.ro\/stiri\/actualitate\/politica\/criza-politica-majora-la-bucuresti-premierul-ilie-bolojan-in-direct-la-digi24-cum-raspunde-dupa-alianta-psd-aur-3746603\" target=\"_blank\" rel=\"noopener\" data-skip-linkfix=\"1\">Ilie Bolojan a declarat \u00een direct la Digi24<\/a> c\u0103, \u00een urma consult\u0103rilor de la Palatul Cotroceni cu liderii partidelor pro-europene, a fost ob\u021binut un acord pe componenta de ap\u0103rare, prin SAFE, \u00eens\u0103 nu s-a ajuns la o \u00een\u021belegere \u00een ceea ce prive\u0219te Planul Na\u021bional de Redresare \u0219i Rezilien\u021b\u0103 (PNRR), unde au fost doar subliniate dificult\u0103\u021bile. \u0218eful Executivului a precizat c\u0103 discu\u021biile au vizat \u00een principal proiectele aflate \u00een derulare \u0219i problemele sensibile, urm\u00e2nd ca un grup de lucru s\u0103 caute solu\u021bii \u00een perioada urm\u0103toare.<\/strong><\/p>\n<p data-index=\"2\">\u201eCel pu\u021bin pe componenta de SAFE, la finalul discu\u021biilor s-a exprimat un acord pe componenta de ap\u0103rare, care \u0219i ea este necesar\u0103, dat fiind ceea ce se \u00eent\u00e2mpl\u0103 \u0219i vedem cu dronele care cad pe teritoriul \u021b\u0103rii noastre \u0219i e nevoie s\u0103 ne asigur\u0103m c\u0103 ne asum\u0103m partea noastr\u0103 de ap\u0103rare \u00een a\u0219a fel \u00eenc\u00e2t Rom\u00e2nia s\u0103 fie o \u021bar\u0103 sigur\u0103, deci pe asta a fost un acord, iar \u00een zilele urm\u0103toare, \u00een Parlament, se va vedea dac\u0103 acest acord func\u021bioneaz\u0103. \u00cen ceea ce prive\u0219te acordul pe PNRR, \u00een afar\u0103 de trecerea \u00een revist\u0103 a proiectelor \u0219i de sublinierea dificult\u0103\u021bilor pe cele c\u00e2teva subiecte care sunt mai delicate, nu a existat o \u00een\u021belegere, doar legat de faptul c\u0103 se va forma un grup de lucru\u201d, a spus prim-ministrul.<\/p>\n<p data-index=\"3\">El a dat ca exemple de \u201esubiecte delicate\u201d legea salariz\u0103rii \u0219i procesul de decarbonizare.<\/p>\n<p data-index=\"4\">Pre\u0219edintele <a href=\"https:\/\/www.digi24.ro\/stiri\/actualitate\/politica\/consultari-la-cotroceni-nicusor-dan-a-convocat-partidele-din-coalitie-la-discutii-comune-3744955\" target=\"_blank\" rel=\"noopener\" data-skip-linkfix=\"1\">Nicu\u0219or Dan a avut consult\u0103ri, luni, la Palatul Cotroceni<\/a>, cu liderii partidelor pro-europene, despre programele SAFE \u0219i PNRR. La \u00eentrevedere au participat liderii Partidului Social Democrat, Partidului Na\u021bional Liberal, Uniunii Salva\u021bi Rom\u00e2nia, Uniunii Democrate Maghiare din Rom\u00e2nia \u0219i ai Grupului parlamentar al minorit\u0103\u021bilor na\u021bionale.<\/p>\n<p data-index=\"5\"><strong>Cite\u0219te \u0219i:\u00a0<\/strong><\/p>\n<ul>\n<li><strong><a href=\"https:\/\/www.digi24.ro\/stiri\/actualitate\/politica\/prim-ministrul-despre-rolul-lui-nicusor-dan-in-criza-politica-imi-e-greu-sa-spun-ce-putea-face-altceva-nu-mi-a-cerut-demisia-3747123\" target=\"_blank\" rel=\"noopener\" data-skip-linkfix=\"1\">Prim-ministrul, despre rolul lui Nicu\u0219or Dan \u00een criza politic\u0103: \u201e\u00cemi e greu s\u0103 spun ce putea face altceva. Nu mi-a cerut demisia\u201d<\/a><\/strong><\/li>\n<li><strong><a href=\"https:\/\/www.digi24.ro\/stiri\/actualitate\/politica\/nicusor-dan-intrebat-daca-il-mai-sustine-pe-premierul-ilie-bolojan-am-ajuns-intr-o-situatie-ireconciliabila-3745613\" target=\"_blank\" rel=\"noopener\" data-skip-linkfix=\"1\">Nicu\u0219or Dan, \u00eentrebat dac\u0103 \u00eel mai sus\u021bine pe premierul Ilie Bolojan: \u201eAm ajuns \u00eentr-o situa\u021bie ireconciliabil\u0103 \u00eentre dou\u0103 p\u0103r\u021bi\u201d<\/a><\/strong><\/li>\n<\/ul>\n<p> Editor : <a href=\"https:\/\/www.digi24.ro\/autor\/stefania-apostol\"> \u0218.A. <\/a><\/p>\n<\/div>\n<p>[analyse_source url=&#8221;https:\/\/www.digi24.ro\/stiri\/actualitate\/politica\/bolojan-anunta-acord-pe-aparare-dar-blocaj-la-pnrr-ce-au-decis-liderii-la-cotroceni-si-unde-s-au-blocat-negocierile-3747271&#8243;]<\/p>\n","protected":false},"excerpt":{"rendered":"<p>[analyse_image type=&#8221;featured&#8221; src=&#8221;https:\/\/s.iw.ro\/gateway\/g\/ZmlsZVNvdXJjZT1odHRwJTNBJTJGJTJG\/c3RvcmFnZTA4dHJhbnNjb2Rlci5yY3Mt\/cmRzLnJvJTJGc3RvcmFnZSUyRjIwMjUl\/MkYxMSUyRjE0JTJGMjQ0MjUzOF8yNDQy\/NTM4X0dldHR5SW1hZ2VzLTIxOTg0NTY0\/MTEuanBnJnc9MTIwMCZoPTYzMCZ6Yz0x\/Jmhhc2g9YTcwMmU2NjU0N2Q3ZGYwODQzODk2NTU0OGM2ZTg3YjA=.thumb.jpg&#8221;] Premierul Ilie Bolojan a declarat \u00een direct la Digi24 c\u0103, \u00een urma consult\u0103rilor de la Palatul Cotroceni cu liderii partidelor pro-europene, a fost ob\u021binut un acord pe componenta de ap\u0103rare, prin SAFE, \u00eens\u0103 nu s-a ajuns la o \u00een\u021belegere \u00een ceea ce prive\u0219te Planul Na\u021bional de Redresare \u0219i Rezilien\u021b\u0103 (PNRR), unde au [&hellip;]<\/p>\n","protected":false},"author":1,"featured_media":0,"comment_status":"open","ping_status":"","sticky":false,"template":"","format":"standard","meta":{"footnotes":""},"categories":[89],"tags":[226,11],"class_list":["post-1905742","post","type-post","status-publish","format-standard","hentry","category-romania","tag-crawlmanager","tag-digi24"],"_links":{"self":[{"href":"https:\/\/analyse.optim.biz\/index.php?rest_route=\/wp\/v2\/posts\/1905742","targetHints":{"allow":["GET"]}}],"collection":[{"href":"https:\/\/analyse.optim.biz\/index.php?rest_route=\/wp\/v2\/posts"}],"about":[{"href":"https:\/\/analyse.optim.biz\/index.php?rest_route=\/wp\/v2\/types\/post"}],"author":[{"embeddable":true,"href":"https:\/\/analyse.optim.biz\/index.php?rest_route=\/wp\/v2\/users\/1"}],"replies":[{"embeddable":true,"href":"https:\/\/analyse.optim.biz\/index.php?rest_route=%2Fwp%2Fv2%2Fcomments&post=1905742"}],"version-history":[{"count":0,"href":"https:\/\/analyse.optim.biz\/index.php?rest_route=\/wp\/v2\/posts\/1905742\/revisions"}],"wp:attachment":[{"href":"https:\/\/analyse.optim.biz\/index.php?rest_route=%2Fwp%2Fv2%2Fmedia&parent=1905742"}],"wp:term":[{"taxonomy":"category","embeddable":true,"href":"https:\/\/analyse.optim.biz\/index.php?rest_route=%2Fwp%2Fv2%2Fcategories&post=1905742"},{"taxonomy":"post_tag","embeddable":true,"href":"https:\/\/analyse.optim.biz\/index.php?rest_route=%2Fwp%2Fv2%2Ftags&post=1905742"}],"curies":[{"name":"wp","href":"https:\/\/api.w.org\/{rel}","templated":true}]}}