{"id":190570,"date":"2014-12-08T21:09:01","date_gmt":"2014-12-08T18:09:01","guid":{"rendered":"https:\/\/analyse.optim.biz\/?p=190570"},"modified":"2014-12-08T21:09:01","modified_gmt":"2014-12-08T18:09:01","slug":"klaus-iohannis-confirma-tatiana-niculescu-bran-va-fi-purtatorul-de-cuvant-al-presedintelui","status":"publish","type":"post","link":"https:\/\/analyse.optim.biz\/?p=190570","title":{"rendered":"Klaus Iohannis confirm\u0103: Tatiana Niculescu Bran va fi purt\u0103torul de cuv\u00e2nt al pre\u0219edintelui"},"content":{"rendered":"<div class=\"entry data-app-meta data-app-meta-article\" data-embed-base-url-canonical=\"https:\/\/www.digi24.ro\/embed\/stiri\/actualitate\/politica\/klaus-iohannis-confirma-tatiana-niculescu-bran-va-fi-purtatorul-de-cuvant-al-presedintelui-332310\">\n<p data-index=\"1\"><img decoding=\"async\" src=\"https:\/\/analyse.optim.biz\/wp-content\/uploads\/2024\/09\/mgfiotfjzmzhnde3ogfjyjmzmzg0ogvmmzgx-thumb_.jpg\" data-skip-htmlfix=\"1\" title=\"mgfiotfjzmzhnde3ogfjyjmzmzg0ogvmmzgx-thumb_\"><\/p>\n<p data-index=\"2\">\u201eTatiana Niculescu Bran va fi purt\u0103torul meu de cuv\u00e2nt ca Pre\u0219edinte al Rom\u00e2niei, \u00eencep\u00e2nd cu data de 21 decembrie. Lista integral\u0103 a echipei care m\u0103 va \u00eenso\u021bi la Cotroceni va fi dat\u0103 publicit\u0103\u021bii s\u0103pt\u0103m\u00e2na viitoare\u201d, a scris pe pagina sa de Facebook Klaus Iohannis, aflat \u00een acest moment \u00eentr-o vacan\u021b\u0103 \u00een SUA.<\/p>\n<div class=\"fb-post\">\n<div class=\"fb-xfbml-parse-ignore\"><a href=\"https:\/\/www.facebook.com\/klausiohannis\/posts\/743394982414422\" data-skip-linkfix=\"1\">Post<\/a> by <a href=\"https:\/\/www.facebook.com\/klausiohannis\" data-skip-linkfix=\"1\">Klaus Iohannis<\/a>.<\/div>\n<\/div>\n<p data-index=\"4\">Confirmarea vine dup\u0103 ce Tatiana Niculescu Bran<a href=\"https:\/\/www.digi24.ro\/Stiri\/Digi24\/Actualitate\/Politica\/Klaus+Iohannis+purtator+de+cuvant+Tatiana+Niculescu+Bran\" target=\"_blank\" data-skip-linkfix=\"1\" rel=\"noopener\"> a anun\u021bat<\/a>, tot pe re\u021beaua de socializare, c\u0103 a acceptat aceast\u0103 func\u021bie. Ea<a href=\"https:\/\/www.digi24.ro\/Stiri\/Digi24\/Actualitate\/Politica\/TATIANA+NICULESCU+BRAN+purtator+de+cuvant+KLAUS+IOHANNIS\" target=\"_blank\" data-skip-linkfix=\"1\" rel=\"noopener\"> a declarat apoi la Digi24<\/a>: \u201eEu m\u0103 duc pentru colegii mei din pres\u0103, pe ei a\u0219 vrea s\u0103-i ajut s\u0103 aib\u0103 \u0219tiri la timp, s\u0103 aib\u0103 \u0219tiri adev\u0103rate, s\u0103 se simt\u0103 din nou respecta\u021bi \u0219i pre\u021bui\u021bi\u201d.<\/p>\n<\/div>\n<p> Source URL: https:\/\/www.digi24.ro\/stiri\/actualitate\/politica\/klaus-iohannis-confirma-tatiana-niculescu-bran-va-fi-purtatorul-de-cuvant-al-presedintelui-332310<\/p>\n","protected":false},"excerpt":{"rendered":"<p>\u201eTatiana Niculescu Bran va fi purt\u0103torul meu de cuv\u00e2nt ca Pre\u0219edinte al Rom\u00e2niei, \u00eencep\u00e2nd cu data de 21 decembrie. Lista integral\u0103 a echipei care m\u0103 va \u00eenso\u021bi la Cotroceni va fi dat\u0103 publicit\u0103\u021bii s\u0103pt\u0103m\u00e2na viitoare\u201d, a scris pe pagina sa de Facebook Klaus Iohannis, aflat \u00een acest moment \u00eentr-o vacan\u021b\u0103 \u00een SUA. Post by Klaus [&hellip;]<\/p>\n","protected":false},"author":1,"featured_media":190571,"comment_status":"open","ping_status":"","sticky":false,"template":"","format":"standard","meta":{"footnotes":""},"categories":[2],"tags":[11],"class_list":["post-190570","post","type-post","status-publish","format-standard","has-post-thumbnail","hentry","category-politics","tag-digi24"],"_links":{"self":[{"href":"https:\/\/analyse.optim.biz\/index.php?rest_route=\/wp\/v2\/posts\/190570","targetHints":{"allow":["GET"]}}],"collection":[{"href":"https:\/\/analyse.optim.biz\/index.php?rest_route=\/wp\/v2\/posts"}],"about":[{"href":"https:\/\/analyse.optim.biz\/index.php?rest_route=\/wp\/v2\/types\/post"}],"author":[{"embeddable":true,"href":"https:\/\/analyse.optim.biz\/index.php?rest_route=\/wp\/v2\/users\/1"}],"replies":[{"embeddable":true,"href":"https:\/\/analyse.optim.biz\/index.php?rest_route=%2Fwp%2Fv2%2Fcomments&post=190570"}],"version-history":[{"count":0,"href":"https:\/\/analyse.optim.biz\/index.php?rest_route=\/wp\/v2\/posts\/190570\/revisions"}],"wp:featuredmedia":[{"embeddable":true,"href":"https:\/\/analyse.optim.biz\/index.php?rest_route=\/wp\/v2\/media\/190571"}],"wp:attachment":[{"href":"https:\/\/analyse.optim.biz\/index.php?rest_route=%2Fwp%2Fv2%2Fmedia&parent=190570"}],"wp:term":[{"taxonomy":"category","embeddable":true,"href":"https:\/\/analyse.optim.biz\/index.php?rest_route=%2Fwp%2Fv2%2Fcategories&post=190570"},{"taxonomy":"post_tag","embeddable":true,"href":"https:\/\/analyse.optim.biz\/index.php?rest_route=%2Fwp%2Fv2%2Ftags&post=190570"}],"curies":[{"name":"wp","href":"https:\/\/api.w.org\/{rel}","templated":true}]}}