{"id":1905636,"date":"2026-04-27T12:12:00","date_gmt":"2026-04-27T09:12:00","guid":{"rendered":"https:\/\/analyse.optim.biz\/?p=1905636"},"modified":"2026-04-27T12:12:00","modified_gmt":"2026-04-27T09:12:00","slug":"politico-bruxelles-sub-asediu-von-der-leyen-si-macron-in-corzi","status":"publish","type":"post","link":"https:\/\/analyse.optim.biz\/?p=1905636","title":{"rendered":"Politico: Bruxelles sub asediu. Von der Leyen \u0219i Macron, \u00een corzi!"},"content":{"rendered":"<p>[analyse_image type=&#8221;featured&#8221; src=&#8221;https:\/\/ortodoxinfo.ro\/wp-content\/uploads\/2026\/04\/ChatGPT-Image-Apr-27-2026-02_04_54-PM.png&#8221;]<\/p>\n<article id=\"post-224301\" class=\"post-224301 post type-post status-publish format-standard has-post-thumbnail category-uniunea-europeana\">\n<header class=\"single-header\">\n<h1 class=\"s-title fw-headline\">Politico: Bruxelles sub asediu. Von der Leyen \u0219i Macron, \u00een corzi!<\/h1>\n<div class=\"single-meta meta-s-default yes-0\">\n<div class=\"smeta-in\"><a class=\"meta-el meta-avatar\" href=\"https:\/\/ortodoxinfo.ro\/author\/redactor\/\"><img loading=\"lazy\" decoding=\"async\" alt=\"OrtodoxINFO\" src=\"https:\/\/secure.gravatar.com\/avatar\/21010332354a182ce4de6016685c5586f21c51866d0ec5bc8ef383240b3c3e02?s=120&amp;r=g\" class=\"avatar avatar-120 photo\" height=\"120\" width=\"120\"><\/a><\/p>\n<div class=\"smeta-sec\">\n<div class=\"p-meta\">\n<div class=\"meta-inner is-meta\"><span class=\"meta-el meta-date\"><time datetime=\"2026-04-27T15:12:00+03:00\">27 aprilie 2026<\/time><\/span><span class=\"meta-el meta-category meta-bold\"><a class=\"meta-separate category-1538\" href=\"https:\/\/ortodoxinfo.ro\/category\/anti-sistem\/uniunea-europeana\/\">Uniunea european\u0103<\/a><\/span><span class=\"meta-el meta-view\">7.1k vizualiz\u0103ri\t\t<\/span><span class=\"meta-el meta-comment mobile-last-meta tablet-last-meta\"><a href=\"https:\/\/ortodoxinfo.ro\/2026\/04\/27\/politico-bruxelles-sub-asediu-von-der-leyen-si-macron-in-corzi\/#respond\">Comentarii<\/a><\/span><\/div>\n<\/div>\n<\/div>\n<\/div>\n<div class=\"smeta-extra\">\n<div class=\"t-shared-sec tooltips-n has-read-meta is-color\">\n<div class=\"t-shared-header is-meta\"><span class=\"share-label\">Share<\/span><\/div>\n<\/div>\n<div class=\"single-right-meta single-time-read is-meta\"><span class=\"meta-el meta-read\">6 Min Read<\/span><\/div>\n<\/div>\n<\/div>\n<\/header>\n<div class=\"grid-container\">\n<div class=\"s-ct\">\n<div class=\"s-feat-outer\">\n<div class=\"s-feat\">\n<div class=\"featured-lightbox-trigger\" data-source=\"https:\/\/ortodoxinfo.ro\/wp-content\/uploads\/2026\/04\/ChatGPT-Image-Apr-27-2026-02_04_54-PM.png\" data-caption data-attribution><img fetchpriority=\"high\" decoding=\"async\" width=\"860\" height=\"472\" src=\"https:\/\/ortodoxinfo.ro\/wp-content\/uploads\/2026\/04\/ChatGPT-Image-Apr-27-2026-02_04_54-PM-860x472.png\" class=\"attachment-foxiz_crop_o1 size-foxiz_crop_o1 wp-post-image\" alt loading=\"eager\"><\/div>\n<\/div>\n<\/div>\n<div class=\"s-ct-wrap has-lsl\">\n<div class=\"s-ct-inner\">\n<div class=\"l-shared-sec-outer show-mobile\">\n<div class=\"l-shared-sec\">\n<div class=\"l-shared-header meta-text\"><span class=\"share-label\">SHARE<\/span><\/div>\n<\/div>\n<\/div>\n<div class=\"e-ct-outer\">\n<div class=\"entry-content rbct clearfix is-highlight-shares\">\n<p>Lideri europeni de calibru, precum Ursula von der Leyen \u0219i Emmanuel Macron se confrunt\u0103 cu probleme tot mai mari, fie c\u0103 vorbim de situa\u021bia de la Bruxelles, fie de cea de la Paris, este concluzia a doua analize publicate azi de Politico. Comisia European\u0103 se confrunt\u0103 simultan cu un val de nemul\u021bumire din partea propriilor alia\u021bi politici \u0219i cu turbulen\u021bele economice generate de conflictul din Golf. Tabloul de ansamblu este unul al unei Europe tot mai fragile, conduse de lideri tot mai contesta\u021bi, se arat\u0103 \u00een articole, din care v\u0103 prezent\u0103m o compila\u021bie.<\/p>\n<div class=\"inline-single-ad ad_single_index alignfull\">\n<div class=\"ad-wrap ad-script-wrap\">\n<div class=\"ad-script non-adsense edge-padding\">\n<div>\n\u203c\ufe0f\u203c\ufe0f NU recunoa\u0219tem ca pre\u0219edinte al Rom\u00e2niei pe marioneta retard\u0103 Nicu\u0219or Dan! Rom\u00e2ni, boicota\u021bi aceast\u0103 f\u0103c\u0103tur\u0103, care ne face \u021bara de r\u00e2s! NU rom\u00e2nii l-au votat pe Nicusoro\u0219 &#8211; cu unele excep\u021bii de persoane infantile, manipulabile \u0219i chiar idioate &#8211; ci l-au ajutat Maia Soro\u0219, Emanuel Macrou \u0219i tr\u0103d\u0103torii de la B.E.C. \u0219i CCR!<br \/>\n La \u00eenchisoare cu cei care au fraudat alegerile!\n<\/div>\n<\/div>\n<\/div>\n<\/div>\n<p>Ursula von der Leyen intr\u0103 s\u0103pt\u0103m\u00eena aceasta \u00eentr-una dintre cele mai dificile s\u0103pt\u0103m\u00eeni ale mandatului s\u0103u. Pe de o parte, chiar alia\u021bii s\u0103i tradi\u021bionali din Germania \u00eei cer s\u0103 demonteze \u201ema\u0219in\u0103ria de la Bruxelles\u201d. Pe de alt\u0103 parte, confruntarea dintre Washington \u0219i Teheran transform\u0103 o criz\u0103 energetic\u0103 \u00eentr-un co\u0219mar politic pentru centrul pro-european, deja \u0219ubrezit, al continentului.<\/p>\n<p>Conservatorii germani \u00eei pun Ursulei cu\u021bitul la g\u00eet<\/p>\n<p><a href=\"https:\/\/www.politico.eu\/article\/german-conservatives-pile-pressure-ursula-von-der-leyen-dismantle-brussels-machine\/\" target=\"_blank\" rel=\"noopener\">Ast\u0103zi, von der Leyen particip\u0103<\/a> la o \u00eent\u00eelnire cu u\u0219ile \u00eenchise cu grupul parlamentar conservator al cancelarului Friedrich Merz la Berlin \u2014 o \u00eent\u00eelnire care promite s\u0103 fie orice altceva dec\u00eet cordial\u0103. Conservatorii germani au preg\u0103tit un document-strategie cu nu mai pu\u021bin de 27 de cerin\u021be adresate Comisiei, ob\u021binut de Politico, intitulat \u201eagend\u0103 pentru reducerea durabil\u0103 a birocra\u021biei la nivel european\u201d.<\/p>\n<p>Printre m\u0103surile propuse se num\u0103r\u0103 \u00eenfiin\u021barea unui organ de supraveghere care s\u0103 de\u021bin\u0103 un drept de veto fundamental asupra oric\u0103rei noi legisla\u021bii propuse de Comisie \u2014 o reform\u0103 institu\u021bional\u0103 care ar necesita modificarea tratatelor europene. O alt\u0103 propunere cere institu\u021biilor europene s\u0103 adopte \u201eo interpretare mai restrictiv\u0103 a propriilor competen\u021be\u201d \u0219i s\u0103 reduc\u0103 num\u0103rul de angaja\u021bi.<\/p>\n<p>Mesajul politic este c\u00eet se poate de clar: r\u0103bdarea conservatorilor germani fa\u021b\u0103 de ritmul reformelor s-a epuizat. Merz, care se lupt\u0103 s\u0103-\u0219i onoreze promisiunile electorale de relansare economic\u0103, \u0219i-a direc\u021bionat tot mai mult frustrarea spre Bruxelles. \u201eAceast\u0103 ma\u0219in\u0103rie a Comisiei UE merge \u00eenainte \u0219i \u00eenainte \u0219i \u00eenainte\u201d, a declarat cancelarul \u00een septembrie, la un eveniment de afaceri de la K\u00f6ln. \u201eTrebuie s\u0103 arunc\u0103m o cheie \u00een angrenajele acestei ma\u0219in\u0103rii de la Bruxelles, ca s\u0103 o oprim.\u201d<\/p>\n<p>Contextul economic face presiunea \u0219i mai acut\u0103: s\u0103pt\u0103m\u00eena trecut\u0103, guvernul german \u0219i-a \u00eenjum\u0103t\u0103\u021bit prognoza de cre\u0219tere pentru 2026, economia confrunt\u00eendu-se cu v\u00eenturi potrivnice suplimentare generate de conflictul din Iran.<\/p>\n<p>R\u0103zboiul din Iran, un co\u0219mar politic pentru Europa<\/p>\n<p><a href=\"https:\/\/www.politico.eu\/article\/trumps-iran-showdown-is-becoming-europes-political-nightmare\/\" target=\"_blank\" rel=\"noopener\">Criza iranian\u0103 reprezint\u0103<\/a> cel de-al doilea front care amenin\u021b\u0103 s\u0103 destabilizeze Europa politic\u0103. Blocarea Str\u00eemtorii Hormuz men\u021bine pre\u021bul petrolului peste 100 de dolari pe baril, iar efectele se propag\u0103 \u00een cascade: energie mai scump\u0103, infla\u021bie \u00een alimenta\u021bie, transport \u0219i locuin\u021be \u2014 lovind cel mai dur gospod\u0103riile cu venituri mici \u0219i medii.<\/p>\n<p>\u201eDin punct de vedere politic, aceasta creeaz\u0103 spa\u021biu pentru ne\u00eencredere \u2014 nu doar fa\u021b\u0103 de guvernele na\u021bionale, ci fa\u021b\u0103 de capacitatea institu\u021biilor europene de a-i proteja pe cet\u0103\u021beni de \u0219ocurile externe\u201d, avertizeaz\u0103 Seamus Boland, pre\u0219edintele Comitetului Economic \u0219i Social European.<\/p>\n<p>Europa se confrunt\u0103 acum cu o perspectiv\u0103 tot mai clar\u0103 de stagfla\u021bie: cre\u0219tere economic\u0103 anemic\u0103 lovit\u0103 simultan de infla\u021bie. Comisarul european pentru Economie, Valdis Dombrovskis, a confirmat c\u0103 prognoza economic\u0103 de prim\u0103var\u0103, a\u0219teptat\u0103 \u00een a doua jum\u0103tate a lui mai, va fi revizuit\u0103 \u00een sc\u0103dere. Germania \u0219i Italia \u2014 \u00eempreun\u0103 reprezent\u00eend peste o treime din PIB-ul UE \u2014 \u0219i-au redus deja propriile estim\u0103ri pentru 2026.<\/p>\n<p>Bruxelles-ul propune pachete de m\u0103suri \u2014 reduceri de taxe pe electricitate, scheme sociale, reduceri de TVA, subven\u021bii pentru tehnologii curate \u2014 dar marja de manevr\u0103 este extrem de \u00eengust\u0103. Multe state membre duc \u00eenc\u0103 povara datoriilor acumulate \u00een perioada pandemiei \u0219i a crizei energetice din 2022, l\u0103s\u00eend pu\u021bin spa\u021biu fiscal pentru interven\u021bii masive.<\/p>\n<p>Macron, \u00een corzi: extrema dreapt\u0103 e aproape de pre\u0219edin\u021bia Fran\u021bei<\/p>\n<p>Emmanuel Macron a ie\u0219it \u0219i el la ramp\u0103 vineri, la Atena, cu un discurs deopotriv\u0103 alarmist \u0219i beligerant. \u201eNu ar trebui s\u0103 subestim\u0103m c\u0103 acesta este un moment unic \u00een care un pre\u0219edinte american, unul rus \u0219i unul chinez sunt cu to\u021bii \u00eempotriva europenilor\u201d, a declarat liderul francez dup\u0103 \u00eent\u00eelnirile cu premierul grec Kyriakos Mitsotakis. \u201eAcesta este momentul potrivit s\u0103 ne trezim.\u201d<\/p>\n<p>Numai c\u0103 propria sa pozi\u021bie intern\u0103 \u00eel face un avocat tot mai vulnerabil al cauzei europene. Fran\u021ba este descris\u0103 drept \u201ecel mai mare premiu\u201d pentru populi\u0219ti: dac\u0103 tendin\u021bele se men\u021bin, alegerile preziden\u021biale de anul viitor ar putea aduce Rassemblement National al lui Marine Le Pen la \u00c9lys\u00e9e, cu unde de \u0219oc la nivelul \u00eentregii Europe.<\/p>\n<p>Macron a folosit \u00eent\u00eelnirea de la Atena \u0219i pentru a ataca planul de rambursare a datoriei comune europene emise \u00een perioada pandemiei \u2014 \u20ac25 de miliarde pe an din 2028 \u2014 cer\u00eend e\u0219alonarea acesteia. \u201eNe-am \u00eendatorat \u00een timpul Covid. Ast\u0103zi, unii ne spun c\u0103 trebuie s\u0103 ramburs\u0103m rapid\u201d, a spus el. \u201eEste prostesc.\u201d<\/p>\n<p>Declara\u021bia rezum\u0103, f\u0103r\u0103 s\u0103 vrea, starea \u00eentregului proiect european \u00een acest moment: lideri importan\u021bi certa\u021bi \u00eentre ei asupra datoriilor, o Comisie asediat\u0103 din dreapta propriei familii politice, o economie \u00een stagfla\u021bie \u0219i un conflict extern pe care nimeni nu \u00eel controleaz\u0103. Bruxelles-ul merge \u201e\u00eenainte \u0219i \u00eenainte \u0219i \u00eenainte\u201d \u2014 dar tot mai pu\u021bini mai vor s\u0103 \u00eel urmeze, conchide Politico. (Traducere \u0219i adaptare B.T.I.)<\/p>\n<\/div>\n<\/div>\n<\/div>\n<div class=\"e-shared-sec entry-sec\">\n<div class=\"e-shared-header h4\"><span>Distribuie<\/span><\/div>\n<div class=\"rbbsl tooltips-n effect-fadeout is-bg\"><a class=\"share-action share-trigger icon-facebook\" aria-label=\"Share on Facebook\" href=\"https:\/\/www.facebook.com\/sharer.php?u=https%3A%2F%2Fortodoxinfo.ro%2F2026%2F04%2F27%2Fpolitico-bruxelles-sub-asediu-von-der-leyen-si-macron-in-corzi%2F\" data-title=\"Facebook\" rel=\"nofollow\"><span>Facebook<\/span><\/a><a class=\"share-action share-trigger icon-twitter\" aria-label=\"Share on X\" href=\"https:\/\/twitter.com\/intent\/tweet?text=Politico%3A+Bruxelles+sub+asediu.+Von+der+Leyen+%C8%99i+Macron%2C+%C3%AEn+corzi%21&amp;url=https%3A%2F%2Fortodoxinfo.ro%2F2026%2F04%2F27%2Fpolitico-bruxelles-sub-asediu-von-der-leyen-si-macron-in-corzi%2F&amp;via=ortodoxinforo\" data-title=\"X\" rel=\"nofollow\"><span>X<\/span><\/a><a class=\"share-action icon-whatsapp is-web\" aria-label=\"Share on Whatsapp\" href=\"https:\/\/web.whatsapp.com\/send?text=Politico%3A+Bruxelles+sub+asediu.+Von+der+Leyen+%C8%99i+Macron%2C+%C3%AEn+corzi%21%20%E2%98%9E%20https%3A%2F%2Fortodoxinfo.ro%2F2026%2F04%2F27%2Fpolitico-bruxelles-sub-asediu-von-der-leyen-si-macron-in-corzi%2F\" target=\"_blank\" data-title=\"WhatsApp\" rel=\"nofollow\"><span>Whatsapp<\/span><\/a><a class=\"share-action icon-whatsapp is-mobile\" aria-label=\"Share on Whatsapp\" href=\"\/\/send?text=Politico%3A+Bruxelles+sub+asediu.+Von+der+Leyen+%C8%99i+Macron%2C+%C3%AEn+corzi%21%20%E2%98%9E%20https%3A%2F%2Fortodoxinfo.ro%2F2026%2F04%2F27%2Fpolitico-bruxelles-sub-asediu-von-der-leyen-si-macron-in-corzi%2F\" target=\"_blank\" data-title=\"WhatsApp\" rel=\"nofollow\"><span>Whatsapp<\/span><\/a><a class=\"share-action share-trigger icon-telegram\" aria-label=\"Share on Telegram\" href=\"https:\/\/t.me\/share\/?url=https%3A%2F%2Fortodoxinfo.ro%2F2026%2F04%2F27%2Fpolitico-bruxelles-sub-asediu-von-der-leyen-si-macron-in-corzi%2F&amp;text=Politico%3A+Bruxelles+sub+asediu.+Von+der+Leyen+%C8%99i+Macron%2C+%C3%AEn+corzi%21\" data-title=\"Telegram\" rel=\"nofollow\"><span>Telegram<\/span><\/a><a class=\"share-action icon-copy copy-trigger\" aria-label=\"Copy Link\" href=\"https:\/\/ortodoxinfo.ro\/2026\/04\/27\/politico-bruxelles-sub-asediu-von-der-leyen-si-macron-in-corzi\/\" data-copied=\"Copied!\" data-link=\"https:\/\/ortodoxinfo.ro\/2026\/04\/27\/politico-bruxelles-sub-asediu-von-der-leyen-si-macron-in-corzi\/\" rel=\"nofollow\" data-copy=\"Copy Link\"><span>Copy Link<\/span><\/a><a class=\"share-action icon-print\" aria-label=\"Print\" rel=\"nofollow\" data-title=\"Print\"><span>Print<\/span><\/a><\/div>\n<\/div>\n<\/div>\n<div id=\"tabs\" class=\"dntplgn_form_wrapper\"><span><\/p>\n<h2>\u0218tirile sunt sub cenzur\u0103! Sprijini\u021bi OrtodoxINFO!<\/h2>\n<p>Guvernul nu dore\u0219te aflarea adev\u0103rului despre lovitura de stat \u0219i \u00eengenuncherea Rom\u00e2niei. \u00cencerc\u0103m s\u0103 men\u021binem viu acest site \u0219i s\u0103 v\u0103 punem la dispozi\u021bie informa\u021bii care s\u0103 fac\u0103 lumin\u0103 \u00een cea mai mare provocare pe care o tr\u0103im. Jurnalismul independent al portalului OrtodoxINFO func\u021bioneaz\u0103 strict cu ajutorul cititorilor.<br \/>\nNe pute\u021bi sprijini printr-o <b><a href=\"https:\/\/ortodoxinfo.ro\/donatii\/\">dona\u021bie bancar\u0103<\/a> sau prin PayPal, complet\u00e2nd formularul de mai jos.<\/b><\/span><\/p>\n<ul>\n<li><a href=\"https:\/\/ortodoxinfo.ro\/2026\/04\/27\/politico-bruxelles-sub-asediu-von-der-leyen-si-macron-in-corzi\/#tabs-1\">Dona\u021bie lunar\u0103<\/a><\/li>\n<li><a href=\"https:\/\/ortodoxinfo.ro\/2026\/04\/27\/politico-bruxelles-sub-asediu-von-der-leyen-si-macron-in-corzi\/#tabs-2\">Doar acum<\/a><\/li>\n<\/ul>\n<div id=\"tabs-1\"><img loading=\"lazy\" decoding=\"async\" alt border=\"0\" src=\"https:\/\/www.paypalobjects.com\/en_US\/i\/scr\/pixel.gif\" width=\"1\" height=\"1\"><\/div>\n<div id=\"tabs-2\">\n<p>\t\t     \u20ac<\/p>\n<p>\t\t    <img loading=\"lazy\" decoding=\"async\" alt border=\"0\" src=\"https:\/\/www.paypalobjects.com\/en_US\/i\/scr\/pixel.gif\" width=\"1\" height=\"1\"><\/div>\n<p>Mul\u021bumim celor care ne-au ajutat p\u00e2n\u0103 acum!\n\t<\/p><\/div>\n<div class=\"comment-box-wrap entry-sec\">\n<div class=\"comment-box-header\"><span class=\"h3\">Las\u0103 un comentariu<\/span><\/div>\n<div class=\"comment-holder no-comment\">\n<div id=\"comments\" class=\"comments-area\">\n<div id=\"respond\" class=\"comment-respond\">\n<h3 id=\"reply-title\" class=\"comment-reply-title\">Las\u0103 un r\u0103spuns <small><a rel=\"nofollow\" id=\"cancel-comment-reply-link\" href=\"https:\/\/ortodoxinfo.ro\/2026\/04\/27\/politico-bruxelles-sub-asediu-von-der-leyen-si-macron-in-corzi\/#respond\">Anuleaz\u0103 r\u0103spunsul<\/a><\/small><\/h3>\n<p class=\"comment-notes\"><span id=\"email-notes\">Adresa ta de email nu va fi publicat\u0103.<\/span><span class=\"required-field-message\">C\u00e2mpurile obligatorii sunt marcate cu <span class=\"required\">*<\/span><\/span><\/p>\n<\/div>\n<\/div>\n<\/div>\n<\/div>\n<\/div>\n<div class=\"sidebar-wrap single-sidebar\">\n<div class=\"sidebar-inner clearfix\">\n<div id=\"widget-post-2\" class=\"widget rb-section w-sidebar clearfix widget-post\">\n<div class=\"block-h widget-heading heading-layout-1\">\n<div class=\"heading-inner\">\n<h4 class=\"heading-title\"><span>Articole recente<\/span><\/h4>\n<\/div>\n<\/div>\n<div class=\"widget-p-listing\">\n<div class=\"p-wrap p-small p-list-small-2\" data-pid=\"224374\">\n<div class=\"feat-holder\">\n<div class=\"p-featured ratio-v1\"><a class=\"p-flink\" href=\"https:\/\/ortodoxinfo.ro\/2026\/04\/27\/nawfal-ue-a-anulat-alegerea-lui-georgescu-simion-este-pe-cale-sa-le-anuleze-guvernul\/\" title=\"Nawfal: \u201dUE a anulat alegerea lui Georgescu. Simion este pe cale s\u0103 le anuleze guvernul\u201d\"><img decoding=\"async\" width=\"150\" height=\"150\" src=\"https:\/\/ortodoxinfo.ro\/wp-content\/uploads\/2026\/04\/nawfal-ue-a-anulat-alegerea-lui-georgescu-simion-este-pe-cale-sa-le-anuleze-guvernul-82745-150x150.jpg\" class=\"featured-img wp-post-image\" alt loading=\"lazy\"><\/a><\/div>\n<\/div>\n<div class=\"p-content\">\n<h5 class=\"entry-title\"><a class=\"p-url\" href=\"https:\/\/ortodoxinfo.ro\/2026\/04\/27\/nawfal-ue-a-anulat-alegerea-lui-georgescu-simion-este-pe-cale-sa-le-anuleze-guvernul\/\" rel=\"bookmark\">Nawfal: \u201dUE a anulat alegerea lui Georgescu. Simion este pe cale s\u0103 le anuleze guvernul\u201d<\/a><\/h5>\n<div class=\"p-meta\">\n<div class=\"meta-inner is-meta\"><span class=\"meta-el meta-date\"><time datetime=\"2026-04-27T21:42:51+03:00\">27 aprilie 2026<\/time><\/span><span class=\"meta-el meta-category meta-bold\"><a class=\"meta-separate category-19866\" href=\"https:\/\/ortodoxinfo.ro\/category\/lupta-pentru-romania\/\">Lupt\u0103 pentru Rom\u00e2nia<\/a><\/span><span class=\"meta-el meta-view\">2.9k vizualiz\u0103ri\t\t<\/span><\/div>\n<\/div>\n<\/div>\n<\/div>\n<div class=\"p-wrap p-small p-list-small-2\" data-pid=\"224361\">\n<div class=\"feat-holder\">\n<div class=\"p-featured ratio-v1\"><a class=\"p-flink\" href=\"https:\/\/ortodoxinfo.ro\/2026\/04\/27\/conservatorii-germani-ii-dau-ultimatum-ursulei-von-der-leyen-si-ii-cer-oprirea-masinariei-birocratiei-de-la-bruxelles\/\" title=\"Conservatorii germani \u00eei dau ultimatum Ursulei von der Leyen si \u00eei cer oprirea \u201ema\u0219in\u0103riei birocra\u021biei\u201d de la Bruxelles\"><img decoding=\"async\" width=\"150\" height=\"150\" src=\"https:\/\/ortodoxinfo.ro\/wp-content\/uploads\/2026\/04\/conservatorii-germani-ii-dau-ultimatum-ursulei-von-der-leyen-si-ii-cer-oprirea-masinariei-birocratie-150x150.jpeg\" class=\"featured-img wp-post-image\" alt loading=\"lazy\"><\/a><\/div>\n<\/div>\n<div class=\"p-content\">\n<h5 class=\"entry-title\"><a class=\"p-url\" href=\"https:\/\/ortodoxinfo.ro\/2026\/04\/27\/conservatorii-germani-ii-dau-ultimatum-ursulei-von-der-leyen-si-ii-cer-oprirea-masinariei-birocratiei-de-la-bruxelles\/\" rel=\"bookmark\">Conservatorii germani \u00eei dau ultimatum Ursulei von der Leyen si \u00eei cer oprirea \u201ema\u0219in\u0103riei birocra\u021biei\u201d de la Bruxelles<\/a><\/h5>\n<div class=\"p-meta\">\n<div class=\"meta-inner is-meta\"><span class=\"meta-el meta-date\"><time datetime=\"2026-04-27T18:01:09+03:00\">27 aprilie 2026<\/time><\/span><span class=\"meta-el meta-category meta-bold\"><a class=\"meta-separate category-1538\" href=\"https:\/\/ortodoxinfo.ro\/category\/anti-sistem\/uniunea-europeana\/\">Uniunea european\u0103<\/a><\/span><span class=\"meta-el meta-view\">4.1k vizualiz\u0103ri\t\t<\/span><\/div>\n<\/div>\n<\/div>\n<\/div>\n<div class=\"p-wrap p-small p-list-small-2\" data-pid=\"224274\">\n<div class=\"feat-holder\">\n<div class=\"p-featured ratio-v1\"><a class=\"p-flink\" href=\"https:\/\/ortodoxinfo.ro\/2026\/04\/27\/video-george-simion-raspuns-la-o-intrebare-cheie-dupa-demersul-comun-cu-psd-suntem-dispusi-sa-asiguram-orice-guvernare\/\" title=\"VIDEO. George Simion, r\u0103spuns la o \u00eentrebare-cheie, dup\u0103 demersul comun cu PSD: \u201eSuntem dispu\u0219i s\u0103 asigur\u0103m orice guvernare\u201d\"><img decoding=\"async\" width=\"150\" height=\"150\" src=\"https:\/\/ortodoxinfo.ro\/wp-content\/uploads\/2026\/04\/1777283125_simion-150x150.jpg\" class=\"featured-img wp-post-image\" alt loading=\"lazy\"><\/a><\/div>\n<\/div>\n<div class=\"p-content\">\n<h5 class=\"entry-title\"><a class=\"p-url\" href=\"https:\/\/ortodoxinfo.ro\/2026\/04\/27\/video-george-simion-raspuns-la-o-intrebare-cheie-dupa-demersul-comun-cu-psd-suntem-dispusi-sa-asiguram-orice-guvernare\/\" rel=\"bookmark\">VIDEO. George Simion, r\u0103spuns la o \u00eentrebare-cheie, dup\u0103 demersul comun cu PSD: \u201eSuntem dispu\u0219i s\u0103 asigur\u0103m orice guvernare\u201d<\/a><\/h5>\n<div class=\"p-meta\">\n<div class=\"meta-inner is-meta\"><span class=\"meta-el meta-date\"><time datetime=\"2026-04-27T13:04:25+03:00\">27 aprilie 2026<\/time><\/span><span class=\"meta-el meta-category meta-bold\"><a class=\"meta-separate category-20289\" href=\"https:\/\/ortodoxinfo.ro\/category\/suveranism\/\">Suveranism<\/a><\/span><span class=\"meta-el meta-view\">3.5k vizualiz\u0103ri\t\t<\/span><\/div>\n<\/div>\n<\/div>\n<\/div>\n<div class=\"p-wrap p-small p-list-small-2\" data-pid=\"224121\">\n<div class=\"feat-holder\">\n<div class=\"p-featured ratio-v1\"><a class=\"p-flink\" href=\"https:\/\/ortodoxinfo.ro\/2026\/04\/26\/la-multi-ani-binecuvantati-femeilor-crestine-femei-obisnuite-chemate-la-lucruri-extraordinare\/\" title=\"La mul\u021bi ani binecuv\u00e2nta\u021bi femeilor cre\u0219tine \u2013 femei obi\u0219nuite, chemate la lucruri extraordinare\"><img decoding=\"async\" width=\"150\" height=\"150\" src=\"https:\/\/ortodoxinfo.ro\/wp-content\/uploads\/2018\/04\/mironosite5-150x150.jpg\" class=\"featured-img wp-post-image\" alt loading=\"lazy\"><\/a><\/div>\n<\/div>\n<div class=\"p-content\">\n<h5 class=\"entry-title\"><a class=\"p-url\" href=\"https:\/\/ortodoxinfo.ro\/2026\/04\/26\/la-multi-ani-binecuvantati-femeilor-crestine-femei-obisnuite-chemate-la-lucruri-extraordinare\/\" rel=\"bookmark\">La mul\u021bi ani binecuv\u00e2nta\u021bi femeilor cre\u0219tine \u2013 femei obi\u0219nuite, chemate la lucruri extraordinare<\/a><\/h5>\n<div class=\"p-meta\">\n<div class=\"meta-inner is-meta\"><span class=\"meta-el meta-date\"><time datetime=\"2026-04-26T19:12:44+03:00\">26 aprilie 2026<\/time><\/span><span class=\"meta-el meta-category meta-bold\"><a class=\"meta-separate category-1858\" href=\"https:\/\/ortodoxinfo.ro\/category\/credinta-ortodoxa\/sfinti-si-sarbatori\/\">Sfin\u021bi \u0219i s\u0103rb\u0103tori<\/a><\/span><span class=\"meta-el meta-view\">4.9k vizualiz\u0103ri\t\t<\/span><\/div>\n<\/div>\n<\/div>\n<\/div>\n<\/div>\n<\/div>\n<div id=\"custom_html-2\" class=\"widget_text widget rb-section w-sidebar clearfix widget_custom_html\">\n<div class=\"block-h widget-heading heading-layout-1\">\n<div class=\"heading-inner\">\n<h4 class=\"heading-title\"><span>DONA\u021aII \u00een cont bancar<\/span><\/h4>\n<\/div>\n<\/div>\n<div class=\"textwidget custom-html-widget\">\n<table class=\"donatii\">\n<tbody>\n<tr>\n<th colspan=\"2\"><strong><span>ASMIB<\/span><\/strong><\/th>\n<\/tr>\n<tr>\n<th>Cont LEI<\/th>\n<td>RO67CECEB00030RON2081955<\/td>\n<\/tr>\n<tr>\n<th>Cont EURO<\/th>\n<td>RO33CECEB000C1EUR2081978<\/td>\n<\/tr>\n<tr>\n<th>Cod SWIFT<\/th>\n<td>CECEROBU<\/td>\n<\/tr>\n<tr>\n<th colspan=\"2\"><strong>CEC BANK SA<\/strong><\/th>\n<\/tr>\n<\/tbody>\n<\/table>\n<\/div>\n<\/div>\n<\/div>\n<\/div>\n<\/div>\n<\/article>\n<div class=\"entry-content rbct clearfix is-highlight-shares\">\n<p>Lideri europeni de calibru, precum Ursula von der Leyen \u0219i Emmanuel Macron se confrunt\u0103 cu probleme tot mai mari, fie c\u0103 vorbim de situa\u021bia de la Bruxelles, fie de cea de la Paris, este concluzia a doua analize publicate azi de Politico. Comisia European\u0103 se confrunt\u0103 simultan cu un val de nemul\u021bumire din partea propriilor alia\u021bi politici \u0219i cu turbulen\u021bele economice generate de conflictul din Golf. Tabloul de ansamblu este unul al unei Europe tot mai fragile, conduse de lideri tot mai contesta\u021bi, se arat\u0103 \u00een articole, din care v\u0103 prezent\u0103m o compila\u021bie.<\/p>\n<div class=\"inline-single-ad ad_single_index alignfull\">\n<div class=\"ad-wrap ad-script-wrap\">\n<div class=\"ad-script non-adsense edge-padding\">\n<div>\n\u203c\ufe0f\u203c\ufe0f NU recunoa\u0219tem ca pre\u0219edinte al Rom\u00e2niei pe marioneta retard\u0103 Nicu\u0219or Dan! Rom\u00e2ni, boicota\u021bi aceast\u0103 f\u0103c\u0103tur\u0103, care ne face \u021bara de r\u00e2s! NU rom\u00e2nii l-au votat pe Nicusoro\u0219 &#8211; cu unele excep\u021bii de persoane infantile, manipulabile \u0219i chiar idioate &#8211; ci l-au ajutat Maia Soro\u0219, Emanuel Macrou \u0219i tr\u0103d\u0103torii de la B.E.C. \u0219i CCR!<br \/>\n La \u00eenchisoare cu cei care au fraudat alegerile!\n<\/div>\n<\/div>\n<\/div>\n<\/div>\n<p>Ursula von der Leyen intr\u0103 s\u0103pt\u0103m\u00eena aceasta \u00eentr-una dintre cele mai dificile s\u0103pt\u0103m\u00eeni ale mandatului s\u0103u. Pe de o parte, chiar alia\u021bii s\u0103i tradi\u021bionali din Germania \u00eei cer s\u0103 demonteze \u201ema\u0219in\u0103ria de la Bruxelles\u201d. Pe de alt\u0103 parte, confruntarea dintre Washington \u0219i Teheran transform\u0103 o criz\u0103 energetic\u0103 \u00eentr-un co\u0219mar politic pentru centrul pro-european, deja \u0219ubrezit, al continentului.<\/p>\n<p>Conservatorii germani \u00eei pun Ursulei cu\u021bitul la g\u00eet<\/p>\n<p><a href=\"https:\/\/www.politico.eu\/article\/german-conservatives-pile-pressure-ursula-von-der-leyen-dismantle-brussels-machine\/\" target=\"_blank\" rel=\"noopener\">Ast\u0103zi, von der Leyen particip\u0103<\/a> la o \u00eent\u00eelnire cu u\u0219ile \u00eenchise cu grupul parlamentar conservator al cancelarului Friedrich Merz la Berlin \u2014 o \u00eent\u00eelnire care promite s\u0103 fie orice altceva dec\u00eet cordial\u0103. Conservatorii germani au preg\u0103tit un document-strategie cu nu mai pu\u021bin de 27 de cerin\u021be adresate Comisiei, ob\u021binut de Politico, intitulat \u201eagend\u0103 pentru reducerea durabil\u0103 a birocra\u021biei la nivel european\u201d.<\/p>\n<p>Printre m\u0103surile propuse se num\u0103r\u0103 \u00eenfiin\u021barea unui organ de supraveghere care s\u0103 de\u021bin\u0103 un drept de veto fundamental asupra oric\u0103rei noi legisla\u021bii propuse de Comisie \u2014 o reform\u0103 institu\u021bional\u0103 care ar necesita modificarea tratatelor europene. O alt\u0103 propunere cere institu\u021biilor europene s\u0103 adopte \u201eo interpretare mai restrictiv\u0103 a propriilor competen\u021be\u201d \u0219i s\u0103 reduc\u0103 num\u0103rul de angaja\u021bi.<\/p>\n<p>Mesajul politic este c\u00eet se poate de clar: r\u0103bdarea conservatorilor germani fa\u021b\u0103 de ritmul reformelor s-a epuizat. Merz, care se lupt\u0103 s\u0103-\u0219i onoreze promisiunile electorale de relansare economic\u0103, \u0219i-a direc\u021bionat tot mai mult frustrarea spre Bruxelles. \u201eAceast\u0103 ma\u0219in\u0103rie a Comisiei UE merge \u00eenainte \u0219i \u00eenainte \u0219i \u00eenainte\u201d, a declarat cancelarul \u00een septembrie, la un eveniment de afaceri de la K\u00f6ln. \u201eTrebuie s\u0103 arunc\u0103m o cheie \u00een angrenajele acestei ma\u0219in\u0103rii de la Bruxelles, ca s\u0103 o oprim.\u201d<\/p>\n<p>Contextul economic face presiunea \u0219i mai acut\u0103: s\u0103pt\u0103m\u00eena trecut\u0103, guvernul german \u0219i-a \u00eenjum\u0103t\u0103\u021bit prognoza de cre\u0219tere pentru 2026, economia confrunt\u00eendu-se cu v\u00eenturi potrivnice suplimentare generate de conflictul din Iran.<\/p>\n<p>R\u0103zboiul din Iran, un co\u0219mar politic pentru Europa<\/p>\n<p><a href=\"https:\/\/www.politico.eu\/article\/trumps-iran-showdown-is-becoming-europes-political-nightmare\/\" target=\"_blank\" rel=\"noopener\">Criza iranian\u0103 reprezint\u0103<\/a> cel de-al doilea front care amenin\u021b\u0103 s\u0103 destabilizeze Europa politic\u0103. Blocarea Str\u00eemtorii Hormuz men\u021bine pre\u021bul petrolului peste 100 de dolari pe baril, iar efectele se propag\u0103 \u00een cascade: energie mai scump\u0103, infla\u021bie \u00een alimenta\u021bie, transport \u0219i locuin\u021be \u2014 lovind cel mai dur gospod\u0103riile cu venituri mici \u0219i medii.<\/p>\n<p>\u201eDin punct de vedere politic, aceasta creeaz\u0103 spa\u021biu pentru ne\u00eencredere \u2014 nu doar fa\u021b\u0103 de guvernele na\u021bionale, ci fa\u021b\u0103 de capacitatea institu\u021biilor europene de a-i proteja pe cet\u0103\u021beni de \u0219ocurile externe\u201d, avertizeaz\u0103 Seamus Boland, pre\u0219edintele Comitetului Economic \u0219i Social European.<\/p>\n<p>Europa se confrunt\u0103 acum cu o perspectiv\u0103 tot mai clar\u0103 de stagfla\u021bie: cre\u0219tere economic\u0103 anemic\u0103 lovit\u0103 simultan de infla\u021bie. Comisarul european pentru Economie, Valdis Dombrovskis, a confirmat c\u0103 prognoza economic\u0103 de prim\u0103var\u0103, a\u0219teptat\u0103 \u00een a doua jum\u0103tate a lui mai, va fi revizuit\u0103 \u00een sc\u0103dere. Germania \u0219i Italia \u2014 \u00eempreun\u0103 reprezent\u00eend peste o treime din PIB-ul UE \u2014 \u0219i-au redus deja propriile estim\u0103ri pentru 2026.<\/p>\n<p>Bruxelles-ul propune pachete de m\u0103suri \u2014 reduceri de taxe pe electricitate, scheme sociale, reduceri de TVA, subven\u021bii pentru tehnologii curate \u2014 dar marja de manevr\u0103 este extrem de \u00eengust\u0103. Multe state membre duc \u00eenc\u0103 povara datoriilor acumulate \u00een perioada pandemiei \u0219i a crizei energetice din 2022, l\u0103s\u00eend pu\u021bin spa\u021biu fiscal pentru interven\u021bii masive.<\/p>\n<p>Macron, \u00een corzi: extrema dreapt\u0103 e aproape de pre\u0219edin\u021bia Fran\u021bei<\/p>\n<p>Emmanuel Macron a ie\u0219it \u0219i el la ramp\u0103 vineri, la Atena, cu un discurs deopotriv\u0103 alarmist \u0219i beligerant. \u201eNu ar trebui s\u0103 subestim\u0103m c\u0103 acesta este un moment unic \u00een care un pre\u0219edinte american, unul rus \u0219i unul chinez sunt cu to\u021bii \u00eempotriva europenilor\u201d, a declarat liderul francez dup\u0103 \u00eent\u00eelnirile cu premierul grec Kyriakos Mitsotakis. \u201eAcesta este momentul potrivit s\u0103 ne trezim.\u201d<\/p>\n<p>Numai c\u0103 propria sa pozi\u021bie intern\u0103 \u00eel face un avocat tot mai vulnerabil al cauzei europene. Fran\u021ba este descris\u0103 drept \u201ecel mai mare premiu\u201d pentru populi\u0219ti: dac\u0103 tendin\u021bele se men\u021bin, alegerile preziden\u021biale de anul viitor ar putea aduce Rassemblement National al lui Marine Le Pen la \u00c9lys\u00e9e, cu unde de \u0219oc la nivelul \u00eentregii Europe.<\/p>\n<p>Macron a folosit \u00eent\u00eelnirea de la Atena \u0219i pentru a ataca planul de rambursare a datoriei comune europene emise \u00een perioada pandemiei \u2014 \u20ac25 de miliarde pe an din 2028 \u2014 cer\u00eend e\u0219alonarea acesteia. \u201eNe-am \u00eendatorat \u00een timpul Covid. Ast\u0103zi, unii ne spun c\u0103 trebuie s\u0103 ramburs\u0103m rapid\u201d, a spus el. \u201eEste prostesc.\u201d<\/p>\n<p>Declara\u021bia rezum\u0103, f\u0103r\u0103 s\u0103 vrea, starea \u00eentregului proiect european \u00een acest moment: lideri importan\u021bi certa\u021bi \u00eentre ei asupra datoriilor, o Comisie asediat\u0103 din dreapta propriei familii politice, o economie \u00een stagfla\u021bie \u0219i un conflict extern pe care nimeni nu \u00eel controleaz\u0103. Bruxelles-ul merge \u201e\u00eenainte \u0219i \u00eenainte \u0219i \u00eenainte\u201d \u2014 dar tot mai pu\u021bini mai vor s\u0103 \u00eel urmeze, conchide Politico. (Traducere \u0219i adaptare B.T.I.)<\/p>\n<\/div>\n<p>[analyse_source url=&#8221;https:\/\/ortodoxinfo.ro\/2026\/04\/27\/politico-bruxelles-sub-asediu-von-der-leyen-si-macron-in-corzi\/&#8221;]<\/p>\n","protected":false},"excerpt":{"rendered":"<p>[analyse_image type=&#8221;featured&#8221; src=&#8221;https:\/\/ortodoxinfo.ro\/wp-content\/uploads\/2026\/04\/ChatGPT-Image-Apr-27-2026-02_04_54-PM.png&#8221;] Politico: Bruxelles sub asediu. Von der Leyen \u0219i Macron, \u00een corzi! 27 aprilie 2026Uniunea european\u01037.1k vizualiz\u0103ri Comentarii Share 6 Min Read SHARE Lideri europeni de calibru, precum Ursula von der Leyen \u0219i Emmanuel Macron se confrunt\u0103 cu probleme tot mai mari, fie c\u0103 vorbim de situa\u021bia de la Bruxelles, fie de cea [&hellip;]<\/p>\n","protected":false},"author":1,"featured_media":0,"comment_status":"open","ping_status":"","sticky":false,"template":"","format":"standard","meta":{"footnotes":""},"categories":[89],"tags":[226,94],"class_list":["post-1905636","post","type-post","status-publish","format-standard","hentry","category-romania","tag-crawlmanager","tag-ortodoxinfo-ro"],"_links":{"self":[{"href":"https:\/\/analyse.optim.biz\/index.php?rest_route=\/wp\/v2\/posts\/1905636","targetHints":{"allow":["GET"]}}],"collection":[{"href":"https:\/\/analyse.optim.biz\/index.php?rest_route=\/wp\/v2\/posts"}],"about":[{"href":"https:\/\/analyse.optim.biz\/index.php?rest_route=\/wp\/v2\/types\/post"}],"author":[{"embeddable":true,"href":"https:\/\/analyse.optim.biz\/index.php?rest_route=\/wp\/v2\/users\/1"}],"replies":[{"embeddable":true,"href":"https:\/\/analyse.optim.biz\/index.php?rest_route=%2Fwp%2Fv2%2Fcomments&post=1905636"}],"version-history":[{"count":0,"href":"https:\/\/analyse.optim.biz\/index.php?rest_route=\/wp\/v2\/posts\/1905636\/revisions"}],"wp:attachment":[{"href":"https:\/\/analyse.optim.biz\/index.php?rest_route=%2Fwp%2Fv2%2Fmedia&parent=1905636"}],"wp:term":[{"taxonomy":"category","embeddable":true,"href":"https:\/\/analyse.optim.biz\/index.php?rest_route=%2Fwp%2Fv2%2Fcategories&post=1905636"},{"taxonomy":"post_tag","embeddable":true,"href":"https:\/\/analyse.optim.biz\/index.php?rest_route=%2Fwp%2Fv2%2Ftags&post=1905636"}],"curies":[{"name":"wp","href":"https:\/\/api.w.org\/{rel}","templated":true}]}}