{"id":1905634,"date":"2026-04-27T10:04:25","date_gmt":"2026-04-27T07:04:25","guid":{"rendered":"https:\/\/analyse.optim.biz\/?p=1905634"},"modified":"2026-04-27T10:04:25","modified_gmt":"2026-04-27T07:04:25","slug":"video-george-simion-raspuns-la-o-intrebare-cheie-dupa-demersul-comun-cu-psd-suntem-dispusi-sa-asiguram-orice-guvernare","status":"publish","type":"post","link":"https:\/\/analyse.optim.biz\/?p=1905634","title":{"rendered":"VIDEO. George Simion, r\u0103spuns la o \u00eentrebare-cheie, dup\u0103 demersul comun cu PSD: \u201eSuntem dispu\u0219i s\u0103 asigur\u0103m orice guvernare\u201d"},"content":{"rendered":"<p>[analyse_image type=&#8221;featured&#8221; src=&#8221;https:\/\/ortodoxinfo.ro\/wp-content\/uploads\/2026\/04\/1777283125_simion.jpg&#8221;]<\/p>\n<article id=\"post-224274\" class=\"post-224274 post type-post status-publish format-standard has-post-thumbnail category-suveranism\">\n<header class=\"single-header\">\n<h1 class=\"s-title fw-headline\">VIDEO. George Simion, r\u0103spuns la o \u00eentrebare-cheie, dup\u0103 demersul comun cu PSD: \u201eSuntem dispu\u0219i s\u0103 asigur\u0103m orice guvernare\u201d<\/h1>\n<div class=\"single-meta meta-s-default yes-0\">\n<div class=\"smeta-in\"><a class=\"meta-el meta-avatar\" href=\"https:\/\/ortodoxinfo.ro\/author\/redactor\/\"><img loading=\"lazy\" decoding=\"async\" alt=\"OrtodoxINFO\" src=\"https:\/\/secure.gravatar.com\/avatar\/21010332354a182ce4de6016685c5586f21c51866d0ec5bc8ef383240b3c3e02?s=120&amp;r=g\" class=\"avatar avatar-120 photo\" height=\"120\" width=\"120\"><\/a><\/p>\n<div class=\"smeta-sec\">\n<div class=\"p-meta\">\n<div class=\"meta-inner is-meta\"><span class=\"meta-el meta-date\"><time datetime=\"2026-04-27T13:04:25+03:00\">27 aprilie 2026<\/time><\/span><span class=\"meta-el meta-category meta-bold\"><a class=\"meta-separate category-20289\" href=\"https:\/\/ortodoxinfo.ro\/category\/suveranism\/\">Suveranism<\/a><\/span><span class=\"meta-el meta-view\">3.5k vizualiz\u0103ri\t\t<\/span><span class=\"meta-el meta-comment mobile-last-meta tablet-last-meta\"><a href=\"https:\/\/ortodoxinfo.ro\/2026\/04\/27\/video-george-simion-raspuns-la-o-intrebare-cheie-dupa-demersul-comun-cu-psd-suntem-dispusi-sa-asiguram-orice-guvernare\/#respond\">Comentarii<\/a><\/span><\/div>\n<\/div>\n<\/div>\n<\/div>\n<div class=\"smeta-extra\">\n<div class=\"t-shared-sec tooltips-n has-read-meta is-color\">\n<div class=\"t-shared-header is-meta\"><span class=\"share-label\">Share<\/span><\/div>\n<\/div>\n<div class=\"single-right-meta single-time-read is-meta\"><span class=\"meta-el meta-read\">5 Min Read<\/span><\/div>\n<\/div>\n<\/div>\n<\/header>\n<div class=\"grid-container\">\n<div class=\"s-ct\">\n<div class=\"s-feat-outer\">\n<div class=\"s-feat\">\n<div class=\"featured-lightbox-trigger\" data-source=\"https:\/\/ortodoxinfo.ro\/wp-content\/uploads\/2026\/04\/1777283125_simion.jpg\" data-caption data-attribution><img fetchpriority=\"high\" decoding=\"async\" width=\"860\" height=\"574\" src=\"https:\/\/ortodoxinfo.ro\/wp-content\/uploads\/2026\/04\/1777283125_simion-860x574.jpg\" class=\"attachment-foxiz_crop_o1 size-foxiz_crop_o1 wp-post-image\" alt loading=\"eager\"><\/div>\n<\/div>\n<\/div>\n<div class=\"s-ct-wrap has-lsl\">\n<div class=\"s-ct-inner\">\n<div class=\"l-shared-sec-outer show-mobile\">\n<div class=\"l-shared-sec\">\n<div class=\"l-shared-header meta-text\"><span class=\"share-label\">SHARE<\/span><\/div>\n<\/div>\n<\/div>\n<div class=\"e-ct-outer\">\n<div class=\"entry-content rbct clearfix is-highlight-shares\">\n<p><strong>George Simion a ie\u0219it \u00eentr-o conferin\u021b\u0103 de pres\u0103 la scurt\u0103 vreme dup\u0103 ce AUR \u0219i PSD au anun\u021bat c\u0103 inten\u021bioneaz\u0103 s\u0103 depun\u0103 \u00eempreun\u0103 o mo\u021biune de cenzur\u0103 \u00eempotriva Guvernului condus de c\u0103tre Ilie Bolojan. \u201eSuntem dispu\u0219i s\u0103 asigur\u0103m orice guvernare care poate genera alegeri corecte\u201d, a r\u0103spuns Simion, \u00eentrebat de o eventual\u0103 guvernare PSD-AUR.<\/strong><\/p>\n<div class=\"inline-single-ad ad_single_index alignfull\">\n<div class=\"ad-wrap ad-script-wrap\">\n<div class=\"ad-script non-adsense edge-padding\">\n<div>\n\u203c\ufe0f\u203c\ufe0f NU recunoa\u0219tem ca pre\u0219edinte al Rom\u00e2niei pe marioneta retard\u0103 Nicu\u0219or Dan! Rom\u00e2ni, boicota\u021bi aceast\u0103 f\u0103c\u0103tur\u0103, care ne face \u021bara de r\u00e2s! NU rom\u00e2nii l-au votat pe Nicusoro\u0219 &#8211; cu unele excep\u021bii de persoane infantile, manipulabile \u0219i chiar idioate &#8211; ci l-au ajutat Maia Soro\u0219, Emanuel Macrou \u0219i tr\u0103d\u0103torii de la B.E.C. \u0219i CCR!<br \/>\n La \u00eenchisoare cu cei care au fraudat alegerile!\n<\/div>\n<\/div>\n<\/div>\n<\/div>\n<p>Dup\u0103 ce s-a aflat despre inten\u021bia AUR \u0219i a PSD-ului de a depune o mo\u021biune de cenzur\u0103 comun\u0103 \u00eempotriva Guvernului Bolojan, liderul AUR, George Simion, a ie\u0219it la declara\u021bii.<\/p>\n<p>La un moment dat, liderul AUR a fost \u00eentrebat dac\u0103 acesta este primul pas pentru o viitoare eventual\u0103 guvernare al\u0103turi de PSD. Simion a anun\u021bat c\u0103 AUR va sus\u021bine o viitoare structur\u0103 de guvernare care poate asigura alegeri corecte.<\/p>\n<p>\u201eSuntem dispu\u0219i s\u0103 asigur\u0103m orice guvernare care poate genera alegeri corecte. Nu am avut parte de alegeri corecte \u00een 2024 \u0219i 2025. Nicu\u0219or Dan nu \u0219i-a f\u0103cut datoria (\u2026), nu a prezentat niciun raport cu privire la anularea alegerilor. (\u2026) Primul pas pe care noi \u00eel facem pentru a ne atinge obiectivele politice este s\u0103 trecem aceast\u0103 mo\u021biune de cenzur\u0103. S\u0103 vedem c\u0103 toat\u0103 lumea se \u021bine de cuv\u00e2nt\u201d, a r\u0103spuns George Simion, luni, 27 aprilie, \u00eentr-o conferin\u021b\u0103 de pres\u0103 sus\u021binut\u0103 la Parlament, \u00eentrebat dac\u0103 ia \u00een calcul colaborarea cu PSD \u00eentr-o viitoare guvernare.<br \/>\n<iframe loading=\"lazy\" src=\"https:\/\/www.facebook.com\/plugins\/video.php?height=314&amp;href=https%3A%2F%2Fwww.facebook.com%2Fgeorge.simion.unire%2Fvideos%2F977055851525933%2F&amp;show_text=false&amp;width=560&amp;t=0\" width=\"560\" height=\"314\" frameborder scrolling=\"no\" allowfullscreen=\"allowfullscreen\"><\/iframe><\/p>\n<p>Declara\u021biile lui Simion au fost f\u0103cute la scurt timp dup\u0103 anun\u021bul f\u0103cut de c\u0103tre social-democratul Marian Neac\u0219u \u0219i de c\u0103tre liderul senatorilor AUR, privind inten\u021bia celor dou\u0103 partide de a ini\u021bia o mo\u021biune de cenzur\u0103 comun\u0103 \u00eempotriva Executivului Bolojan.<\/p>\n<h3>Neac\u0219u, PSD: \u201eOrice drum \u00eencepe cu primul pas\u201d<\/h3>\n<p>Fostul vicepremier Marian Neac\u0219u a anun\u021bat luni, 27 aprilie, c\u0103 PSD va ini\u021bia, \u00eempreun\u0103 cu AUR, o mo\u021biune de cenzur\u0103 \u00eempotriva Guvernului condus de Ilie Bolojan. Potrivit lui Neac\u0219u, PSD va avea la ora 14 un Birou Politic Na\u021bional \u00een care se va lua decizia final\u0103.<\/p>\n<p>\u201e\u00cen urma mai multor r\u00e2nduri de discu\u021bii \u00eentre conducerile partidelor noastre s-a decis ca eu \u0219i domnul Petri\u0219or Peiu s\u0103 ne ocup\u0103m de partea tehnic\u0103 a unei mo\u021biuni de cenzur\u0103 comune. Din acest motiv ne afl\u0103m ast\u0103zi aici. Lucrul de care ne vom ocupa este exclusiv tehnic. Abordarea politic\u0103 va fi explicat\u0103 probabil \u00een cursul acestei zile de c\u0103tre pre\u0219edin\u021bii de partide. (\u2026) Ambele partide vor fi ini\u021biatori. Mai mult dec\u00e2t at\u00e2t, am vorbit cu domnul Peiu, sunt convins c\u0103 \u0219i conducerile partidelor noastre vor fi de acord, s\u0103 facem un apel c\u0103tre to\u021bi parlamentarii care vor s\u0103 contribuie cu text la mo\u021biune \u0219i s\u0103 sus\u021bin\u0103 mo\u021biunea prin semn\u0103tur\u0103 \u0219i prin vot\u201d \u2013 a anun\u021bat Neac\u0219u, la Palatul Parlamentului, \u00eentr-o declara\u021bie comun\u0103 cu liderul senatorilor AUR, Petri\u0219or Peiu.<\/p>\n<p>La r\u00e2ndul s\u0103u, Peiu a precizat c\u0103 este vorba despre un demers comun, cu inten\u021bia ca mo\u021biunea de cenzur\u0103 s\u0103 fie depus\u0103 \u0219i dezb\u0103tut\u0103 la \u00eenceputul lunii mai.<\/p>\n<p>\u201eCele dou\u0103 partide vor avea \u0219edin\u021be \u00een forurile de conducere \u0219i ve\u021bi avea \u0219i reac\u021bii \u0219i abord\u0103ri \u0219i explica\u021bii politice undeva \u00een aceast\u0103 dup\u0103-amiaz\u0103. Noi v\u0103 anun\u021b\u0103m c\u0103 am declan\u0219at demersul tehnic de a scrie acea mo\u021biune\u201d, a anun\u021bat liderul senatorilor AUR.<\/p>\n<p>Cei doi au fost \u00eentreba\u021bi dac\u0103 acesta poate fi considerat un prim pas pentru o colaborare \u0219i la guvernare.<\/p>\n<p>\u201eOrice drum \u00eencepe cu primul pas. Deocamdat\u0103 ne afl\u0103m \u00een fa\u021ba acestui demers\u201d, a spus Neac\u0219u.<\/p>\n<p>\u201eSingurul lucru care s-a discutat deocamdat\u0103 este redactarea \u0219i ini\u021bierea \u0219i votarea unei mo\u021biuni de cenzur\u0103 comun\u0103. (\u2026) Nu e niciun pact cu PSD. Este deocamdat\u0103 o discu\u021bie comun\u0103 \u0219i s-a convenit s\u0103 facem un text comun pe mo\u021biune pentru a nu risca s\u0103 avem dou\u0103 mo\u021biuni \u0219i s\u0103 cad\u0103 am\u00e2ndou\u0103\u201d, a explicat Peiu.<\/p>\n<iframe loading=\"lazy\" src=\"https:\/\/www.facebook.com\/plugins\/video.php?height=314&amp;href=https%3A%2F%2Fwww.facebook.com%2FPartidulSocialDemocrat%2Fvideos%2F2414791562359449%2F&amp;show_text=false&amp;width=560&amp;t=0\" width=\"560\" height=\"314\" frameborder scrolling=\"no\" allowfullscreen=\"allowfullscreen\"><\/iframe>\n<\/div>\n<\/div>\n<\/div>\n<div class=\"e-shared-sec entry-sec\">\n<div class=\"e-shared-header h4\"><span>Distribuie<\/span><\/div>\n<div class=\"rbbsl tooltips-n effect-fadeout is-bg\"><a class=\"share-action share-trigger icon-facebook\" aria-label=\"Share on Facebook\" href=\"https:\/\/www.facebook.com\/sharer.php?u=https%3A%2F%2Fortodoxinfo.ro%2F2026%2F04%2F27%2Fvideo-george-simion-raspuns-la-o-intrebare-cheie-dupa-demersul-comun-cu-psd-suntem-dispusi-sa-asiguram-orice-guvernare%2F\" data-title=\"Facebook\" rel=\"nofollow\"><span>Facebook<\/span><\/a><a class=\"share-action share-trigger icon-twitter\" aria-label=\"Share on X\" href=\"https:\/\/twitter.com\/intent\/tweet?text=VIDEO.+George+Simion%2C+r%C4%83spuns+la+o+%C3%AEntrebare-cheie%2C+dup%C4%83+demersul+comun+cu+PSD%3A+%E2%80%9ESuntem+dispu%C8%99i+s%C4%83+asigur%C4%83m+orice+guvernare%E2%80%9D&amp;url=https%3A%2F%2Fortodoxinfo.ro%2F2026%2F04%2F27%2Fvideo-george-simion-raspuns-la-o-intrebare-cheie-dupa-demersul-comun-cu-psd-suntem-dispusi-sa-asiguram-orice-guvernare%2F&amp;via=ortodoxinforo\" data-title=\"X\" rel=\"nofollow\"><span>X<\/span><\/a><a class=\"share-action icon-whatsapp is-web\" aria-label=\"Share on Whatsapp\" href=\"https:\/\/web.whatsapp.com\/send?text=VIDEO.+George+Simion%2C+r%C4%83spuns+la+o+%C3%AEntrebare-cheie%2C+dup%C4%83+demersul+comun+cu+PSD%3A+%E2%80%9ESuntem+dispu%C8%99i+s%C4%83+asigur%C4%83m+orice+guvernare%E2%80%9D%20%E2%98%9E%20https%3A%2F%2Fortodoxinfo.ro%2F2026%2F04%2F27%2Fvideo-george-simion-raspuns-la-o-intrebare-cheie-dupa-demersul-comun-cu-psd-suntem-dispusi-sa-asiguram-orice-guvernare%2F\" target=\"_blank\" data-title=\"WhatsApp\" rel=\"nofollow\"><span>Whatsapp<\/span><\/a><a class=\"share-action icon-whatsapp is-mobile\" aria-label=\"Share on Whatsapp\" href=\"\/\/send?text=VIDEO.+George+Simion%2C+r%C4%83spuns+la+o+%C3%AEntrebare-cheie%2C+dup%C4%83+demersul+comun+cu+PSD%3A+%E2%80%9ESuntem+dispu%C8%99i+s%C4%83+asigur%C4%83m+orice+guvernare%E2%80%9D%20%E2%98%9E%20https%3A%2F%2Fortodoxinfo.ro%2F2026%2F04%2F27%2Fvideo-george-simion-raspuns-la-o-intrebare-cheie-dupa-demersul-comun-cu-psd-suntem-dispusi-sa-asiguram-orice-guvernare%2F\" target=\"_blank\" data-title=\"WhatsApp\" rel=\"nofollow\"><span>Whatsapp<\/span><\/a><a class=\"share-action share-trigger icon-telegram\" aria-label=\"Share on Telegram\" href=\"https:\/\/t.me\/share\/?url=https%3A%2F%2Fortodoxinfo.ro%2F2026%2F04%2F27%2Fvideo-george-simion-raspuns-la-o-intrebare-cheie-dupa-demersul-comun-cu-psd-suntem-dispusi-sa-asiguram-orice-guvernare%2F&amp;text=VIDEO.+George+Simion%2C+r%C4%83spuns+la+o+%C3%AEntrebare-cheie%2C+dup%C4%83+demersul+comun+cu+PSD%3A+%E2%80%9ESuntem+dispu%C8%99i+s%C4%83+asigur%C4%83m+orice+guvernare%E2%80%9D\" data-title=\"Telegram\" rel=\"nofollow\"><span>Telegram<\/span><\/a><a class=\"share-action icon-copy copy-trigger\" aria-label=\"Copy Link\" href=\"https:\/\/ortodoxinfo.ro\/2026\/04\/27\/video-george-simion-raspuns-la-o-intrebare-cheie-dupa-demersul-comun-cu-psd-suntem-dispusi-sa-asiguram-orice-guvernare\/\" data-copied=\"Copied!\" data-link=\"https:\/\/ortodoxinfo.ro\/2026\/04\/27\/video-george-simion-raspuns-la-o-intrebare-cheie-dupa-demersul-comun-cu-psd-suntem-dispusi-sa-asiguram-orice-guvernare\/\" rel=\"nofollow\" data-copy=\"Copy Link\"><span>Copy Link<\/span><\/a><a class=\"share-action icon-print\" aria-label=\"Print\" rel=\"nofollow\" data-title=\"Print\"><span>Print<\/span><\/a><\/div>\n<\/div>\n<\/div>\n<div id=\"tabs\" class=\"dntplgn_form_wrapper\"><span><\/p>\n<h2>\u0218tirile sunt sub cenzur\u0103! Sprijini\u021bi OrtodoxINFO!<\/h2>\n<p>Guvernul nu dore\u0219te aflarea adev\u0103rului despre lovitura de stat \u0219i \u00eengenuncherea Rom\u00e2niei. \u00cencerc\u0103m s\u0103 men\u021binem viu acest site \u0219i s\u0103 v\u0103 punem la dispozi\u021bie informa\u021bii care s\u0103 fac\u0103 lumin\u0103 \u00een cea mai mare provocare pe care o tr\u0103im. Jurnalismul independent al portalului OrtodoxINFO func\u021bioneaz\u0103 strict cu ajutorul cititorilor.<br \/>\nNe pute\u021bi sprijini printr-o <b><a href=\"https:\/\/ortodoxinfo.ro\/donatii\/\">dona\u021bie bancar\u0103<\/a> sau prin PayPal, complet\u00e2nd formularul de mai jos.<\/b><\/span><\/p>\n<ul>\n<li><a href=\"https:\/\/ortodoxinfo.ro\/2026\/04\/27\/video-george-simion-raspuns-la-o-intrebare-cheie-dupa-demersul-comun-cu-psd-suntem-dispusi-sa-asiguram-orice-guvernare\/#tabs-1\">Dona\u021bie lunar\u0103<\/a><\/li>\n<li><a href=\"https:\/\/ortodoxinfo.ro\/2026\/04\/27\/video-george-simion-raspuns-la-o-intrebare-cheie-dupa-demersul-comun-cu-psd-suntem-dispusi-sa-asiguram-orice-guvernare\/#tabs-2\">Doar acum<\/a><\/li>\n<\/ul>\n<div id=\"tabs-1\"><img loading=\"lazy\" decoding=\"async\" alt border=\"0\" src=\"https:\/\/www.paypalobjects.com\/en_US\/i\/scr\/pixel.gif\" width=\"1\" height=\"1\"><\/div>\n<div id=\"tabs-2\">\n<p>\t\t     \u20ac<\/p>\n<p>\t\t    <img loading=\"lazy\" decoding=\"async\" alt border=\"0\" src=\"https:\/\/www.paypalobjects.com\/en_US\/i\/scr\/pixel.gif\" width=\"1\" height=\"1\"><\/div>\n<p>Mul\u021bumim celor care ne-au ajutat p\u00e2n\u0103 acum!\n\t<\/p><\/div>\n<div class=\"comment-box-wrap entry-sec\">\n<div class=\"comment-box-header\"><span class=\"h3\">Las\u0103 un comentariu<\/span><\/div>\n<div class=\"comment-holder no-comment\">\n<div id=\"comments\" class=\"comments-area\">\n<div id=\"respond\" class=\"comment-respond\">\n<h3 id=\"reply-title\" class=\"comment-reply-title\">Las\u0103 un r\u0103spuns <small><a rel=\"nofollow\" id=\"cancel-comment-reply-link\" href=\"https:\/\/ortodoxinfo.ro\/2026\/04\/27\/video-george-simion-raspuns-la-o-intrebare-cheie-dupa-demersul-comun-cu-psd-suntem-dispusi-sa-asiguram-orice-guvernare\/#respond\">Anuleaz\u0103 r\u0103spunsul<\/a><\/small><\/h3>\n<p class=\"comment-notes\"><span id=\"email-notes\">Adresa ta de email nu va fi publicat\u0103.<\/span><span class=\"required-field-message\">C\u00e2mpurile obligatorii sunt marcate cu <span class=\"required\">*<\/span><\/span><\/p>\n<\/div>\n<\/div>\n<\/div>\n<\/div>\n<\/div>\n<div class=\"sidebar-wrap single-sidebar\">\n<div class=\"sidebar-inner clearfix\">\n<div id=\"widget-post-2\" class=\"widget rb-section w-sidebar clearfix widget-post\">\n<div class=\"block-h widget-heading heading-layout-1\">\n<div class=\"heading-inner\">\n<h4 class=\"heading-title\"><span>Articole recente<\/span><\/h4>\n<\/div>\n<\/div>\n<div class=\"widget-p-listing\">\n<div class=\"p-wrap p-small p-list-small-2\" data-pid=\"224374\">\n<div class=\"feat-holder\">\n<div class=\"p-featured ratio-v1\"><a class=\"p-flink\" href=\"https:\/\/ortodoxinfo.ro\/2026\/04\/27\/nawfal-ue-a-anulat-alegerea-lui-georgescu-simion-este-pe-cale-sa-le-anuleze-guvernul\/\" title=\"Nawfal: \u201dUE a anulat alegerea lui Georgescu. Simion este pe cale s\u0103 le anuleze guvernul\u201d\"><img decoding=\"async\" width=\"150\" height=\"150\" src=\"https:\/\/ortodoxinfo.ro\/wp-content\/uploads\/2026\/04\/nawfal-ue-a-anulat-alegerea-lui-georgescu-simion-este-pe-cale-sa-le-anuleze-guvernul-82745-150x150.jpg\" class=\"featured-img wp-post-image\" alt loading=\"lazy\"><\/a><\/div>\n<\/div>\n<div class=\"p-content\">\n<h5 class=\"entry-title\"><a class=\"p-url\" href=\"https:\/\/ortodoxinfo.ro\/2026\/04\/27\/nawfal-ue-a-anulat-alegerea-lui-georgescu-simion-este-pe-cale-sa-le-anuleze-guvernul\/\" rel=\"bookmark\">Nawfal: \u201dUE a anulat alegerea lui Georgescu. Simion este pe cale s\u0103 le anuleze guvernul\u201d<\/a><\/h5>\n<div class=\"p-meta\">\n<div class=\"meta-inner is-meta\"><span class=\"meta-el meta-date\"><time datetime=\"2026-04-27T21:42:51+03:00\">27 aprilie 2026<\/time><\/span><span class=\"meta-el meta-category meta-bold\"><a class=\"meta-separate category-19866\" href=\"https:\/\/ortodoxinfo.ro\/category\/lupta-pentru-romania\/\">Lupt\u0103 pentru Rom\u00e2nia<\/a><\/span><span class=\"meta-el meta-view\">2.8k vizualiz\u0103ri\t\t<\/span><\/div>\n<\/div>\n<\/div>\n<\/div>\n<div class=\"p-wrap p-small p-list-small-2\" data-pid=\"224361\">\n<div class=\"feat-holder\">\n<div class=\"p-featured ratio-v1\"><a class=\"p-flink\" href=\"https:\/\/ortodoxinfo.ro\/2026\/04\/27\/conservatorii-germani-ii-dau-ultimatum-ursulei-von-der-leyen-si-ii-cer-oprirea-masinariei-birocratiei-de-la-bruxelles\/\" title=\"Conservatorii germani \u00eei dau ultimatum Ursulei von der Leyen si \u00eei cer oprirea \u201ema\u0219in\u0103riei birocra\u021biei\u201d de la Bruxelles\"><img decoding=\"async\" width=\"150\" height=\"150\" src=\"https:\/\/ortodoxinfo.ro\/wp-content\/uploads\/2026\/04\/conservatorii-germani-ii-dau-ultimatum-ursulei-von-der-leyen-si-ii-cer-oprirea-masinariei-birocratie-150x150.jpeg\" class=\"featured-img wp-post-image\" alt loading=\"lazy\"><\/a><\/div>\n<\/div>\n<div class=\"p-content\">\n<h5 class=\"entry-title\"><a class=\"p-url\" href=\"https:\/\/ortodoxinfo.ro\/2026\/04\/27\/conservatorii-germani-ii-dau-ultimatum-ursulei-von-der-leyen-si-ii-cer-oprirea-masinariei-birocratiei-de-la-bruxelles\/\" rel=\"bookmark\">Conservatorii germani \u00eei dau ultimatum Ursulei von der Leyen si \u00eei cer oprirea \u201ema\u0219in\u0103riei birocra\u021biei\u201d de la Bruxelles<\/a><\/h5>\n<div class=\"p-meta\">\n<div class=\"meta-inner is-meta\"><span class=\"meta-el meta-date\"><time datetime=\"2026-04-27T18:01:09+03:00\">27 aprilie 2026<\/time><\/span><span class=\"meta-el meta-category meta-bold\"><a class=\"meta-separate category-1538\" href=\"https:\/\/ortodoxinfo.ro\/category\/anti-sistem\/uniunea-europeana\/\">Uniunea european\u0103<\/a><\/span><span class=\"meta-el meta-view\">4.1k vizualiz\u0103ri\t\t<\/span><\/div>\n<\/div>\n<\/div>\n<\/div>\n<div class=\"p-wrap p-small p-list-small-2\" data-pid=\"224301\">\n<div class=\"feat-holder\">\n<div class=\"p-featured ratio-v1\"><a class=\"p-flink\" href=\"https:\/\/ortodoxinfo.ro\/2026\/04\/27\/politico-bruxelles-sub-asediu-von-der-leyen-si-macron-in-corzi\/\" title=\"Politico: Bruxelles sub asediu. Von der Leyen \u0219i Macron, \u00een corzi!\"><img decoding=\"async\" width=\"150\" height=\"150\" src=\"https:\/\/ortodoxinfo.ro\/wp-content\/uploads\/2026\/04\/ChatGPT-Image-Apr-27-2026-02_04_54-PM-150x150.png\" class=\"featured-img wp-post-image\" alt loading=\"lazy\"><\/a><\/div>\n<\/div>\n<div class=\"p-content\">\n<h5 class=\"entry-title\"><a class=\"p-url\" href=\"https:\/\/ortodoxinfo.ro\/2026\/04\/27\/politico-bruxelles-sub-asediu-von-der-leyen-si-macron-in-corzi\/\" rel=\"bookmark\">Politico: Bruxelles sub asediu. Von der Leyen \u0219i Macron, \u00een corzi!<\/a><\/h5>\n<div class=\"p-meta\">\n<div class=\"meta-inner is-meta\"><span class=\"meta-el meta-date\"><time datetime=\"2026-04-27T15:12:00+03:00\">27 aprilie 2026<\/time><\/span><span class=\"meta-el meta-category meta-bold\"><a class=\"meta-separate category-1538\" href=\"https:\/\/ortodoxinfo.ro\/category\/anti-sistem\/uniunea-europeana\/\">Uniunea european\u0103<\/a><\/span><span class=\"meta-el meta-view\">7.1k vizualiz\u0103ri\t\t<\/span><\/div>\n<\/div>\n<\/div>\n<\/div>\n<div class=\"p-wrap p-small p-list-small-2\" data-pid=\"224121\">\n<div class=\"feat-holder\">\n<div class=\"p-featured ratio-v1\"><a class=\"p-flink\" href=\"https:\/\/ortodoxinfo.ro\/2026\/04\/26\/la-multi-ani-binecuvantati-femeilor-crestine-femei-obisnuite-chemate-la-lucruri-extraordinare\/\" title=\"La mul\u021bi ani binecuv\u00e2nta\u021bi femeilor cre\u0219tine \u2013 femei obi\u0219nuite, chemate la lucruri extraordinare\"><img decoding=\"async\" width=\"150\" height=\"150\" src=\"https:\/\/ortodoxinfo.ro\/wp-content\/uploads\/2018\/04\/mironosite5-150x150.jpg\" class=\"featured-img wp-post-image\" alt loading=\"lazy\"><\/a><\/div>\n<\/div>\n<div class=\"p-content\">\n<h5 class=\"entry-title\"><a class=\"p-url\" href=\"https:\/\/ortodoxinfo.ro\/2026\/04\/26\/la-multi-ani-binecuvantati-femeilor-crestine-femei-obisnuite-chemate-la-lucruri-extraordinare\/\" rel=\"bookmark\">La mul\u021bi ani binecuv\u00e2nta\u021bi femeilor cre\u0219tine \u2013 femei obi\u0219nuite, chemate la lucruri extraordinare<\/a><\/h5>\n<div class=\"p-meta\">\n<div class=\"meta-inner is-meta\"><span class=\"meta-el meta-date\"><time datetime=\"2026-04-26T19:12:44+03:00\">26 aprilie 2026<\/time><\/span><span class=\"meta-el meta-category meta-bold\"><a class=\"meta-separate category-1858\" href=\"https:\/\/ortodoxinfo.ro\/category\/credinta-ortodoxa\/sfinti-si-sarbatori\/\">Sfin\u021bi \u0219i s\u0103rb\u0103tori<\/a><\/span><span class=\"meta-el meta-view\">4.9k vizualiz\u0103ri\t\t<\/span><\/div>\n<\/div>\n<\/div>\n<\/div>\n<\/div>\n<\/div>\n<div id=\"custom_html-2\" class=\"widget_text widget rb-section w-sidebar clearfix widget_custom_html\">\n<div class=\"block-h widget-heading heading-layout-1\">\n<div class=\"heading-inner\">\n<h4 class=\"heading-title\"><span>DONA\u021aII \u00een cont bancar<\/span><\/h4>\n<\/div>\n<\/div>\n<div class=\"textwidget custom-html-widget\">\n<table class=\"donatii\">\n<tbody>\n<tr>\n<th colspan=\"2\"><strong><span>ASMIB<\/span><\/strong><\/th>\n<\/tr>\n<tr>\n<th>Cont LEI<\/th>\n<td>RO67CECEB00030RON2081955<\/td>\n<\/tr>\n<tr>\n<th>Cont EURO<\/th>\n<td>RO33CECEB000C1EUR2081978<\/td>\n<\/tr>\n<tr>\n<th>Cod SWIFT<\/th>\n<td>CECEROBU<\/td>\n<\/tr>\n<tr>\n<th colspan=\"2\"><strong>CEC BANK SA<\/strong><\/th>\n<\/tr>\n<\/tbody>\n<\/table>\n<\/div>\n<\/div>\n<\/div>\n<\/div>\n<\/div>\n<\/article>\n<div class=\"entry-content rbct clearfix is-highlight-shares\">\n<p><strong>George Simion a ie\u0219it \u00eentr-o conferin\u021b\u0103 de pres\u0103 la scurt\u0103 vreme dup\u0103 ce AUR \u0219i PSD au anun\u021bat c\u0103 inten\u021bioneaz\u0103 s\u0103 depun\u0103 \u00eempreun\u0103 o mo\u021biune de cenzur\u0103 \u00eempotriva Guvernului condus de c\u0103tre Ilie Bolojan. \u201eSuntem dispu\u0219i s\u0103 asigur\u0103m orice guvernare care poate genera alegeri corecte\u201d, a r\u0103spuns Simion, \u00eentrebat de o eventual\u0103 guvernare PSD-AUR.<\/strong><\/p>\n<div class=\"inline-single-ad ad_single_index alignfull\">\n<div class=\"ad-wrap ad-script-wrap\">\n<div class=\"ad-script non-adsense edge-padding\">\n<div>\n\u203c\ufe0f\u203c\ufe0f NU recunoa\u0219tem ca pre\u0219edinte al Rom\u00e2niei pe marioneta retard\u0103 Nicu\u0219or Dan! Rom\u00e2ni, boicota\u021bi aceast\u0103 f\u0103c\u0103tur\u0103, care ne face \u021bara de r\u00e2s! NU rom\u00e2nii l-au votat pe Nicusoro\u0219 &#8211; cu unele excep\u021bii de persoane infantile, manipulabile \u0219i chiar idioate &#8211; ci l-au ajutat Maia Soro\u0219, Emanuel Macrou \u0219i tr\u0103d\u0103torii de la B.E.C. \u0219i CCR!<br \/>\n La \u00eenchisoare cu cei care au fraudat alegerile!\n<\/div>\n<\/div>\n<\/div>\n<\/div>\n<p>Dup\u0103 ce s-a aflat despre inten\u021bia AUR \u0219i a PSD-ului de a depune o mo\u021biune de cenzur\u0103 comun\u0103 \u00eempotriva Guvernului Bolojan, liderul AUR, George Simion, a ie\u0219it la declara\u021bii.<\/p>\n<p>La un moment dat, liderul AUR a fost \u00eentrebat dac\u0103 acesta este primul pas pentru o viitoare eventual\u0103 guvernare al\u0103turi de PSD. Simion a anun\u021bat c\u0103 AUR va sus\u021bine o viitoare structur\u0103 de guvernare care poate asigura alegeri corecte.<\/p>\n<p>\u201eSuntem dispu\u0219i s\u0103 asigur\u0103m orice guvernare care poate genera alegeri corecte. Nu am avut parte de alegeri corecte \u00een 2024 \u0219i 2025. Nicu\u0219or Dan nu \u0219i-a f\u0103cut datoria (\u2026), nu a prezentat niciun raport cu privire la anularea alegerilor. (\u2026) Primul pas pe care noi \u00eel facem pentru a ne atinge obiectivele politice este s\u0103 trecem aceast\u0103 mo\u021biune de cenzur\u0103. S\u0103 vedem c\u0103 toat\u0103 lumea se \u021bine de cuv\u00e2nt\u201d, a r\u0103spuns George Simion, luni, 27 aprilie, \u00eentr-o conferin\u021b\u0103 de pres\u0103 sus\u021binut\u0103 la Parlament, \u00eentrebat dac\u0103 ia \u00een calcul colaborarea cu PSD \u00eentr-o viitoare guvernare.<br \/>\n<iframe loading=\"lazy\" src=\"https:\/\/www.facebook.com\/plugins\/video.php?height=314&amp;href=https%3A%2F%2Fwww.facebook.com%2Fgeorge.simion.unire%2Fvideos%2F977055851525933%2F&amp;show_text=false&amp;width=560&amp;t=0\" width=\"560\" height=\"314\" frameborder scrolling=\"no\" allowfullscreen=\"allowfullscreen\"><\/iframe><\/p>\n<p>Declara\u021biile lui Simion au fost f\u0103cute la scurt timp dup\u0103 anun\u021bul f\u0103cut de c\u0103tre social-democratul Marian Neac\u0219u \u0219i de c\u0103tre liderul senatorilor AUR, privind inten\u021bia celor dou\u0103 partide de a ini\u021bia o mo\u021biune de cenzur\u0103 comun\u0103 \u00eempotriva Executivului Bolojan.<\/p>\n<h3>Neac\u0219u, PSD: \u201eOrice drum \u00eencepe cu primul pas\u201d<\/h3>\n<p>Fostul vicepremier Marian Neac\u0219u a anun\u021bat luni, 27 aprilie, c\u0103 PSD va ini\u021bia, \u00eempreun\u0103 cu AUR, o mo\u021biune de cenzur\u0103 \u00eempotriva Guvernului condus de Ilie Bolojan. Potrivit lui Neac\u0219u, PSD va avea la ora 14 un Birou Politic Na\u021bional \u00een care se va lua decizia final\u0103.<\/p>\n<p>\u201e\u00cen urma mai multor r\u00e2nduri de discu\u021bii \u00eentre conducerile partidelor noastre s-a decis ca eu \u0219i domnul Petri\u0219or Peiu s\u0103 ne ocup\u0103m de partea tehnic\u0103 a unei mo\u021biuni de cenzur\u0103 comune. Din acest motiv ne afl\u0103m ast\u0103zi aici. Lucrul de care ne vom ocupa este exclusiv tehnic. Abordarea politic\u0103 va fi explicat\u0103 probabil \u00een cursul acestei zile de c\u0103tre pre\u0219edin\u021bii de partide. (\u2026) Ambele partide vor fi ini\u021biatori. Mai mult dec\u00e2t at\u00e2t, am vorbit cu domnul Peiu, sunt convins c\u0103 \u0219i conducerile partidelor noastre vor fi de acord, s\u0103 facem un apel c\u0103tre to\u021bi parlamentarii care vor s\u0103 contribuie cu text la mo\u021biune \u0219i s\u0103 sus\u021bin\u0103 mo\u021biunea prin semn\u0103tur\u0103 \u0219i prin vot\u201d \u2013 a anun\u021bat Neac\u0219u, la Palatul Parlamentului, \u00eentr-o declara\u021bie comun\u0103 cu liderul senatorilor AUR, Petri\u0219or Peiu.<\/p>\n<p>La r\u00e2ndul s\u0103u, Peiu a precizat c\u0103 este vorba despre un demers comun, cu inten\u021bia ca mo\u021biunea de cenzur\u0103 s\u0103 fie depus\u0103 \u0219i dezb\u0103tut\u0103 la \u00eenceputul lunii mai.<\/p>\n<p>\u201eCele dou\u0103 partide vor avea \u0219edin\u021be \u00een forurile de conducere \u0219i ve\u021bi avea \u0219i reac\u021bii \u0219i abord\u0103ri \u0219i explica\u021bii politice undeva \u00een aceast\u0103 dup\u0103-amiaz\u0103. Noi v\u0103 anun\u021b\u0103m c\u0103 am declan\u0219at demersul tehnic de a scrie acea mo\u021biune\u201d, a anun\u021bat liderul senatorilor AUR.<\/p>\n<p>Cei doi au fost \u00eentreba\u021bi dac\u0103 acesta poate fi considerat un prim pas pentru o colaborare \u0219i la guvernare.<\/p>\n<p>\u201eOrice drum \u00eencepe cu primul pas. Deocamdat\u0103 ne afl\u0103m \u00een fa\u021ba acestui demers\u201d, a spus Neac\u0219u.<\/p>\n<p>\u201eSingurul lucru care s-a discutat deocamdat\u0103 este redactarea \u0219i ini\u021bierea \u0219i votarea unei mo\u021biuni de cenzur\u0103 comun\u0103. (\u2026) Nu e niciun pact cu PSD. Este deocamdat\u0103 o discu\u021bie comun\u0103 \u0219i s-a convenit s\u0103 facem un text comun pe mo\u021biune pentru a nu risca s\u0103 avem dou\u0103 mo\u021biuni \u0219i s\u0103 cad\u0103 am\u00e2ndou\u0103\u201d, a explicat Peiu.<\/p>\n<iframe loading=\"lazy\" src=\"https:\/\/www.facebook.com\/plugins\/video.php?height=314&amp;href=https%3A%2F%2Fwww.facebook.com%2FPartidulSocialDemocrat%2Fvideos%2F2414791562359449%2F&amp;show_text=false&amp;width=560&amp;t=0\" width=\"560\" height=\"314\" frameborder scrolling=\"no\" allowfullscreen=\"allowfullscreen\"><\/iframe>\n<\/div>\n<p>[analyse_source url=&#8221;https:\/\/ortodoxinfo.ro\/2026\/04\/27\/video-george-simion-raspuns-la-o-intrebare-cheie-dupa-demersul-comun-cu-psd-suntem-dispusi-sa-asiguram-orice-guvernare\/&#8221;]<\/p>\n","protected":false},"excerpt":{"rendered":"<p>[analyse_image type=&#8221;featured&#8221; src=&#8221;https:\/\/ortodoxinfo.ro\/wp-content\/uploads\/2026\/04\/1777283125_simion.jpg&#8221;] VIDEO. George Simion, r\u0103spuns la o \u00eentrebare-cheie, dup\u0103 demersul comun cu PSD: \u201eSuntem dispu\u0219i s\u0103 asigur\u0103m orice guvernare\u201d 27 aprilie 2026Suveranism3.5k vizualiz\u0103ri Comentarii Share 5 Min Read SHARE George Simion a ie\u0219it \u00eentr-o conferin\u021b\u0103 de pres\u0103 la scurt\u0103 vreme dup\u0103 ce AUR \u0219i PSD au anun\u021bat c\u0103 inten\u021bioneaz\u0103 s\u0103 depun\u0103 \u00eempreun\u0103 o [&hellip;]<\/p>\n","protected":false},"author":1,"featured_media":0,"comment_status":"open","ping_status":"","sticky":false,"template":"","format":"standard","meta":{"footnotes":""},"categories":[89],"tags":[226,94],"class_list":["post-1905634","post","type-post","status-publish","format-standard","hentry","category-romania","tag-crawlmanager","tag-ortodoxinfo-ro"],"_links":{"self":[{"href":"https:\/\/analyse.optim.biz\/index.php?rest_route=\/wp\/v2\/posts\/1905634","targetHints":{"allow":["GET"]}}],"collection":[{"href":"https:\/\/analyse.optim.biz\/index.php?rest_route=\/wp\/v2\/posts"}],"about":[{"href":"https:\/\/analyse.optim.biz\/index.php?rest_route=\/wp\/v2\/types\/post"}],"author":[{"embeddable":true,"href":"https:\/\/analyse.optim.biz\/index.php?rest_route=\/wp\/v2\/users\/1"}],"replies":[{"embeddable":true,"href":"https:\/\/analyse.optim.biz\/index.php?rest_route=%2Fwp%2Fv2%2Fcomments&post=1905634"}],"version-history":[{"count":0,"href":"https:\/\/analyse.optim.biz\/index.php?rest_route=\/wp\/v2\/posts\/1905634\/revisions"}],"wp:attachment":[{"href":"https:\/\/analyse.optim.biz\/index.php?rest_route=%2Fwp%2Fv2%2Fmedia&parent=1905634"}],"wp:term":[{"taxonomy":"category","embeddable":true,"href":"https:\/\/analyse.optim.biz\/index.php?rest_route=%2Fwp%2Fv2%2Fcategories&post=1905634"},{"taxonomy":"post_tag","embeddable":true,"href":"https:\/\/analyse.optim.biz\/index.php?rest_route=%2Fwp%2Fv2%2Ftags&post=1905634"}],"curies":[{"name":"wp","href":"https:\/\/api.w.org\/{rel}","templated":true}]}}