{"id":1905631,"date":"2026-04-27T15:01:09","date_gmt":"2026-04-27T12:01:09","guid":{"rendered":"https:\/\/analyse.optim.biz\/?p=1905631"},"modified":"2026-04-27T15:01:09","modified_gmt":"2026-04-27T12:01:09","slug":"conservatorii-germani-ii-dau-ultimatum-ursulei-von-der-leyen-si-ii-cer-oprirea-masinariei-birocratiei-de-la-bruxelles","status":"publish","type":"post","link":"https:\/\/analyse.optim.biz\/?p=1905631","title":{"rendered":"Conservatorii germani \u00eei dau ultimatum Ursulei von der Leyen si \u00eei cer oprirea \u201ema\u0219in\u0103riei birocra\u021biei\u201d de la Bruxelles"},"content":{"rendered":"<p>[analyse_image type=&#8221;featured&#8221; src=&#8221;https:\/\/ortodoxinfo.ro\/wp-content\/uploads\/2026\/04\/conservatorii-germani-ii-dau-ultimatum-ursulei-von-der-leyen-si-ii-cer-oprirea-masinariei-birocratie.jpeg&#8221;]<\/p>\n<article id=\"post-224361\" class=\"post-224361 post type-post status-publish format-standard has-post-thumbnail category-uniunea-europeana\">\n<header class=\"single-header\">\n<h1 class=\"s-title fw-headline\">Conservatorii germani \u00eei dau ultimatum Ursulei von der Leyen si \u00eei cer oprirea \u201ema\u0219in\u0103riei birocra\u021biei\u201d de la Bruxelles<\/h1>\n<div class=\"single-meta meta-s-default yes-0\">\n<div class=\"smeta-in\"><a class=\"meta-el meta-avatar\" href=\"https:\/\/ortodoxinfo.ro\/author\/redactor\/\"><img loading=\"lazy\" decoding=\"async\" alt=\"OrtodoxINFO\" src=\"https:\/\/secure.gravatar.com\/avatar\/21010332354a182ce4de6016685c5586f21c51866d0ec5bc8ef383240b3c3e02?s=120&amp;r=g\" class=\"avatar avatar-120 photo\" height=\"120\" width=\"120\"><\/a><\/p>\n<div class=\"smeta-sec\">\n<div class=\"p-meta\">\n<div class=\"meta-inner is-meta\"><span class=\"meta-el meta-date\"><time datetime=\"2026-04-27T18:01:09+03:00\">27 aprilie 2026<\/time><\/span><span class=\"meta-el meta-category meta-bold\"><a class=\"meta-separate category-1538\" href=\"https:\/\/ortodoxinfo.ro\/category\/anti-sistem\/uniunea-europeana\/\">Uniunea european\u0103<\/a><\/span><span class=\"meta-el meta-view\">4.1k vizualiz\u0103ri\t\t<\/span><span class=\"meta-el meta-comment mobile-last-meta tablet-last-meta\"><a href=\"https:\/\/ortodoxinfo.ro\/2026\/04\/27\/conservatorii-germani-ii-dau-ultimatum-ursulei-von-der-leyen-si-ii-cer-oprirea-masinariei-birocratiei-de-la-bruxelles\/#respond\">Comentarii<\/a><\/span><\/div>\n<\/div>\n<\/div>\n<\/div>\n<div class=\"smeta-extra\">\n<div class=\"t-shared-sec tooltips-n has-read-meta is-color\">\n<div class=\"t-shared-header is-meta\"><span class=\"share-label\">Share<\/span><\/div>\n<\/div>\n<div class=\"single-right-meta single-time-read is-meta\"><span class=\"meta-el meta-read\">6 Min Read<\/span><\/div>\n<\/div>\n<\/div>\n<\/header>\n<div class=\"grid-container\">\n<div class=\"s-ct\">\n<div class=\"s-feat-outer\">\n<div class=\"s-feat\">\n<div class=\"featured-lightbox-trigger\" data-source=\"https:\/\/ortodoxinfo.ro\/wp-content\/uploads\/2026\/04\/conservatorii-germani-ii-dau-ultimatum-ursulei-von-der-leyen-si-ii-cer-oprirea-masinariei-birocratie.jpeg\" data-caption data-attribution><img fetchpriority=\"high\" decoding=\"async\" width=\"860\" height=\"452\" src=\"https:\/\/ortodoxinfo.ro\/wp-content\/uploads\/2026\/04\/conservatorii-germani-ii-dau-ultimatum-ursulei-von-der-leyen-si-ii-cer-oprirea-masinariei-birocratie-860x452.jpeg\" class=\"attachment-foxiz_crop_o1 size-foxiz_crop_o1 wp-post-image\" alt loading=\"eager\"><\/div>\n<\/div>\n<\/div>\n<div class=\"s-ct-wrap has-lsl\">\n<div class=\"s-ct-inner\">\n<div class=\"l-shared-sec-outer show-mobile\">\n<div class=\"l-shared-sec\">\n<div class=\"l-shared-header meta-text\"><span class=\"share-label\">SHARE<\/span><\/div>\n<\/div>\n<\/div>\n<div class=\"e-ct-outer\">\n<div class=\"entry-content rbct clearfix is-highlight-shares\">\n<p><strong>O confruntare direct\u0103 se contureaz\u0103 la Berlin \u00eentre conservatorii cancelarului Friedrich Merz \u0219i conducerea Comisia European\u0103. Parlamentari din Uniunea Cre\u0219tin-Democrat\u0103 preg\u0103tesc un set dur de m\u0103suri prin care cer reducerea rapid\u0103 a reglement\u0103rilor europene, amenin\u021b\u00e2nd implicit cu limitarea competen\u021belor Comisiei dac\u0103 ritmul reformelor r\u0103m\u00e2ne lent. Tensiunea reflect\u0103 o ruptur\u0103 tot mai vizibil\u0103 \u00eentre Berlin \u0219i Bruxelles pe tema controlului birocratic \u0219i a direc\u021biei economice a Uniunii, scrie <a href=\"https:\/\/www.politico.eu\/article\/german-conservatives-pile-pressure-ursula-von-der-leyen-dismantle-brussels-machine\/\" target=\"_blank\" rel=\"noopener\">Politico<\/a>.<\/strong><\/p>\n<div class=\"inline-single-ad ad_single_index alignfull\">\n<div class=\"ad-wrap ad-script-wrap\">\n<div class=\"ad-script non-adsense edge-padding\">\n<div>\n\u203c\ufe0f\u203c\ufe0f NU recunoa\u0219tem ca pre\u0219edinte al Rom\u00e2niei pe marioneta retard\u0103 Nicu\u0219or Dan! Rom\u00e2ni, boicota\u021bi aceast\u0103 f\u0103c\u0103tur\u0103, care ne face \u021bara de r\u00e2s! NU rom\u00e2nii l-au votat pe Nicusoro\u0219 &#8211; cu unele excep\u021bii de persoane infantile, manipulabile \u0219i chiar idioate &#8211; ci l-au ajutat Maia Soro\u0219, Emanuel Macrou \u0219i tr\u0103d\u0103torii de la B.E.C. \u0219i CCR!<br \/>\n La \u00eenchisoare cu cei care au fraudat alegerile!\n<\/div>\n<\/div>\n<\/div>\n<\/div>\n<p>Parlamentarii de dreapta din Berlin se preg\u0103tesc s\u0103 o confrunte pe pre\u0219edinta Comisiei Europene \u00een leg\u0103tur\u0103 cu ceea ce consider\u0103 a fi un exces de putere \u0219i reglementare la nivelul UE, \u00eentr-o reuniune cu u\u0219ile \u00eenchise programat\u0103 pentru luni.<\/p>\n<p>Conservatorii germani se preg\u0103tesc s\u0103 o confrunte pe pre\u0219edinta Comisiei Europene, Ursula von der Leyen, cu un ultimatum clar: reducerea controlului \u0219i a birocra\u021biei de la Bruxelles sau riscul unei noi ini\u021biative de limitare a puterilor Comisiei.<\/p>\n<p>Von der Leyen urmeaz\u0103 s\u0103 participe luni la o reuniune a conservatorilor cancelarului german Friedrich Merz, la Berlin, unde grupul inten\u021bioneaz\u0103 s\u0103-i prezinte cerin\u021be mai dure privind accelerarea reducerii reglement\u0103rilor europene pe care le consider\u0103 \u00eempov\u0103r\u0103toare pentru companiile germane, au declarat pentru POLITICO doi parlamentari.<\/p>\n<p>Proiecte ale unui nou document strategic al grupului parlamentar conservator, ob\u021binute de POLITICO, arat\u0103 clar tonul tot mai dur adoptat de legislatorii germani pentru a-\u0219i impune agenda la Bruxelles. Cea mai recent\u0103 versiune, datat\u0103 joia trecut\u0103 \u0219i intitulat\u0103 \u201eagenda pentru reducerea sustenabil\u0103 a birocra\u021biei la nivelul UE\u201d, include o list\u0103 de 27 de cerin\u021be adresate Comisiei.<\/p>\n<p>Una dintre m\u0103surile propuse prevede plasarea executivului european sub supravegherea unui organism de control care ar de\u021bine un \u201edrept fundamental de veto asupra oric\u0103rei noi legisla\u021bii propuse de Comisia European\u0103\u201d.<\/p>\n<p>Documentul sugereaz\u0103 fie crearea unei noi entit\u0103\u021bi la nivel european, fie extinderea competen\u021belor Comitetului de Control al Reglement\u0103rii (Regulatory Scrutiny Board), care \u00een prezent are doar rol consultativ. O astfel de reform\u0103 ar necesita, cel mai probabil, modificarea tratatelor europene.<\/p>\n<p>O alt\u0103 propunere solicit\u0103 institu\u021biilor europene \u201es\u0103 adopte o interpretare mai restrictiv\u0103 a propriilor competen\u021be\u201d \u0219i s\u0103 \u00ee\u0219i reduc\u0103 activitatea, inclusiv prin \u201ediminuarea num\u0103rului de angaja\u021bi din institu\u021biile europene\u201d.<\/p>\n<p>P\u00e2n\u0103 de cur\u00e2nd, von der Leyen \u0219i Uniunea Cre\u0219tin-Democrat\u0103 (CDU) a lui Merz \u2014 parteneri ideologici \u00een cadrul Partidului Popular European \u2014 erau \u00een general alinia\u021bi \u00een privin\u021ba necesit\u0103\u021bii de a cre\u0219te competitivitatea \u0219i de a reduce reglementarea. \u00cens\u0103 presiunea actual\u0103 din Berlin arat\u0103 c\u0103 r\u0103bdarea conservatorilor germani fa\u021b\u0103 de ritmul lent al reformelor este pe terminate.<\/p>\n<p>Aceast\u0103 ofensiv\u0103 vine \u00eentr-un moment \u00een care Merz \u0219i conservatorii afla\u021bi la guvernare se confrunt\u0103 cu o presiune tot mai mare de a-\u0219i respecta promisiunile electorale privind relansarea economiei germane, afectat\u0103 de stagnare prelungit\u0103. Planurile lor includ reforme ample, inclusiv reducerea reglement\u0103rilor at\u00e2t la nivel na\u021bional, c\u00e2t \u0219i european \u2014 dar p\u00e2n\u0103 acum, rezultatele sunt limitate. S\u0103pt\u0103m\u00e2na trecut\u0103, guvernul german \u0219i-a redus la jum\u0103tate prognoza de cre\u0219tere economic\u0103 pentru 2026, \u00een contextul unor dificult\u0103\u021bi suplimentare generate de consecin\u021bele r\u0103zboiului din Iran.<\/p>\n<p>\u00cen condi\u021biile \u00een care \u00eent\u00e2mpin\u0103 dificult\u0103\u021bi \u00een impunerea unor reforme interne majore din cauza partenerilor de coali\u021bie social-democra\u021bi, cancelarul \u0219i-a direc\u021bionat tot mai des criticile c\u0103tre Bruxelles.<\/p>\n<p>\u201eAceast\u0103 ma\u0219in\u0103rie a Comisiei Europene merge \u00eenainte f\u0103r\u0103 oprire\u201d, declara Merz la un eveniment economic organizat la K\u00f6ln \u00een septembrie. \u201eCa s\u0103 spun lucrurilor pe nume, trebuie s\u0103 arunc\u0103m o piedic\u0103 \u00een mecanismul acestei ma\u0219in\u0103rii de la Bruxelles, pentru ca ea s\u0103 se opreasc\u0103.\u201d<\/p>\n<p>O versiune anterioar\u0103 a documentului strategic mergea \u0219i mai departe, suger\u00e2nd condi\u021bionarea contribu\u021biilor bugetare ale statelor membre de succesul Comisiei \u00een reducerea reglement\u0103rii. Propunerea, considerat\u0103 probabil prea radical\u0103, a fost ulterior eliminat\u0103.<\/p>\n<p>La r\u00e2ndul s\u0103u, executivul european a \u00eencercat s\u0103 reduc\u0103 birocra\u021bia printr-o serie de pachete legislative menite s\u0103 simplifice legisla\u021bia existent\u0103, \u00een special \u00een ceea ce prive\u0219te Pactul Verde european. Conservatorii germani consider\u0103 \u00eens\u0103 aceste m\u0103suri insuficiente.<\/p>\n<p>Von der Leyen s-a confruntat deja cu statele membre pe tema reducerii birocra\u021biei \u00eenaintea summitului UE din februarie, desf\u0103\u0219urat la Alden Biesen. Dup\u0103 ce premierul italian Giorgia Meloni \u0219i cancelarul german Friedrich Merz au atribuit performan\u021bele economice slabe ale UE reglement\u0103rilor de la Bruxelles, pre\u0219edinta Comisiei a r\u0103spuns indic\u00e2nd responsabilitatea statelor membre.<\/p>\n<p>\u201eTrebuie s\u0103 privim \u0219i la nivel na\u021bional \u2014 exist\u0103 prea mult \u2018gold-plating\u2019, adic\u0103 supralegiferare la nivel na\u021bional, care complic\u0103 inutil activitatea companiilor \u0219i creeaz\u0103 noi bariere \u00een pia\u021ba unic\u0103\u201d, a declarat ea atunci.<\/p>\n<p>Cu toate acestea, potrivit proiectului de document al conservatorilor din joi, ini\u021biativele Comisiei sunt p\u00e2n\u0103 \u00een prezent \u201enesatisf\u0103c\u0103toare at\u00e2t ca amploare, c\u00e2t \u0219i ca vitez\u0103\u201d.<\/p>\n<p>Ultima versiune a documentului este aproape finalizat\u0103 \u0219i reflect\u0103 rezultatele celei de-a doua runde de consult\u0103ri interne din cadrul grupului parlamentar conservator din Bundestag. Pentru a deveni pozi\u021bie oficial\u0103, documentul trebuie aprobat prin vot formal, a\u0219teptat s\u0103 aib\u0103 loc luni, potrivit unei surse din CDU citate de POLITICO.<\/p>\n<\/div>\n<\/div>\n<\/div>\n<div class=\"e-shared-sec entry-sec\">\n<div class=\"e-shared-header h4\"><span>Distribuie<\/span><\/div>\n<div class=\"rbbsl tooltips-n effect-fadeout is-bg\"><a class=\"share-action share-trigger icon-facebook\" aria-label=\"Share on Facebook\" href=\"https:\/\/www.facebook.com\/sharer.php?u=https%3A%2F%2Fortodoxinfo.ro%2F2026%2F04%2F27%2Fconservatorii-germani-ii-dau-ultimatum-ursulei-von-der-leyen-si-ii-cer-oprirea-masinariei-birocratiei-de-la-bruxelles%2F\" data-title=\"Facebook\" rel=\"nofollow\"><span>Facebook<\/span><\/a><a class=\"share-action share-trigger icon-twitter\" aria-label=\"Share on X\" href=\"https:\/\/twitter.com\/intent\/tweet?text=Conservatorii+germani+%C3%AEi+dau+ultimatum+Ursulei+von+der+Leyen+si+%C3%AEi+cer+oprirea+%E2%80%9Ema%C8%99in%C4%83riei+birocra%C8%9Biei%E2%80%9D+de+la+Bruxelles&amp;url=https%3A%2F%2Fortodoxinfo.ro%2F2026%2F04%2F27%2Fconservatorii-germani-ii-dau-ultimatum-ursulei-von-der-leyen-si-ii-cer-oprirea-masinariei-birocratiei-de-la-bruxelles%2F&amp;via=ortodoxinforo\" data-title=\"X\" rel=\"nofollow\"><span>X<\/span><\/a><a class=\"share-action icon-whatsapp is-web\" aria-label=\"Share on Whatsapp\" href=\"https:\/\/web.whatsapp.com\/send?text=Conservatorii+germani+%C3%AEi+dau+ultimatum+Ursulei+von+der+Leyen+si+%C3%AEi+cer+oprirea+%E2%80%9Ema%C8%99in%C4%83riei+birocra%C8%9Biei%E2%80%9D+de+la+Bruxelles%20%E2%98%9E%20https%3A%2F%2Fortodoxinfo.ro%2F2026%2F04%2F27%2Fconservatorii-germani-ii-dau-ultimatum-ursulei-von-der-leyen-si-ii-cer-oprirea-masinariei-birocratiei-de-la-bruxelles%2F\" target=\"_blank\" data-title=\"WhatsApp\" rel=\"nofollow\"><span>Whatsapp<\/span><\/a><a class=\"share-action icon-whatsapp is-mobile\" aria-label=\"Share on Whatsapp\" href=\"\/\/send?text=Conservatorii+germani+%C3%AEi+dau+ultimatum+Ursulei+von+der+Leyen+si+%C3%AEi+cer+oprirea+%E2%80%9Ema%C8%99in%C4%83riei+birocra%C8%9Biei%E2%80%9D+de+la+Bruxelles%20%E2%98%9E%20https%3A%2F%2Fortodoxinfo.ro%2F2026%2F04%2F27%2Fconservatorii-germani-ii-dau-ultimatum-ursulei-von-der-leyen-si-ii-cer-oprirea-masinariei-birocratiei-de-la-bruxelles%2F\" target=\"_blank\" data-title=\"WhatsApp\" rel=\"nofollow\"><span>Whatsapp<\/span><\/a><a class=\"share-action share-trigger icon-telegram\" aria-label=\"Share on Telegram\" href=\"https:\/\/t.me\/share\/?url=https%3A%2F%2Fortodoxinfo.ro%2F2026%2F04%2F27%2Fconservatorii-germani-ii-dau-ultimatum-ursulei-von-der-leyen-si-ii-cer-oprirea-masinariei-birocratiei-de-la-bruxelles%2F&amp;text=Conservatorii+germani+%C3%AEi+dau+ultimatum+Ursulei+von+der+Leyen+si+%C3%AEi+cer+oprirea+%E2%80%9Ema%C8%99in%C4%83riei+birocra%C8%9Biei%E2%80%9D+de+la+Bruxelles\" data-title=\"Telegram\" rel=\"nofollow\"><span>Telegram<\/span><\/a><a class=\"share-action icon-copy copy-trigger\" aria-label=\"Copy Link\" href=\"https:\/\/ortodoxinfo.ro\/2026\/04\/27\/conservatorii-germani-ii-dau-ultimatum-ursulei-von-der-leyen-si-ii-cer-oprirea-masinariei-birocratiei-de-la-bruxelles\/\" data-copied=\"Copied!\" data-link=\"https:\/\/ortodoxinfo.ro\/2026\/04\/27\/conservatorii-germani-ii-dau-ultimatum-ursulei-von-der-leyen-si-ii-cer-oprirea-masinariei-birocratiei-de-la-bruxelles\/\" rel=\"nofollow\" data-copy=\"Copy Link\"><span>Copy Link<\/span><\/a><a class=\"share-action icon-print\" aria-label=\"Print\" rel=\"nofollow\" data-title=\"Print\"><span>Print<\/span><\/a><\/div>\n<\/div>\n<\/div>\n<div id=\"tabs\" class=\"dntplgn_form_wrapper\"><span><\/p>\n<h2>\u0218tirile sunt sub cenzur\u0103! Sprijini\u021bi OrtodoxINFO!<\/h2>\n<p>Guvernul nu dore\u0219te aflarea adev\u0103rului despre lovitura de stat \u0219i \u00eengenuncherea Rom\u00e2niei. \u00cencerc\u0103m s\u0103 men\u021binem viu acest site \u0219i s\u0103 v\u0103 punem la dispozi\u021bie informa\u021bii care s\u0103 fac\u0103 lumin\u0103 \u00een cea mai mare provocare pe care o tr\u0103im. Jurnalismul independent al portalului OrtodoxINFO func\u021bioneaz\u0103 strict cu ajutorul cititorilor.<br \/>\nNe pute\u021bi sprijini printr-o <b><a href=\"https:\/\/ortodoxinfo.ro\/donatii\/\">dona\u021bie bancar\u0103<\/a> sau prin PayPal, complet\u00e2nd formularul de mai jos.<\/b><\/span><\/p>\n<ul>\n<li><a href=\"https:\/\/ortodoxinfo.ro\/2026\/04\/27\/conservatorii-germani-ii-dau-ultimatum-ursulei-von-der-leyen-si-ii-cer-oprirea-masinariei-birocratiei-de-la-bruxelles\/#tabs-1\">Dona\u021bie lunar\u0103<\/a><\/li>\n<li><a href=\"https:\/\/ortodoxinfo.ro\/2026\/04\/27\/conservatorii-germani-ii-dau-ultimatum-ursulei-von-der-leyen-si-ii-cer-oprirea-masinariei-birocratiei-de-la-bruxelles\/#tabs-2\">Doar acum<\/a><\/li>\n<\/ul>\n<div id=\"tabs-1\"><img loading=\"lazy\" decoding=\"async\" alt border=\"0\" src=\"https:\/\/www.paypalobjects.com\/en_US\/i\/scr\/pixel.gif\" width=\"1\" height=\"1\"><\/div>\n<div id=\"tabs-2\">\n<p>\t\t     \u20ac<\/p>\n<p>\t\t    <img loading=\"lazy\" decoding=\"async\" alt border=\"0\" src=\"https:\/\/www.paypalobjects.com\/en_US\/i\/scr\/pixel.gif\" width=\"1\" height=\"1\"><\/div>\n<p>Mul\u021bumim celor care ne-au ajutat p\u00e2n\u0103 acum!\n\t<\/p><\/div>\n<div class=\"comment-box-wrap entry-sec\">\n<div class=\"comment-box-header\"><span class=\"h3\">Las\u0103 un comentariu<\/span><\/div>\n<div class=\"comment-holder no-comment\">\n<div id=\"comments\" class=\"comments-area\">\n<div id=\"respond\" class=\"comment-respond\">\n<h3 id=\"reply-title\" class=\"comment-reply-title\">Las\u0103 un r\u0103spuns <small><a rel=\"nofollow\" id=\"cancel-comment-reply-link\" href=\"https:\/\/ortodoxinfo.ro\/2026\/04\/27\/conservatorii-germani-ii-dau-ultimatum-ursulei-von-der-leyen-si-ii-cer-oprirea-masinariei-birocratiei-de-la-bruxelles\/#respond\">Anuleaz\u0103 r\u0103spunsul<\/a><\/small><\/h3>\n<p class=\"comment-notes\"><span id=\"email-notes\">Adresa ta de email nu va fi publicat\u0103.<\/span><span class=\"required-field-message\">C\u00e2mpurile obligatorii sunt marcate cu <span class=\"required\">*<\/span><\/span><\/p>\n<\/div>\n<\/div>\n<\/div>\n<\/div>\n<\/div>\n<div class=\"sidebar-wrap single-sidebar\">\n<div class=\"sidebar-inner clearfix\">\n<div id=\"widget-post-2\" class=\"widget rb-section w-sidebar clearfix widget-post\">\n<div class=\"block-h widget-heading heading-layout-1\">\n<div class=\"heading-inner\">\n<h4 class=\"heading-title\"><span>Articole recente<\/span><\/h4>\n<\/div>\n<\/div>\n<div class=\"widget-p-listing\">\n<div class=\"p-wrap p-small p-list-small-2\" data-pid=\"224374\">\n<div class=\"feat-holder\">\n<div class=\"p-featured ratio-v1\"><a class=\"p-flink\" href=\"https:\/\/ortodoxinfo.ro\/2026\/04\/27\/nawfal-ue-a-anulat-alegerea-lui-georgescu-simion-este-pe-cale-sa-le-anuleze-guvernul\/\" title=\"Nawfal: \u201dUE a anulat alegerea lui Georgescu. Simion este pe cale s\u0103 le anuleze guvernul\u201d\"><img decoding=\"async\" width=\"150\" height=\"150\" src=\"https:\/\/ortodoxinfo.ro\/wp-content\/uploads\/2026\/04\/nawfal-ue-a-anulat-alegerea-lui-georgescu-simion-este-pe-cale-sa-le-anuleze-guvernul-82745-150x150.jpg\" class=\"featured-img wp-post-image\" alt loading=\"lazy\"><\/a><\/div>\n<\/div>\n<div class=\"p-content\">\n<h5 class=\"entry-title\"><a class=\"p-url\" href=\"https:\/\/ortodoxinfo.ro\/2026\/04\/27\/nawfal-ue-a-anulat-alegerea-lui-georgescu-simion-este-pe-cale-sa-le-anuleze-guvernul\/\" rel=\"bookmark\">Nawfal: \u201dUE a anulat alegerea lui Georgescu. Simion este pe cale s\u0103 le anuleze guvernul\u201d<\/a><\/h5>\n<div class=\"p-meta\">\n<div class=\"meta-inner is-meta\"><span class=\"meta-el meta-date\"><time datetime=\"2026-04-27T21:42:51+03:00\">27 aprilie 2026<\/time><\/span><span class=\"meta-el meta-category meta-bold\"><a class=\"meta-separate category-19866\" href=\"https:\/\/ortodoxinfo.ro\/category\/lupta-pentru-romania\/\">Lupt\u0103 pentru Rom\u00e2nia<\/a><\/span><span class=\"meta-el meta-view\">2.8k vizualiz\u0103ri\t\t<\/span><\/div>\n<\/div>\n<\/div>\n<\/div>\n<div class=\"p-wrap p-small p-list-small-2\" data-pid=\"224301\">\n<div class=\"feat-holder\">\n<div class=\"p-featured ratio-v1\"><a class=\"p-flink\" href=\"https:\/\/ortodoxinfo.ro\/2026\/04\/27\/politico-bruxelles-sub-asediu-von-der-leyen-si-macron-in-corzi\/\" title=\"Politico: Bruxelles sub asediu. Von der Leyen \u0219i Macron, \u00een corzi!\"><img decoding=\"async\" width=\"150\" height=\"150\" src=\"https:\/\/ortodoxinfo.ro\/wp-content\/uploads\/2026\/04\/ChatGPT-Image-Apr-27-2026-02_04_54-PM-150x150.png\" class=\"featured-img wp-post-image\" alt loading=\"lazy\"><\/a><\/div>\n<\/div>\n<div class=\"p-content\">\n<h5 class=\"entry-title\"><a class=\"p-url\" href=\"https:\/\/ortodoxinfo.ro\/2026\/04\/27\/politico-bruxelles-sub-asediu-von-der-leyen-si-macron-in-corzi\/\" rel=\"bookmark\">Politico: Bruxelles sub asediu. Von der Leyen \u0219i Macron, \u00een corzi!<\/a><\/h5>\n<div class=\"p-meta\">\n<div class=\"meta-inner is-meta\"><span class=\"meta-el meta-date\"><time datetime=\"2026-04-27T15:12:00+03:00\">27 aprilie 2026<\/time><\/span><span class=\"meta-el meta-category meta-bold\"><a class=\"meta-separate category-1538\" href=\"https:\/\/ortodoxinfo.ro\/category\/anti-sistem\/uniunea-europeana\/\">Uniunea european\u0103<\/a><\/span><span class=\"meta-el meta-view\">7.1k vizualiz\u0103ri\t\t<\/span><\/div>\n<\/div>\n<\/div>\n<\/div>\n<div class=\"p-wrap p-small p-list-small-2\" data-pid=\"224274\">\n<div class=\"feat-holder\">\n<div class=\"p-featured ratio-v1\"><a class=\"p-flink\" href=\"https:\/\/ortodoxinfo.ro\/2026\/04\/27\/video-george-simion-raspuns-la-o-intrebare-cheie-dupa-demersul-comun-cu-psd-suntem-dispusi-sa-asiguram-orice-guvernare\/\" title=\"VIDEO. George Simion, r\u0103spuns la o \u00eentrebare-cheie, dup\u0103 demersul comun cu PSD: \u201eSuntem dispu\u0219i s\u0103 asigur\u0103m orice guvernare\u201d\"><img decoding=\"async\" width=\"150\" height=\"150\" src=\"https:\/\/ortodoxinfo.ro\/wp-content\/uploads\/2026\/04\/1777283125_simion-150x150.jpg\" class=\"featured-img wp-post-image\" alt loading=\"lazy\"><\/a><\/div>\n<\/div>\n<div class=\"p-content\">\n<h5 class=\"entry-title\"><a class=\"p-url\" href=\"https:\/\/ortodoxinfo.ro\/2026\/04\/27\/video-george-simion-raspuns-la-o-intrebare-cheie-dupa-demersul-comun-cu-psd-suntem-dispusi-sa-asiguram-orice-guvernare\/\" rel=\"bookmark\">VIDEO. George Simion, r\u0103spuns la o \u00eentrebare-cheie, dup\u0103 demersul comun cu PSD: \u201eSuntem dispu\u0219i s\u0103 asigur\u0103m orice guvernare\u201d<\/a><\/h5>\n<div class=\"p-meta\">\n<div class=\"meta-inner is-meta\"><span class=\"meta-el meta-date\"><time datetime=\"2026-04-27T13:04:25+03:00\">27 aprilie 2026<\/time><\/span><span class=\"meta-el meta-category meta-bold\"><a class=\"meta-separate category-20289\" href=\"https:\/\/ortodoxinfo.ro\/category\/suveranism\/\">Suveranism<\/a><\/span><span class=\"meta-el meta-view\">3.5k vizualiz\u0103ri\t\t<\/span><\/div>\n<\/div>\n<\/div>\n<\/div>\n<div class=\"p-wrap p-small p-list-small-2\" data-pid=\"224121\">\n<div class=\"feat-holder\">\n<div class=\"p-featured ratio-v1\"><a class=\"p-flink\" href=\"https:\/\/ortodoxinfo.ro\/2026\/04\/26\/la-multi-ani-binecuvantati-femeilor-crestine-femei-obisnuite-chemate-la-lucruri-extraordinare\/\" title=\"La mul\u021bi ani binecuv\u00e2nta\u021bi femeilor cre\u0219tine \u2013 femei obi\u0219nuite, chemate la lucruri extraordinare\"><img decoding=\"async\" width=\"150\" height=\"150\" src=\"https:\/\/ortodoxinfo.ro\/wp-content\/uploads\/2018\/04\/mironosite5-150x150.jpg\" class=\"featured-img wp-post-image\" alt loading=\"lazy\"><\/a><\/div>\n<\/div>\n<div class=\"p-content\">\n<h5 class=\"entry-title\"><a class=\"p-url\" href=\"https:\/\/ortodoxinfo.ro\/2026\/04\/26\/la-multi-ani-binecuvantati-femeilor-crestine-femei-obisnuite-chemate-la-lucruri-extraordinare\/\" rel=\"bookmark\">La mul\u021bi ani binecuv\u00e2nta\u021bi femeilor cre\u0219tine \u2013 femei obi\u0219nuite, chemate la lucruri extraordinare<\/a><\/h5>\n<div class=\"p-meta\">\n<div class=\"meta-inner is-meta\"><span class=\"meta-el meta-date\"><time datetime=\"2026-04-26T19:12:44+03:00\">26 aprilie 2026<\/time><\/span><span class=\"meta-el meta-category meta-bold\"><a class=\"meta-separate category-1858\" href=\"https:\/\/ortodoxinfo.ro\/category\/credinta-ortodoxa\/sfinti-si-sarbatori\/\">Sfin\u021bi \u0219i s\u0103rb\u0103tori<\/a><\/span><span class=\"meta-el meta-view\">4.9k vizualiz\u0103ri\t\t<\/span><\/div>\n<\/div>\n<\/div>\n<\/div>\n<\/div>\n<\/div>\n<div id=\"custom_html-2\" class=\"widget_text widget rb-section w-sidebar clearfix widget_custom_html\">\n<div class=\"block-h widget-heading heading-layout-1\">\n<div class=\"heading-inner\">\n<h4 class=\"heading-title\"><span>DONA\u021aII \u00een cont bancar<\/span><\/h4>\n<\/div>\n<\/div>\n<div class=\"textwidget custom-html-widget\">\n<table class=\"donatii\">\n<tbody>\n<tr>\n<th colspan=\"2\"><strong><span>ASMIB<\/span><\/strong><\/th>\n<\/tr>\n<tr>\n<th>Cont LEI<\/th>\n<td>RO67CECEB00030RON2081955<\/td>\n<\/tr>\n<tr>\n<th>Cont EURO<\/th>\n<td>RO33CECEB000C1EUR2081978<\/td>\n<\/tr>\n<tr>\n<th>Cod SWIFT<\/th>\n<td>CECEROBU<\/td>\n<\/tr>\n<tr>\n<th colspan=\"2\"><strong>CEC BANK SA<\/strong><\/th>\n<\/tr>\n<\/tbody>\n<\/table>\n<\/div>\n<\/div>\n<\/div>\n<\/div>\n<\/div>\n<\/article>\n<div class=\"entry-content rbct clearfix is-highlight-shares\">\n<p><strong>O confruntare direct\u0103 se contureaz\u0103 la Berlin \u00eentre conservatorii cancelarului Friedrich Merz \u0219i conducerea Comisia European\u0103. Parlamentari din Uniunea Cre\u0219tin-Democrat\u0103 preg\u0103tesc un set dur de m\u0103suri prin care cer reducerea rapid\u0103 a reglement\u0103rilor europene, amenin\u021b\u00e2nd implicit cu limitarea competen\u021belor Comisiei dac\u0103 ritmul reformelor r\u0103m\u00e2ne lent. Tensiunea reflect\u0103 o ruptur\u0103 tot mai vizibil\u0103 \u00eentre Berlin \u0219i Bruxelles pe tema controlului birocratic \u0219i a direc\u021biei economice a Uniunii, scrie <a href=\"https:\/\/www.politico.eu\/article\/german-conservatives-pile-pressure-ursula-von-der-leyen-dismantle-brussels-machine\/\" target=\"_blank\" rel=\"noopener\">Politico<\/a>.<\/strong><\/p>\n<div class=\"inline-single-ad ad_single_index alignfull\">\n<div class=\"ad-wrap ad-script-wrap\">\n<div class=\"ad-script non-adsense edge-padding\">\n<div>\n\u203c\ufe0f\u203c\ufe0f NU recunoa\u0219tem ca pre\u0219edinte al Rom\u00e2niei pe marioneta retard\u0103 Nicu\u0219or Dan! Rom\u00e2ni, boicota\u021bi aceast\u0103 f\u0103c\u0103tur\u0103, care ne face \u021bara de r\u00e2s! NU rom\u00e2nii l-au votat pe Nicusoro\u0219 &#8211; cu unele excep\u021bii de persoane infantile, manipulabile \u0219i chiar idioate &#8211; ci l-au ajutat Maia Soro\u0219, Emanuel Macrou \u0219i tr\u0103d\u0103torii de la B.E.C. \u0219i CCR!<br \/>\n La \u00eenchisoare cu cei care au fraudat alegerile!\n<\/div>\n<\/div>\n<\/div>\n<\/div>\n<p>Parlamentarii de dreapta din Berlin se preg\u0103tesc s\u0103 o confrunte pe pre\u0219edinta Comisiei Europene \u00een leg\u0103tur\u0103 cu ceea ce consider\u0103 a fi un exces de putere \u0219i reglementare la nivelul UE, \u00eentr-o reuniune cu u\u0219ile \u00eenchise programat\u0103 pentru luni.<\/p>\n<p>Conservatorii germani se preg\u0103tesc s\u0103 o confrunte pe pre\u0219edinta Comisiei Europene, Ursula von der Leyen, cu un ultimatum clar: reducerea controlului \u0219i a birocra\u021biei de la Bruxelles sau riscul unei noi ini\u021biative de limitare a puterilor Comisiei.<\/p>\n<p>Von der Leyen urmeaz\u0103 s\u0103 participe luni la o reuniune a conservatorilor cancelarului german Friedrich Merz, la Berlin, unde grupul inten\u021bioneaz\u0103 s\u0103-i prezinte cerin\u021be mai dure privind accelerarea reducerii reglement\u0103rilor europene pe care le consider\u0103 \u00eempov\u0103r\u0103toare pentru companiile germane, au declarat pentru POLITICO doi parlamentari.<\/p>\n<p>Proiecte ale unui nou document strategic al grupului parlamentar conservator, ob\u021binute de POLITICO, arat\u0103 clar tonul tot mai dur adoptat de legislatorii germani pentru a-\u0219i impune agenda la Bruxelles. Cea mai recent\u0103 versiune, datat\u0103 joia trecut\u0103 \u0219i intitulat\u0103 \u201eagenda pentru reducerea sustenabil\u0103 a birocra\u021biei la nivelul UE\u201d, include o list\u0103 de 27 de cerin\u021be adresate Comisiei.<\/p>\n<p>Una dintre m\u0103surile propuse prevede plasarea executivului european sub supravegherea unui organism de control care ar de\u021bine un \u201edrept fundamental de veto asupra oric\u0103rei noi legisla\u021bii propuse de Comisia European\u0103\u201d.<\/p>\n<p>Documentul sugereaz\u0103 fie crearea unei noi entit\u0103\u021bi la nivel european, fie extinderea competen\u021belor Comitetului de Control al Reglement\u0103rii (Regulatory Scrutiny Board), care \u00een prezent are doar rol consultativ. O astfel de reform\u0103 ar necesita, cel mai probabil, modificarea tratatelor europene.<\/p>\n<p>O alt\u0103 propunere solicit\u0103 institu\u021biilor europene \u201es\u0103 adopte o interpretare mai restrictiv\u0103 a propriilor competen\u021be\u201d \u0219i s\u0103 \u00ee\u0219i reduc\u0103 activitatea, inclusiv prin \u201ediminuarea num\u0103rului de angaja\u021bi din institu\u021biile europene\u201d.<\/p>\n<p>P\u00e2n\u0103 de cur\u00e2nd, von der Leyen \u0219i Uniunea Cre\u0219tin-Democrat\u0103 (CDU) a lui Merz \u2014 parteneri ideologici \u00een cadrul Partidului Popular European \u2014 erau \u00een general alinia\u021bi \u00een privin\u021ba necesit\u0103\u021bii de a cre\u0219te competitivitatea \u0219i de a reduce reglementarea. \u00cens\u0103 presiunea actual\u0103 din Berlin arat\u0103 c\u0103 r\u0103bdarea conservatorilor germani fa\u021b\u0103 de ritmul lent al reformelor este pe terminate.<\/p>\n<p>Aceast\u0103 ofensiv\u0103 vine \u00eentr-un moment \u00een care Merz \u0219i conservatorii afla\u021bi la guvernare se confrunt\u0103 cu o presiune tot mai mare de a-\u0219i respecta promisiunile electorale privind relansarea economiei germane, afectat\u0103 de stagnare prelungit\u0103. Planurile lor includ reforme ample, inclusiv reducerea reglement\u0103rilor at\u00e2t la nivel na\u021bional, c\u00e2t \u0219i european \u2014 dar p\u00e2n\u0103 acum, rezultatele sunt limitate. S\u0103pt\u0103m\u00e2na trecut\u0103, guvernul german \u0219i-a redus la jum\u0103tate prognoza de cre\u0219tere economic\u0103 pentru 2026, \u00een contextul unor dificult\u0103\u021bi suplimentare generate de consecin\u021bele r\u0103zboiului din Iran.<\/p>\n<p>\u00cen condi\u021biile \u00een care \u00eent\u00e2mpin\u0103 dificult\u0103\u021bi \u00een impunerea unor reforme interne majore din cauza partenerilor de coali\u021bie social-democra\u021bi, cancelarul \u0219i-a direc\u021bionat tot mai des criticile c\u0103tre Bruxelles.<\/p>\n<p>\u201eAceast\u0103 ma\u0219in\u0103rie a Comisiei Europene merge \u00eenainte f\u0103r\u0103 oprire\u201d, declara Merz la un eveniment economic organizat la K\u00f6ln \u00een septembrie. \u201eCa s\u0103 spun lucrurilor pe nume, trebuie s\u0103 arunc\u0103m o piedic\u0103 \u00een mecanismul acestei ma\u0219in\u0103rii de la Bruxelles, pentru ca ea s\u0103 se opreasc\u0103.\u201d<\/p>\n<p>O versiune anterioar\u0103 a documentului strategic mergea \u0219i mai departe, suger\u00e2nd condi\u021bionarea contribu\u021biilor bugetare ale statelor membre de succesul Comisiei \u00een reducerea reglement\u0103rii. Propunerea, considerat\u0103 probabil prea radical\u0103, a fost ulterior eliminat\u0103.<\/p>\n<p>La r\u00e2ndul s\u0103u, executivul european a \u00eencercat s\u0103 reduc\u0103 birocra\u021bia printr-o serie de pachete legislative menite s\u0103 simplifice legisla\u021bia existent\u0103, \u00een special \u00een ceea ce prive\u0219te Pactul Verde european. Conservatorii germani consider\u0103 \u00eens\u0103 aceste m\u0103suri insuficiente.<\/p>\n<p>Von der Leyen s-a confruntat deja cu statele membre pe tema reducerii birocra\u021biei \u00eenaintea summitului UE din februarie, desf\u0103\u0219urat la Alden Biesen. Dup\u0103 ce premierul italian Giorgia Meloni \u0219i cancelarul german Friedrich Merz au atribuit performan\u021bele economice slabe ale UE reglement\u0103rilor de la Bruxelles, pre\u0219edinta Comisiei a r\u0103spuns indic\u00e2nd responsabilitatea statelor membre.<\/p>\n<p>\u201eTrebuie s\u0103 privim \u0219i la nivel na\u021bional \u2014 exist\u0103 prea mult \u2018gold-plating\u2019, adic\u0103 supralegiferare la nivel na\u021bional, care complic\u0103 inutil activitatea companiilor \u0219i creeaz\u0103 noi bariere \u00een pia\u021ba unic\u0103\u201d, a declarat ea atunci.<\/p>\n<p>Cu toate acestea, potrivit proiectului de document al conservatorilor din joi, ini\u021biativele Comisiei sunt p\u00e2n\u0103 \u00een prezent \u201enesatisf\u0103c\u0103toare at\u00e2t ca amploare, c\u00e2t \u0219i ca vitez\u0103\u201d.<\/p>\n<p>Ultima versiune a documentului este aproape finalizat\u0103 \u0219i reflect\u0103 rezultatele celei de-a doua runde de consult\u0103ri interne din cadrul grupului parlamentar conservator din Bundestag. Pentru a deveni pozi\u021bie oficial\u0103, documentul trebuie aprobat prin vot formal, a\u0219teptat s\u0103 aib\u0103 loc luni, potrivit unei surse din CDU citate de POLITICO.<\/p>\n<\/div>\n<p>[analyse_source url=&#8221;https:\/\/ortodoxinfo.ro\/2026\/04\/27\/conservatorii-germani-ii-dau-ultimatum-ursulei-von-der-leyen-si-ii-cer-oprirea-masinariei-birocratiei-de-la-bruxelles\/&#8221;]<\/p>\n","protected":false},"excerpt":{"rendered":"<p>[analyse_image type=&#8221;featured&#8221; src=&#8221;https:\/\/ortodoxinfo.ro\/wp-content\/uploads\/2026\/04\/conservatorii-germani-ii-dau-ultimatum-ursulei-von-der-leyen-si-ii-cer-oprirea-masinariei-birocratie.jpeg&#8221;] Conservatorii germani \u00eei dau ultimatum Ursulei von der Leyen si \u00eei cer oprirea \u201ema\u0219in\u0103riei birocra\u021biei\u201d de la Bruxelles 27 aprilie 2026Uniunea european\u01034.1k vizualiz\u0103ri Comentarii Share 6 Min Read SHARE O confruntare direct\u0103 se contureaz\u0103 la Berlin \u00eentre conservatorii cancelarului Friedrich Merz \u0219i conducerea Comisia European\u0103. Parlamentari din Uniunea Cre\u0219tin-Democrat\u0103 preg\u0103tesc un set [&hellip;]<\/p>\n","protected":false},"author":1,"featured_media":0,"comment_status":"open","ping_status":"","sticky":false,"template":"","format":"standard","meta":{"footnotes":""},"categories":[89],"tags":[226,94],"class_list":["post-1905631","post","type-post","status-publish","format-standard","hentry","category-romania","tag-crawlmanager","tag-ortodoxinfo-ro"],"_links":{"self":[{"href":"https:\/\/analyse.optim.biz\/index.php?rest_route=\/wp\/v2\/posts\/1905631","targetHints":{"allow":["GET"]}}],"collection":[{"href":"https:\/\/analyse.optim.biz\/index.php?rest_route=\/wp\/v2\/posts"}],"about":[{"href":"https:\/\/analyse.optim.biz\/index.php?rest_route=\/wp\/v2\/types\/post"}],"author":[{"embeddable":true,"href":"https:\/\/analyse.optim.biz\/index.php?rest_route=\/wp\/v2\/users\/1"}],"replies":[{"embeddable":true,"href":"https:\/\/analyse.optim.biz\/index.php?rest_route=%2Fwp%2Fv2%2Fcomments&post=1905631"}],"version-history":[{"count":0,"href":"https:\/\/analyse.optim.biz\/index.php?rest_route=\/wp\/v2\/posts\/1905631\/revisions"}],"wp:attachment":[{"href":"https:\/\/analyse.optim.biz\/index.php?rest_route=%2Fwp%2Fv2%2Fmedia&parent=1905631"}],"wp:term":[{"taxonomy":"category","embeddable":true,"href":"https:\/\/analyse.optim.biz\/index.php?rest_route=%2Fwp%2Fv2%2Fcategories&post=1905631"},{"taxonomy":"post_tag","embeddable":true,"href":"https:\/\/analyse.optim.biz\/index.php?rest_route=%2Fwp%2Fv2%2Ftags&post=1905631"}],"curies":[{"name":"wp","href":"https:\/\/api.w.org\/{rel}","templated":true}]}}