{"id":190559,"date":"2014-12-13T17:23:54","date_gmt":"2014-12-13T14:23:54","guid":{"rendered":"https:\/\/analyse.optim.biz\/?p=190559"},"modified":"2014-12-13T17:23:54","modified_gmt":"2014-12-13T14:23:54","slug":"europarlamentarul-cristian-preda-a-fost-exclus-din-pmp","status":"publish","type":"post","link":"https:\/\/analyse.optim.biz\/?p=190559","title":{"rendered":"Europarlamentarul Cristian Preda a fost exclus din PMP\u00a0"},"content":{"rendered":"<div class=\"entry data-app-meta data-app-meta-article\" data-embed-base-url-canonical=\"https:\/\/www.digi24.ro\/embed\/stiri\/actualitate\/politica\/europarlamentarul-cristian-preda-a-fost-exclus-din-pmp-334672\">\n<p data-index=\"1\">Clement Negru\u021b, secretar general al PMP, a anun\u021bat \u00eentr-o conferin\u021b\u0103 de pres\u0103 c\u0103 europarlamentarul Cristian Preda a fost exclus din PMP.<\/p>\n<p data-index=\"2\">\u201eUn punct pe ordinea de zi a f\u0103cut referire la propunerea consiliului executiv na\u021bional de excludere din PMP a domnului Cristian Preda, europarlamentar. Conform articolului 16 \u0219i articolului 18 din statutul PMP, coroborat cu articolul 20 din acela\u0219i statut, propunerea consiliului executiv na\u021bional, care a luat \u00een discu\u021bie de mai multe ori aceast\u0103 propunere de excludere, a adus \u00een discu\u021bie azi propunerea de excludere care a fost votat\u0103 \u00een unanimitate\u201d, a declarat Clement Negru\u021b. \u00a0<\/p>\n<p data-index=\"3\"><strong>Acesta a precizat c\u0103 europarlamentarul a fost exclus din cauza ac\u021biunilor care au lezat statutul PMP<\/strong>. \u201ePropunerea de excludere e strict legat\u0103 de activitatea \u0219i actiunile care au lezat statutul PMP, drept pentru care consiliul executiv na\u021bional a luat \u00een discu\u021bie abaterile disciplinare a domnului Cristian Preda \u0219i a propus excluderea sa.<\/p>\n<p data-index=\"4\"><strong>Aceast\u0103 propunere a fost validat\u0103 prin vot cu majoritate absolut\u0103, de c\u0103tre membrii consiliului na\u021bional. Regret\u0103m atitudinea fostului nostru coleg, dar nu putem tolera, chiar de la nivelul unui europarlamentar, atititutidini prin care se aduce atingere imaginii \u0219i activivit\u0103\u021bii PMP<\/strong>\u201d, a mai spus Clement Negru\u021b.\u00a0<\/p>\n<p data-index=\"5\"><strong>Reamintim c\u0103 vicepre\u0219edintele PMP Cristian Preda a solicitat recent \u00een Colegiul Na\u021bional al partidului demiterea Elenei Udrea din fruntea PMP. \u201e<\/strong>Am fost singurul care am considerat c\u0103 ea (n.r. \u2014 Elena Udrea) trebuie s\u0103 fie demis\u0103, ceilal\u021bi au considerat c\u0103, dimpotriv\u0103, trebuie s\u0103-i pun\u0103 o coroni\u021b\u0103 \u0219i s\u0103 o pun\u0103 \u0219i preziden\u021biabil. Iar\u0103\u0219i, am fost \u00eempotriva acestei candidaturi\u201d, a sus\u021binut Preda.<\/p>\n<\/div>\n<p> Source URL: https:\/\/www.digi24.ro\/stiri\/actualitate\/politica\/europarlamentarul-cristian-preda-a-fost-exclus-din-pmp-334672<\/p>\n","protected":false},"excerpt":{"rendered":"<p>Clement Negru\u021b, secretar general al PMP, a anun\u021bat \u00eentr-o conferin\u021b\u0103 de pres\u0103 c\u0103 europarlamentarul Cristian Preda a fost exclus din PMP. \u201eUn punct pe ordinea de zi a f\u0103cut referire la propunerea consiliului executiv na\u021bional de excludere din PMP a domnului Cristian Preda, europarlamentar. Conform articolului 16 \u0219i articolului 18 din statutul PMP, coroborat cu [&hellip;]<\/p>\n","protected":false},"author":1,"featured_media":190560,"comment_status":"open","ping_status":"","sticky":false,"template":"","format":"standard","meta":{"footnotes":""},"categories":[2],"tags":[11],"class_list":["post-190559","post","type-post","status-publish","format-standard","has-post-thumbnail","hentry","category-politics","tag-digi24"],"_links":{"self":[{"href":"https:\/\/analyse.optim.biz\/index.php?rest_route=\/wp\/v2\/posts\/190559","targetHints":{"allow":["GET"]}}],"collection":[{"href":"https:\/\/analyse.optim.biz\/index.php?rest_route=\/wp\/v2\/posts"}],"about":[{"href":"https:\/\/analyse.optim.biz\/index.php?rest_route=\/wp\/v2\/types\/post"}],"author":[{"embeddable":true,"href":"https:\/\/analyse.optim.biz\/index.php?rest_route=\/wp\/v2\/users\/1"}],"replies":[{"embeddable":true,"href":"https:\/\/analyse.optim.biz\/index.php?rest_route=%2Fwp%2Fv2%2Fcomments&post=190559"}],"version-history":[{"count":0,"href":"https:\/\/analyse.optim.biz\/index.php?rest_route=\/wp\/v2\/posts\/190559\/revisions"}],"wp:featuredmedia":[{"embeddable":true,"href":"https:\/\/analyse.optim.biz\/index.php?rest_route=\/wp\/v2\/media\/190560"}],"wp:attachment":[{"href":"https:\/\/analyse.optim.biz\/index.php?rest_route=%2Fwp%2Fv2%2Fmedia&parent=190559"}],"wp:term":[{"taxonomy":"category","embeddable":true,"href":"https:\/\/analyse.optim.biz\/index.php?rest_route=%2Fwp%2Fv2%2Fcategories&post=190559"},{"taxonomy":"post_tag","embeddable":true,"href":"https:\/\/analyse.optim.biz\/index.php?rest_route=%2Fwp%2Fv2%2Ftags&post=190559"}],"curies":[{"name":"wp","href":"https:\/\/api.w.org\/{rel}","templated":true}]}}