{"id":1905349,"date":"2026-04-27T08:18:02","date_gmt":"2026-04-27T05:18:02","guid":{"rendered":"https:\/\/analyse.optim.biz\/?p=1905349"},"modified":"2026-04-27T08:18:02","modified_gmt":"2026-04-27T05:18:02","slug":"expozitie-retrospectiva-dincolo-de-timp-dedicata-artistei-angela-pitariu-bolnavu-la-muzeul-national-al-bucovinei","status":"publish","type":"post","link":"https:\/\/analyse.optim.biz\/?p=1905349","title":{"rendered":"Expozi\u021bie retrospectiv\u0103 \u201eDincolo de timp\u201d dedicat\u0103 artistei Angela Pitariu Bolnavu la Muzeul Na\u021bional al Bucovinei"},"content":{"rendered":"<p>[analyse_image type=&#8221;featured&#8221; src=&#8221;https:\/\/www.newsbucovina.ro\/wp-content\/uploads\/2026\/04\/invitatie-expo-Angela-Pitariu-Bolnavu-2026-1.jpghttps:\/\/cdn.newsbucovina.ro\/wp-content\/uploads\/2026\/04\/invitatie-expo-Angela-Pitariu-Bolnavu-2026-1.jpg&#8221;]<\/p>\n<div class=\"td-post-content tagdiv-type\">\n<div class=\"td-a-rec td-a-rec-id-content_top  tdi_3 td_block_template_1\"><strong>Intr\u0103 acum \u0219i \u00een grupul de <\/p>\n<div class=\"wp-block-button\"><a class=\"wp-block-button__link wp-element-button\" href=\"https:\/\/t.me\/+TH8wcfnp8fw5NWI0\">Telegram News Bucovina<\/a><\/div>\n<p><\/strong><\/div>\n<p>Muzeul Na\u021bional al Bucovinei organizeaz\u0103, \u00eencep\u00e2nd de miercuri, <strong>6 mai 2026<\/strong>, o expozi\u021bie retrospectiv\u0103 dedicat\u0103 pictori\u021bei, graficienei \u0219i specialistei \u00een tapiserie <strong>Angela Pitariu Bolnavu<\/strong> (1956\u20132013), una dintre cele mai importante personalit\u0103\u021bi ale artei sucevene contemporane.<\/p>\n<div class=\"wp-block-image\">\n<figure class=\"aligncenter size-large\"><a href=\"https:\/\/cdn.newsbucovina.ro\/wp-content\/uploads\/2026\/04\/invitatie-expo-Angela-Pitariu-Bolnavu-2026.jpg\"><img loading=\"lazy\" decoding=\"async\" width=\"722\" height=\"1024\" src=\"https:\/\/cdn.newsbucovina.ro\/wp-content\/uploads\/2026\/04\/invitatie-expo-Angela-Pitariu-Bolnavu-2026-722x1024.jpg\" alt class=\"wp-image-437152\"><\/a><\/figure>\n<\/div>\n<p>Vernisajul va avea loc la ora <strong>16:30<\/strong>, \u00een spa\u021biul expozi\u021bional al <strong>S\u0103lii Pod<\/strong> de la Muzeul de Istorie, iar prezentarea va fi sus\u021binut\u0103 de criticul de art\u0103 prof. <strong>Iulian Bucur<\/strong>.<\/p>\n<p>Expozi\u021bia reune\u0219te o selec\u021bie ampl\u0103 \u0219i reprezentativ\u0103 de lucr\u0103ri de pictur\u0103, grafic\u0103 \u0219i tapiserie, ilustr\u00e2nd parcursul artistic \u0219i universul creativ al Angelei Pitariu Bolnavu. Dincolo de o simpl\u0103 prezentare de opere, proiectul constituie un demers consistent de recuperare \u0219i valorizare a unei crea\u021bii care continu\u0103 s\u0103 emo\u021bioneze \u0219i s\u0103 inspire.<\/p>\n<p>Proiectul este realizat \u00een colaborare cu <strong>Uniunea Arti\u0219tilor Plastici din Rom\u00e2nia \u2013 Filiala Suceava<\/strong> \u0219i cu sprijinul domnilor <strong>Vasile \u0219i Tudor Bolnavu<\/strong>. Expozi\u021bia este aprobat\u0103 \u0219i finan\u021bat\u0103 de <strong>Consiliul Jude\u021bean Suceava<\/strong>.<\/p>\n<p>\u201eDincolo de timp\u201d va putea fi vizitat\u0103 \u00een perioada <strong>6 \u2013 31 mai 2026<\/strong> la Muzeul de Istorie din Suceava, accesul publicului fiind <strong>liber<\/strong>.<\/p>\n<p>Prin aceast\u0103 expozi\u021bie, Muzeul Na\u021bional al Bucovinei readuce \u00een aten\u021bia publicului sucevean \u0219i a turi\u0219tilor opera unei artiste care a marcat profund scena cultural\u0103 local\u0103 prin sensibilitate, for\u021b\u0103 expresiv\u0103 \u0219i rafinament tehnic.<\/p>\n<div class=\"td-a-rec td-a-rec-id-content_bottom  tdi_4 td_block_template_1\"><strong>Intr\u0103 acum \u0219i \u00een grupul de <\/p>\n<div class=\"wp-block-button\"><a class=\"wp-block-button__link wp-element-button\" href=\"https:\/\/t.me\/+TH8wcfnp8fw5NWI0\">Telegram News Bucovina<\/a><\/div>\n<p><\/strong><\/div>\n<\/div>\n<div class=\"td-post-content tagdiv-type\">\n<div class=\"td-a-rec td-a-rec-id-content_top  tdi_3 td_block_template_1\"><strong>Intr\u0103 acum \u0219i \u00een grupul de <\/p>\n<div class=\"wp-block-button\"><a class=\"wp-block-button__link wp-element-button\" href=\"https:\/\/t.me\/+TH8wcfnp8fw5NWI0\">Telegram News Bucovina<\/a><\/div>\n<p><\/strong><\/div>\n<p>Muzeul Na\u021bional al Bucovinei organizeaz\u0103, \u00eencep\u00e2nd de miercuri, <strong>6 mai 2026<\/strong>, o expozi\u021bie retrospectiv\u0103 dedicat\u0103 pictori\u021bei, graficienei \u0219i specialistei \u00een tapiserie <strong>Angela Pitariu Bolnavu<\/strong> (1956\u20132013), una dintre cele mai importante personalit\u0103\u021bi ale artei sucevene contemporane.<\/p>\n<div class=\"wp-block-image\">\n<figure class=\"aligncenter size-large\"><a href=\"https:\/\/cdn.newsbucovina.ro\/wp-content\/uploads\/2026\/04\/invitatie-expo-Angela-Pitariu-Bolnavu-2026.jpg\"><img loading=\"lazy\" decoding=\"async\" width=\"722\" height=\"1024\" src=\"https:\/\/cdn.newsbucovina.ro\/wp-content\/uploads\/2026\/04\/invitatie-expo-Angela-Pitariu-Bolnavu-2026-722x1024.jpg\" alt class=\"wp-image-437152\"><\/a><\/figure>\n<\/div>\n<p>Vernisajul va avea loc la ora <strong>16:30<\/strong>, \u00een spa\u021biul expozi\u021bional al <strong>S\u0103lii Pod<\/strong> de la Muzeul de Istorie, iar prezentarea va fi sus\u021binut\u0103 de criticul de art\u0103 prof. <strong>Iulian Bucur<\/strong>.<\/p>\n<p>Expozi\u021bia reune\u0219te o selec\u021bie ampl\u0103 \u0219i reprezentativ\u0103 de lucr\u0103ri de pictur\u0103, grafic\u0103 \u0219i tapiserie, ilustr\u00e2nd parcursul artistic \u0219i universul creativ al Angelei Pitariu Bolnavu. Dincolo de o simpl\u0103 prezentare de opere, proiectul constituie un demers consistent de recuperare \u0219i valorizare a unei crea\u021bii care continu\u0103 s\u0103 emo\u021bioneze \u0219i s\u0103 inspire.<\/p>\n<p>Proiectul este realizat \u00een colaborare cu <strong>Uniunea Arti\u0219tilor Plastici din Rom\u00e2nia \u2013 Filiala Suceava<\/strong> \u0219i cu sprijinul domnilor <strong>Vasile \u0219i Tudor Bolnavu<\/strong>. Expozi\u021bia este aprobat\u0103 \u0219i finan\u021bat\u0103 de <strong>Consiliul Jude\u021bean Suceava<\/strong>.<\/p>\n<p>\u201eDincolo de timp\u201d va putea fi vizitat\u0103 \u00een perioada <strong>6 \u2013 31 mai 2026<\/strong> la Muzeul de Istorie din Suceava, accesul publicului fiind <strong>liber<\/strong>.<\/p>\n<p>Prin aceast\u0103 expozi\u021bie, Muzeul Na\u021bional al Bucovinei readuce \u00een aten\u021bia publicului sucevean \u0219i a turi\u0219tilor opera unei artiste care a marcat profund scena cultural\u0103 local\u0103 prin sensibilitate, for\u021b\u0103 expresiv\u0103 \u0219i rafinament tehnic.<\/p>\n<div class=\"td-a-rec td-a-rec-id-content_bottom  tdi_4 td_block_template_1\"><strong>Intr\u0103 acum \u0219i \u00een grupul de <\/p>\n<div class=\"wp-block-button\"><a class=\"wp-block-button__link wp-element-button\" href=\"https:\/\/t.me\/+TH8wcfnp8fw5NWI0\">Telegram News Bucovina<\/a><\/div>\n<p><\/strong><\/div>\n<\/div>\n<p>[analyse_source url=&#8221;https:\/\/www.newsbucovina.ro\/evenimente\/437151\/expozitie-retrospectiva-dincolo-de-timp-dedicata-artistei-angela-pitariu-bolnavu-la-muzeul-national-al-bucovinei&#8221;]<\/p>\n","protected":false},"excerpt":{"rendered":"<p>[analyse_image type=&#8221;featured&#8221; src=&#8221;https:\/\/www.newsbucovina.ro\/wp-content\/uploads\/2026\/04\/invitatie-expo-Angela-Pitariu-Bolnavu-2026-1.jpghttps:\/\/cdn.newsbucovina.ro\/wp-content\/uploads\/2026\/04\/invitatie-expo-Angela-Pitariu-Bolnavu-2026-1.jpg&#8221;] Intr\u0103 acum \u0219i \u00een grupul de Telegram News Bucovina Muzeul Na\u021bional al Bucovinei organizeaz\u0103, \u00eencep\u00e2nd de miercuri, 6 mai 2026, o expozi\u021bie retrospectiv\u0103 dedicat\u0103 pictori\u021bei, graficienei \u0219i specialistei \u00een tapiserie Angela Pitariu Bolnavu (1956\u20132013), una dintre cele mai importante personalit\u0103\u021bi ale artei sucevene contemporane. Vernisajul va avea loc la ora 16:30, \u00een [&hellip;]<\/p>\n","protected":false},"author":1,"featured_media":0,"comment_status":"open","ping_status":"","sticky":false,"template":"","format":"standard","meta":{"footnotes":""},"categories":[89],"tags":[226,165],"class_list":["post-1905349","post","type-post","status-publish","format-standard","hentry","category-romania","tag-crawlmanager","tag-newsbucovina-ro"],"_links":{"self":[{"href":"https:\/\/analyse.optim.biz\/index.php?rest_route=\/wp\/v2\/posts\/1905349","targetHints":{"allow":["GET"]}}],"collection":[{"href":"https:\/\/analyse.optim.biz\/index.php?rest_route=\/wp\/v2\/posts"}],"about":[{"href":"https:\/\/analyse.optim.biz\/index.php?rest_route=\/wp\/v2\/types\/post"}],"author":[{"embeddable":true,"href":"https:\/\/analyse.optim.biz\/index.php?rest_route=\/wp\/v2\/users\/1"}],"replies":[{"embeddable":true,"href":"https:\/\/analyse.optim.biz\/index.php?rest_route=%2Fwp%2Fv2%2Fcomments&post=1905349"}],"version-history":[{"count":0,"href":"https:\/\/analyse.optim.biz\/index.php?rest_route=\/wp\/v2\/posts\/1905349\/revisions"}],"wp:attachment":[{"href":"https:\/\/analyse.optim.biz\/index.php?rest_route=%2Fwp%2Fv2%2Fmedia&parent=1905349"}],"wp:term":[{"taxonomy":"category","embeddable":true,"href":"https:\/\/analyse.optim.biz\/index.php?rest_route=%2Fwp%2Fv2%2Fcategories&post=1905349"},{"taxonomy":"post_tag","embeddable":true,"href":"https:\/\/analyse.optim.biz\/index.php?rest_route=%2Fwp%2Fv2%2Ftags&post=1905349"}],"curies":[{"name":"wp","href":"https:\/\/api.w.org\/{rel}","templated":true}]}}