{"id":1905244,"date":"2026-04-27T10:48:17","date_gmt":"2026-04-27T07:48:17","guid":{"rendered":"https:\/\/analyse.optim.biz\/?p=1905244"},"modified":"2026-04-27T10:48:17","modified_gmt":"2026-04-27T07:48:17","slug":"cartea-de-identitate-se-reinnoieste-mai-simplu-documentul-care-dispare-de-pe-lista-actelor-necesare-pentru","status":"publish","type":"post","link":"https:\/\/analyse.optim.biz\/?p=1905244","title":{"rendered":"Cartea de identitate se re\u00eennoie\u015fte mai simplu. Documentul care dispare de pe lista actelor necesare pentru&#8230;"},"content":{"rendered":"<p>[analyse_image type=&#8221;featured&#8221; src=&#8221;https:\/\/cdn.adh.reperio.news\/image-c\/ce556a47-52b1-4f01-9410-e25ea99c6b66\/index.jpeg?p=f%3Djpeg%26w%3D1200%26h%3D630%26r%3Dcover&#8221;]<\/p>\n<article class=\"svelte-t0js42\">\n<nav>\n<ul class=\"breadcrump svelte-xauq0s\">\n<li class=\"svelte-xauq0s\"><a href=\"\/\" title=\"Adev\u0103rul\" class=\"svelte-xauq0s\">Home<\/a><\/li>\n<li class=\"svelte-xauq0s\"><a href=\"\/stiri-interne\" class=\"svelte-xauq0s\">\u0218tiri Interne<\/a><\/li>\n<li class=\"svelte-xauq0s\"><a href=\"\/stiri-interne\/societate\" class=\"svelte-xauq0s\">Societate<\/a><\/li>\n<li class=\"svelte-xauq0s\"><a href=\"https:\/\/adevarul.ro\/stiri-interne\/societate\/cartea-de-identitate-se-reinnoieste-mai-simplu-2525500.html\" class=\"svelte-xauq0s\">Cartea de identitate se re\u00eennoie\u015fte mai simplu. Documentul care dispare de pe lista actelor necesare pentru schimbarea buletinului<\/a><\/li>\n<\/ul>\n<\/nav>\n<p><main class=\"svelte-t0js42\"><\/p>\n<p>Guvernul anun\u021b\u0103 o<br \/>\nm\u0103sur\u0103 de simplificare a procedurilor pentru re\u00eennoirea c\u0103r\u021bilor de identitate,<br \/>\n\u00een urma sesiz\u0103rilor primite de la cet\u0103\u021beni prin platforma \u201eF\u0103r\u0103 h\u00e2rtie\u201d.<\/p>\n<div class=\"container-image  svelte-jd4qiv\"><source type=\"image\/webp\" srcset=\"https:\/\/cdn.adh.reperio.news\/image-c\/ce556a47-52b1-4f01-9410-e25ea99c6b66\/index.jpeg?p=a%3D1%26co%3D1.05%26w%3D1400%26h%3D750%26r%3Dcontain%26f%3Dwebp 1400w\" media=\"(min-width: 1400px)\" \/><\/p>\n<div class=\"caption\">C\u0103r\u0163ile de identitate vor putea fi re\u00eennointe mai u\u015for. FOTO: Freepick<\/div>\n<\/div>\n<p>Certificatul de<br \/>\nna\u0219tere nu va mai fi solicitat la re\u00eennoirea c\u0103r\u021bilor electronice de identitate,<br \/>\na anun\u021bat vicepremierul Oana Gheorghiu \u00eentr-un interviu acordat<a href=\"https:\/\/www.digi24.ro\/stiri\/actualitate\/social\/schimbari-privind-reinnoirea-cartilor-de-identitate-certificatul-de-nastere-nu-va-mai-fi-necesar-la-dosar-anunta-oana-gheorghiu-3743589\" rel=\"nofollow\"> Digi24<\/a>,<br \/>\npreciz\u00e2nd c\u0103 decizia a fost luat\u0103 dup\u0103 mai multe <a href=\"https:\/\/adevarul.ro\/stiri-interne\/societate\/ce-au-reclamat-romanii-pe-platforma-fara-hartie-2513830.html\" target=\"_blank\">sesiz\u0103ri<\/a> venite din partea<br \/>\ncet\u0103\u021benilor prin platforma guvernamental\u0103 \u201eF\u0103r\u0103 h\u00e2rtie\u201d.<\/p>\n<p>Ea a explicat<br \/>\nfaptul c\u0103 m\u0103sura a fost deja transmis\u0103 c\u0103tre structurile implicate \u00een emiterea<br \/>\n<a href=\"https:\/\/adevarul.ro\/stiri-interne\/societate\/schimbarea-buletinului-in-2026-ce-trebuie-sa-stie-2524621.html\" target=\"_blank\">documentelor de identitate<\/a>, \u00een urma discu\u021biilor purtate cu Ministerul<br \/>\nAfacerilor Interne \u0219i cu punctele de lucru unde se proceseaz\u0103 solicit\u0103rile<br \/>\npentru noile c\u0103r\u021bi electronice de identitate.<\/p>\n<p><i>\u201eS-a discutat cu Ministerul Afacerilor Interne, s-a<br \/>\ncomunicat ca\u0306tre toate punctele \u00een care se emit ca\u0306rt\u0326ile electronice de<br \/>\nidentitate s\u0326i acest document nu mai este solicitat. Suntem \u00een curs cu<br \/>\nrezolvarea multor probleme. Am avut peste 4.000 de de sesiza\u0306ri pe diferite<br \/>\nteme\u201d,<\/i> a explicat Oana<br \/>\nGheorghiu.<\/p>\n<p>Decizia vine dup\u0103<br \/>\nce numero\u0219i cet\u0103\u021beni au reclamat, pe platforma \u201eF\u0103r\u0103 h\u00e2rtie\u201d, c\u0103 li se cer \u00een<br \/>\nmod repetat documente care au fost deja depuse \u0219i \u00eenregistrate la prima emitere<br \/>\na actelor de identitate, de\u0219i datele respective nu se modific\u0103 \u00een timp, cum<br \/>\neste cazul certificatului de na\u015ftere.<\/p>\n<p>Conform<br \/>\ninforma\u021biilor publicate pe platform\u0103, exist\u0103 totu\u0219i o excep\u021bie: persoanele care<br \/>\nau dob\u00e2ndit cet\u0103\u021benia rom\u00e2n\u0103 \u00eenainte de 31 martie 2025 \u0219i nu au avut anterior<br \/>\nun act de identitate emis \u00een Rom\u00e2nia trebuie s\u0103 prezinte certificatul de<br \/>\nna\u015ftere la prima solicitare.<\/p>\n<p>Vicepremierul a<br \/>\nsubliniat c\u0103 proiectul face parte dintr-un <a href=\"https:\/\/adevarul.ro\/politica\/guvernul-lanseaza-platforma-fara-hartie-ca-2512318.html\" target=\"_blank\">demers amplu <\/a>de reducere a<br \/>\nbirocra\u021biei \u0219i de digitalizare a administra\u021biei publice, \u00eens\u0103 a precizat c\u0103<br \/>\nimplementarea complet\u0103 depinde de modific\u0103ri procedurale \u0219i de colaborarea<br \/>\n\u00eentre institu\u021bii.<\/p>\n<p><i>\u201eEu cred ca\u0306 acest demers, \u00abF\u0103r\u0103 h\u00e2rtie\u00bb a fost unul<br \/>\nextraordinar de bun, de dialog cu ceta\u0306t\u0326enii s\u0326i de a pune \u00een fat\u0326a<br \/>\nautorita\u0306t\u0326ilor nevoile reale cu care se confrunta\u0306 oamenii. S\u0326i pe noi ne-a<br \/>\najutat sa\u0306 \u00eempingem unele lucruri \u00eenainte. Nu \u00eenseamna\u0306 ca\u0306 toate se vor<br \/>\nrezolva peste noapte, pentru ca\u0306 pentru unele e nevoie de digitalizare, de<br \/>\nschimbare a unor proceduri, dar suntem \u00een dialog cu multe, cu multe<br \/>\ninstitut\u0326ii, cu care \u00eencerca\u0306m sa\u0306 rezolva\u0306m problemele\u201d,<\/i> a mai declarat Oana Gheorghiu.<\/p>\n<p><\/main><\/p>\n<footer class=\"svelte-t0js42\">\n<div class=\"related-wrap related-footer svelte-1t8qpgs\"><span class=\"related-label svelte-1t8qpgs\">Cite\u0219te \u0219i<\/span><a class=\"related svelte-1t8qpgs\" data-gtrack='{\"event\":\"utm_click\",\"data\":{\"event_category\":\"article_related\"}}' href=\"https:\/\/adevarul.ro\/stiri-interne\/societate\/ministerul-de-interne-respinge-acuzatiile-privind-2483065.html\" title=\"Alt articol de interes pentru tine\"><img decoding=\"async\" class=\"thumb svelte-1t8qpgs\" src=\"https:\/\/cdn.adh.reperio.news\/image-6\/66d768a3-efe9-47f5-8bf0-35a91130f78c\/index.jpeg\" alt loading=\"lazy\" width=\"80\" height=\"54\"><span class=\"title svelte-1t8qpgs\">Ministerul de Interne respinge acuza\u021biile privind vulnerabilit\u0103\u021bi \u00een sistemul C\u0103r\u021bii Electronice de Identitate<\/span><\/a><a class=\"related svelte-1t8qpgs\" data-gtrack='{\"event\":\"utm_click\",\"data\":{\"event_category\":\"article_related\"}}' href=\"https:\/\/adevarul.ro\/stiri-interne\/societate\/problema-adresei-de-domiciliu-de-pe-noul-buletin-a-2518253.html\" title=\"Alt articol de interes pentru tine\"><img decoding=\"async\" class=\"thumb svelte-1t8qpgs\" src=\"https:\/\/cdn.adh.reperio.news\/image-0\/0913ee39-4393-491c-a654-5a710f975563\/index.jpeg\" alt loading=\"lazy\" width=\"80\" height=\"54\"><span class=\"title svelte-1t8qpgs\">Problema adresei de domiciliu de pe noul buletin a fost rezolvat\u0103: solu\u021bia Guvernului<\/span><\/a><a class=\"related svelte-1t8qpgs\" data-gtrack='{\"event\":\"utm_click\",\"data\":{\"event_category\":\"article_related\"}}' href=\"https:\/\/adevarul.ro\/stiri-interne\/societate\/schimbarea-buletinului-in-2026-ce-trebuie-sa-stie-2524621.html\" title=\"Alt articol de interes pentru tine\"><img decoding=\"async\" class=\"thumb svelte-1t8qpgs\" src=\"https:\/\/cdn.adh.reperio.news\/image-c\/ce556a47-52b1-4f01-9410-e25ea99c6b66\/index.jpeg\" alt loading=\"lazy\" width=\"80\" height=\"54\"><span class=\"title svelte-1t8qpgs\">Schimbarea buletinului \u00een 2026. Ce trebuie s\u0103 \u0219tie rom\u00e2nii despre noile c\u0103r\u021bi de identitate electronice<\/span><\/a><\/div>\n<div class=\"meta svelte-t0js42\">\n<div class=\"authors svelte-t0js42\"><a href=\"\/author\/2048\" rel=\"author\" class=\"svelte-t0js42\">Florentina Grigore<\/a><\/div>\n<div class=\"tags svelte-12okeyl\"><span class=\"tags-label metaFont svelte-12okeyl\">Cite\u0219te mai multe despre<\/span><\/p>\n<div class=\"tags-list svelte-12okeyl\"><a href=\"\/tag\/documente\" title=\"Ultimele \u0219tiri despre documente\" class=\"tag-pill svelte-12okeyl\">documente<\/a><a href=\"\/tag\/carte%20de%20identitate\" title=\"Ultimele \u0219tiri despre carte de identitate\" class=\"tag-pill svelte-12okeyl\">carte de identitate<\/a><a href=\"\/tag\/carti%20de%20identitate\" title=\"Ultimele \u0219tiri despre carti de identitate\" class=\"tag-pill svelte-12okeyl\">carti de identitate<\/a><\/div>\n<\/div>\n<\/div>\n<p><a class=\"moreFromCategory svelte-t0js42\" href=\"\/stiri-interne\/societate\" title=\"Societate\">Mai multe din <strong class=\"svelte-t0js42\">Societate<\/strong> \u203a<\/a><\/footer>\n<\/article>\n<p>[analyse_source url=&#8221;https:\/\/adevarul.ro\/stiri-interne\/societate\/cartea-de-identitate-se-reinnoieste-mai-simplu-2525500.html&#8221;]<\/p>\n","protected":false},"excerpt":{"rendered":"<p>[analyse_image type=&#8221;featured&#8221; src=&#8221;https:\/\/cdn.adh.reperio.news\/image-c\/ce556a47-52b1-4f01-9410-e25ea99c6b66\/index.jpeg?p=f%3Djpeg%26w%3D1200%26h%3D630%26r%3Dcover&#8221;] Home \u0218tiri Interne Societate Cartea de identitate se re\u00eennoie\u015fte mai simplu. Documentul care dispare de pe lista actelor necesare pentru schimbarea buletinului Guvernul anun\u021b\u0103 o m\u0103sur\u0103 de simplificare a procedurilor pentru re\u00eennoirea c\u0103r\u021bilor de identitate, \u00een urma sesiz\u0103rilor primite de la cet\u0103\u021beni prin platforma \u201eF\u0103r\u0103 h\u00e2rtie\u201d. C\u0103r\u0163ile de identitate vor putea fi [&hellip;]<\/p>\n","protected":false},"author":1,"featured_media":0,"comment_status":"open","ping_status":"","sticky":false,"template":"","format":"standard","meta":{"footnotes":""},"categories":[89],"tags":[19,226],"class_list":["post-1905244","post","type-post","status-publish","format-standard","hentry","category-romania","tag-adevarul","tag-crawlmanager"],"_links":{"self":[{"href":"https:\/\/analyse.optim.biz\/index.php?rest_route=\/wp\/v2\/posts\/1905244","targetHints":{"allow":["GET"]}}],"collection":[{"href":"https:\/\/analyse.optim.biz\/index.php?rest_route=\/wp\/v2\/posts"}],"about":[{"href":"https:\/\/analyse.optim.biz\/index.php?rest_route=\/wp\/v2\/types\/post"}],"author":[{"embeddable":true,"href":"https:\/\/analyse.optim.biz\/index.php?rest_route=\/wp\/v2\/users\/1"}],"replies":[{"embeddable":true,"href":"https:\/\/analyse.optim.biz\/index.php?rest_route=%2Fwp%2Fv2%2Fcomments&post=1905244"}],"version-history":[{"count":0,"href":"https:\/\/analyse.optim.biz\/index.php?rest_route=\/wp\/v2\/posts\/1905244\/revisions"}],"wp:attachment":[{"href":"https:\/\/analyse.optim.biz\/index.php?rest_route=%2Fwp%2Fv2%2Fmedia&parent=1905244"}],"wp:term":[{"taxonomy":"category","embeddable":true,"href":"https:\/\/analyse.optim.biz\/index.php?rest_route=%2Fwp%2Fv2%2Fcategories&post=1905244"},{"taxonomy":"post_tag","embeddable":true,"href":"https:\/\/analyse.optim.biz\/index.php?rest_route=%2Fwp%2Fv2%2Ftags&post=1905244"}],"curies":[{"name":"wp","href":"https:\/\/api.w.org\/{rel}","templated":true}]}}