{"id":1905167,"date":"2026-04-27T10:46:04","date_gmt":"2026-04-27T07:46:04","guid":{"rendered":"https:\/\/analyse.optim.biz\/?p=1905167"},"modified":"2026-04-27T10:46:04","modified_gmt":"2026-04-27T07:46:04","slug":"cseke-attila-udmr-nu-va-vota-motiunea-de-cenzura","status":"publish","type":"post","link":"https:\/\/analyse.optim.biz\/?p=1905167","title":{"rendered":"Cseke Attila: UDMR nu va vota mo\u021biunea de cenzur\u0103"},"content":{"rendered":"<p>[analyse_image type=&#8221;featured&#8221; src=&#8221;https:\/\/s.iw.ro\/gateway\/g\/ZmlsZVNvdXJjZT1odHRwJTNBJTJGJTJG\/c3RvcmFnZTA4dHJhbnNjb2Rlci5yY3Mt\/cmRzLnJvJTJGc3RvcmFnZSUyRjIwMjUl\/MkYwNyUyRjE0JTJGMjMwNTc0Nl8yMzA1\/NzQ2X1BUUTBNQ1pvWVhOb1BXVXhaVGRr\/TjJKalpqVmpNMll3T1dFeE5HUmxZV1Jo\/Tm1RelpUa3paV013X3RodW1iXy5qcGcm\/dz0xMjAwJmg9NjMwJnpjPTEmaGFzaD0x\/YWZmNDg2YTdlNzgzYzBlMDc0MzIxMjMyNDdlMzRiNQ==.thumb.jpg&#8221;]<\/p>\n<div class=\"entry data-app-meta data-app-meta-article\" data-embed-base-url-canonical=\"https:\/\/www.digi24.ro\/embed\/stiri\/actualitate\/politica\/cseke-attila-udmr-nu-va-vota-motiunea-de-cenzura-3746173\">\n<p data-index=\"1\"><strong>UDMR nu va sus\u021bine <a href=\"https:\/\/www.digi24.ro\/stiri\/actualitate\/politica\/psd-si-aur-vor-depune-motiune-de-cenzura-impotriva-guvernului-petrisor-peiu-un-demers-comun-3745683\" target=\"_blank\" rel=\"noopener\" data-skip-linkfix=\"1\">mo\u021biunea de cenzur\u0103 anun\u021bat\u0103 de PSD \u0219i AUR<\/a> \u00eempotriva Guvernului condus de Ilie Bolojan \u0219i exclude participarea \u00eentr-un executiv sus\u021binut de AUR, a declarat luni ministrul Cseke Attila.<\/strong><\/p>\n<p data-index=\"2\">Cseke Attila a subliniat c\u0103 ini\u021bierea unei mo\u021biuni reprezint\u0103 un drept constitu\u021bional al opozi\u021biei, \u00eens\u0103 a precizat ferm pozi\u021bia UDMR \u00een aceast\u0103 privin\u021b\u0103.<\/p>\n<p data-index=\"3\">\u201eEste o prerogativ\u0103 constitu\u021bional\u0103 a oric\u0103rei opozi\u021bii \u0219i vedem procedural ce se va \u00eent\u00e2mpla c\u00e2nd se introduce, c\u00e2nd se supune votului. UDMR nu va vota aceast\u0103 mo\u021biune\u201d, a spus el.<\/p>\n<p data-index=\"4\">Ministrul a reiterat c\u0103 UDMR nu poate sus\u021bine, \u00een nicio form\u0103, o guvernare sprijinit\u0103 de AUR: \u201eCeea ceea ce este sigur este c\u0103 UDMR nu poate fi cu o sus\u021binere AUR la guvernare. Asta am spus \u0219i o reiter\u0103m din nou. Deci UDMR nu poate fi \u00eentr-un guvern care ar fi votat de AUR, institu\u021bional.\u201d<\/p>\n<p data-index=\"5\">\u00centrebat dac\u0103 vede posibil\u0103 formarea unui guvern PSD\u2013AUR, Cseke Attila a evitat un r\u0103spuns direct, preciz\u00e2nd c\u0103 o astfel de ipotez\u0103 trebuie clarificat\u0103 de ini\u021biatorii mo\u021biunii: \u201eNu dorim s\u0103 ne pronun\u021b\u0103m.\u201d<\/p>\n<p> Editor : <a href=\"https:\/\/www.digi24.ro\/autor\/maria-isopescu\"> M.I. <\/a><\/p>\n<\/div>\n<p>[analyse_source url=&#8221;https:\/\/www.digi24.ro\/stiri\/actualitate\/politica\/cseke-attila-udmr-nu-va-vota-motiunea-de-cenzura-3746173&#8243;]<\/p>\n","protected":false},"excerpt":{"rendered":"<p>[analyse_image type=&#8221;featured&#8221; src=&#8221;https:\/\/s.iw.ro\/gateway\/g\/ZmlsZVNvdXJjZT1odHRwJTNBJTJGJTJG\/c3RvcmFnZTA4dHJhbnNjb2Rlci5yY3Mt\/cmRzLnJvJTJGc3RvcmFnZSUyRjIwMjUl\/MkYwNyUyRjE0JTJGMjMwNTc0Nl8yMzA1\/NzQ2X1BUUTBNQ1pvWVhOb1BXVXhaVGRr\/TjJKalpqVmpNMll3T1dFeE5HUmxZV1Jo\/Tm1RelpUa3paV013X3RodW1iXy5qcGcm\/dz0xMjAwJmg9NjMwJnpjPTEmaGFzaD0x\/YWZmNDg2YTdlNzgzYzBlMDc0MzIxMjMyNDdlMzRiNQ==.thumb.jpg&#8221;] UDMR nu va sus\u021bine mo\u021biunea de cenzur\u0103 anun\u021bat\u0103 de PSD \u0219i AUR \u00eempotriva Guvernului condus de Ilie Bolojan \u0219i exclude participarea \u00eentr-un executiv sus\u021binut de AUR, a declarat luni ministrul Cseke Attila. Cseke Attila a subliniat c\u0103 ini\u021bierea unei mo\u021biuni reprezint\u0103 un drept constitu\u021bional al opozi\u021biei, \u00eens\u0103 a precizat ferm pozi\u021bia UDMR [&hellip;]<\/p>\n","protected":false},"author":1,"featured_media":0,"comment_status":"open","ping_status":"","sticky":false,"template":"","format":"standard","meta":{"footnotes":""},"categories":[89],"tags":[226,11],"class_list":["post-1905167","post","type-post","status-publish","format-standard","hentry","category-romania","tag-crawlmanager","tag-digi24"],"_links":{"self":[{"href":"https:\/\/analyse.optim.biz\/index.php?rest_route=\/wp\/v2\/posts\/1905167","targetHints":{"allow":["GET"]}}],"collection":[{"href":"https:\/\/analyse.optim.biz\/index.php?rest_route=\/wp\/v2\/posts"}],"about":[{"href":"https:\/\/analyse.optim.biz\/index.php?rest_route=\/wp\/v2\/types\/post"}],"author":[{"embeddable":true,"href":"https:\/\/analyse.optim.biz\/index.php?rest_route=\/wp\/v2\/users\/1"}],"replies":[{"embeddable":true,"href":"https:\/\/analyse.optim.biz\/index.php?rest_route=%2Fwp%2Fv2%2Fcomments&post=1905167"}],"version-history":[{"count":0,"href":"https:\/\/analyse.optim.biz\/index.php?rest_route=\/wp\/v2\/posts\/1905167\/revisions"}],"wp:attachment":[{"href":"https:\/\/analyse.optim.biz\/index.php?rest_route=%2Fwp%2Fv2%2Fmedia&parent=1905167"}],"wp:term":[{"taxonomy":"category","embeddable":true,"href":"https:\/\/analyse.optim.biz\/index.php?rest_route=%2Fwp%2Fv2%2Fcategories&post=1905167"},{"taxonomy":"post_tag","embeddable":true,"href":"https:\/\/analyse.optim.biz\/index.php?rest_route=%2Fwp%2Fv2%2Ftags&post=1905167"}],"curies":[{"name":"wp","href":"https:\/\/api.w.org\/{rel}","templated":true}]}}