{"id":1905162,"date":"2026-04-27T10:40:50","date_gmt":"2026-04-27T07:40:50","guid":{"rendered":"https:\/\/analyse.optim.biz\/?p=1905162"},"modified":"2026-04-27T10:40:50","modified_gmt":"2026-04-27T07:40:50","slug":"brigitte-macron-sotia-presedintelui-frantei-se-declara-trista-am-vazut-intunecimea-lumii-prostia","status":"publish","type":"post","link":"https:\/\/analyse.optim.biz\/?p=1905162","title":{"rendered":"Brigitte Macron, so\u021bia pre\u0219edintelui Fran\u021bei, se declar\u0103 trist\u0103. \u201eAm v\u0103zut \u00eentunecimea lumii, prostia&#8230;"},"content":{"rendered":"<p>[analyse_image type=&#8221;featured&#8221; src=&#8221;https:\/\/s.iw.ro\/gateway\/g\/ZmlsZVNvdXJjZT1odHRwJTNBJTJGJTJG\/c3RvcmFnZTA4dHJhbnNjb2Rlci5yY3Mt\/cmRzLnJvJTJGc3RvcmFnZSUyRjIwMjYl\/MkYwNCUyRjI3JTJGMjY5OTc3NF8yNjk5\/Nzc0X0JyaWdpdHRlLU1hY3Jvbi1Gb3Rv\/LVByb2ZpbWVkaWEuanBnJnc9MTIwMCZo\/PTYzMCZ6Yz0xJmhhc2g9ZGZjYTZjNGQwZDRlOWYxNzFlODhlZTYzNzlmZmQ3MWQ=.thumb.jpg&#8221;]<\/p>\n<div class=\"entry data-app-meta data-app-meta-article\" data-embed-base-url-canonical=\"https:\/\/www.digi24.ro\/embed\/stiri\/externe\/brigitte-macron-sotia-presedintelui-frantei-se-declara-trista-am-vazut-intunecimea-lumii-prostia-rautatea-3745887\">\n<p data-index=\"1\"><strong>Popular\u0103, dar h\u0103r\u021buit\u0103 pe re\u021belele de socializare, Prima Doamn\u0103 a Fran\u021bei a trecut prin numeroase momente dificile \u00eencep\u00e2nd din 2017. Ea m\u0103rturise\u0219te c\u0103 acum are \u201emomente de pesimism\u201d. So\u0163ia pre\u015fedintelui francez Emmanuel Macron declar\u0103 c\u0103 \u201duneori este mai trist\u0103 dec\u00e2t (era) vreodat\u0103\u201d \u00eenainte s\u0103 se instaleze la Palatul \u00c9lys\u00e9e \u00eempreun\u0103 cu so\u0163ul s\u0103u, evoc\u00e2nd bilan\u0163ul personal al cel or nou\u0103 ani, \u00eentr-un interviu publicat duminic\u0103 de s\u0103pt\u0103m\u00e2nalul financiar francez <a href=\"https:\/\/www.latribune.fr\/article\/la-tribune-dimanche\/politique\/2872815627222714\/j-ai-vu-la-noirceur-du-monde-la-betise-la-mechancete-brigitte-macron-les-epreuves-du-pouvoir\" target=\"_blank\" rel=\"noopener\" data-skip-linkfix=\"1\">La Tribune<\/a>.<\/strong><\/p>\n<p data-index=\"2\">Brigitte Macron face un bilan\u021b personal al celor zece ani petrecu\u021bi la \u00c9lys\u00e9e al\u0103turi de pre\u0219edintele Emmanuel Macron. Prima Doamn\u0103 descrie o transformare profund\u0103 a rela\u021biei sale cu lumea, marcat\u0103 de o triste\u021be pe care nu o sim\u021bise niciodat\u0103 \u00eenainte de 2017.<\/p>\n<p data-index=\"3\">Fost\u0103 profesoar\u0103 de literatur\u0103 la Le Touquet, Brigitte Macron, \u00een v\u00e2rst\u0103 de 73 de ani, descrie un \u00eenainte \u0219i un dup\u0103 radical. Ea evoc\u0103 ani \u201eat\u00e2t de intensi\u201d \u00een timpul c\u0103rora spune c\u0103 a descoperit \u201e\u00eentunericul lumii, prostia, r\u0103utatea\u201d. Nu sarcina institu\u021bional\u0103 este cea pe care o men\u021bioneaz\u0103 \u00een primul r\u00e2nd, ci violen\u021ba privirii publice, \u00een special pe re\u021belele de socializare, care, potrivit ei, \u00eei afecteaz\u0103 via\u021ba de zi cu zi \u00eenc\u0103 de la alegerile preziden\u021biale din 2017.<\/p>\n<h2 id=\"highlight-3745887-1\">\u021aine un jurnal<\/h2>\n<p data-index=\"4\">Prima doamn\u0103 \u021bine un jurnal, pe care nu l-a ar\u0103tat niciodat\u0103 nim\u0103nui. \u201eUneori mi-e greu s\u0103 v\u0103d cerul albastru\u2026\u201d, recunoa\u0219te ea \u00een interviul acordat la \u00c9lys\u00e9e.<\/p>\n<p data-index=\"5\">\u00cembr\u0103cat\u0103 \u00een blugi, sub celebrul ei bob blond, se exprim\u0103 cu c\u0103ldur\u0103, rapid\u0103 \u0219i vorb\u0103rea\u021b\u0103. Care era via\u021ba ei de dinainte, mai exact? La 73 de ani ast\u0103zi, ea m\u0103rturise\u0219te: \u201e\u202f\u00cenainte, aveam o via\u021b\u0103 normal\u0103, copii, o slujb\u0103, sui\u0219uri \u0219i cobor\u00e2\u0219uri, ca toat\u0103 lumea. Aici, ace\u0219ti zece ani au trecut at\u00e2t de repede\u2026 Au fost at\u00e2t de intensi. Am v\u0103zut \u00eentunericul lumii, prostia, r\u0103utatea. Uneori sunt trist\u0103 cum nu am mai fost niciodat\u0103\u201d.<\/p>\n<p data-index=\"6\">Fosta profesoar\u0103 de francez\u0103, care a fost h\u0103r\u0163uit\u0103 pe Internet, spune c\u0103 a-\u015fi scrie g\u00e2ndurile o ajut\u0103 \u201emult\u201d.\u00a0<\/p>\n<p data-index=\"7\">Ciberh\u0103r\u021buirea de care a fost \u021binta se afl\u0103 \u00een centrul m\u0103rturiei sale. \u00cencep\u00e2nd din 2021, o teorie a conspira\u021biei care afirm\u0103 \u00een mod eronat c\u0103 s-ar fi n\u0103scut de sex masculin sub numele de Jean-Michel Trogneux \u2014 prenumele fratelui s\u0103u \u2014 s-a r\u0103sp\u00e2ndit pe internet, fiind preluat\u0103 p\u00e2n\u0103 \u00een Statele Unite de c\u0103tre personalit\u0103\u021bi precum activista conservatoare american\u0103 Candace Owens. \u201eCeea ce m\u0103 r\u0103ne\u0219te este organizarea zvonului. Ceea ce m\u0103 r\u0103ne\u0219te este ura\u201d, declar\u0103 ea \u00een interviu.<\/p>\n<h2 id=\"highlight-3745887-2\">Dreptate \u00een justi\u021bie<\/h2>\n<p data-index=\"8\">\u00cen ianuarie, mai mul\u0163i h\u0103r\u0163uitori cibernetici ai lui Brigitte Macron, acuza\u0163i de difuzare sau r\u0103sp\u00e2ndire de insulte \u015fi zvonuri legate de genul s\u0103u \u015fi de diferen\u0163a de v\u00e2rst\u0103 fa\u0163\u0103 de pre\u015fedinte, au fost condamna\u0163i la pedepse de p\u00e2n\u0103 la \u015fase luni de \u00eenchisoare, \u00eens\u0103 majoritatea au fost condamna\u0163i cu suspendare.<\/p>\n<p data-index=\"9\">Rela\u0163ia lui Emmanuel Macron, \u00een v\u00e2rst\u0103 de 48 de ani, cu so\u0163ia sa Brigitte, \u00een v\u00e2rst\u0103 de 73 de ani, pe care a cunoscut-o pe c\u00e2nd preda teatru \u00een liceul \u00een care acesta studia, face obiectul unei difuz\u0103ri masive de informa\u0163ii false, \u00eempotriva c\u0103rora cuplul s-a hot\u0103r\u00e2t p\u00e2n\u0103 la urm\u0103 s\u0103 lupte \u00een justi\u0163ie, at\u00e2t \u00een Fran\u0163a, c\u00e2t \u015fi \u00een Statel Unite.<\/p>\n<p data-index=\"10\">Brigitte Macron le-a spus anchetatorilor, atunci c\u00e2nd a depus o pl\u00e2ngere, la sf\u00e2r\u015fitul lui august 2024, c\u0103 zvonul care o prezenta ca fiind o femeie transsexual\u0103 a avut \u201eun r\u0103sunet foarte puternic\u201d at\u00e2t asupra anturajului s\u0103u, c\u00e2t \u015fi asupra sa \u00eens\u0103\u015fi.<\/p>\n<p> Editor : <a href=\"https:\/\/www.digi24.ro\/autor\/marina-constantinoiu\"> M.C <\/a><\/p>\n<\/div>\n<p>[analyse_source url=&#8221;https:\/\/www.digi24.ro\/stiri\/externe\/brigitte-macron-sotia-presedintelui-frantei-se-declara-trista-am-vazut-intunecimea-lumii-prostia-rautatea-3745887&#8243;]<\/p>\n","protected":false},"excerpt":{"rendered":"<p>[analyse_image type=&#8221;featured&#8221; src=&#8221;https:\/\/s.iw.ro\/gateway\/g\/ZmlsZVNvdXJjZT1odHRwJTNBJTJGJTJG\/c3RvcmFnZTA4dHJhbnNjb2Rlci5yY3Mt\/cmRzLnJvJTJGc3RvcmFnZSUyRjIwMjYl\/MkYwNCUyRjI3JTJGMjY5OTc3NF8yNjk5\/Nzc0X0JyaWdpdHRlLU1hY3Jvbi1Gb3Rv\/LVByb2ZpbWVkaWEuanBnJnc9MTIwMCZo\/PTYzMCZ6Yz0xJmhhc2g9ZGZjYTZjNGQwZDRlOWYxNzFlODhlZTYzNzlmZmQ3MWQ=.thumb.jpg&#8221;] Popular\u0103, dar h\u0103r\u021buit\u0103 pe re\u021belele de socializare, Prima Doamn\u0103 a Fran\u021bei a trecut prin numeroase momente dificile \u00eencep\u00e2nd din 2017. Ea m\u0103rturise\u0219te c\u0103 acum are \u201emomente de pesimism\u201d. So\u0163ia pre\u015fedintelui francez Emmanuel Macron declar\u0103 c\u0103 \u201duneori este mai trist\u0103 dec\u00e2t (era) vreodat\u0103\u201d \u00eenainte s\u0103 se instaleze la Palatul \u00c9lys\u00e9e \u00eempreun\u0103 cu so\u0163ul [&hellip;]<\/p>\n","protected":false},"author":1,"featured_media":0,"comment_status":"open","ping_status":"","sticky":false,"template":"","format":"standard","meta":{"footnotes":""},"categories":[89],"tags":[226,11],"class_list":["post-1905162","post","type-post","status-publish","format-standard","hentry","category-romania","tag-crawlmanager","tag-digi24"],"_links":{"self":[{"href":"https:\/\/analyse.optim.biz\/index.php?rest_route=\/wp\/v2\/posts\/1905162","targetHints":{"allow":["GET"]}}],"collection":[{"href":"https:\/\/analyse.optim.biz\/index.php?rest_route=\/wp\/v2\/posts"}],"about":[{"href":"https:\/\/analyse.optim.biz\/index.php?rest_route=\/wp\/v2\/types\/post"}],"author":[{"embeddable":true,"href":"https:\/\/analyse.optim.biz\/index.php?rest_route=\/wp\/v2\/users\/1"}],"replies":[{"embeddable":true,"href":"https:\/\/analyse.optim.biz\/index.php?rest_route=%2Fwp%2Fv2%2Fcomments&post=1905162"}],"version-history":[{"count":0,"href":"https:\/\/analyse.optim.biz\/index.php?rest_route=\/wp\/v2\/posts\/1905162\/revisions"}],"wp:attachment":[{"href":"https:\/\/analyse.optim.biz\/index.php?rest_route=%2Fwp%2Fv2%2Fmedia&parent=1905162"}],"wp:term":[{"taxonomy":"category","embeddable":true,"href":"https:\/\/analyse.optim.biz\/index.php?rest_route=%2Fwp%2Fv2%2Fcategories&post=1905162"},{"taxonomy":"post_tag","embeddable":true,"href":"https:\/\/analyse.optim.biz\/index.php?rest_route=%2Fwp%2Fv2%2Ftags&post=1905162"}],"curies":[{"name":"wp","href":"https:\/\/api.w.org\/{rel}","templated":true}]}}