{"id":1905071,"date":"2026-04-27T13:34:28","date_gmt":"2026-04-27T10:34:28","guid":{"rendered":"https:\/\/analyse.optim.biz\/?p=1905071"},"modified":"2026-04-27T13:34:28","modified_gmt":"2026-04-27T10:34:28","slug":"de-ciresar-musicalul-cucereste-parcul-rozelor-balul-cenusaresei","status":"publish","type":"post","link":"https:\/\/analyse.optim.biz\/?p=1905071","title":{"rendered":"De Cire\u0219ar, musicalul cucere\u0219te Parcul Rozelor. Balul Cenu\u0219\u0103resei"},"content":{"rendered":"<p>[analyse_image type=&#8221;featured&#8221; src=&#8221;https:\/\/timisplus.ro\/wp-content\/uploads\/2026\/04\/De-Ciresar-musicalul-cucereste-Parcul-Rozelor.-Balul-Cenusaresei.jpeg&#8221;]<\/p>\n<div class=\"td-post-content td-pb-padding-side\">\n<p align=\"justify\"><span><span><span><i><b>O premier\u0103 spectaculoas\u0103 sub cerul liber <\/b><\/i><\/span><\/span><\/span><\/p>\n<p align=\"justify\"><span><span><span>De Ziua Copilului, p\u0103\u0219im \u00eempreun\u0103 \u00eentr-o lume de poveste. Luni, pe 1 Iunie, de la ora 19:00, Casa de Cultur\u0103 a Municipiului transform\u0103 Teatrul de var\u0103 din Parcul Rozelor \u00eentr-un spa\u021biu feeric, care g\u0103zduie\u0219te o premier\u0103 absolut\u0103 la Timi\u0219oara: musicalul \u201eBalul Cenu\u0219\u0103resei\u201d, un eveniment care redefine\u0219te experien\u021ba scenei pentru \u00eentreaga familie.<\/span><\/span><\/span><\/p>\n<p align=\"justify\"><span><span><span><span lang=\"fr-FR\"><i><b>Arti\u0219ti de elit\u0103 pe aceea\u0219i scen\u0103 <\/b><\/i><\/span><\/span><\/span><\/span><\/p>\n<p align=\"justify\"><span><span><span><span lang=\"fr-FR\">Spectacolul reune\u0219te for\u021bele creative ale unor importante institu\u021bii culturale din ora\u0219, aduc\u00e2nd laolalt\u0103 arti\u0219ti de la Teatrul Na\u021bional \u201eMihai Eminescu\u201d, Teatrul Maghiar de Stat \u201eCsiky Gergely\u201d, Teatrul pentru Copii \u0219i Tineret \u201eMerlin\u201d, dar \u0219i actori independen\u021bi. Bazat pe o distribu\u021bie de excep\u021bie, cu muzic\u0103 original\u0103 semnat\u0103 de C\u00e1ri Tibor \u0219i o scenografie impresionant\u0103, \u201eBalul Cenu\u0219\u0103resei\u201d adapteaz\u0103 basmul clasic \u00eentr-o form\u0103 dinamic\u0103 \u0219i surprinz\u0103toare pentru publicul contemporan.<\/span><\/span><\/span><\/span><\/p>\n<p align=\"justify\"><span><span><span><span lang=\"fr-FR\"><b>Regia:<\/b><\/span><\/span><\/span><\/span><span><span><span><span lang=\"fr-FR\"> Toma Hogea <\/span><\/span><\/span><\/span><span><span><span><span lang=\"fr-FR\"><b>Scenografia:<\/b><\/span><\/span><\/span><\/span><span><span><span><span lang=\"fr-FR\">Feh\u00e9rv\u00e1ri Zsolt <\/span><\/span><\/span><\/span><span><span><span><span lang=\"fr-FR\"><b>Muzica:<\/b><\/span><\/span><\/span><\/span><span><span><span><span lang=\"fr-FR\"> C\u00e1ri Tibor <\/span><\/span><\/span><\/span><span><span><span><span lang=\"fr-FR\"><b>Coregrafia:<\/b><\/span><\/span><\/span><\/span><span><span><span><span lang=\"fr-FR\"> Bacz\u00f3 T\u00fcnde <\/span><\/span><\/span><\/span><span><span><span><span lang=\"fr-FR\"><b>Costume:<\/b><\/span><\/span><\/span><\/span><span><span><span><span lang=\"fr-FR\"> Alina L\u0103\u021ban-Samaras <\/span><\/span><\/span><\/span><span><span><span><span lang=\"fr-FR\"><b>Distribu\u021bia:<\/b><\/span><\/span><\/span><\/span><span><span><span><span lang=\"fr-FR\"> Casiana Cioat\u0103, Alina Mihoca\u0219, Alina Spiridon, Christine Manoila, M\u0103d\u0103lina Ghi\u021bescu, Patricia Gavril-Chifu, Etelka Magyari, Lucian Matei, Marin Lupanciuc, Raul L\u0103z\u0103rescu, Ioan Codrea.<\/span><\/span><\/span><\/span><\/p>\n<p align=\"justify\"><span><span><span><span lang=\"fr-FR\"><i><b>Viziunea regizoral\u0103 \u0219i magia spectacolului <\/b><\/i><\/span><\/span><\/span><\/span><\/p>\n<p align=\"justify\"><span>\u201e<span><span><span lang=\"fr-FR\">Balul Cenu\u0219\u0103resei\u201d este un spectacol deschis, modern \u0219i ingenios, care aduce la ramp\u0103 o prospe\u021bime aparte. Estetica scenic\u0103 deosebit\u0103, inventivitatea spa\u021biului de joc \u0219i explozia de culoare a costumelor sunt concepute pentru a crea o atmosfer\u0103 memorabil\u0103. Muzica original\u0103, partiturile coregrafice \u0219i crea\u021biile actorice\u0219ti se \u00eempletesc pentru a oferi vizitatorilor savoarea unui adev\u0103rat bal.\u201d, m\u0103rturise\u0219te regizorul Toma Hogea.<\/span><\/span><\/span><\/span><\/p>\n<p align=\"justify\"><span><span><span><span lang=\"fr-FR\"><i><b>O celebrare a copil\u0103riei, \u00een comunitate <\/b><\/i><\/span><\/span><\/span><\/span><\/p>\n<p align=\"justify\"><span><span><span><span lang=\"fr-FR\">Dep\u0103\u0219ind barierele basmului tradi\u021bional, aceast\u0103 produc\u021bie, inclus\u0103 \u00een programul de <\/span><\/span><\/span><\/span><span><span><span><span lang=\"fr-FR\">Cire<\/span><\/span><\/span><\/span><span><span><span lang=\"fr-FR\"><i><b>\u0219<\/b><\/i><\/span><\/span><\/span><span><span><span><span lang=\"fr-FR\">ar<\/span><\/span><\/span><\/span><span><span><span><span lang=\"fr-FR\">, dedicat zilei de 1 Iunie,<\/span><\/span><\/span><\/span><span><span><span><span lang=\"fr-FR\"> se dore\u0219te a fi o celebrare a copil\u0103riei din \u00eentreaga comunitate timi\u0219orean\u0103. \u00centr-un spa\u021biu emblematic pentru ora\u0219, spectacolul va r\u0103m\u00e2ne, cu siguran\u021b\u0103, \u00een inimile celor prezen\u021bi, transform\u00e2nd o sear\u0103 de var\u0103 \u00eentr-o amintire magic\u0103 pentru \u00eentreaga familie.<\/span><\/span><\/span><\/span><\/p>\n<p align=\"justify\"><span><span><span><span lang=\"fr-FR\"><i><b>De unde \u0219i cum cump\u0103r\u0103m bilete\u00a0?<\/b><\/i><\/span><\/span><\/span><\/span><\/p>\n<p align=\"justify\"><span><span><span><span lang=\"fr-FR\">Biletele pot fi achizi\u021bionate online, pe www.bilete.ro sau direct, la sediul Casei de Cultur\u0103 a Municipiului Timi\u0219oara (Str. Miron Costin, nr. 2), de luni p\u00e2n\u0103 vineri, \u00eentre orele 9:00 \u0219i 16:00.<\/span><\/span><\/span><\/span><\/p>\n<p align=\"justify\"><span><span><span><span lang=\"fr-FR\">Pre\u021bul unui bilet este de 60 lei pentru adul\u021bi \u0219i 40 lei pentru copii. <\/span><\/span><\/span><\/span><\/p>\n<\/div>\n<p>[analyse_source url=&#8221;https:\/\/timisplus.ro\/de-ciresar-musicalul-cucereste-parcul-rozelor-balul-cenusaresei\/&#8221;]<\/p>\n","protected":false},"excerpt":{"rendered":"<p>[analyse_image type=&#8221;featured&#8221; src=&#8221;https:\/\/timisplus.ro\/wp-content\/uploads\/2026\/04\/De-Ciresar-musicalul-cucereste-Parcul-Rozelor.-Balul-Cenusaresei.jpeg&#8221;] O premier\u0103 spectaculoas\u0103 sub cerul liber De Ziua Copilului, p\u0103\u0219im \u00eempreun\u0103 \u00eentr-o lume de poveste. Luni, pe 1 Iunie, de la ora 19:00, Casa de Cultur\u0103 a Municipiului transform\u0103 Teatrul de var\u0103 din Parcul Rozelor \u00eentr-un spa\u021biu feeric, care g\u0103zduie\u0219te o premier\u0103 absolut\u0103 la Timi\u0219oara: musicalul \u201eBalul Cenu\u0219\u0103resei\u201d, un eveniment care redefine\u0219te [&hellip;]<\/p>\n","protected":false},"author":1,"featured_media":0,"comment_status":"open","ping_status":"","sticky":false,"template":"","format":"standard","meta":{"footnotes":""},"categories":[89],"tags":[226,195],"class_list":["post-1905071","post","type-post","status-publish","format-standard","hentry","category-romania","tag-crawlmanager","tag-timisplus-ro"],"_links":{"self":[{"href":"https:\/\/analyse.optim.biz\/index.php?rest_route=\/wp\/v2\/posts\/1905071","targetHints":{"allow":["GET"]}}],"collection":[{"href":"https:\/\/analyse.optim.biz\/index.php?rest_route=\/wp\/v2\/posts"}],"about":[{"href":"https:\/\/analyse.optim.biz\/index.php?rest_route=\/wp\/v2\/types\/post"}],"author":[{"embeddable":true,"href":"https:\/\/analyse.optim.biz\/index.php?rest_route=\/wp\/v2\/users\/1"}],"replies":[{"embeddable":true,"href":"https:\/\/analyse.optim.biz\/index.php?rest_route=%2Fwp%2Fv2%2Fcomments&post=1905071"}],"version-history":[{"count":0,"href":"https:\/\/analyse.optim.biz\/index.php?rest_route=\/wp\/v2\/posts\/1905071\/revisions"}],"wp:attachment":[{"href":"https:\/\/analyse.optim.biz\/index.php?rest_route=%2Fwp%2Fv2%2Fmedia&parent=1905071"}],"wp:term":[{"taxonomy":"category","embeddable":true,"href":"https:\/\/analyse.optim.biz\/index.php?rest_route=%2Fwp%2Fv2%2Fcategories&post=1905071"},{"taxonomy":"post_tag","embeddable":true,"href":"https:\/\/analyse.optim.biz\/index.php?rest_route=%2Fwp%2Fv2%2Ftags&post=1905071"}],"curies":[{"name":"wp","href":"https:\/\/api.w.org\/{rel}","templated":true}]}}