{"id":1905051,"date":"2026-04-27T13:15:36","date_gmt":"2026-04-27T10:15:36","guid":{"rendered":"https:\/\/analyse.optim.biz\/?p=1905051"},"modified":"2026-04-27T13:15:36","modified_gmt":"2026-04-27T10:15:36","slug":"masini-avariate-in-suceava-de-bucati-de-tencuiala-cazute-de-la-un-bloc-stiri-suceava","status":"publish","type":"post","link":"https:\/\/analyse.optim.biz\/?p=1905051","title":{"rendered":"Ma\u0219ini avariate, \u00een Suceava, de buc\u0103\u021bi de tencuial\u0103 c\u0103zute de la un bloc &#8211; Stiri Suceava"},"content":{"rendered":"<p>[analyse_image type=&#8221;featured&#8221; src=&#8221;https:\/\/www.informatiata.ro\/wp-content\/uploads\/2026\/04\/IMG-20260426-WA0065-768&#215;1024.jpg&#8221;]<\/p>\n<div class=\"td-post-content tagdiv-type\">\n<div class=\"td-post-featured-image\"><a href=\"https:\/\/www.informatiata.ro\/wp-content\/uploads\/2026\/04\/IMG-20260426-WA0065-scaled.jpg\" data-caption><img loading=\"lazy\" decoding=\"async\" width=\"696\" height=\"928\" class=\"entry-thumb td-modal-image\" src=\"https:\/\/www.informatiata.ro\/wp-content\/uploads\/2026\/04\/IMG-20260426-WA0065-696x928.jpg\" alt title=\"IMG-20260426-WA0065\"><img loading=\"lazy\" decoding=\"async\" width=\"696\" height=\"928\" class=\"entry-thumb td-modal-image\" src=\"https:\/\/www.informatiata.ro\/wp-content\/uploads\/2026\/04\/IMG-20260426-WA0065-696x928.jpg\" alt title=\"IMG-20260426-WA0065\"><\/a><\/div>\n<p>Ma\u0219ini avariate, \u00een Suceava, de buc\u0103\u021bi de tencuial\u0103 c\u0103zute de la un bloc. Incidentul s-a petrecut \u00een cartierul Obcini, duminic\u0103, pe timpul codului de v\u00e2nt puternic. <\/p>\n<p>Un localnic a sunat la 112 iar la fa\u021ba locului, pe strada Sl\u0103tioarei, sau fost identificate de poli\u021bi\u0219ti trei ma\u0219ini avariate, toate parcate l\u00e2ng\u0103 un bloc. <\/p>\n<div class=\"td-a-rec td-a-rec-id-content_inlineright  tdi_6 td_block_template_1\"><img loading=\"lazy\" decoding=\"async\" class=\"aligncenter size-full wp-image-64758\" src=\"https:\/\/www.informatiata.ro\/wp-content\/uploads\/2026\/04\/SAVCOM-14.gif\" alt width=\"299\" height=\"250\"><img loading=\"lazy\" decoding=\"async\" class=\"aligncenter size-full wp-image-64758\" src=\"https:\/\/www.informatiata.ro\/wp-content\/uploads\/2026\/04\/SAVCOM-14.gif\" alt width=\"299\" height=\"250\"><img loading=\"lazy\" decoding=\"async\" class=\"aligncenter size-full wp-image-64759\" src=\"https:\/\/www.informatiata.ro\/wp-content\/uploads\/2026\/04\/FACOS-12.gif\" alt width=\"300\" height=\"250\"><img loading=\"lazy\" decoding=\"async\" class=\"aligncenter size-full wp-image-64759\" src=\"https:\/\/www.informatiata.ro\/wp-content\/uploads\/2026\/04\/FACOS-12.gif\" alt width=\"300\" height=\"250\"><\/div>\n<p>Buc\u0103\u021bi din fa\u021bada cl\u0103dirii s-au desprins \u0219i au c\u0103zut peste vehiculele parcate. <\/p>\n<p>Proprietari madinilor au fost \u00eendruma\u021bi sa se prezinte la sediul Poli\u021biei Municipiului Suceava pentru a li se elibera autorizatie de repara\u021bie pentru avariile produse.<\/p>\n<p>Totodata, p\u0103rtile v\u0103t\u0103mate au fost indrumate s\u0103 se adreseze pe cale civil\u0103 \u00een vederea desp\u0103gubirii.<\/p>\n<div class=\"td-a-rec td-a-rec-id-content_bottom  tdi_7 td_block_template_1\"><img loading=\"lazy\" decoding=\"async\" class=\"aligncenter size-full wp-image-64758\" src=\"https:\/\/www.informatiata.ro\/wp-content\/uploads\/2026\/04\/SAVCOM-14.gif\" alt width=\"299\" height=\"250\"><img loading=\"lazy\" decoding=\"async\" class=\"aligncenter size-full wp-image-64758\" src=\"https:\/\/www.informatiata.ro\/wp-content\/uploads\/2026\/04\/SAVCOM-14.gif\" alt width=\"299\" height=\"250\"><img loading=\"lazy\" decoding=\"async\" class=\"aligncenter size-full wp-image-64759\" src=\"https:\/\/www.informatiata.ro\/wp-content\/uploads\/2026\/04\/FACOS-12.gif\" alt width=\"300\" height=\"250\"><img loading=\"lazy\" decoding=\"async\" class=\"aligncenter size-full wp-image-64759\" src=\"https:\/\/www.informatiata.ro\/wp-content\/uploads\/2026\/04\/FACOS-12.gif\" alt width=\"300\" height=\"250\"><\/div>\n<\/div>\n<p>[analyse_source url=&#8221;https:\/\/www.informatiata.ro\/suceava-masini-avariate-de-bucati-fatada\/&#8221;]<\/p>\n","protected":false},"excerpt":{"rendered":"<p>[analyse_image type=&#8221;featured&#8221; src=&#8221;https:\/\/www.informatiata.ro\/wp-content\/uploads\/2026\/04\/IMG-20260426-WA0065-768&#215;1024.jpg&#8221;] Ma\u0219ini avariate, \u00een Suceava, de buc\u0103\u021bi de tencuial\u0103 c\u0103zute de la un bloc. Incidentul s-a petrecut \u00een cartierul Obcini, duminic\u0103, pe timpul codului de v\u00e2nt puternic. Un localnic a sunat la 112 iar la fa\u021ba locului, pe strada Sl\u0103tioarei, sau fost identificate de poli\u021bi\u0219ti trei ma\u0219ini avariate, toate parcate l\u00e2ng\u0103 un bloc. [&hellip;]<\/p>\n","protected":false},"author":1,"featured_media":0,"comment_status":"open","ping_status":"","sticky":false,"template":"","format":"standard","meta":{"footnotes":""},"categories":[89],"tags":[226,167],"class_list":["post-1905051","post","type-post","status-publish","format-standard","hentry","category-romania","tag-crawlmanager","tag-informatiata-ro"],"_links":{"self":[{"href":"https:\/\/analyse.optim.biz\/index.php?rest_route=\/wp\/v2\/posts\/1905051","targetHints":{"allow":["GET"]}}],"collection":[{"href":"https:\/\/analyse.optim.biz\/index.php?rest_route=\/wp\/v2\/posts"}],"about":[{"href":"https:\/\/analyse.optim.biz\/index.php?rest_route=\/wp\/v2\/types\/post"}],"author":[{"embeddable":true,"href":"https:\/\/analyse.optim.biz\/index.php?rest_route=\/wp\/v2\/users\/1"}],"replies":[{"embeddable":true,"href":"https:\/\/analyse.optim.biz\/index.php?rest_route=%2Fwp%2Fv2%2Fcomments&post=1905051"}],"version-history":[{"count":0,"href":"https:\/\/analyse.optim.biz\/index.php?rest_route=\/wp\/v2\/posts\/1905051\/revisions"}],"wp:attachment":[{"href":"https:\/\/analyse.optim.biz\/index.php?rest_route=%2Fwp%2Fv2%2Fmedia&parent=1905051"}],"wp:term":[{"taxonomy":"category","embeddable":true,"href":"https:\/\/analyse.optim.biz\/index.php?rest_route=%2Fwp%2Fv2%2Fcategories&post=1905051"},{"taxonomy":"post_tag","embeddable":true,"href":"https:\/\/analyse.optim.biz\/index.php?rest_route=%2Fwp%2Fv2%2Ftags&post=1905051"}],"curies":[{"name":"wp","href":"https:\/\/api.w.org\/{rel}","templated":true}]}}