{"id":1905032,"date":"2026-04-24T10:42:27","date_gmt":"2026-04-24T07:42:27","guid":{"rendered":"https:\/\/analyse.optim.biz\/?p=1905032"},"modified":"2026-04-24T10:42:27","modified_gmt":"2026-04-24T07:42:27","slug":"se-impart-biletele-de-tratament-pensionarilor","status":"publish","type":"post","link":"https:\/\/analyse.optim.biz\/?p=1905032","title":{"rendered":"SE \u00ceMPART BILETELE DE TRATAMENT PENSIONARILOR"},"content":{"rendered":"<p>[analyse_image type=&#8221;featured&#8221; src=&#8221;https:\/\/newss.ro\/wp-content\/uploads\/2026\/04\/bilete-tratament-penionari.jpg&#8221;]<\/p>\n<div class=\"td-post-content\">\n<div class=\"td-post-featured-image\"><a href=\"https:\/\/newss.ro\/wp-content\/uploads\/2026\/04\/bilete-tratament-penionari.jpg\" data-caption><img loading=\"lazy\" decoding=\"async\" width=\"696\" height=\"419\" class=\"entry-thumb td-modal-image\" src=\"https:\/\/newss.ro\/wp-content\/uploads\/2026\/04\/bilete-tratament-penionari-696x419.jpg\" alt title=\"bilete tratament penionari\"><\/a><\/div>\n<p>Biletele de tratament balnear au \u00eenceput s\u0103 fie distribuite \u0219i \u00een jude\u021bul Buz\u0103u. Prima serie \u00eencepe luni, 27 aprilie, dar biletele au ajuns \u00een teritoriu pe 22 aprilie. Din acest motiv distribuirea se face contracronometru. Pentru jude\u021bul Buz\u0103u au fost alocate 92 de bilete, beneficiarii put\u00e2nd alege sta\u021biuni precum Covasna, Amara, Lacu S\u0103rat sau Pucioasa, \u00eens\u0103 locurile sunt limitate.<\/p>\n<p>Cele mai multe bilete, 76, sunt destinate sta\u021biunii S\u0103rata Monteoru. Urm\u0103toarea serie de tratament este programat\u0103 s\u0103 \u00eenceap\u0103 pe 13 mai, urm\u00e2nd ca num\u0103rul de bilete s\u0103 fie stabilit \u00een perioada urm\u0103toare.<\/p>\n<p>Casei de Pensii Buz\u0103u are deja \u00eenregistrate aproape 2 400 de cereri, din partea buzoienilor care vor s\u0103 plece la tratament.<\/p>\n<\/div>\n<div class=\"td-post-content\">\n<div class=\"td-post-featured-image\"><a href=\"https:\/\/newss.ro\/wp-content\/uploads\/2026\/04\/bilete-tratament-penionari.jpg\" data-caption><img loading=\"lazy\" decoding=\"async\" width=\"696\" height=\"419\" class=\"entry-thumb td-modal-image\" src=\"https:\/\/newss.ro\/wp-content\/uploads\/2026\/04\/bilete-tratament-penionari-696x419.jpg\" alt title=\"bilete tratament penionari\"><\/a><\/div>\n<p>Biletele de tratament balnear au \u00eenceput s\u0103 fie distribuite \u0219i \u00een jude\u021bul Buz\u0103u. Prima serie \u00eencepe luni, 27 aprilie, dar biletele au ajuns \u00een teritoriu pe 22 aprilie. Din acest motiv distribuirea se face contracronometru. Pentru jude\u021bul Buz\u0103u au fost alocate 92 de bilete, beneficiarii put\u00e2nd alege sta\u021biuni precum Covasna, Amara, Lacu S\u0103rat sau Pucioasa, \u00eens\u0103 locurile sunt limitate.<\/p>\n<p>Cele mai multe bilete, 76, sunt destinate sta\u021biunii S\u0103rata Monteoru. Urm\u0103toarea serie de tratament este programat\u0103 s\u0103 \u00eenceap\u0103 pe 13 mai, urm\u00e2nd ca num\u0103rul de bilete s\u0103 fie stabilit \u00een perioada urm\u0103toare.<\/p>\n<p>Casei de Pensii Buz\u0103u are deja \u00eenregistrate aproape 2 400 de cereri, din partea buzoienilor care vor s\u0103 plece la tratament.<\/p>\n<\/div>\n<p>[analyse_source url=&#8221;https:\/\/newss.ro\/2026\/04\/24\/se-impart-biletele-de-tratament-pensionarilor\/&#8221;]<\/p>\n","protected":false},"excerpt":{"rendered":"<p>[analyse_image type=&#8221;featured&#8221; src=&#8221;https:\/\/newss.ro\/wp-content\/uploads\/2026\/04\/bilete-tratament-penionari.jpg&#8221;] Biletele de tratament balnear au \u00eenceput s\u0103 fie distribuite \u0219i \u00een jude\u021bul Buz\u0103u. Prima serie \u00eencepe luni, 27 aprilie, dar biletele au ajuns \u00een teritoriu pe 22 aprilie. Din acest motiv distribuirea se face contracronometru. Pentru jude\u021bul Buz\u0103u au fost alocate 92 de bilete, beneficiarii put\u00e2nd alege sta\u021biuni precum Covasna, Amara, Lacu [&hellip;]<\/p>\n","protected":false},"author":1,"featured_media":0,"comment_status":"open","ping_status":"","sticky":false,"template":"","format":"standard","meta":{"footnotes":""},"categories":[2],"tags":[226,73],"class_list":["post-1905032","post","type-post","status-publish","format-standard","hentry","category-politics","tag-crawlmanager","tag-newss-ro"],"_links":{"self":[{"href":"https:\/\/analyse.optim.biz\/index.php?rest_route=\/wp\/v2\/posts\/1905032","targetHints":{"allow":["GET"]}}],"collection":[{"href":"https:\/\/analyse.optim.biz\/index.php?rest_route=\/wp\/v2\/posts"}],"about":[{"href":"https:\/\/analyse.optim.biz\/index.php?rest_route=\/wp\/v2\/types\/post"}],"author":[{"embeddable":true,"href":"https:\/\/analyse.optim.biz\/index.php?rest_route=\/wp\/v2\/users\/1"}],"replies":[{"embeddable":true,"href":"https:\/\/analyse.optim.biz\/index.php?rest_route=%2Fwp%2Fv2%2Fcomments&post=1905032"}],"version-history":[{"count":0,"href":"https:\/\/analyse.optim.biz\/index.php?rest_route=\/wp\/v2\/posts\/1905032\/revisions"}],"wp:attachment":[{"href":"https:\/\/analyse.optim.biz\/index.php?rest_route=%2Fwp%2Fv2%2Fmedia&parent=1905032"}],"wp:term":[{"taxonomy":"category","embeddable":true,"href":"https:\/\/analyse.optim.biz\/index.php?rest_route=%2Fwp%2Fv2%2Fcategories&post=1905032"},{"taxonomy":"post_tag","embeddable":true,"href":"https:\/\/analyse.optim.biz\/index.php?rest_route=%2Fwp%2Fv2%2Ftags&post=1905032"}],"curies":[{"name":"wp","href":"https:\/\/api.w.org\/{rel}","templated":true}]}}