{"id":1905030,"date":"2026-04-24T12:07:21","date_gmt":"2026-04-24T09:07:21","guid":{"rendered":"https:\/\/analyse.optim.biz\/?p=1905030"},"modified":"2026-04-24T12:07:21","modified_gmt":"2026-04-24T09:07:21","slug":"cod-galben-de-vant-puternic","status":"publish","type":"post","link":"https:\/\/analyse.optim.biz\/?p=1905030","title":{"rendered":"COD GALBEN DE V\u00c2NT PUTERNIC"},"content":{"rendered":"<p>[analyse_image type=&#8221;featured&#8221; src=&#8221;https:\/\/newss.ro\/wp-content\/uploads\/2016\/05\/vant-puternic.jpg&#8221;]<\/p>\n<div class=\"td-post-content\">\n<div class=\"td-post-featured-image\"><a href=\"https:\/\/newss.ro\/wp-content\/uploads\/2016\/05\/vant-puternic.jpg\" data-caption><img loading=\"lazy\" decoding=\"async\" width=\"696\" height=\"464\" class=\"entry-thumb td-modal-image\" src=\"https:\/\/newss.ro\/wp-content\/uploads\/2016\/05\/vant-puternic-696x464.jpg\" alt title=\"vant-puternic\"><\/a><\/div>\n<p>Administra\u021bia Na\u021bional\u0103 de Meteorologie a emis, vineri, o aten\u021bionare Cod galben de intensific\u0103ri ale v\u00e2ntului, valabil\u0103 pe parcursul zilei \u00een zone din 21 de jude\u021be.<\/p>\n<p>Avertizarea este \u00een vigoare p\u00e2n\u0103 disear\u0103, la ora 21:00. \u00cen nordul, estul \u0219i sud-estul Transilvaniei, nord-estul Moldovei \u0219i vestul Olteniei, v\u00e2ntul va avea intensific\u0103ri cu viteze de 50\u201365 km\/h.<\/p>\n<p>La munte, \u00een Carpa\u021bii Meridionali \u0219i de Curbur\u0103, rafalele vor fi mai puternice \u0219i pot ajunge la 70\u201390 km\/h.<\/p>\n<p>Jude\u021bele vizate de codul galben sunt Alba, Arge\u0219, Bistri\u021ba-N\u0103s\u0103ud, Boto\u0219ani, Bra\u0219ov, Buz\u0103u, Cluj, Cara\u0219-Severin, Covasna, D\u00e2mbovi\u021ba, Gorj, Hunedoara, Harghita, Ia\u0219i, Mehedin\u021bi, Mure\u0219, Prahova, Sibiu, Suceava, V\u00e2lcea \u0219i Vrancea.<\/p>\n<p>ANM precizeaz\u0103 c\u0103 intensific\u0103ri temporare ale v\u00e2ntului vor fi semnalate \u0219i \u00een restul \u021b\u0103rii, cu viteze \u00een general de 40\u201345 km\/h.<\/p>\n<p>Din punct de vedere al vremii, ast\u0103zi, dar \u0219i \u00een weekend, vom avea parte de o vreme \u00een general frumoas\u0103, cu cer variabil, chiar mai mult senin pe parcursul zilelor de s\u00e2mb\u0103t\u0103 \u0219i duminic\u0103.<\/p>\n<p>Este \u00eens\u0103 foarte important de precizat c\u0103 duminic\u0103 vremea va fi v\u00e2ntoas\u0103 \u00een cea mai mare parte a \u021b\u0103rii.<br \/>\nCele mai mari viteze la rafal\u0103, care vor dep\u0103\u0219i 55\u201365 km\/h, se vor \u00eenregistra \u00een nordul, centrul \u0219i estul teritoriului.<\/p>\n<p>\u00a0<\/p>\n<\/div>\n<div class=\"td-post-content\">\n<div class=\"td-post-featured-image\"><a href=\"https:\/\/newss.ro\/wp-content\/uploads\/2016\/05\/vant-puternic.jpg\" data-caption><img loading=\"lazy\" decoding=\"async\" width=\"696\" height=\"464\" class=\"entry-thumb td-modal-image\" src=\"https:\/\/newss.ro\/wp-content\/uploads\/2016\/05\/vant-puternic-696x464.jpg\" alt title=\"vant-puternic\"><\/a><\/div>\n<p>Administra\u021bia Na\u021bional\u0103 de Meteorologie a emis, vineri, o aten\u021bionare Cod galben de intensific\u0103ri ale v\u00e2ntului, valabil\u0103 pe parcursul zilei \u00een zone din 21 de jude\u021be.<\/p>\n<p>Avertizarea este \u00een vigoare p\u00e2n\u0103 disear\u0103, la ora 21:00. \u00cen nordul, estul \u0219i sud-estul Transilvaniei, nord-estul Moldovei \u0219i vestul Olteniei, v\u00e2ntul va avea intensific\u0103ri cu viteze de 50\u201365 km\/h.<\/p>\n<p>La munte, \u00een Carpa\u021bii Meridionali \u0219i de Curbur\u0103, rafalele vor fi mai puternice \u0219i pot ajunge la 70\u201390 km\/h.<\/p>\n<p>Jude\u021bele vizate de codul galben sunt Alba, Arge\u0219, Bistri\u021ba-N\u0103s\u0103ud, Boto\u0219ani, Bra\u0219ov, Buz\u0103u, Cluj, Cara\u0219-Severin, Covasna, D\u00e2mbovi\u021ba, Gorj, Hunedoara, Harghita, Ia\u0219i, Mehedin\u021bi, Mure\u0219, Prahova, Sibiu, Suceava, V\u00e2lcea \u0219i Vrancea.<\/p>\n<p>ANM precizeaz\u0103 c\u0103 intensific\u0103ri temporare ale v\u00e2ntului vor fi semnalate \u0219i \u00een restul \u021b\u0103rii, cu viteze \u00een general de 40\u201345 km\/h.<\/p>\n<p>Din punct de vedere al vremii, ast\u0103zi, dar \u0219i \u00een weekend, vom avea parte de o vreme \u00een general frumoas\u0103, cu cer variabil, chiar mai mult senin pe parcursul zilelor de s\u00e2mb\u0103t\u0103 \u0219i duminic\u0103.<\/p>\n<p>Este \u00eens\u0103 foarte important de precizat c\u0103 duminic\u0103 vremea va fi v\u00e2ntoas\u0103 \u00een cea mai mare parte a \u021b\u0103rii.<br \/>\nCele mai mari viteze la rafal\u0103, care vor dep\u0103\u0219i 55\u201365 km\/h, se vor \u00eenregistra \u00een nordul, centrul \u0219i estul teritoriului.<\/p>\n<p>\u00a0<\/p>\n<\/div>\n<p>[analyse_source url=&#8221;https:\/\/newss.ro\/2026\/04\/24\/cod-galben-de-vant-puternic\/&#8221;]<\/p>\n","protected":false},"excerpt":{"rendered":"<p>[analyse_image type=&#8221;featured&#8221; src=&#8221;https:\/\/newss.ro\/wp-content\/uploads\/2016\/05\/vant-puternic.jpg&#8221;] Administra\u021bia Na\u021bional\u0103 de Meteorologie a emis, vineri, o aten\u021bionare Cod galben de intensific\u0103ri ale v\u00e2ntului, valabil\u0103 pe parcursul zilei \u00een zone din 21 de jude\u021be. Avertizarea este \u00een vigoare p\u00e2n\u0103 disear\u0103, la ora 21:00. \u00cen nordul, estul \u0219i sud-estul Transilvaniei, nord-estul Moldovei \u0219i vestul Olteniei, v\u00e2ntul va avea intensific\u0103ri cu viteze de [&hellip;]<\/p>\n","protected":false},"author":1,"featured_media":0,"comment_status":"open","ping_status":"","sticky":false,"template":"","format":"standard","meta":{"footnotes":""},"categories":[2],"tags":[226,73],"class_list":["post-1905030","post","type-post","status-publish","format-standard","hentry","category-politics","tag-crawlmanager","tag-newss-ro"],"_links":{"self":[{"href":"https:\/\/analyse.optim.biz\/index.php?rest_route=\/wp\/v2\/posts\/1905030","targetHints":{"allow":["GET"]}}],"collection":[{"href":"https:\/\/analyse.optim.biz\/index.php?rest_route=\/wp\/v2\/posts"}],"about":[{"href":"https:\/\/analyse.optim.biz\/index.php?rest_route=\/wp\/v2\/types\/post"}],"author":[{"embeddable":true,"href":"https:\/\/analyse.optim.biz\/index.php?rest_route=\/wp\/v2\/users\/1"}],"replies":[{"embeddable":true,"href":"https:\/\/analyse.optim.biz\/index.php?rest_route=%2Fwp%2Fv2%2Fcomments&post=1905030"}],"version-history":[{"count":0,"href":"https:\/\/analyse.optim.biz\/index.php?rest_route=\/wp\/v2\/posts\/1905030\/revisions"}],"wp:attachment":[{"href":"https:\/\/analyse.optim.biz\/index.php?rest_route=%2Fwp%2Fv2%2Fmedia&parent=1905030"}],"wp:term":[{"taxonomy":"category","embeddable":true,"href":"https:\/\/analyse.optim.biz\/index.php?rest_route=%2Fwp%2Fv2%2Fcategories&post=1905030"},{"taxonomy":"post_tag","embeddable":true,"href":"https:\/\/analyse.optim.biz\/index.php?rest_route=%2Fwp%2Fv2%2Ftags&post=1905030"}],"curies":[{"name":"wp","href":"https:\/\/api.w.org\/{rel}","templated":true}]}}