{"id":1904987,"date":"2026-04-27T06:28:28","date_gmt":"2026-04-27T03:28:28","guid":{"rendered":"https:\/\/analyse.optim.biz\/?p=1904987"},"modified":"2026-04-27T06:28:28","modified_gmt":"2026-04-27T03:28:28","slug":"atac-masiv-asupra-odesei-hotel-si-cladiri-inalte-avariate-printre-raniti-se-numara-si-copii","status":"publish","type":"post","link":"https:\/\/analyse.optim.biz\/?p=1904987","title":{"rendered":"Atac masiv asupra Odesei: hotel \u0219i cl\u0103diri \u00eenalte avariate, printre r\u0103ni\u021bi se num\u0103r\u0103 \u0219i copii"},"content":{"rendered":"<p>[analyse_image type=&#8221;featured&#8221; src=&#8221;https:\/\/cdn.adh.reperio.news\/image-c\/c4099dc6-b50d-4d6c-a121-a90e2293e6fd\/index.jpeg?p=f%3Djpeg%26w%3D1200%26h%3D630%26r%3Dcover&#8221;]<\/p>\n<article class=\"svelte-t0js42\">\n<nav>\n<ul class=\"breadcrump svelte-xauq0s\">\n<li class=\"svelte-xauq0s\"><a href=\"\/\" title=\"Adev\u0103rul\" class=\"svelte-xauq0s\">Home<\/a><\/li>\n<li class=\"svelte-xauq0s\"><a href=\"\/stiri-externe\" class=\"svelte-xauq0s\">\u0218tiri Externe<\/a><\/li>\n<li class=\"svelte-xauq0s\"><a href=\"\/stiri-externe\/europa\" class=\"svelte-xauq0s\">Europa<\/a><\/li>\n<li class=\"svelte-xauq0s\"><a href=\"https:\/\/adevarul.ro\/stiri-externe\/europa\/atac-masiv-asupra-odesei-hotel-si-cladiri-inalte-2525418.html\" class=\"svelte-xauq0s\"> Atac masiv asupra Odesei: hotel \u0219i cl\u0103diri \u00eenalte avariate, printre r\u0103ni\u021bi se num\u0103r\u0103 \u0219i copii<\/a><\/li>\n<\/ul>\n<\/nav>\n<p><main class=\"svelte-t0js42\"><\/p>\n<p>Un atac masiv cu drone lansat de for\u021bele ruse \u00een noaptea de 27 aprilie a vizat zone reziden\u021biale \u0219i infrastructura civil\u0103 din ora\u0219ul-port Odesa, provoc\u00e2nd r\u0103nirea a cel pu\u021bin zece persoane.<\/p>\n<div class=\"container-image  svelte-jd4qiv\"><source type=\"image\/webp\" srcset=\"https:\/\/cdn.adh.reperio.news\/image-c\/c4099dc6-b50d-4d6c-a121-a90e2293e6fd\/index.jpeg?p=a%3D1%26co%3D1.05%26w%3D1400%26h%3D750%26r%3Dcontain%26f%3Dwebp 1400w\" media=\"(min-width: 1400px)\" \/><\/p>\n<div class=\"caption\">Mai multe cl\u0103diri reziden\u021biale lovite de drone \u00een Odesa\/FOTO:X<\/div>\n<\/div>\n<p>Explozii puternice au fost raportate \u00een jurul orei locale 01:30, la scurt timp dup\u0103 ce For\u021bele Aeriene ale Ucrainei au emis o alert\u0103 privind apropierea unor grupuri de drone ruse\u0219ti.<\/p>\n<h2>Impactul asupra zonelor civile<\/h2>\n<p>Potrivit guvernatorului regional, Oleh Kiper, dronele au lovit imobile de locuin\u021be \u0219i un hotel situat \u00een districtul central Pr\u00eemorsk\u00eei. \u00cen urma impactului, mai multe incendii au izbucnit la fa\u021ba locului, fiind necesar\u0103 interven\u021bia a peste 250 de lucr\u0103tori de la serviciile de urgen\u021b\u0103 pe parcursul \u00eentregii nop\u021bi.<\/p>\n<p>Oficialii au confirmat c\u0103 au fost afectate \u0219i districtele Hadjib\u00eeisk\u00eei \u0219i K\u00eeivsk\u00eei, unde loviturile au vizat: blocuri turn \u0219i case particulare;unit\u0103\u021bi de cazare \u0219i depozite. Numeroase autoturisme, care au luat foc \u00een urma exploziilor.<\/p>\n<div class=\"_hydratable\" data-props=\"%7B%22data%22%3A%7B%22caption%22%3A%22%22%2C%22embed%22%3A%22https%3A%2F%2Ftwitframe.reperio.news%3Furl%3Dhttps%3A%2F%2Ftwitter.com%2FDanaSLJL%2Fstatus%2F2048601669806518536%22%2C%22height%22%3A300%2C%22service%22%3A%22x%22%2C%22source%22%3A%22https%3A%2F%2Fx.com%2FDanaSLJL%2Fstatus%2F2048601669806518536%22%2C%22width%22%3A600%7D%2C%22id%22%3A%22YW0lb4kZfq%22%2C%22type%22%3A%22embed%22%2C%22lines%22%3A10%2C%22linesAbove%22%3A43%2C%22index%22%3A6%2C%22paragraphsAbove%22%3A4%2C%22percentage%22%3A0.5308641975308642%2C%22linesBellow%22%3A38%7D\" data-context=\"%7B%22parentBlockColumnCount%22%3A%7B%22value%22%3A0%2C%22type%22%3A%22store%2Freadable%22%7D%2C%22parentBlockBackgroundColor%22%3A%7B%22type%22%3A%22store%2Freadable%22%7D%7D\" data-component=\"EditorEmbedViewDefault\">\n<div class=\"container-embed svelte-1bb21e6\"><\/div>\n<\/div>\n<h2>Bilan\u021bul victimelor<\/h2>\n<p>Serhii L\u00eesak, \u0219eful administra\u021biei militare locale, a precizat c\u0103 printre cele zece persoane care au avut nevoie de \u00eengrijiri medicale se num\u0103r\u0103 \u0219i doi copii. \u201eEchipele de interven\u021bie ofer\u0103 asisten\u021b\u0103 medical\u0103 r\u0103ni\u021bilor \u0219i consultan\u021b\u0103 locatarilor ale c\u0103ror locuin\u021be au fost distruse, \u00een vederea ob\u021binerii compensa\u021biilor\u201d, a declarat oficialul prin intermediul canalului s\u0103u de Telegram.<\/p>\n<p>\u00cen noaptea de 27 aprilie, ru\u0219ii au atacat din nou infrastructura portuar\u0103 din zona metropolitan\u0103 Odesa \u0219i instala\u021biile care asigur\u0103 func\u021bionarea Coridorului Maritim Ucrainean. Dup\u0103 cum relateaz\u0103 Administra\u021bia Porturilor Maritime din Ucraina pe canalul s\u0103u de Telegram, atacul a avariat echipamentele energetice de pe teritoriul terminalului de marf\u0103. <\/p>\n<p>\u201e\u00cen zon\u0103 au izbucnit incendii locale, care au fost stinse rapid de serviciile competente\u201d, se arat\u0103 \u00een raport. <\/p>\n<p>\u00cen plus, \u00een timp ce traversa Coridorul Maritim Ucrainean, nava comercial\u0103 RAMCO, sub pavilion Nauru, a fost atacat\u0103. Drept urmare, aceasta a suferit avarii minore, iar echipajul a stins rapid incendiul de la bord. Ini\u021bial, nu s-au raportat r\u0103ni\u021bi.<\/p>\n<p>\u201eAtacurile regulate asupra porturilor ucrainene reprezint\u0103 o amenin\u021bare imediat\u0103 pentru transportul maritim interna\u021bional \u0219i pot afecta stabilitatea aprovizion\u0103rii cu alimente la nivel mondial. \u00cen ciuda bombardamentelor constante, Coridorul Maritim Ucrainean continu\u0103 s\u0103 func\u021bioneze, asigur\u00e2nd exporturile \u0219i logistica\u201d, se arat\u0103 \u00een raport. <\/p>\n<p>Odesa, punct strategic la Marea Neagr\u0103, a devenit o \u021bint\u0103 constant\u0103 a atacurilor Moscovei. Rusia continu\u0103 s\u0103 vizeze sistematic infrastructura civil\u0103 \u0219i energetic\u0103 a Ucrainei, de\u0219i Kremlinul neag\u0103 frecvent c\u0103 ar ataca obiective ne-militare.<\/p>\n<p>Amploarea total\u0103 a pagubelor materiale este \u00eenc\u0103 \u00een curs de evaluare, \u00een timp ce opera\u021biunile de cur\u0103\u021bare a d\u0103r\u00e2m\u0103turilor continu\u0103.<\/p>\n<p><\/main><\/p>\n<footer class=\"svelte-t0js42\">\n<div class=\"related-wrap related-footer svelte-1t8qpgs\"><span class=\"related-label svelte-1t8qpgs\">Cite\u0219te \u0219i<\/span><a class=\"related svelte-1t8qpgs\" data-gtrack='{\"event\":\"utm_click\",\"data\":{\"event_category\":\"article_related\"}}' href=\"https:\/\/adevarul.ro\/stiri-externe\/europa\/odesa-pregatita-pentru-aparare-circulara-aici-2510790.html\" title=\"Alt articol de interes pentru tine\"><img decoding=\"async\" class=\"thumb svelte-1t8qpgs\" src=\"https:\/\/cdn.adh.reperio.news\/image-4\/4259a875-389c-4daf-8fe6-b2623f67ada2\/index.jpeg\" alt loading=\"lazy\" width=\"80\" height=\"54\"><span class=\"title svelte-1t8qpgs\">Odesa, preg\u0103tit\u0103 pentru ap\u0103rare circular\u0103: \u201eAici nu va intra nimeni pur \u0219i simplu\u201d<\/span><\/a><a class=\"related svelte-1t8qpgs\" data-gtrack='{\"event\":\"utm_click\",\"data\":{\"event_category\":\"article_related\"}}' href=\"https:\/\/adevarul.ro\/stiri-externe\/europa\/noaptea-atacurilor-rusia-a-lovit-ucraina-cu-peste-2518774.html\" title=\"Alt articol de interes pentru tine\"><img decoding=\"async\" class=\"thumb svelte-1t8qpgs\" src=\"https:\/\/cdn.adh.reperio.news\/image-c\/c40b8ff8-6a4f-4844-b272-4c48d5a40d5f\/index.jpeg\" alt loading=\"lazy\" width=\"80\" height=\"54\"><span class=\"title svelte-1t8qpgs\">Noaptea atacurilor: Rusia a lovit Ucraina cu peste 400 de drone. Ucraina riposteaz\u0103 \u00een Belgorod. Un civil a fost ucis<\/span><\/a><a class=\"related svelte-1t8qpgs\" data-gtrack='{\"event\":\"utm_click\",\"data\":{\"event_category\":\"article_related\"}}' href=\"https:\/\/adevarul.ro\/stiri-externe\/europa\/atacuri-nocturne-asupra-odesei-ucrainenii-au-2520659.html\" title=\"Alt articol de interes pentru tine\"><img decoding=\"async\" class=\"thumb svelte-1t8qpgs\" src=\"https:\/\/cdn.adh.reperio.news\/image-d\/d7a3d3f5-c131-41b0-bad4-aa38218d366f\/index.png\" alt loading=\"lazy\" width=\"80\" height=\"54\"><span class=\"title svelte-1t8qpgs\">Atacuri nocturne asupra Odesei. Ucrainenii au ripostat \u00een Krasnodar. Victime civile \u0219i distrugeri materiale: dou\u0103 persoane decedate<\/span><\/a><\/div>\n<div class=\"meta svelte-t0js42\">\n<div class=\"authors svelte-t0js42\"><a href=\"\/author\/647\" rel=\"author\" class=\"svelte-t0js42\">Viorica Marin<\/a><\/div>\n<div class=\"tags svelte-12okeyl\"><span class=\"tags-label metaFont svelte-12okeyl\">Cite\u0219te mai multe despre<\/span><\/p>\n<div class=\"tags-list svelte-12okeyl\"><a href=\"\/tag\/victime\" title=\"Ultimele \u0219tiri despre victime\" class=\"tag-pill svelte-12okeyl\">victime<\/a><a href=\"\/tag\/atac\" title=\"Ultimele \u0219tiri despre atac\" class=\"tag-pill svelte-12okeyl\">atac<\/a><a href=\"\/tag\/razboi%20ucraina\" title=\"Ultimele \u0219tiri despre razboi ucraina\" class=\"tag-pill svelte-12okeyl\">razboi ucraina<\/a><\/div>\n<\/div>\n<\/div>\n<p><a class=\"moreFromCategory svelte-t0js42\" href=\"\/stiri-externe\/europa\" title=\"Europa\">Mai multe din <strong class=\"svelte-t0js42\">Europa<\/strong> \u203a<\/a><\/footer>\n<\/article>\n<p>[analyse_source url=&#8221;https:\/\/adevarul.ro\/stiri-externe\/europa\/atac-masiv-asupra-odesei-hotel-si-cladiri-inalte-2525418.html&#8221;]<\/p>\n","protected":false},"excerpt":{"rendered":"<p>[analyse_image type=&#8221;featured&#8221; src=&#8221;https:\/\/cdn.adh.reperio.news\/image-c\/c4099dc6-b50d-4d6c-a121-a90e2293e6fd\/index.jpeg?p=f%3Djpeg%26w%3D1200%26h%3D630%26r%3Dcover&#8221;] Home \u0218tiri Externe Europa Atac masiv asupra Odesei: hotel \u0219i cl\u0103diri \u00eenalte avariate, printre r\u0103ni\u021bi se num\u0103r\u0103 \u0219i copii Un atac masiv cu drone lansat de for\u021bele ruse \u00een noaptea de 27 aprilie a vizat zone reziden\u021biale \u0219i infrastructura civil\u0103 din ora\u0219ul-port Odesa, provoc\u00e2nd r\u0103nirea a cel pu\u021bin zece persoane. Mai multe [&hellip;]<\/p>\n","protected":false},"author":1,"featured_media":0,"comment_status":"open","ping_status":"","sticky":false,"template":"","format":"standard","meta":{"footnotes":""},"categories":[89],"tags":[19,226],"class_list":["post-1904987","post","type-post","status-publish","format-standard","hentry","category-romania","tag-adevarul","tag-crawlmanager"],"_links":{"self":[{"href":"https:\/\/analyse.optim.biz\/index.php?rest_route=\/wp\/v2\/posts\/1904987","targetHints":{"allow":["GET"]}}],"collection":[{"href":"https:\/\/analyse.optim.biz\/index.php?rest_route=\/wp\/v2\/posts"}],"about":[{"href":"https:\/\/analyse.optim.biz\/index.php?rest_route=\/wp\/v2\/types\/post"}],"author":[{"embeddable":true,"href":"https:\/\/analyse.optim.biz\/index.php?rest_route=\/wp\/v2\/users\/1"}],"replies":[{"embeddable":true,"href":"https:\/\/analyse.optim.biz\/index.php?rest_route=%2Fwp%2Fv2%2Fcomments&post=1904987"}],"version-history":[{"count":0,"href":"https:\/\/analyse.optim.biz\/index.php?rest_route=\/wp\/v2\/posts\/1904987\/revisions"}],"wp:attachment":[{"href":"https:\/\/analyse.optim.biz\/index.php?rest_route=%2Fwp%2Fv2%2Fmedia&parent=1904987"}],"wp:term":[{"taxonomy":"category","embeddable":true,"href":"https:\/\/analyse.optim.biz\/index.php?rest_route=%2Fwp%2Fv2%2Fcategories&post=1904987"},{"taxonomy":"post_tag","embeddable":true,"href":"https:\/\/analyse.optim.biz\/index.php?rest_route=%2Fwp%2Fv2%2Ftags&post=1904987"}],"curies":[{"name":"wp","href":"https:\/\/api.w.org\/{rel}","templated":true}]}}