{"id":1904759,"date":"2026-04-27T07:15:05","date_gmt":"2026-04-27T04:15:05","guid":{"rendered":"https:\/\/analyse.optim.biz\/?p=1904759"},"modified":"2026-04-27T07:15:05","modified_gmt":"2026-04-27T04:15:05","slug":"video-triumf-pe-scena-de-la-sinaia-liceenii-de-la-ana-aslan-au-transformat-satira-educationala-in-premiu-national","status":"publish","type":"post","link":"https:\/\/analyse.optim.biz\/?p=1904759","title":{"rendered":"VIDEO. Triumf pe scena de la Sinaia. Liceenii de la \u201eAna Aslan\u201d au transformat satira educa\u021bional\u0103 \u00een premiu na\u021bional"},"content":{"rendered":"<p>[analyse_image type=&#8221;featured&#8221; src=&#8221;https:\/\/www.tion.ro\/wp-content\/uploads\/2026\/04\/+otf\/1200&#215;630\/STAP3K3BX3rxV8Hz3OTTbk5PVF9WRVJZX1NFQ9Zj5MO6yHKNSTTmJlhz1CX4NW8QH91dTxsn8fkQGVQKPXeVP395ANoalVqJQwGw3xoq9Vmi9ZCEHghRAr5FZkQ=\/7273456elevianaaslanteatru3.jpg&#8221;]<\/p>\n<article id=\"post-2267182\" class>\n<div class=\"entry-content clearfix\">\n<div class=\"enewsArticleContent\">\n<section class=\"text-token-text-primary w-full focus:outline-none [--shadow-height:45px] has-data-writing-block:pointer-events-none has-data-writing-block:-mt-(--shadow-height) has-data-writing-block:pt-(--shadow-height) [&amp;:has([data-writing-block])&gt;*]:pointer-events-auto [content-visibility:auto] supports-[content-visibility:auto]:[contain-intrinsic-size:auto_100lvh] R6Vx5W_threadScrollVars scroll-mb-[calc(var(--scroll-root-safe-area-inset-bottom,0px)+var(--thread-response-height))] scroll-mt-[calc(var(--header-height)+min(200px,max(70px,20svh)))]\" dir=\"auto\" data-turn-id=\"request-WEB:63d14547-d82a-468f-9187-2f9dde654ced-1\" data-testid=\"conversation-turn-4\" data-scroll-anchor=\"false\" data-turn=\"assistant\">\n<div class=\"text-base my-auto mx-auto pb-10 [--thread-content-margin:var(--thread-content-margin-xs,calc(var(--spacing)*4))] @w-sm\/main:[--thread-content-margin:var(--thread-content-margin-sm,calc(var(--spacing)*6))] @w-lg\/main:[--thread-content-margin:var(--thread-content-margin-lg,calc(var(--spacing)*16))] px-(--thread-content-margin)\">\n<div class=\"[--thread-content-max-width:40rem] @w-lg\/main:[--thread-content-max-width:48rem] mx-auto max-w-(--thread-content-max-width) flex-1 group\/turn-messages focus-visible:outline-hidden relative flex w-full min-w-0 flex-col agent-turn\">\n<div class=\"flex max-w-full flex-col gap-4 grow\">\n<div class=\"min-h-8 text-message relative flex w-full flex-col items-end gap-2 text-start break-words whitespace-normal outline-none keyboard-focused:focus-ring [.text-message+&amp;]:mt-1\" dir=\"auto\" data-message-author-role=\"assistant\" data-message-id=\"9ebfa950-408a-4c90-96c0-9c70b2f2a776\" data-message-model-slug=\"gpt-5-3\" data-turn-start-message=\"true\">\n<div class=\"flex w-full flex-col gap-1 empty:hidden\">\n<div class=\"markdown prose dark:prose-invert w-full wrap-break-word light markdown-new-styling\">\n<p data-start=\"105\" data-end=\"579\">Elevii au urcat pe scen\u0103 cu spectacolul \u201eAlandalia\u201d, o adaptare dup\u0103 textul semnat de scriitorul Zeno Daniel \u0218u\u0219tac, care propune o critic\u0103 acid\u0103 a derapajelor din sistemul educa\u021bional actual.<\/p>\n<p data-start=\"581\" data-end=\"1073\">Performan\u021ba este cu at\u00e2t mai remarcabil\u0103 cu c\u00e2t proiectul a fost realizat \u00eentr-un timp extrem de scurt, \u00eentr-un liceu cu profil teoretic-real. Dup\u0103 calificarea la etapa na\u021bional\u0103, membrii trupei au intrat \u00eentr-un ritm intens de repeti\u021bii, concentr\u00e2ndu-se \u0219i pe gestionarea emo\u021biilor specifice unui concurs de asemenea anvergur\u0103. Prin exerci\u021bii de disciplin\u0103 \u0219i prezen\u021b\u0103 scenic\u0103, elevii au reu\u0219it s\u0103 dep\u0103\u0219easc\u0103 tracul \u0219i s\u0103 livreze o presta\u021bie conving\u0103toare.<\/p>\n<p data-start=\"1075\" data-end=\"1425\">Spectacolul \u201eAlandalia\u201d, dramatizat de Raul Neme\u0219, p\u0103streaz\u0103 esen\u021ba satirei originale: o radiografie critic\u0103 a sistemului de \u00eenv\u0103\u021b\u0103m\u00e2nt. Autorul Zeno Daniel \u0218u\u0219tac descrie lucrarea ca fiind \u201eun semnal de alarm\u0103 declan\u0219at cu ironie fin\u0103 \u0219i umor\u201d, un manifest \u00eempotriva educa\u021biei punitive \u0219i o pledoarie pentru un sistem mai echilibrat \u0219i mai eficient.<\/p>\n<p data-start=\"1427\" data-end=\"1599\">Pe scen\u0103, liceenii nu au fost doar interpre\u021bi, ci \u0219i purt\u0103tori ai unui mesaj social puternic, folosind teatrul ca instrument de reflec\u021bie asupra propriei realit\u0103\u021bi \u0219colare.<\/p>\n<div class=\"wp-video\"><video class=\"wp-video-shortcode\" id=\"video-2267182-1\" width=\"1024\" height=\"576\" preload=\"metadata\" controls=\"controls\"><source type=\"video\/mp4\" src=\"https:\/\/www.tion.ro\/wp-content\/uploads\/2026\/04\/7273460elevianaaslanteatru1.mp4?_=1\" \/><\/video><\/div>\n<p data-start=\"1601\" data-end=\"2038\">Momentul festiv de premiere s-a desf\u0103\u0219urat \u00een Sala de Teatru a Casinoului din Sinaia. Profesoara Cristina Mandae, coordonatoarea trupei, a subliniat efortul din spatele succesului, dezv\u0103luind c\u0103 echipa a aflat despre participarea la festival cu doar c\u00e2teva zile \u00eenainte de plecare.<\/p>\n<blockquote>\n<p data-start=\"1601\" data-end=\"2038\">\u201eEste premiul lor, meritul lor. Am aflat mar\u021bi c\u0103 plec\u0103m vineri la Sinaia. \u00cemi vine s\u0103 pl\u00e2ng de bucurie\u201d, a declarat ea.<\/p>\n<\/blockquote>\n<p data-start=\"2040\" data-end=\"2371\">De\u0219i Colegiul Na\u021bional \u201eAna Aslan\u201d este cunoscut pentru profilurile sale de Matematic\u0103-Informatic\u0103 \u0219i \u0218tiin\u021be ale Naturii, institu\u021bia a reu\u0219it s\u0103 p\u0103streze o tradi\u021bie solid\u0103 \u00een zona artelor spectacolului, datorit\u0103 implic\u0103rii constante a profesoarei Cristina Mandae, care de peste 12 ani dezvolt\u0103 competen\u021bele artistice ale elevilor.<\/p>\n<p data-start=\"2373\" data-end=\"2799\">Dramaturgul spectacolului, Raul Neme\u0219, fost elev al colegiului \u0219i \u00een prezent student la Facultatea de Fizic\u0103 \u0219i Matematic\u0103 din cadrul Universit\u0103\u021bii de Vest din Timi\u0219oara, a eviden\u021biat provoc\u0103rile tehnice ale proiectului. Repeti\u021biile au \u00eenceput pe 17 martie, iar la Sinaia a fost prezentat doar un act din pies\u0103.<\/p>\n<blockquote>\n<p data-start=\"2373\" data-end=\"2799\">\u201eSuntem mai mult dec\u00e2t o trup\u0103 de teatru; suntem o ga\u0219c\u0103 de prieteni\u201d, a spus acesta.<\/p>\n<\/blockquote>\n<p data-start=\"2801\" data-end=\"3099\" data-is-last-node data-is-only-node>Publicul timi\u0219orean va avea ocazia s\u0103 vad\u0103 spectacolul \u201eAlandalia\u201d \u00een variant\u0103 integral\u0103 \u00een data de 8 mai, la Teatrul \u201eMerlin\u201d, de la ora 17. Accesul este gratuit.<\/p>\n<\/div>\n<\/div>\n<\/div>\n<\/div>\n<\/div>\n<\/div>\n<\/section>\n<div class=\"enews_gallery_holder\">\n<div class=\"ml-gallery\"><a href=\"https:\/\/www.tion.ro\/galeria\/liceenii-de-la-ana-aslan-la-sinaia\/\" class=\"ml-gallery-link\"><img loading=\"lazy\" decoding=\"async\" class=\"RnMSWl lazyload ml-gallery-cover\" src=\"https:\/\/www.tion.ro\/wp-content\/plugins\/endless-core\/images\/1x1.png\" width=\"155\" height=\"100\" data-src=\"https:\/\/www.tion.ro\/wp-content\/uploads\/2026\/04\/7273456elevianaaslanteatru4.jpg\" data-srcset=\"https:\/\/www.tion.ro\/wp-content\/uploads\/2026\/04\/+otf\/839x538\/LqAwcub8vqE08kouq9BVh05PVF9WRVJZX1NFQ4GgxlsipgoqPURrchpUSRMaGdHj9fi7FBYQpSsDIpJ1EQkRFaKl9VPtQ2I+46gaZVTzK__8K2k__lLRU4OLctegw=\/7273456elevianaaslanteatru4.jpg 839w,https:\/\/www.tion.ro\/wp-content\/uploads\/2026\/04\/+otf\/100w\/LqAwcub8vqE08kouq9BVh05PVF9WRVJZX1NFQ4GgxlsipgoqPURrchpUSRMaGdHj9fi7FBYQpSsDIpJ1EQkRFaKl9VPtQ2I+46gaZVTzK__8K2k__lLRU4OLctegw=\/7273456elevianaaslanteatru4.jpg 100w\" data-sizes=\"auto\"><\/p>\n<p class=\"wp-caption-text-gallery\">Liceenii de la \u201eAna Aslan\u201d la Sinaia<\/p>\n<p><\/a><\/div>\n<\/div>\n<p>Foto: Zeno Daniel \u0218u\u0219tac<\/p>\n<div class=\"fbShareLikeTwitterAndEmailContainer\">\n<div class=\"wrapper\">\n<div class=\"email\">\n<div id=\"mailto-pop\" class=\"pop-form pop-form-mailto\">\n<div class=\"pop-form-header\">\n<h4>Trimite articolul<\/h4>\n<p><a class=\"pop-form-close\">X<\/a><\/div>\n<\/div>\n<\/div>\n<\/div>\n<\/div>\n<div class=\"tagsContainer\">\n<div class=\"tagsLabel\">Taguri:<\/div>\n<div class=\"tags\">\n<div class=\"tag\"><a href=\"https:\/\/www.tion.ro\/cimke\/elevi-ana-aslan\" rel=\"tag\"><span class=\"link\">elevi Ana Aslan<\/span><span class=\"separator\">,<\/span><\/a><\/div>\n<div class=\"tag\"><a href=\"https:\/\/www.tion.ro\/cimke\/premiu\" rel=\"tag\"><span class=\"link\">premiu<\/span><span class=\"separator\">,<\/span><\/a><\/div>\n<div class=\"tag\"><a href=\"https:\/\/www.tion.ro\/cimke\/teatru\" rel=\"tag\"><span class=\"link\">teatru<\/span><\/a><\/div>\n<\/div>\n<\/div>\n<div class=\"comments\">\n<div class=\"top\">\n<div class=\"commentsNumber\"><span class=\"number\">0<\/span><span class=\"text\">Comentarii<\/span><\/div>\n<\/div>\n<div class=\"center\">\n<div id=\"respond\" class=\"comment-respond\">\n<h3 id=\"reply-title\" class=\"comment-reply-title\"><small><a rel=\"nofollow\" id=\"cancel-comment-reply-link\" href=\"https:\/\/www.tion.ro\/stirile-judetului-timis\/video-triumf-pe-scena-de-la-sinaia-liceenii-de-la-ana-aslan-au-transformat-satira-educationala-in-premiu-national-2267182\/#respond\">Cancel reply<\/a><\/small><\/h3>\n<p class=\"comment-notes\"><span id=\"email-notes\">Your email address will not be published.<\/span><span class=\"required-field-message\">Required fields are marked <span class=\"required\">*<\/span><\/span><\/p>\n<p class=\"commentFormComment\"><span id=\"commentFormCount\"><br \/>\n                            inca<br \/>\n                            <span id=\"countCommentText\">1000<\/span><br \/>\n                            caractere ramase<br \/>\n                        <\/span><\/p>\n<\/div>\n<\/div>\n<div class=\"bottom\">\n<p class=\"forumDisclaimerHuRo\">\n            Citi\u021bi principiile noastre de moderare <a href=\"https:\/\/www.tion.ro\/reguli-postare-comentarii\/\" target=\"_blank\">aici<\/a>!\n        <\/p>\n<\/div>\n<\/div>\n<\/div>\n<\/div>\n<\/article>\n<div class=\"entry-content clearfix\">\n<div class=\"enewsArticleContent\">\n<section class=\"text-token-text-primary w-full focus:outline-none [--shadow-height:45px] has-data-writing-block:pointer-events-none has-data-writing-block:-mt-(--shadow-height) has-data-writing-block:pt-(--shadow-height) [&amp;:has([data-writing-block])&gt;*]:pointer-events-auto [content-visibility:auto] supports-[content-visibility:auto]:[contain-intrinsic-size:auto_100lvh] R6Vx5W_threadScrollVars scroll-mb-[calc(var(--scroll-root-safe-area-inset-bottom,0px)+var(--thread-response-height))] scroll-mt-[calc(var(--header-height)+min(200px,max(70px,20svh)))]\" dir=\"auto\" data-turn-id=\"request-WEB:63d14547-d82a-468f-9187-2f9dde654ced-1\" data-testid=\"conversation-turn-4\" data-scroll-anchor=\"false\" data-turn=\"assistant\">\n<div class=\"text-base my-auto mx-auto pb-10 [--thread-content-margin:var(--thread-content-margin-xs,calc(var(--spacing)*4))] @w-sm\/main:[--thread-content-margin:var(--thread-content-margin-sm,calc(var(--spacing)*6))] @w-lg\/main:[--thread-content-margin:var(--thread-content-margin-lg,calc(var(--spacing)*16))] px-(--thread-content-margin)\">\n<div class=\"[--thread-content-max-width:40rem] @w-lg\/main:[--thread-content-max-width:48rem] mx-auto max-w-(--thread-content-max-width) flex-1 group\/turn-messages focus-visible:outline-hidden relative flex w-full min-w-0 flex-col agent-turn\">\n<div class=\"flex max-w-full flex-col gap-4 grow\">\n<div class=\"min-h-8 text-message relative flex w-full flex-col items-end gap-2 text-start break-words whitespace-normal outline-none keyboard-focused:focus-ring [.text-message+&amp;]:mt-1\" dir=\"auto\" data-message-author-role=\"assistant\" data-message-id=\"9ebfa950-408a-4c90-96c0-9c70b2f2a776\" data-message-model-slug=\"gpt-5-3\" data-turn-start-message=\"true\">\n<div class=\"flex w-full flex-col gap-1 empty:hidden\">\n<div class=\"markdown prose dark:prose-invert w-full wrap-break-word light markdown-new-styling\">\n<p data-start=\"105\" data-end=\"579\">Elevii au urcat pe scen\u0103 cu spectacolul \u201eAlandalia\u201d, o adaptare dup\u0103 textul semnat de scriitorul Zeno Daniel \u0218u\u0219tac, care propune o critic\u0103 acid\u0103 a derapajelor din sistemul educa\u021bional actual.<\/p>\n<p data-start=\"581\" data-end=\"1073\">Performan\u021ba este cu at\u00e2t mai remarcabil\u0103 cu c\u00e2t proiectul a fost realizat \u00eentr-un timp extrem de scurt, \u00eentr-un liceu cu profil teoretic-real. Dup\u0103 calificarea la etapa na\u021bional\u0103, membrii trupei au intrat \u00eentr-un ritm intens de repeti\u021bii, concentr\u00e2ndu-se \u0219i pe gestionarea emo\u021biilor specifice unui concurs de asemenea anvergur\u0103. Prin exerci\u021bii de disciplin\u0103 \u0219i prezen\u021b\u0103 scenic\u0103, elevii au reu\u0219it s\u0103 dep\u0103\u0219easc\u0103 tracul \u0219i s\u0103 livreze o presta\u021bie conving\u0103toare.<\/p>\n<p data-start=\"1075\" data-end=\"1425\">Spectacolul \u201eAlandalia\u201d, dramatizat de Raul Neme\u0219, p\u0103streaz\u0103 esen\u021ba satirei originale: o radiografie critic\u0103 a sistemului de \u00eenv\u0103\u021b\u0103m\u00e2nt. Autorul Zeno Daniel \u0218u\u0219tac descrie lucrarea ca fiind \u201eun semnal de alarm\u0103 declan\u0219at cu ironie fin\u0103 \u0219i umor\u201d, un manifest \u00eempotriva educa\u021biei punitive \u0219i o pledoarie pentru un sistem mai echilibrat \u0219i mai eficient.<\/p>\n<p data-start=\"1427\" data-end=\"1599\">Pe scen\u0103, liceenii nu au fost doar interpre\u021bi, ci \u0219i purt\u0103tori ai unui mesaj social puternic, folosind teatrul ca instrument de reflec\u021bie asupra propriei realit\u0103\u021bi \u0219colare.<\/p>\n<div class=\"wp-video\"><video class=\"wp-video-shortcode\" id=\"video-2267182-1\" width=\"1024\" height=\"576\" preload=\"metadata\" controls=\"controls\"><source type=\"video\/mp4\" src=\"https:\/\/www.tion.ro\/wp-content\/uploads\/2026\/04\/7273460elevianaaslanteatru1.mp4?_=1\" \/><\/video><\/div>\n<p data-start=\"1601\" data-end=\"2038\">Momentul festiv de premiere s-a desf\u0103\u0219urat \u00een Sala de Teatru a Casinoului din Sinaia. Profesoara Cristina Mandae, coordonatoarea trupei, a subliniat efortul din spatele succesului, dezv\u0103luind c\u0103 echipa a aflat despre participarea la festival cu doar c\u00e2teva zile \u00eenainte de plecare.<\/p>\n<blockquote>\n<p data-start=\"1601\" data-end=\"2038\">\u201eEste premiul lor, meritul lor. Am aflat mar\u021bi c\u0103 plec\u0103m vineri la Sinaia. \u00cemi vine s\u0103 pl\u00e2ng de bucurie\u201d, a declarat ea.<\/p>\n<\/blockquote>\n<p data-start=\"2040\" data-end=\"2371\">De\u0219i Colegiul Na\u021bional \u201eAna Aslan\u201d este cunoscut pentru profilurile sale de Matematic\u0103-Informatic\u0103 \u0219i \u0218tiin\u021be ale Naturii, institu\u021bia a reu\u0219it s\u0103 p\u0103streze o tradi\u021bie solid\u0103 \u00een zona artelor spectacolului, datorit\u0103 implic\u0103rii constante a profesoarei Cristina Mandae, care de peste 12 ani dezvolt\u0103 competen\u021bele artistice ale elevilor.<\/p>\n<p data-start=\"2373\" data-end=\"2799\">Dramaturgul spectacolului, Raul Neme\u0219, fost elev al colegiului \u0219i \u00een prezent student la Facultatea de Fizic\u0103 \u0219i Matematic\u0103 din cadrul Universit\u0103\u021bii de Vest din Timi\u0219oara, a eviden\u021biat provoc\u0103rile tehnice ale proiectului. Repeti\u021biile au \u00eenceput pe 17 martie, iar la Sinaia a fost prezentat doar un act din pies\u0103.<\/p>\n<blockquote>\n<p data-start=\"2373\" data-end=\"2799\">\u201eSuntem mai mult dec\u00e2t o trup\u0103 de teatru; suntem o ga\u0219c\u0103 de prieteni\u201d, a spus acesta.<\/p>\n<\/blockquote>\n<p data-start=\"2801\" data-end=\"3099\" data-is-last-node data-is-only-node>Publicul timi\u0219orean va avea ocazia s\u0103 vad\u0103 spectacolul \u201eAlandalia\u201d \u00een variant\u0103 integral\u0103 \u00een data de 8 mai, la Teatrul \u201eMerlin\u201d, de la ora 17. Accesul este gratuit.<\/p>\n<\/div>\n<\/div>\n<\/div>\n<\/div>\n<\/div>\n<\/div>\n<\/section>\n<div class=\"enews_gallery_holder\">\n<div class=\"ml-gallery\"><a href=\"https:\/\/www.tion.ro\/galeria\/liceenii-de-la-ana-aslan-la-sinaia\/\" class=\"ml-gallery-link\"><img loading=\"lazy\" decoding=\"async\" class=\"RnMSWl lazyload ml-gallery-cover\" src=\"https:\/\/www.tion.ro\/wp-content\/plugins\/endless-core\/images\/1x1.png\" width=\"155\" height=\"100\" data-src=\"https:\/\/www.tion.ro\/wp-content\/uploads\/2026\/04\/7273456elevianaaslanteatru4.jpg\" data-srcset=\"https:\/\/www.tion.ro\/wp-content\/uploads\/2026\/04\/+otf\/839x538\/LqAwcub8vqE08kouq9BVh05PVF9WRVJZX1NFQ4GgxlsipgoqPURrchpUSRMaGdHj9fi7FBYQpSsDIpJ1EQkRFaKl9VPtQ2I+46gaZVTzK__8K2k__lLRU4OLctegw=\/7273456elevianaaslanteatru4.jpg 839w,https:\/\/www.tion.ro\/wp-content\/uploads\/2026\/04\/+otf\/100w\/LqAwcub8vqE08kouq9BVh05PVF9WRVJZX1NFQ4GgxlsipgoqPURrchpUSRMaGdHj9fi7FBYQpSsDIpJ1EQkRFaKl9VPtQ2I+46gaZVTzK__8K2k__lLRU4OLctegw=\/7273456elevianaaslanteatru4.jpg 100w\" data-sizes=\"auto\"><\/p>\n<p class=\"wp-caption-text-gallery\">Liceenii de la \u201eAna Aslan\u201d la Sinaia<\/p>\n<p><\/a><\/div>\n<\/div>\n<p>Foto: Zeno Daniel \u0218u\u0219tac<\/p>\n<div class=\"fbShareLikeTwitterAndEmailContainer\">\n<div class=\"wrapper\">\n<div class=\"email\">\n<div id=\"mailto-pop\" class=\"pop-form pop-form-mailto\">\n<div class=\"pop-form-header\">\n<h4>Trimite articolul<\/h4>\n<p><a class=\"pop-form-close\">X<\/a><\/div>\n<\/div>\n<\/div>\n<\/div>\n<\/div>\n<div class=\"tagsContainer\">\n<div class=\"tagsLabel\">Taguri:<\/div>\n<div class=\"tags\">\n<div class=\"tag\"><a href=\"https:\/\/www.tion.ro\/cimke\/elevi-ana-aslan\" rel=\"tag\"><span class=\"link\">elevi Ana Aslan<\/span><span class=\"separator\">,<\/span><\/a><\/div>\n<div class=\"tag\"><a href=\"https:\/\/www.tion.ro\/cimke\/premiu\" rel=\"tag\"><span class=\"link\">premiu<\/span><span class=\"separator\">,<\/span><\/a><\/div>\n<div class=\"tag\"><a href=\"https:\/\/www.tion.ro\/cimke\/teatru\" rel=\"tag\"><span class=\"link\">teatru<\/span><\/a><\/div>\n<\/div>\n<\/div>\n<div class=\"comments\">\n<div class=\"top\">\n<div class=\"commentsNumber\"><span class=\"number\">0<\/span><span class=\"text\">Comentarii<\/span><\/div>\n<\/div>\n<div class=\"center\">\n<div id=\"respond\" class=\"comment-respond\">\n<h3 id=\"reply-title\" class=\"comment-reply-title\"><small><a rel=\"nofollow\" id=\"cancel-comment-reply-link\" href=\"https:\/\/www.tion.ro\/stirile-judetului-timis\/video-triumf-pe-scena-de-la-sinaia-liceenii-de-la-ana-aslan-au-transformat-satira-educationala-in-premiu-national-2267182\/#respond\">Cancel reply<\/a><\/small><\/h3>\n<p class=\"comment-notes\"><span id=\"email-notes\">Your email address will not be published.<\/span><span class=\"required-field-message\">Required fields are marked <span class=\"required\">*<\/span><\/span><\/p>\n<p class=\"commentFormComment\"><span id=\"commentFormCount\"><br \/>\n                            inca<br \/>\n                            <span id=\"countCommentText\">1000<\/span><br \/>\n                            caractere ramase<br \/>\n                        <\/span><\/p>\n<\/div>\n<\/div>\n<div class=\"bottom\">\n<p class=\"forumDisclaimerHuRo\">\n            Citi\u021bi principiile noastre de moderare <a href=\"https:\/\/www.tion.ro\/reguli-postare-comentarii\/\" target=\"_blank\">aici<\/a>!\n        <\/p>\n<\/div>\n<\/div>\n<\/div>\n<\/div>\n<p>[analyse_source url=&#8221;https:\/\/www.tion.ro\/stirile-judetului-timis\/video-triumf-pe-scena-de-la-sinaia-liceenii-de-la-ana-aslan-au-transformat-satira-educationala-in-premiu-national-2267182\/&#8221;]<\/p>\n","protected":false},"excerpt":{"rendered":"<p>[analyse_image type=&#8221;featured&#8221; src=&#8221;https:\/\/www.tion.ro\/wp-content\/uploads\/2026\/04\/+otf\/1200&#215;630\/STAP3K3BX3rxV8Hz3OTTbk5PVF9WRVJZX1NFQ9Zj5MO6yHKNSTTmJlhz1CX4NW8QH91dTxsn8fkQGVQKPXeVP395ANoalVqJQwGw3xoq9Vmi9ZCEHghRAr5FZkQ=\/7273456elevianaaslanteatru3.jpg&#8221;] Elevii au urcat pe scen\u0103 cu spectacolul \u201eAlandalia\u201d, o adaptare dup\u0103 textul semnat de scriitorul Zeno Daniel \u0218u\u0219tac, care propune o critic\u0103 acid\u0103 a derapajelor din sistemul educa\u021bional actual. Performan\u021ba este cu at\u00e2t mai remarcabil\u0103 cu c\u00e2t proiectul a fost realizat \u00eentr-un timp extrem de scurt, \u00eentr-un liceu cu profil teoretic-real. Dup\u0103 [&hellip;]<\/p>\n","protected":false},"author":1,"featured_media":0,"comment_status":"open","ping_status":"","sticky":false,"template":"","format":"standard","meta":{"footnotes":""},"categories":[89],"tags":[226,191],"class_list":["post-1904759","post","type-post","status-publish","format-standard","hentry","category-romania","tag-crawlmanager","tag-tion-ro"],"_links":{"self":[{"href":"https:\/\/analyse.optim.biz\/index.php?rest_route=\/wp\/v2\/posts\/1904759","targetHints":{"allow":["GET"]}}],"collection":[{"href":"https:\/\/analyse.optim.biz\/index.php?rest_route=\/wp\/v2\/posts"}],"about":[{"href":"https:\/\/analyse.optim.biz\/index.php?rest_route=\/wp\/v2\/types\/post"}],"author":[{"embeddable":true,"href":"https:\/\/analyse.optim.biz\/index.php?rest_route=\/wp\/v2\/users\/1"}],"replies":[{"embeddable":true,"href":"https:\/\/analyse.optim.biz\/index.php?rest_route=%2Fwp%2Fv2%2Fcomments&post=1904759"}],"version-history":[{"count":0,"href":"https:\/\/analyse.optim.biz\/index.php?rest_route=\/wp\/v2\/posts\/1904759\/revisions"}],"wp:attachment":[{"href":"https:\/\/analyse.optim.biz\/index.php?rest_route=%2Fwp%2Fv2%2Fmedia&parent=1904759"}],"wp:term":[{"taxonomy":"category","embeddable":true,"href":"https:\/\/analyse.optim.biz\/index.php?rest_route=%2Fwp%2Fv2%2Fcategories&post=1904759"},{"taxonomy":"post_tag","embeddable":true,"href":"https:\/\/analyse.optim.biz\/index.php?rest_route=%2Fwp%2Fv2%2Ftags&post=1904759"}],"curies":[{"name":"wp","href":"https:\/\/api.w.org\/{rel}","templated":true}]}}