{"id":1904753,"date":"2026-04-27T07:53:16","date_gmt":"2026-04-27T04:53:16","guid":{"rendered":"https:\/\/analyse.optim.biz\/?p=1904753"},"modified":"2026-04-27T07:53:16","modified_gmt":"2026-04-27T04:53:16","slug":"psd-si-aur-anunta-oficial-ca-lucreaza-impreuna-la-o-motiune-de-cenzura","status":"publish","type":"post","link":"https:\/\/analyse.optim.biz\/?p=1904753","title":{"rendered":"PSD \u0219i AUR anun\u021b\u0103 oficial c\u0103 lucreaz\u0103 \u00eempreun\u0103 la o mo\u021biune de cenzur\u0103"},"content":{"rendered":"<p>[analyse_image type=&#8221;featured&#8221; src=&#8221;https:\/\/ziardesuceava.ro\/wp-content\/uploads\/2026\/04\/78453-1024&#215;571.png&#8221;]<\/p>\n<div class=\"post-content clearfix\">\n<div class=\"blog-post-thumb\"><img loading=\"lazy\" decoding=\"async\" width=\"1140\" height=\"694\" src=\"https:\/\/ziardesuceava.ro\/wp-content\/uploads\/2026\/04\/78453-1140x694.png\" class=\"attachment-inhype-blog-thumb size-inhype-blog-thumb wp-post-image\" alt><\/div>\n<div class=\"entry-content\">\n<div>\n<p class=\"fara-orfani lead\">Fostul vicepremier PSD Marian Neac\u0219u \u0219i liderul senatorilor AUR, Petri\u0219or Peiu, au anun\u021bat luni diminea\u021b\u0103, \u00eentr-o declara\u021bie comun\u0103 la Parlament, c\u0103 cele dou\u0103 partide lucreaz\u0103 la textul mo\u021biunii de cenzur\u0103 \u00eempotriva Guvernului.<\/p>\n<div class=\"continut-articol\">\n<p>Este prima afi\u0219are public\u0103 oficial\u0103 a PSD \u0219i AUR care anun\u021b\u0103 c\u0103 lucreaz\u0103 \u00eempreun\u0103.<\/p>\n<p>\u201cLucrul de care ne vom ocupa este exclusiv tehnic. Abordarea politic\u0103 va fi explicitat\u0103 probabil \u00een cursul acestei zile de pre\u0219edin\u021bii partidelor\u201d, a spus Neac\u0219u.<\/p>\n<p>De asemenea, Peiu a anun\u021bat \u0219i el c\u0103 demersul comun PSD-AUR vizeaz\u0103 redactarea unei mo\u021biuni de cenzur\u0103, urm\u00e2nd s\u0103 fie dezb\u0103tut\u0103 la \u00eenceputul lunii mai, scopul fiind \u201cdemiterea Guvernului Bolojan\u201d.<\/p>\n<p>Cele dou\u0103 partide vor avea \u0219edin\u021be \u00een forurile de conducere, urm\u00e2nd ca tot luni s\u0103 fie f\u0103cute mai multe detalii despre colaborare.<\/p>\n<p>\u00centrebat dac\u0103 acest demers deschide drumul unei viitoare colab\u0103rori PSD-AUR la guvernare, Marian Neac\u0219u a declarat c\u0103 \u201corice drum \u00eencepe cu primul pas\u201d.<\/p>\n<p>Neac\u0219u a mai f\u0103cut apel la ceilal\u021bi parlamentari din alte partide s\u0103 contribuie, dac\u0103 vor, la elaborarea mo\u021biunii de cenzur\u0103.<\/p>\n<p>Petri\u0219or Peiu a precizat c\u0103 \u201cnu este niciun pact, deocamdat\u0103, cu PSD\u201d, ci doar \u201co discu\u021bie comun\u0103\u201d.<\/p>\n<p>+++<\/p>\n<p>Pentru a demite Guvernul, PSD \u0219i AUR trebuie s\u0103 adune cel pu\u021bin 232 de voturi. \u00cempreun\u0103 au, \u00een acest moment, 219.<\/p>\n<\/div>\n<\/div>\n<\/div>\n<div class=\"inhype-social-share-fixed sidebar-position-right\">\n<div class=\"post-social-wrapper\">\n<div class=\"post-social-title\"><span class=\"post-social-title-text\">Share<\/span><\/div>\n<\/div>\n<\/div>\n<\/div>\n<p>[analyse_source url=&#8221;https:\/\/ziardesuceava.ro\/psd-si-aur-anunta-oficial-ca-lucreaza-impreuna-la-o-motiune-de-cenzura\/&#8221;]<\/p>\n","protected":false},"excerpt":{"rendered":"<p>[analyse_image type=&#8221;featured&#8221; src=&#8221;https:\/\/ziardesuceava.ro\/wp-content\/uploads\/2026\/04\/78453-1024&#215;571.png&#8221;] Fostul vicepremier PSD Marian Neac\u0219u \u0219i liderul senatorilor AUR, Petri\u0219or Peiu, au anun\u021bat luni diminea\u021b\u0103, \u00eentr-o declara\u021bie comun\u0103 la Parlament, c\u0103 cele dou\u0103 partide lucreaz\u0103 la textul mo\u021biunii de cenzur\u0103 \u00eempotriva Guvernului. Este prima afi\u0219are public\u0103 oficial\u0103 a PSD \u0219i AUR care anun\u021b\u0103 c\u0103 lucreaz\u0103 \u00eempreun\u0103. \u201cLucrul de care ne vom ocupa [&hellip;]<\/p>\n","protected":false},"author":1,"featured_media":0,"comment_status":"open","ping_status":"","sticky":false,"template":"","format":"standard","meta":{"footnotes":""},"categories":[89],"tags":[226,171],"class_list":["post-1904753","post","type-post","status-publish","format-standard","hentry","category-romania","tag-crawlmanager","tag-ziardesuceava-ro"],"_links":{"self":[{"href":"https:\/\/analyse.optim.biz\/index.php?rest_route=\/wp\/v2\/posts\/1904753","targetHints":{"allow":["GET"]}}],"collection":[{"href":"https:\/\/analyse.optim.biz\/index.php?rest_route=\/wp\/v2\/posts"}],"about":[{"href":"https:\/\/analyse.optim.biz\/index.php?rest_route=\/wp\/v2\/types\/post"}],"author":[{"embeddable":true,"href":"https:\/\/analyse.optim.biz\/index.php?rest_route=\/wp\/v2\/users\/1"}],"replies":[{"embeddable":true,"href":"https:\/\/analyse.optim.biz\/index.php?rest_route=%2Fwp%2Fv2%2Fcomments&post=1904753"}],"version-history":[{"count":0,"href":"https:\/\/analyse.optim.biz\/index.php?rest_route=\/wp\/v2\/posts\/1904753\/revisions"}],"wp:attachment":[{"href":"https:\/\/analyse.optim.biz\/index.php?rest_route=%2Fwp%2Fv2%2Fmedia&parent=1904753"}],"wp:term":[{"taxonomy":"category","embeddable":true,"href":"https:\/\/analyse.optim.biz\/index.php?rest_route=%2Fwp%2Fv2%2Fcategories&post=1904753"},{"taxonomy":"post_tag","embeddable":true,"href":"https:\/\/analyse.optim.biz\/index.php?rest_route=%2Fwp%2Fv2%2Ftags&post=1904753"}],"curies":[{"name":"wp","href":"https:\/\/api.w.org\/{rel}","templated":true}]}}