{"id":1904732,"date":"2026-04-24T14:15:25","date_gmt":"2026-04-24T11:15:25","guid":{"rendered":"https:\/\/analyse.optim.biz\/?p=1904732"},"modified":"2026-04-24T14:15:25","modified_gmt":"2026-04-24T11:15:25","slug":"pregatiri-pentru-targul-dragaica","status":"publish","type":"post","link":"https:\/\/analyse.optim.biz\/?p=1904732","title":{"rendered":"PREG\u0102TIRI PENTRU T\u00c2RGUL DR\u0102GAICA"},"content":{"rendered":"<p>[analyse_image type=&#8221;featured&#8221; src=&#8221;https:\/\/newss.ro\/wp-content\/uploads\/2016\/06\/targul-de-la-dragaica.jpg&#8221;]<\/p>\n<div class=\"td-post-content\">\n<div class=\"td-post-featured-image\"><a href=\"https:\/\/newss.ro\/wp-content\/uploads\/2016\/06\/targul-de-la-dragaica.jpg\" data-caption><img loading=\"lazy\" decoding=\"async\" width=\"696\" height=\"506\" class=\"entry-thumb td-modal-image\" src=\"https:\/\/newss.ro\/wp-content\/uploads\/2016\/06\/targul-de-la-dragaica-696x506.jpg\" alt title=\"targul-de-la-dragaica\"><\/a><\/div>\n<p>T\u00e2rgul de Var\u0103 \u201eDr\u0103gaica\u201d, din municipiul Buz\u0103u, se va desf\u0103\u0219ura, \u0219i \u00een acest an, \u00een binecunoscuta loca\u021bie, de la marginea ora\u0219ului, \u00eentre 6 \u0219i 24 iunie. Prim\u0103ria Buz\u0103u a pus deja \u00een dezbatere public\u0103 proiectul privind organizarea \u0219i desf\u0103\u0219urarea tradi\u021bionalului t\u00e2rg de var\u0103. Potrivit proiectului, biletul de intrare va costa 4 lei de persoan\u0103, \u00eentre orele 10.00 \u2013 16.00, \u0219i 6 lei, \u00eentre orele 16.00-22.00. Ca de fiecare dat\u0103, copiii \u0219i elevii beneficiaz\u0103 de gratuitate. Pe 24 iunie, de Ziua Dr\u0103g\u0103icii, dar \u0219i a Iei, intrarea \u00een incint\u0103 va fi gratuit\u0103 pentru toat\u0103 lumea. \u0218i \u00een acest an, t\u00e2rgul \u201eDr\u0103gaica\u201d, propune vizitatorilor numeroase spectacole cu diferite genuri de muzic\u0103.<\/p>\n<p>De asemenea, \u00een zona de agrement, pe l\u00e2ng\u0103 comediile cu care buzoienii sunt deja obi\u0219nui\u021bi, vor fi montate \u0219i o roat\u0103 panoramic\u0103, dar \u0219i un turn panoramic.<\/p>\n<\/div>\n<div class=\"td-post-content\">\n<div class=\"td-post-featured-image\"><a href=\"https:\/\/newss.ro\/wp-content\/uploads\/2016\/06\/targul-de-la-dragaica.jpg\" data-caption><img loading=\"lazy\" decoding=\"async\" width=\"696\" height=\"506\" class=\"entry-thumb td-modal-image\" src=\"https:\/\/newss.ro\/wp-content\/uploads\/2016\/06\/targul-de-la-dragaica-696x506.jpg\" alt title=\"targul-de-la-dragaica\"><\/a><\/div>\n<p>T\u00e2rgul de Var\u0103 \u201eDr\u0103gaica\u201d, din municipiul Buz\u0103u, se va desf\u0103\u0219ura, \u0219i \u00een acest an, \u00een binecunoscuta loca\u021bie, de la marginea ora\u0219ului, \u00eentre 6 \u0219i 24 iunie. Prim\u0103ria Buz\u0103u a pus deja \u00een dezbatere public\u0103 proiectul privind organizarea \u0219i desf\u0103\u0219urarea tradi\u021bionalului t\u00e2rg de var\u0103. Potrivit proiectului, biletul de intrare va costa 4 lei de persoan\u0103, \u00eentre orele 10.00 \u2013 16.00, \u0219i 6 lei, \u00eentre orele 16.00-22.00. Ca de fiecare dat\u0103, copiii \u0219i elevii beneficiaz\u0103 de gratuitate. Pe 24 iunie, de Ziua Dr\u0103g\u0103icii, dar \u0219i a Iei, intrarea \u00een incint\u0103 va fi gratuit\u0103 pentru toat\u0103 lumea. \u0218i \u00een acest an, t\u00e2rgul \u201eDr\u0103gaica\u201d, propune vizitatorilor numeroase spectacole cu diferite genuri de muzic\u0103.<\/p>\n<p>De asemenea, \u00een zona de agrement, pe l\u00e2ng\u0103 comediile cu care buzoienii sunt deja obi\u0219nui\u021bi, vor fi montate \u0219i o roat\u0103 panoramic\u0103, dar \u0219i un turn panoramic.<\/p>\n<\/div>\n<p>[analyse_source url=&#8221;https:\/\/newss.ro\/2026\/04\/24\/pregatiri-pentru-targul-dragaica-2\/&#8221;]<\/p>\n","protected":false},"excerpt":{"rendered":"<p>[analyse_image type=&#8221;featured&#8221; src=&#8221;https:\/\/newss.ro\/wp-content\/uploads\/2016\/06\/targul-de-la-dragaica.jpg&#8221;] T\u00e2rgul de Var\u0103 \u201eDr\u0103gaica\u201d, din municipiul Buz\u0103u, se va desf\u0103\u0219ura, \u0219i \u00een acest an, \u00een binecunoscuta loca\u021bie, de la marginea ora\u0219ului, \u00eentre 6 \u0219i 24 iunie. Prim\u0103ria Buz\u0103u a pus deja \u00een dezbatere public\u0103 proiectul privind organizarea \u0219i desf\u0103\u0219urarea tradi\u021bionalului t\u00e2rg de var\u0103. Potrivit proiectului, biletul de intrare va costa 4 lei [&hellip;]<\/p>\n","protected":false},"author":1,"featured_media":0,"comment_status":"open","ping_status":"","sticky":false,"template":"","format":"standard","meta":{"footnotes":""},"categories":[2],"tags":[226,73],"class_list":["post-1904732","post","type-post","status-publish","format-standard","hentry","category-politics","tag-crawlmanager","tag-newss-ro"],"_links":{"self":[{"href":"https:\/\/analyse.optim.biz\/index.php?rest_route=\/wp\/v2\/posts\/1904732","targetHints":{"allow":["GET"]}}],"collection":[{"href":"https:\/\/analyse.optim.biz\/index.php?rest_route=\/wp\/v2\/posts"}],"about":[{"href":"https:\/\/analyse.optim.biz\/index.php?rest_route=\/wp\/v2\/types\/post"}],"author":[{"embeddable":true,"href":"https:\/\/analyse.optim.biz\/index.php?rest_route=\/wp\/v2\/users\/1"}],"replies":[{"embeddable":true,"href":"https:\/\/analyse.optim.biz\/index.php?rest_route=%2Fwp%2Fv2%2Fcomments&post=1904732"}],"version-history":[{"count":0,"href":"https:\/\/analyse.optim.biz\/index.php?rest_route=\/wp\/v2\/posts\/1904732\/revisions"}],"wp:attachment":[{"href":"https:\/\/analyse.optim.biz\/index.php?rest_route=%2Fwp%2Fv2%2Fmedia&parent=1904732"}],"wp:term":[{"taxonomy":"category","embeddable":true,"href":"https:\/\/analyse.optim.biz\/index.php?rest_route=%2Fwp%2Fv2%2Fcategories&post=1904732"},{"taxonomy":"post_tag","embeddable":true,"href":"https:\/\/analyse.optim.biz\/index.php?rest_route=%2Fwp%2Fv2%2Ftags&post=1904732"}],"curies":[{"name":"wp","href":"https:\/\/api.w.org\/{rel}","templated":true}]}}