{"id":1904722,"date":"2026-04-27T07:07:54","date_gmt":"2026-04-27T04:07:54","guid":{"rendered":"https:\/\/analyse.optim.biz\/?p=1904722"},"modified":"2026-04-27T07:07:54","modified_gmt":"2026-04-27T04:07:54","slug":"cunoscut-din-lumea-interlopa-locala-cautat-in-italia-retinut-acasa","status":"publish","type":"post","link":"https:\/\/analyse.optim.biz\/?p=1904722","title":{"rendered":"Cunoscut din lumea interlop\u0103 local\u0103, c\u0103utat \u00een Italia, re\u021binut acas\u0103"},"content":{"rendered":"<p>[analyse_image type=&#8221;featured&#8221; src=&#8221;https:\/\/sansanews.ro\/wp-content\/uploads\/2024\/12\/62392146.pnghttps:\/\/sansanews.ro\/wp-content\/uploads\/2024\/12\/62392146.png&#8221;]<\/p>\n<div class=\"entry-content herald-entry-content\">\n<p>Un b\u0103rbat cunoscut \u00een lumea interlop\u0103 din Buz\u0103u, implicat \u00een mai multe conflicte, totodat\u0103 fost consilier local \u00een comuna M\u0103r\u0103cineni, a ajuns din nou \u00een aten\u021bia autorit\u0103\u021bilor, dup\u0103 ce pe numele s\u0103u a fost emis un mandat european de arestare de c\u0103tre autorit\u0103\u021bile din Italia. Este vorba despre Marius Nichi\u021belea, c\u0103utat de poli\u021bi\u0219ti dup\u0103 o t\u00e2lh\u0103rie comis\u0103 \u00een Peninsul\u0103.<\/p>\n<p>Poli\u021bi\u0219tii buzoieni au intrat pe fir pe 21 aprilie, c\u00e2nd au primit documentele care \u00eel vizau pe b\u0103rbatul \u00een v\u00e2rst\u0103 de 42 de ani. Pe\u00a0 numele acestuia fusese emis un mandat de arestare european\u0103, pe 17 aprilie. Odat\u0103 ce mandatul a ajuns la Buz\u0103u, anchetatorii de la Investiga\u021bii Criminale au \u00eenceput imediat c\u0103ut\u0103rile. Nu a durat mult p\u00e2n\u0103 c\u00e2nd l-au g\u0103sit pe buzoian, chiar la M\u0103r\u0103cineni.<\/p>\n<blockquote class=\"wp-block-quote\">\n<p>\u201cLa data de 21 aprilie a.c., prin intermediul Centrului de Cooperare Poli\u021bieneasc\u0103 Interna\u021bional\u0103, Serviciul de Investiga\u021bii Criminale a primit mandatul european de arestare emis pe numele b\u0103rbatului de c\u0103tre autorit\u0103\u021bile din Italia, pentru s\u0103v\u00e2r\u0219irea infrac\u021biunii de t\u00e2lh\u0103rie.<\/p>\n<p>Imediat dup\u0103 primirea mandatului, poli\u021bi\u0219tii din Buz\u0103u au demarat activit\u0103\u0163ile specifice \u00een vederea depist\u0103rii persoanei.<\/p>\n<p>La data de 23 aprilie a.c., cu sprijinul poli\u021bi\u0219tilor Sec\u021biei de poli\u021bie rural\u0103 M\u0103r\u0103cineni \u0219i al lupt\u0103torilor din cadrul Serviciului pentru Ac\u021biuni Speciale, b\u0103rbatul a fost depistat \u00een localitatea de domiciliu\u201d, se men\u021bioneaz\u0103 \u00eentr-un comunicat de pres\u0103 remis de IPJ Buz\u0103u.<\/p>\n<\/blockquote>\n<p>Dup\u0103 ce i s-a adus la cuno\u0219tin\u021b\u0103 situa\u021bia,<br \/>\nb\u0103rbatul a fost dus \u00een fa\u021ba procurorilor. A fost re\u021binut pentru 24 de ore, \u00eens\u0103<br \/>\nmagistra\u021bii au decis ulterior o m\u0103sur\u0103 mai bl\u00e2nd\u0103.<\/p>\n<blockquote class=\"wp-block-quote\">\n<p>\u201cPersoanei i-a fost adus la cuno\u0219tin\u021b\u0103 faptul c\u0103 pe numele s\u0103u este emis un mandat european de arestare, fiind totodat\u0103 condus\u0103 la Parchetul de pe l\u00e2ng\u0103 Curtea de Apel Ploie\u0219ti, \u00een baza mandatului de aducere.<\/p>\n<p>Fa\u0163\u0103 de aceasta a fost luat\u0103 m\u0103sura re\u021binerii pentru 24 de ore.<\/p>\n<p>Ulterior, \u00een urma prezent\u0103rii Cur\u021bii de Apel Ploie\u0219ti, a fost dispus\u0103 m\u0103sura controlului judiciar pentru 30 de zile \u00een vederea extr\u0103d\u0103rii.\u201d<\/p>\n<\/blockquote>\n<p>\u00cen anul 2020, de pild\u0103, buzoianul a fost re\u021binut pentru 24 de ore \u00eentr-un dosar de \u201enerespectarea regimului armelor \u015fi muni\u0163iilor\u201d, \u00een care unul dintre inculpa\u021bi a fost cercetat pentru de\u021binere ilegal\u0103 de arme, ba chiar ascunsese o arm\u0103 de foc \u00eentr-un cimitir din Vadu Pa\u0219ii. <\/p>\n<div class=\"meta-tags\"><span>Etichete<\/span><a href=\"https:\/\/sansanews.ro\/tag\/mandat-de-arestare-europeana\/\" rel=\"tag\">mandat de arestare european\u0103<\/a><a href=\"https:\/\/sansanews.ro\/tag\/marius-nichitelea\/\" rel=\"tag\">marius nichi\u021belea<\/a><a href=\"https:\/\/sansanews.ro\/tag\/talharie\/\" rel=\"tag\">t\u00e2lh\u0103rie<\/a><\/div>\n<div class=\"herald-share-content\">\n<div class=\"meks_ess rectangle no-labels outline\"><a class=\"meks_ess-item socicon-facebook\" data-url=\"http:\/\/www.facebook.com\/sharer\/sharer.php?u=https%3A%2F%2Fsansanews.ro%2Fcunoscut-din-lumea-interlopa-locala-cautat-in-italia-retinut-acasa%2F&amp;t=Cunoscut%20din%20lumea%20interlop%C4%83%20local%C4%83%2C%20c%C4%83utat%20%C3%AEn%20Italia%2C%20re%C8%9Binut%20acas%C4%83\"><span>Facebook<\/span><\/a><a href=\"https:\/\/api.whatsapp.com\/send?text=Cunoscut%20din%20lumea%20interlop%C4%83%20local%C4%83%2C%20c%C4%83utat%20%C3%AEn%20Italia%2C%20re%C8%9Binut%20acas%C4%83%20https%3A%2F%2Fsansanews.ro%2Fcunoscut-din-lumea-interlopa-locala-cautat-in-italia-retinut-acasa%2F\" class=\"meks_ess-item socicon-whatsapp prevent-share-popup\"><span>WhatsApp<\/span><\/a><a class=\"meks_ess-item socicon-twitter\" data-url=\"http:\/\/twitter.com\/intent\/tweet?url=https%3A%2F%2Fsansanews.ro%2Fcunoscut-din-lumea-interlopa-locala-cautat-in-italia-retinut-acasa%2F&amp;text=Cunoscut%20din%20lumea%20interlop%C4%83%20local%C4%83%2C%20c%C4%83utat%20%C3%AEn%20Italia%2C%20re%C8%9Binut%20acas%C4%83\"><span>Twitter<\/span><\/a><a class=\"meks_ess-item socicon-pinterest\" data-url=\"http:\/\/pinterest.com\/pin\/create\/button\/?url=https%3A%2F%2Fsansanews.ro%2Fcunoscut-din-lumea-interlopa-locala-cautat-in-italia-retinut-acasa%2F&amp;media=https%3A%2F%2Fsansanews.ro%2Fwp-content%2Fuploads%2F2024%2F12%2F62392146.png&amp;description=Cunoscut%20din%20lumea%20interlop%C4%83%20local%C4%83%2C%20c%C4%83utat%20%C3%AEn%20Italia%2C%20re%C8%9Binut%20acas%C4%83\"><span>Pinterest<\/span><\/a><\/div>\n<\/div>\n<\/div>\n<div class=\"entry-content herald-entry-content\">\n<p>Un b\u0103rbat cunoscut \u00een lumea interlop\u0103 din Buz\u0103u, implicat \u00een mai multe conflicte, totodat\u0103 fost consilier local \u00een comuna M\u0103r\u0103cineni, a ajuns din nou \u00een aten\u021bia autorit\u0103\u021bilor, dup\u0103 ce pe numele s\u0103u a fost emis un mandat european de arestare de c\u0103tre autorit\u0103\u021bile din Italia. Este vorba despre Marius Nichi\u021belea, c\u0103utat de poli\u021bi\u0219ti dup\u0103 o t\u00e2lh\u0103rie comis\u0103 \u00een Peninsul\u0103.<\/p>\n<p>Poli\u021bi\u0219tii buzoieni au intrat pe fir pe 21 aprilie, c\u00e2nd au primit documentele care \u00eel vizau pe b\u0103rbatul \u00een v\u00e2rst\u0103 de 42 de ani. Pe\u00a0 numele acestuia fusese emis un mandat de arestare european\u0103, pe 17 aprilie. Odat\u0103 ce mandatul a ajuns la Buz\u0103u, anchetatorii de la Investiga\u021bii Criminale au \u00eenceput imediat c\u0103ut\u0103rile. Nu a durat mult p\u00e2n\u0103 c\u00e2nd l-au g\u0103sit pe buzoian, chiar la M\u0103r\u0103cineni.<\/p>\n<blockquote class=\"wp-block-quote\">\n<p>\u201cLa data de 21 aprilie a.c., prin intermediul Centrului de Cooperare Poli\u021bieneasc\u0103 Interna\u021bional\u0103, Serviciul de Investiga\u021bii Criminale a primit mandatul european de arestare emis pe numele b\u0103rbatului de c\u0103tre autorit\u0103\u021bile din Italia, pentru s\u0103v\u00e2r\u0219irea infrac\u021biunii de t\u00e2lh\u0103rie.<\/p>\n<p>Imediat dup\u0103 primirea mandatului, poli\u021bi\u0219tii din Buz\u0103u au demarat activit\u0103\u0163ile specifice \u00een vederea depist\u0103rii persoanei.<\/p>\n<p>La data de 23 aprilie a.c., cu sprijinul poli\u021bi\u0219tilor Sec\u021biei de poli\u021bie rural\u0103 M\u0103r\u0103cineni \u0219i al lupt\u0103torilor din cadrul Serviciului pentru Ac\u021biuni Speciale, b\u0103rbatul a fost depistat \u00een localitatea de domiciliu\u201d, se men\u021bioneaz\u0103 \u00eentr-un comunicat de pres\u0103 remis de IPJ Buz\u0103u.<\/p>\n<\/blockquote>\n<p>Dup\u0103 ce i s-a adus la cuno\u0219tin\u021b\u0103 situa\u021bia,<br \/>\nb\u0103rbatul a fost dus \u00een fa\u021ba procurorilor. A fost re\u021binut pentru 24 de ore, \u00eens\u0103<br \/>\nmagistra\u021bii au decis ulterior o m\u0103sur\u0103 mai bl\u00e2nd\u0103.<\/p>\n<blockquote class=\"wp-block-quote\">\n<p>\u201cPersoanei i-a fost adus la cuno\u0219tin\u021b\u0103 faptul c\u0103 pe numele s\u0103u este emis un mandat european de arestare, fiind totodat\u0103 condus\u0103 la Parchetul de pe l\u00e2ng\u0103 Curtea de Apel Ploie\u0219ti, \u00een baza mandatului de aducere.<\/p>\n<p>Fa\u0163\u0103 de aceasta a fost luat\u0103 m\u0103sura re\u021binerii pentru 24 de ore.<\/p>\n<p>Ulterior, \u00een urma prezent\u0103rii Cur\u021bii de Apel Ploie\u0219ti, a fost dispus\u0103 m\u0103sura controlului judiciar pentru 30 de zile \u00een vederea extr\u0103d\u0103rii.\u201d<\/p>\n<\/blockquote>\n<p>\u00cen anul 2020, de pild\u0103, buzoianul a fost re\u021binut pentru 24 de ore \u00eentr-un dosar de \u201enerespectarea regimului armelor \u015fi muni\u0163iilor\u201d, \u00een care unul dintre inculpa\u021bi a fost cercetat pentru de\u021binere ilegal\u0103 de arme, ba chiar ascunsese o arm\u0103 de foc \u00eentr-un cimitir din Vadu Pa\u0219ii. <\/p>\n<div class=\"meta-tags\"><span>Etichete<\/span><a href=\"https:\/\/sansanews.ro\/tag\/mandat-de-arestare-europeana\/\" rel=\"tag\">mandat de arestare european\u0103<\/a><a href=\"https:\/\/sansanews.ro\/tag\/marius-nichitelea\/\" rel=\"tag\">marius nichi\u021belea<\/a><a href=\"https:\/\/sansanews.ro\/tag\/talharie\/\" rel=\"tag\">t\u00e2lh\u0103rie<\/a><\/div>\n<div class=\"herald-share-content\">\n<div class=\"meks_ess rectangle no-labels outline\"><a class=\"meks_ess-item socicon-facebook\" data-url=\"http:\/\/www.facebook.com\/sharer\/sharer.php?u=https%3A%2F%2Fsansanews.ro%2Fcunoscut-din-lumea-interlopa-locala-cautat-in-italia-retinut-acasa%2F&amp;t=Cunoscut%20din%20lumea%20interlop%C4%83%20local%C4%83%2C%20c%C4%83utat%20%C3%AEn%20Italia%2C%20re%C8%9Binut%20acas%C4%83\"><span>Facebook<\/span><\/a><a href=\"https:\/\/api.whatsapp.com\/send?text=Cunoscut%20din%20lumea%20interlop%C4%83%20local%C4%83%2C%20c%C4%83utat%20%C3%AEn%20Italia%2C%20re%C8%9Binut%20acas%C4%83%20https%3A%2F%2Fsansanews.ro%2Fcunoscut-din-lumea-interlopa-locala-cautat-in-italia-retinut-acasa%2F\" class=\"meks_ess-item socicon-whatsapp prevent-share-popup\"><span>WhatsApp<\/span><\/a><a class=\"meks_ess-item socicon-twitter\" data-url=\"http:\/\/twitter.com\/intent\/tweet?url=https%3A%2F%2Fsansanews.ro%2Fcunoscut-din-lumea-interlopa-locala-cautat-in-italia-retinut-acasa%2F&amp;text=Cunoscut%20din%20lumea%20interlop%C4%83%20local%C4%83%2C%20c%C4%83utat%20%C3%AEn%20Italia%2C%20re%C8%9Binut%20acas%C4%83\"><span>Twitter<\/span><\/a><a class=\"meks_ess-item socicon-pinterest\" data-url=\"http:\/\/pinterest.com\/pin\/create\/button\/?url=https%3A%2F%2Fsansanews.ro%2Fcunoscut-din-lumea-interlopa-locala-cautat-in-italia-retinut-acasa%2F&amp;media=https%3A%2F%2Fsansanews.ro%2Fwp-content%2Fuploads%2F2024%2F12%2F62392146.png&amp;description=Cunoscut%20din%20lumea%20interlop%C4%83%20local%C4%83%2C%20c%C4%83utat%20%C3%AEn%20Italia%2C%20re%C8%9Binut%20acas%C4%83\"><span>Pinterest<\/span><\/a><\/div>\n<\/div>\n<\/div>\n<p>[analyse_source url=&#8221;https:\/\/sansanews.ro\/cunoscut-din-lumea-interlopa-locala-cautat-in-italia-retinut-acasa\/&#8221;]<\/p>\n","protected":false},"excerpt":{"rendered":"<p>[analyse_image type=&#8221;featured&#8221; src=&#8221;https:\/\/sansanews.ro\/wp-content\/uploads\/2024\/12\/62392146.pnghttps:\/\/sansanews.ro\/wp-content\/uploads\/2024\/12\/62392146.png&#8221;] Un b\u0103rbat cunoscut \u00een lumea interlop\u0103 din Buz\u0103u, implicat \u00een mai multe conflicte, totodat\u0103 fost consilier local \u00een comuna M\u0103r\u0103cineni, a ajuns din nou \u00een aten\u021bia autorit\u0103\u021bilor, dup\u0103 ce pe numele s\u0103u a fost emis un mandat european de arestare de c\u0103tre autorit\u0103\u021bile din Italia. Este vorba despre Marius Nichi\u021belea, c\u0103utat de [&hellip;]<\/p>\n","protected":false},"author":1,"featured_media":0,"comment_status":"open","ping_status":"","sticky":false,"template":"","format":"standard","meta":{"footnotes":""},"categories":[2],"tags":[226,51],"class_list":["post-1904722","post","type-post","status-publish","format-standard","hentry","category-politics","tag-crawlmanager","tag-sansanews-ro"],"_links":{"self":[{"href":"https:\/\/analyse.optim.biz\/index.php?rest_route=\/wp\/v2\/posts\/1904722","targetHints":{"allow":["GET"]}}],"collection":[{"href":"https:\/\/analyse.optim.biz\/index.php?rest_route=\/wp\/v2\/posts"}],"about":[{"href":"https:\/\/analyse.optim.biz\/index.php?rest_route=\/wp\/v2\/types\/post"}],"author":[{"embeddable":true,"href":"https:\/\/analyse.optim.biz\/index.php?rest_route=\/wp\/v2\/users\/1"}],"replies":[{"embeddable":true,"href":"https:\/\/analyse.optim.biz\/index.php?rest_route=%2Fwp%2Fv2%2Fcomments&post=1904722"}],"version-history":[{"count":0,"href":"https:\/\/analyse.optim.biz\/index.php?rest_route=\/wp\/v2\/posts\/1904722\/revisions"}],"wp:attachment":[{"href":"https:\/\/analyse.optim.biz\/index.php?rest_route=%2Fwp%2Fv2%2Fmedia&parent=1904722"}],"wp:term":[{"taxonomy":"category","embeddable":true,"href":"https:\/\/analyse.optim.biz\/index.php?rest_route=%2Fwp%2Fv2%2Fcategories&post=1904722"},{"taxonomy":"post_tag","embeddable":true,"href":"https:\/\/analyse.optim.biz\/index.php?rest_route=%2Fwp%2Fv2%2Ftags&post=1904722"}],"curies":[{"name":"wp","href":"https:\/\/api.w.org\/{rel}","templated":true}]}}