{"id":1904675,"date":"2026-04-27T06:40:39","date_gmt":"2026-04-27T03:40:39","guid":{"rendered":"https:\/\/analyse.optim.biz\/?p=1904675"},"modified":"2026-04-27T06:40:39","modified_gmt":"2026-04-27T03:40:39","slug":"prosumatorii-cer-guvernului-cinci-masuri-pentru-reducerea-facturilor-la-energie-printre-care-tva-de-5","status":"publish","type":"post","link":"https:\/\/analyse.optim.biz\/?p=1904675","title":{"rendered":"Prosumatorii cer Guvernului cinci m\u0103suri pentru reducerea facturilor la energie, printre care TVA de 5%&#8230;"},"content":{"rendered":"<p>[analyse_image type=&#8221;featured&#8221; src=&#8221;https:\/\/s.iw.ro\/gateway\/g\/ZmlsZVNvdXJjZT1odHRwJTNBJTJGJTJG\/c3RvcmFnZTA4dHJhbnNjb2Rlci5yY3Mt\/cmRzLnJvJTJGc3RvcmFnZSUyRjIwMjMl\/MkYwMyUyRjI5JTJGMTcwNDEyOV8xNzA0\/MTI5X3Bhbm91cmktZm90b3ZvbHRhaWNl\/LXByb2ZpbWVkaWEuanBnJnc9MTIwMCZo\/PTYzMCZ6Yz0xJmhhc2g9Y2MwODUxYjczZTEyMWUzNTM4NmZjODJlYzJhYjJlM2Q=.thumb.jpg&#8221;]<\/p>\n<div class=\"entry data-app-meta data-app-meta-article\" data-embed-base-url-canonical=\"https:\/\/www.digi24.ro\/embed\/stiri\/economie\/energie\/prosumatorii-cer-guvernului-cinci-masuri-pentru-reducerea-facturilor-la-energie-printre-care-tva-de-5-pentru-fotovoltaice-3745601\">\n<p data-index=\"1\"><strong>Asocia\u0163ia Prosumatorilor \u015fi Comunit\u0103\u0163ilor de Energie din Rom\u00e2nia (APCE) cere Guvernului un pachet de cinci m\u0103suri pentru reducerea facturilor la energie, printre care aplicarea unui TVA de 5% pentru sistemele fotovoltaice \u0219i eliminarea contribu\u0163iei pentru cogenerare.<\/strong><\/p>\n<p data-index=\"2\">\u201eAsocia\u0163ia Prosumatorilor \u015fi Comunit\u0103\u0163ilor de Energie din Rom\u00e2nia (APCE) a transmis prim-ministrului Rom\u00e2niei, Ilie Bolojan, o scrisoare deschis\u0103 prin care solicit\u0103 adoptarea urgent\u0103 a unui pachet de cinci m\u0103suri concrete, capabile s\u0103 reduc\u0103 direct facturile de energie ale popula\u0163iei \u015fi companiilor chiar \u00eencep\u00e2nd cu luna urm\u0103toare. APCE salut\u0103 ini\u0163iativa Guvernului privind deblocarea accesului la re\u0163ele prin filtrarea avizelor tehnice de racordare (ATR), \u00eens\u0103 atrage aten\u0163ia c\u0103 efectele acestei decizii se vor resim\u0163i doar pe termen mediu \u015fi lung, \u00eentr-un interval estimat \u00eentre 1 \u015fi 3 ani. Rom\u00e2nia are nevoie, \u00een paralel, de m\u0103suri imediate care s\u0103 reduc\u0103 presiunea costurilor la energie asupra cet\u0103\u0163enilor \u015fi mediului economic\u201d, se arat\u0103 \u00eentr-un comunicat al organiza\u0163iei.<\/p>\n<p data-index=\"3\">Astfel, APCE solicit\u0103 eliminarea, prin Ordonan\u0163\u0103 de Urgen\u0163\u0103, a contribu\u0163iei pentru cogenerarea de \u00eenalt\u0103 eficien\u0163\u0103, cunoscut\u0103 public drept \u201etaxa de cogenerare\u201d, pe care o consider\u0103 o subven\u0163ionare mascat\u0103, regresiv\u0103 \u015fi ineficient\u0103, suportat\u0103 de to\u0163i consumatorii de energie electric\u0103 din Rom\u00e2nia, indiferent dac\u0103 beneficiaz\u0103 sau nu de sisteme centralizate de \u00eenc\u0103lzire.<\/p>\n<p data-index=\"4\">Totodat\u0103, APCE subliniaz\u0103 c\u0103 aceast\u0103 tax\u0103 nu reprezint\u0103 o obliga\u0163ie european\u0103 \u015fi c\u0103, de\u015fi a fost colectat\u0103 timp de peste 14 ani, nu a condus la modernizarea sau retehnologizarea sistemelor pentru care a fost instituit\u0103, fiind utilizat\u0103 \u00een principal pentru acoperirea unor cheltuieli ineficiente.<\/p>\n<p data-index=\"5\">\u201eAPCE a ob\u0163inut de la Comisia European\u0103 un document juridic care confirm\u0103 faptul c\u0103 eliminarea acestei taxe nu ar \u00eenc\u0103lca legisla\u0163ia european\u0103 \u015fi nu ar genera consecin\u0163e de infringement, document pe care \u00eel punem la dispozi\u0163ie\u201d, sus\u0163ine sursa citat\u0103.<\/p>\n<p data-index=\"6\">Pe de alt\u0103 parte, asocia\u0163ia prosumatorilor propune aplicarea cotei reduse de TVA de 5% pentru toate componentele sistemelor fotovoltaice, inclusiv baterii, montaj \u015fi service. \u00cen numeroase state europene, precum Germania, Olanda, Austria, Croa\u0163ia, Irlanda, Regatul Unit \u015fi Danemarca, se aplic\u0103 TVA zero sau cote reduse pentru aceste investi\u0163ii, iar Rom\u00e2nia trebuie s\u0103 utilizeze instrumentele fiscale permise de legisla\u0163ia european\u0103 pentru accelerarea tranzi\u0163iei energetice, a explicat APCE.<\/p>\n<p data-index=\"7\">\u00cen plus, organiza\u0163ia cere modernizarea urgent\u0103 a legisla\u0163iei astfel \u00eenc\u00e2t cet\u0103\u0163enii care locuiesc la blocuri s\u0103 poat\u0103 beneficia real de energia produs\u0103 pe acoperi\u015furile imobilelor sau prin kituri fotovoltaice de balcon.<\/p>\n<p data-index=\"8\">\u201e\u00cen prezent, cet\u0103\u0163enii care locuiesc la blocuri nu pot beneficia \u00een mod real de energia produs\u0103 pe acoperi\u015furile imobilelor, din cauza unei legisla\u0163ii care favorizeaz\u0103 exclusiv furnizorii de energie. De asemenea, rom\u00e2nii care locuiesc la bloc sunt \u00eempiedica\u0163i de o legisla\u0163ie \u00eenvechit\u0103 s\u0103 instaleze kituri fotovoltaice de balcon, care ar putea reduce semnificativ consumul diurn \u015fi facturile la energie. \u00cen Germania exist\u0103 deja peste un milion de astfel de kituri instalate\u201d, se mai arat\u0103 \u00een comunicat.<\/p>\n<p data-index=\"9\">APCE atrage aten\u0163ia c\u0103 o parte semnificativ\u0103 din energia produs\u0103 de prosumatori \u015fi consumat\u0103 local nu tranziteaz\u0103 re\u0163elele operate de Transelectrica, \u00eens\u0103 costurile aferente continu\u0103 s\u0103 fie incluse \u00een facturile consumatorilor.<\/p>\n<p class=\"gdpr-placeholder gdpr-social-media gdpr-iframe-fix\" data-index=\"11\"> Setarile tale privind cookie-urile nu permit afisarea continutul din aceasta sectiune. Poti actualiza setarile modulelor coookie direct din browser sau de <a class=\"ot-sdk-show-settings\" data-skip-linkfix=\"1\">aici<\/a> \u2013 e nevoie sa accepti cookie-urile social media<\/p>\n<p data-index=\"12\">Potrivit calculelor prezentate de asocia\u0163ie, transportatorul na\u0163ional a \u00eencasat peste 46 milioane de euro \u00een anii 2024 \u015fi 2025 pentru servicii care nu au fost prestate \u00een mod efectiv dar au fost pl\u0103tite de to\u0163i consumatorii de energie din Rom\u00e2nia.<\/p>\n<p data-index=\"13\">\u201eRom\u00e2nia are nevoie de m\u0103suri rapide, echitabile \u015fi eficiente pentru reducerea costurilor la energie. Cet\u0103\u0163enii \u015fi companiile nu mai pot suporta taxe ascunse, \u00eent\u00e2rzieri legislative \u015fi blocaje administrative care favorizeaz\u0103 vechi modele economice \u00een detrimentul moderniz\u0103rii. APCE \u00ee\u015fi exprim\u0103 \u00eentreaga disponibilitate de a participa la un dialog institu\u0163ional \u015fi tehnic cu Guvernul Rom\u00e2niei pentru implementarea acestor m\u0103suri \u00een beneficiul tuturor rom\u00e2nilor\u201d, subliniaz\u0103 comunicatul APCE, semnat de pre\u015fedintele organiza\u0163iei, Dan P\u00eer\u015fan.<\/p>\n<p> Editor : <a href=\"https:\/\/www.digi24.ro\/autor\/maria-isopescu\"> M.I. <\/a><\/p>\n<\/div>\n<p>[analyse_source url=&#8221;https:\/\/www.digi24.ro\/stiri\/economie\/energie\/prosumatorii-cer-guvernului-cinci-masuri-pentru-reducerea-facturilor-la-energie-printre-care-tva-de-5-pentru-fotovoltaice-3745601&#8243;]<\/p>\n","protected":false},"excerpt":{"rendered":"<p>[analyse_image type=&#8221;featured&#8221; src=&#8221;https:\/\/s.iw.ro\/gateway\/g\/ZmlsZVNvdXJjZT1odHRwJTNBJTJGJTJG\/c3RvcmFnZTA4dHJhbnNjb2Rlci5yY3Mt\/cmRzLnJvJTJGc3RvcmFnZSUyRjIwMjMl\/MkYwMyUyRjI5JTJGMTcwNDEyOV8xNzA0\/MTI5X3Bhbm91cmktZm90b3ZvbHRhaWNl\/LXByb2ZpbWVkaWEuanBnJnc9MTIwMCZo\/PTYzMCZ6Yz0xJmhhc2g9Y2MwODUxYjczZTEyMWUzNTM4NmZjODJlYzJhYjJlM2Q=.thumb.jpg&#8221;] Asocia\u0163ia Prosumatorilor \u015fi Comunit\u0103\u0163ilor de Energie din Rom\u00e2nia (APCE) cere Guvernului un pachet de cinci m\u0103suri pentru reducerea facturilor la energie, printre care aplicarea unui TVA de 5% pentru sistemele fotovoltaice \u0219i eliminarea contribu\u0163iei pentru cogenerare. \u201eAsocia\u0163ia Prosumatorilor \u015fi Comunit\u0103\u0163ilor de Energie din Rom\u00e2nia (APCE) a transmis prim-ministrului Rom\u00e2niei, Ilie Bolojan, o [&hellip;]<\/p>\n","protected":false},"author":1,"featured_media":0,"comment_status":"open","ping_status":"","sticky":false,"template":"","format":"standard","meta":{"footnotes":""},"categories":[89],"tags":[226,11],"class_list":["post-1904675","post","type-post","status-publish","format-standard","hentry","category-romania","tag-crawlmanager","tag-digi24"],"_links":{"self":[{"href":"https:\/\/analyse.optim.biz\/index.php?rest_route=\/wp\/v2\/posts\/1904675","targetHints":{"allow":["GET"]}}],"collection":[{"href":"https:\/\/analyse.optim.biz\/index.php?rest_route=\/wp\/v2\/posts"}],"about":[{"href":"https:\/\/analyse.optim.biz\/index.php?rest_route=\/wp\/v2\/types\/post"}],"author":[{"embeddable":true,"href":"https:\/\/analyse.optim.biz\/index.php?rest_route=\/wp\/v2\/users\/1"}],"replies":[{"embeddable":true,"href":"https:\/\/analyse.optim.biz\/index.php?rest_route=%2Fwp%2Fv2%2Fcomments&post=1904675"}],"version-history":[{"count":0,"href":"https:\/\/analyse.optim.biz\/index.php?rest_route=\/wp\/v2\/posts\/1904675\/revisions"}],"wp:attachment":[{"href":"https:\/\/analyse.optim.biz\/index.php?rest_route=%2Fwp%2Fv2%2Fmedia&parent=1904675"}],"wp:term":[{"taxonomy":"category","embeddable":true,"href":"https:\/\/analyse.optim.biz\/index.php?rest_route=%2Fwp%2Fv2%2Fcategories&post=1904675"},{"taxonomy":"post_tag","embeddable":true,"href":"https:\/\/analyse.optim.biz\/index.php?rest_route=%2Fwp%2Fv2%2Ftags&post=1904675"}],"curies":[{"name":"wp","href":"https:\/\/api.w.org\/{rel}","templated":true}]}}