{"id":1904588,"date":"2026-04-27T06:52:36","date_gmt":"2026-04-27T03:52:36","guid":{"rendered":"https:\/\/analyse.optim.biz\/?p=1904588"},"modified":"2026-04-27T06:52:36","modified_gmt":"2026-04-27T03:52:36","slug":"igsu-probleme-in-72-de-localitati-din-18-judete-si-in-bucuresti-din-cauza-vantului-puternic-o-persoana-a-murit","status":"publish","type":"post","link":"https:\/\/analyse.optim.biz\/?p=1904588","title":{"rendered":"IGSU: Probleme \u00een 72 de localit\u0103\u021bi din 18 jude\u021be \u0219i \u00een Bucure\u0219ti din cauza v\u00e2ntului puternic. O persoan\u0103 a murit"},"content":{"rendered":"<p>[analyse_image type=&#8221;featured&#8221; src=&#8221;https:\/\/evenimentdeolt.ro\/wp-content\/uploads\/2026\/04\/igsu-pagube-vijelii.jpg&#8221;]<\/p>\n<div class=\"tdb-block-inner td-fix-index\"><a class=\"tdb-logo-a\" href=\"https:\/\/evenimentdeolt.ro\/\"><span class=\"tdb-logo-text-wrap\"><span class=\"tdb-logo-text-title\">Eveniment de Olt<\/span><\/span><\/a><\/div>\n<div class=\"tdb-block-inner td-fix-index\"><a class=\"tdb-logo-a\" href=\"https:\/\/evenimentdeolt.ro\/\"><span class=\"tdb-logo-text-wrap\"><span class=\"tdb-logo-text-title\">Eveniment de Olt<\/span><\/span><\/a><\/div>\n<div class=\"tdb-block-inner td-fix-index\"><a class=\"tdb-logo-a\" href=\"https:\/\/evenimentdeolt.ro\/\"><span class=\"tdb-logo-img-wrap\"><img loading=\"lazy\" decoding=\"async\" class=\"tdb-logo-img td-retina-data\" data-retina=\"https:\/\/evenimentdeolt.ro\/wp-content\/uploads\/2023\/05\/logo1.png\" src=\"https:\/\/evenimentdeolt.ro\/wp-content\/uploads\/2023\/05\/logo1.png\" alt=\"Logo\" title width=\"270\" height=\"90\" data-eio=\"l\"><\/span><span class=\"tdb-logo-text-wrap\"><span class=\"tdb-logo-text-title\">Eveniment de Olt<\/span><span class=\"tdb-logo-text-tagline\">Cotidian Jude\u021bean<\/span><\/span><\/a><\/div>\n<div class=\"tdb-block-inner td-fix-index\">\n<div class=\"tdb-weather-deg-wrap\" data-block-uid=\"tdb_header_weather_uid\"><span class=\"tdb-weather-deg\">7.5<\/span><span class=\"tdb-weather-unit\">C<\/span><\/div>\n<div class=\"tdb-weather-city\">Slatina<\/div>\n<\/div>\n<div class=\"tdb-block-inner td-fix-index\">\n<div class=\"tdb-head-date-txt\">luni,27 aprilie,2026<\/div>\n<\/div>\n<div class=\"tdb-block-inner td-fix-index\"><a class=\"td-login-modal-js tdb-head-usr-item tdb-head-usr-log\" href=\"https:\/\/evenimentdeolt.ro\/2026\/04\/27\/igsu-probleme-in-72-de-localitati-din-18-judete-si-in-bucuresti-din-cauza-vantului-puternic-o-persoana-a-murit\/#login-form\" data-effect=\"mpf-td-login-effect\"><span class=\"tdb-head-usr-log-txt\">Autentifica\u021bi-v\u0103 \/ \u00cenregistra\u021bi-v\u0103<\/span><\/a><\/div>\n<div class=\"tdb-block-inner td-fix-index\"><a class=\"tdb-logo-a\" href=\"https:\/\/evenimentdeolt.ro\/\"><span class=\"tdb-logo-text-wrap\"><span class=\"tdb-logo-text-title\">Eveniment de Olt<\/span><\/span><\/a><\/div>\n<div class=\"tdb-block-inner td-fix-index\"><span><a title class=\"tdb-entry-crumb\" href=\"https:\/\/evenimentdeolt.ro\/\">Acas\u0103<\/a><\/span><span><a title=\"Vede\u021bi toate articolele \u00een Na\u021bional\" class=\"tdb-entry-crumb\" href=\"https:\/\/evenimentdeolt.ro\/category\/national\/\">Na\u021bional<\/a><\/span><\/div>\n<div class=\"tdb-block-inner td-fix-index\"><time class=\"entry-date updated td-module-date\" datetime=\"2026-04-27T06:52:36+00:00\">aprilie 27, 2026<\/time><\/div>\n<div class=\"tdb-block-inner td-fix-index\"><a class=\"tdb-author-photo\" href=\"https:\/\/evenimentdeolt.ro\/author\/admin\/\" title=\"Evdo\"><img loading=\"lazy\" decoding=\"async\" alt=\"Evdo\" src=\"https:\/\/secure.gravatar.com\/avatar\/8ca593a12119be55ef318904104398f7?s=96&amp;d=mm&amp;r=g\" class=\"avatar avatar-96 photo\" height=\"96\" width=\"96\" data-eio=\"l\"><\/a><\/p>\n<div class=\"tdb-author-name-wrap\"><a class=\"tdb-author-name\" href=\"https:\/\/evenimentdeolt.ro\/author\/admin\/\">Evdo<\/a><\/div>\n<\/div>\n<div class=\"tdb-block-inner td-fix-index\">\n<h1 class=\"tdb-title-text\">IGSU: Probleme \u00een 72 de localit\u0103\u021bi din 18 jude\u021be \u0219i \u00een Bucure\u0219ti din cauza v\u00e2ntului puternic. O persoan\u0103 a murit<\/h1>\n<\/div>\n<div class=\"td_block_wrap tdb_single_content tdi_95 td-pb-border-top td_block_template_1 td-post-content tagdiv-type\" data-td-block-uid=\"tdi_95\">\n<div class=\"tdb-block-inner td-fix-index\">\n<div class=\"td-a-ad id_top_ad \"><span class=\"td-adspot-title\">&#8211; Advertisement &#8211;<\/span><\/div>\n<p><strong>V\u00e2ntul a provocat probleme \u00een 72 de localit\u0103\u021bi din 18 jude\u021be, precum \u0219i \u00een municipiul Bucure\u0219ti, cel mai grav incident av\u00e2nd loc \u00een municipiul Hu\u0219i, jude\u021bul Vaslui, unde un b\u0103rbat a murit dup\u0103 ce a fost lovit de un acoperi\u0219 dislocat de rafalele puternice.<\/strong><\/p>\n<p>Potrivit datelor comunicate, luni, de Inspectoratul General pentru Situa\u021bii de Urgen\u021b\u0103 (IGSU), \u00een urma fenomenelor meteorologice severe manifestate \u00een intervalul 26 aprilie, ora 08:00 \u2013 27 aprilie, ora 08:00, s-au \u00eenregistrat efecte semnificative \u00een 72 de localit\u0103\u021bi din 18 jude\u021be (Alba, Bac\u0103u, Boto\u0219ani, Br\u0103ila, Cara\u0219-Severin, Cluj, D\u00e2mbovi\u021ba, Gala\u021bi, Harghita, Hunedoara, Ia\u0219i, Ilfov, Neam\u021b, Prahova, Satu Mare, Suceava, Timi\u0219 \u0219i Vaslui), precum \u0219i \u00een municipiul Bucure\u0219ti.<\/p>\n\n<p>Pompierii au intervenit la 99 de imobile afectate (78 acoperi\u0219uri de bloc, 15 acoperi\u0219uri de locuin\u021be \u0219i 6 apar\u021bin\u00e2nd operatorilor economici) \u0219i au degajat 106 arbori \u0219i 18 st\u00e2lpi de electricitate pr\u0103bu\u0219i\u021bi, arat\u0103 sursa citat\u0103.<\/p>\n<p>\u00cen urma acestor evenimente, au fost afectate 15 autoturisme.<\/p>\n<p>Cele mai multe interven\u021bii pentru \u00eendep\u0103rtarea arborilor c\u0103zu\u021bi \u0219i a elementelor de construc\u021bie, precum \u0219i pentru limitarea efectelor asupra infrastructurii au avut loc \u00een jude\u021bele Ia\u0219i, Neam\u021b, Suceava \u0219i Vaslui, precizeaz\u0103 IGSU.<\/p>\n<p>Probleme \u00een alimentarea cu energie electric\u0103 s-au semnalat \u00een 138 de localit\u0103\u021bi din jude\u021bele Bac\u0103u, Boto\u0219ani, Ia\u0219i, Neam\u021b, Suceava \u0219i Vaslui, fiind afecta\u021bi peste 35.000 de consumatori. Toate situa\u021biile au fost remediate, iar alimentarea a fost reluat\u0103 integral.<\/p>\n<p>IGSU men\u021bioneaz\u0103 c\u0103 cel mai grav incident s-a produs \u00een municipiul Hu\u0219i, unde un b\u0103rbat \u0219i-a pierdut via\u021ba, dup\u0103 ce a fost lovit de un acoperi\u0219 dislocat de rafalele puternice de v\u00e2nt.<\/p>\n<p>Victima a fost g\u0103sit\u0103 \u00een stare de incon\u0219tien\u021b\u0103, iar personalul medical a declarat decesul dup\u0103 efectuarea manevrelor de resuscitare.<\/p>\n<p>Alte trei persoane au fost r\u0103nite de crengi rupte de v\u00e2nt \u00een localitatea T\u00e2rgu Frumos, jude\u021bul Ia\u0219i, \u00een municipiul Timi\u0219oara \u0219i \u00een Bucure\u0219ti. Victimele au fost duse la spital, con\u0219tiente, arat\u0103 sursa citat\u0103.<\/p>\n<p>De asemenea, \u00een localitatea Furnicari din jude\u021bul Bac\u0103u, un copac a c\u0103zut peste un autoturism aflat \u00een deplasare. \u0218oferul a reu\u0219it s\u0103 se autoevacueze \u0219i nu a avut nevoie de \u00eengrijiri medicale.<\/p>\n<div class=\"td-a-ad id_bottom_ad \"><span class=\"td-adspot-title\">&#8211; Advertisement &#8211;<\/span><\/div>\n<\/div>\n<\/div>\n<div class=\"tdb-block-inner td-fix-index\">\n<div class=\"td-a-ad id_top_ad \"><span class=\"td-adspot-title\">&#8211; Advertisement &#8211;<\/span><\/div>\n<p><strong>V\u00e2ntul a provocat probleme \u00een 72 de localit\u0103\u021bi din 18 jude\u021be, precum \u0219i \u00een municipiul Bucure\u0219ti, cel mai grav incident av\u00e2nd loc \u00een municipiul Hu\u0219i, jude\u021bul Vaslui, unde un b\u0103rbat a murit dup\u0103 ce a fost lovit de un acoperi\u0219 dislocat de rafalele puternice.<\/strong><\/p>\n<p>Potrivit datelor comunicate, luni, de Inspectoratul General pentru Situa\u021bii de Urgen\u021b\u0103 (IGSU), \u00een urma fenomenelor meteorologice severe manifestate \u00een intervalul 26 aprilie, ora 08:00 \u2013 27 aprilie, ora 08:00, s-au \u00eenregistrat efecte semnificative \u00een 72 de localit\u0103\u021bi din 18 jude\u021be (Alba, Bac\u0103u, Boto\u0219ani, Br\u0103ila, Cara\u0219-Severin, Cluj, D\u00e2mbovi\u021ba, Gala\u021bi, Harghita, Hunedoara, Ia\u0219i, Ilfov, Neam\u021b, Prahova, Satu Mare, Suceava, Timi\u0219 \u0219i Vaslui), precum \u0219i \u00een municipiul Bucure\u0219ti.<\/p>\n\n<p>Pompierii au intervenit la 99 de imobile afectate (78 acoperi\u0219uri de bloc, 15 acoperi\u0219uri de locuin\u021be \u0219i 6 apar\u021bin\u00e2nd operatorilor economici) \u0219i au degajat 106 arbori \u0219i 18 st\u00e2lpi de electricitate pr\u0103bu\u0219i\u021bi, arat\u0103 sursa citat\u0103.<\/p>\n<p>\u00cen urma acestor evenimente, au fost afectate 15 autoturisme.<\/p>\n<p>Cele mai multe interven\u021bii pentru \u00eendep\u0103rtarea arborilor c\u0103zu\u021bi \u0219i a elementelor de construc\u021bie, precum \u0219i pentru limitarea efectelor asupra infrastructurii au avut loc \u00een jude\u021bele Ia\u0219i, Neam\u021b, Suceava \u0219i Vaslui, precizeaz\u0103 IGSU.<\/p>\n<p>Probleme \u00een alimentarea cu energie electric\u0103 s-au semnalat \u00een 138 de localit\u0103\u021bi din jude\u021bele Bac\u0103u, Boto\u0219ani, Ia\u0219i, Neam\u021b, Suceava \u0219i Vaslui, fiind afecta\u021bi peste 35.000 de consumatori. Toate situa\u021biile au fost remediate, iar alimentarea a fost reluat\u0103 integral.<\/p>\n<p>IGSU men\u021bioneaz\u0103 c\u0103 cel mai grav incident s-a produs \u00een municipiul Hu\u0219i, unde un b\u0103rbat \u0219i-a pierdut via\u021ba, dup\u0103 ce a fost lovit de un acoperi\u0219 dislocat de rafalele puternice de v\u00e2nt.<\/p>\n<p>Victima a fost g\u0103sit\u0103 \u00een stare de incon\u0219tien\u021b\u0103, iar personalul medical a declarat decesul dup\u0103 efectuarea manevrelor de resuscitare.<\/p>\n<p>Alte trei persoane au fost r\u0103nite de crengi rupte de v\u00e2nt \u00een localitatea T\u00e2rgu Frumos, jude\u021bul Ia\u0219i, \u00een municipiul Timi\u0219oara \u0219i \u00een Bucure\u0219ti. Victimele au fost duse la spital, con\u0219tiente, arat\u0103 sursa citat\u0103.<\/p>\n<p>De asemenea, \u00een localitatea Furnicari din jude\u021bul Bac\u0103u, un copac a c\u0103zut peste un autoturism aflat \u00een deplasare. \u0218oferul a reu\u0219it s\u0103 se autoevacueze \u0219i nu a avut nevoie de \u00eengrijiri medicale.<\/p>\n<div class=\"td-a-ad id_bottom_ad \"><span class=\"td-adspot-title\">&#8211; Advertisement &#8211;<\/span><\/div>\n<\/div>\n<div class=\"tdb-block-inner td-fix-index\"><span>Sursa<\/span><a rel=\"nofollow\" href=\"https:\/\/agerpres.ro\/social\/2026\/04\/27\/igsu-probleme-in-72-de-localitati-din-18-judete-si-in-bucuresti-din-cauza-vantului-puternic-o-persoa--1550327\">AGERPRES.RO<\/a><\/div>\n<div class=\"tdb-block-inner td-fix-index\"><time class=\"entry-date updated td-module-date\" datetime=\"2026-04-27T06:52:36+00:00\">aprilie 27, 2026<\/time><\/div>\n<div class=\"tdb-block-inner td-fix-index\"><a class=\"tdb-author-photo\" href=\"https:\/\/evenimentdeolt.ro\/author\/admin\/\" title=\"Evdo\"><img loading=\"lazy\" decoding=\"async\" alt=\"Evdo\" src=\"https:\/\/secure.gravatar.com\/avatar\/8ca593a12119be55ef318904104398f7?s=40&amp;d=mm&amp;r=g\" class=\"avatar avatar-40 photo\" height=\"40\" width=\"40\" data-eio=\"l\"><\/a><\/p>\n<div class=\"tdb-author-name-wrap\"><a class=\"tdb-author-name\" href=\"https:\/\/evenimentdeolt.ro\/author\/admin\/\">Evdo<\/a><\/div>\n<\/div>\n<div id=\"tdi_106\" class=\"td_block_inner tdb-block-inner td-fix-index\">\n<div class=\"tdb_module_related td_module_wrap td-animation-stack\">\n<div class=\"td-module-container td-category-pos-above\">\n<div class=\"td-module-meta-info\"><a href=\"https:\/\/evenimentdeolt.ro\/category\/national\/\" class=\"td-post-category\">Na\u021bional<\/a><\/p>\n<h3 class=\"entry-title td-module-title\"><a href=\"https:\/\/evenimentdeolt.ro\/2026\/04\/27\/apce-propune-cinci-masuri-pentru-reducerea-facturilor-la-energie\/\" rel=\"bookmark\" title=\"APCE propune cinci m\u0103suri pentru reducerea facturilor la energie\">APCE propune cinci m\u0103suri pentru reducerea facturilor la energie<\/a><\/h3>\n<\/div>\n<\/div>\n<\/div>\n<div class=\"tdb_module_related td_module_wrap td-animation-stack\">\n<div class=\"td-module-container td-category-pos-above\">\n<div class=\"td-module-meta-info\"><a href=\"https:\/\/evenimentdeolt.ro\/category\/national\/\" class=\"td-post-category\">Na\u021bional<\/a><\/p>\n<h3 class=\"entry-title td-module-title\"><a href=\"https:\/\/evenimentdeolt.ro\/2026\/04\/27\/operatiunea-jupiter-185-de-perchezitii-pentru-combaterea-infractiunilor-la-regimul-drepturilor-de-proprietate-intelectuala\/\" rel=\"bookmark\" title=\"Opera\u021biunea \u2018Jupiter\u2019: 185 de perchezi\u021bii pentru combaterea infrac\u021biunilor la regimul drepturilor de proprietate intelectual\u0103\">Opera\u021biunea \u2018Jupiter\u2019: 185 de perchezi\u021bii pentru combaterea infrac\u021biunilor la regimul drepturilor de proprietate intelectual\u0103<\/a><\/h3>\n<\/div>\n<\/div>\n<\/div>\n<div class=\"tdb_module_related td_module_wrap td-animation-stack\">\n<div class=\"td-module-container td-category-pos-above\">\n<div class=\"td-module-meta-info\"><a href=\"https:\/\/evenimentdeolt.ro\/category\/national\/\" class=\"td-post-category\">Na\u021bional<\/a><\/p>\n<h3 class=\"entry-title td-module-title\"><a href=\"https:\/\/evenimentdeolt.ro\/2026\/04\/27\/programul-noua-casa-va-continua-si-in-acest-an-cu-un-plafon-de-garantare-in-valoare-de-500-milioane-lei-proiect\/\" rel=\"bookmark\" title=\"Programul \u2018Noua Cas\u0103\u2019 va continua \u0219i \u00een acest an, cu un plafon de garantare \u00een valoare de 500 milioane lei (proiect)\">Programul \u2018Noua Cas\u0103\u2019 va continua \u0219i \u00een acest an, cu un plafon de garantare \u00een valoare de 500 milioane lei (proiect)<\/a><\/h3>\n<\/div>\n<\/div>\n<\/div>\n<div class=\"tdb_module_related td_module_wrap td-animation-stack\">\n<div class=\"td-module-container td-category-pos-above\">\n<div class=\"td-module-meta-info\"><a href=\"https:\/\/evenimentdeolt.ro\/category\/national\/\" class=\"td-post-category\">Na\u021bional<\/a><\/p>\n<h3 class=\"entry-title td-module-title\"><a href=\"https:\/\/evenimentdeolt.ro\/2026\/04\/27\/chisalita-aei-fara-reforme-preturile-cresc-mult-cu-reforme-cresc-mai-putin-sau-se-stabilizeaza\/\" rel=\"bookmark\" title=\"Chis\u0103li\u021b\u0103 (AEI): F\u0103r\u0103 reforme, pre\u021burile cresc mult. Cu reforme, cresc mai pu\u021bin sau se stabilizeaz\u0103\">Chis\u0103li\u021b\u0103 (AEI): F\u0103r\u0103 reforme, pre\u021burile cresc mult. Cu reforme, cresc mai pu\u021bin sau se stabilizeaz\u0103<\/a><\/h3>\n<\/div>\n<\/div>\n<\/div>\n<div class=\"tdb_module_related td_module_wrap td-animation-stack\">\n<div class=\"td-module-container td-category-pos-above\">\n<div class=\"td-module-meta-info\"><a href=\"https:\/\/evenimentdeolt.ro\/category\/national\/\" class=\"td-post-category\">Na\u021bional<\/a><\/p>\n<h3 class=\"entry-title td-module-title\"><a href=\"https:\/\/evenimentdeolt.ro\/2026\/04\/27\/vremea-se-va-raci-accentuat-in-jumatatea-de-sud-a-tarii-luni\/\" rel=\"bookmark\" title=\"Vremea se va r\u0103ci accentuat \u00een jum\u0103tatea de sud a \u021b\u0103rii, luni\">Vremea se va r\u0103ci accentuat \u00een jum\u0103tatea de sud a \u021b\u0103rii, luni<\/a><\/h3>\n<\/div>\n<\/div>\n<\/div>\n<\/div>\n<div class=\"tdb-block-inner td-fix-index\"><a class=\"tdb-logo-a\" href=\"https:\/\/evenimentdeolt.ro\/\"><span class=\"tdb-logo-text-wrap\"><span class=\"tdb-logo-text-title\">Eveniment de Olt<\/span><span class=\"tdb-logo-text-tagline\">Cotidian Jude\u021bean<\/span><\/span><\/a><\/div>\n<p>[analyse_source url=&#8221;https:\/\/evenimentdeolt.ro\/2026\/04\/27\/igsu-probleme-in-72-de-localitati-din-18-judete-si-in-bucuresti-din-cauza-vantului-puternic-o-persoana-a-murit\/#new_tab&#8221;]<\/p>\n","protected":false},"excerpt":{"rendered":"<p>[analyse_image type=&#8221;featured&#8221; src=&#8221;https:\/\/evenimentdeolt.ro\/wp-content\/uploads\/2026\/04\/igsu-pagube-vijelii.jpg&#8221;] Eveniment de Olt Eveniment de Olt Eveniment de OltCotidian Jude\u021bean 7.5C Slatina luni,27 aprilie,2026 Autentifica\u021bi-v\u0103 \/ \u00cenregistra\u021bi-v\u0103 Eveniment de Olt Acas\u0103Na\u021bional aprilie 27, 2026 Evdo IGSU: Probleme \u00een 72 de localit\u0103\u021bi din 18 jude\u021be \u0219i \u00een Bucure\u0219ti din cauza v\u00e2ntului puternic. O persoan\u0103 a murit &#8211; Advertisement &#8211; V\u00e2ntul a provocat probleme [&hellip;]<\/p>\n","protected":false},"author":1,"featured_media":0,"comment_status":"open","ping_status":"","sticky":false,"template":"","format":"standard","meta":{"footnotes":""},"categories":[89],"tags":[226,217],"class_list":["post-1904588","post","type-post","status-publish","format-standard","hentry","category-romania","tag-crawlmanager","tag-vaslui-robo-stiri-ro"],"_links":{"self":[{"href":"https:\/\/analyse.optim.biz\/index.php?rest_route=\/wp\/v2\/posts\/1904588","targetHints":{"allow":["GET"]}}],"collection":[{"href":"https:\/\/analyse.optim.biz\/index.php?rest_route=\/wp\/v2\/posts"}],"about":[{"href":"https:\/\/analyse.optim.biz\/index.php?rest_route=\/wp\/v2\/types\/post"}],"author":[{"embeddable":true,"href":"https:\/\/analyse.optim.biz\/index.php?rest_route=\/wp\/v2\/users\/1"}],"replies":[{"embeddable":true,"href":"https:\/\/analyse.optim.biz\/index.php?rest_route=%2Fwp%2Fv2%2Fcomments&post=1904588"}],"version-history":[{"count":0,"href":"https:\/\/analyse.optim.biz\/index.php?rest_route=\/wp\/v2\/posts\/1904588\/revisions"}],"wp:attachment":[{"href":"https:\/\/analyse.optim.biz\/index.php?rest_route=%2Fwp%2Fv2%2Fmedia&parent=1904588"}],"wp:term":[{"taxonomy":"category","embeddable":true,"href":"https:\/\/analyse.optim.biz\/index.php?rest_route=%2Fwp%2Fv2%2Fcategories&post=1904588"},{"taxonomy":"post_tag","embeddable":true,"href":"https:\/\/analyse.optim.biz\/index.php?rest_route=%2Fwp%2Fv2%2Ftags&post=1904588"}],"curies":[{"name":"wp","href":"https:\/\/api.w.org\/{rel}","templated":true}]}}