{"id":1904582,"date":"2026-04-26T22:00:00","date_gmt":"2026-04-26T19:00:00","guid":{"rendered":"https:\/\/analyse.optim.biz\/?p=1904582"},"modified":"2026-04-26T22:00:00","modified_gmt":"2026-04-26T19:00:00","slug":"cfr-suplimenteaza-capacitatea-de-transport-catre-litoral-de-1-mai","status":"publish","type":"post","link":"https:\/\/analyse.optim.biz\/?p=1904582","title":{"rendered":"CFR suplimenteaz\u0103 capacitatea de transport c\u0103tre litoral, de 1 Mai"},"content":{"rendered":"<p>[analyse_image type=&#8221;featured&#8221; src=&#8221;&#8221;]<\/p>\n<div class=\"td-post-content tagdiv-type\">\n<p><strong>CFR anun\u0163\u0103 c\u0103 suplimenteaz\u0103 capacitatea de transport c\u0103tre litoral \u00een perioada 30 aprilie \u2013\u00a04 mai\u00a02026, fiind introduse mai multe trenuri directe, suplimenta fa\u0163\u0103 de cele care circul\u0103 deja. De asemenea, vor fi trenuri frectente din Bucure\u015fti, la un interval de 1-2 ore. Compania avertizeaz\u0103, \u00eens\u0103, c\u0103 garniturile nu vor opri \u00een Costine\u015fti Tab\u0103r\u0103, deoarece peroanele nu sunt finalizate.\u00a0<\/strong><\/p>\n<div class=\"wp-block-image\">\n<figure class=\"aligncenter size-full is-resized\"><img loading=\"lazy\" decoding=\"async\" width=\"276\" height=\"183\" src=\"https:\/\/www.monitoruldevaslui.ro\/wp-content\/uploads\/2021\/08\/CFR.jpg\" alt class=\"wp-image-81395\"><\/figure>\n<\/div>\n<p>\u201eCu ocazia minivacan\u0163ei de 1 Mai, c\u00e2nd litoralul rom\u00e2nesc devine una dintre principalele destina\u0163ii tradi\u0163ionale de vacan\u0163\u0103, CFR C\u0103l\u0103tori suplimenteaz\u0103 capacitatea de transport c\u0103tre mare. Astfel, \u00een perioada 30 aprilie\/1 mai \u20133\/4 mai 2026, pe l\u00e2ng\u0103 trenurile directe din programul obi\u015fnuit de circula\u0163ie, vor fi introduse trenuri directe suplimentare spre Constan\u0163a \u015fi sta\u0163iunile de pe litoral, inclusiv Mangalia, din Bucure\u015fti Nord \u015fi Suceava\u201d, anun\u0163\u0103, joi, CFR, \u00eentr-un comunicat de pres\u0103.<\/p>\n<p>Compania precizeaz\u0103 c\u0103, din Bucure\u015fti, vor exista trenuri care circul\u0103 frecvent, la un interval de 1-2 ore, pe ruta Bucure\u015fti Nord \u2013 Constan\u0163a \u015fi retur. \u201eDe asemenea, \u00een urma redeschiderii temporare a liniei Constan\u0163a \u2013\u00a0Mangalia de c\u0103tre managerul infrastructurii, CFR SA, \u00een perioada 30 aprilie \u2013\u00a04 mai 2026, serviciul de transport Regio din programul de circula\u0163ie al CFR C\u0103l\u0103tori va fi operat temporar pe ruta Constan\u0163a \u2013\u00a0Mangalia \u015fi retur cu trenuri (vagoane \u015fi locomotive), \u00een locul serviciilor auto utilizate \u00een prezent pentru derularea lucr\u0103rilor efectuate de c\u0103tre CFR SA\u201d, anun\u0163\u0103 companie.<\/p>\n<p>Aceasta avertizeaz\u0103 c\u0103, potrivit avizului managerului infrastructurii feroviare \u2013\u00a0CFR SA, trenurile vor circula f\u0103r\u0103 oprire \u00een sta\u0163ia Costine\u015fti Tab\u0103r\u0103, deoarece peroanele nu sunt finalizate \u015fi nu sunt apte pentru \u00eembarcarea \u015fi debarcarea pasagerilor.\u00a0<\/p>\n<p>\u201e\u00cen aceste condi\u0163ii,\u00a0av\u00e2nd \u00een vedere c\u0103 au fost efectuate v\u00e2nz\u0103ri \u00een avans \u00eenainte de decizia CFR SA de a permite reintroducerea temporar\u0103 a trenurilor \u00een circula\u0163ie, rug\u0103m pasagerii care au deja bilete achizi\u0163ionate cu plecare sau sosire \u00een sta\u0163ia Costine\u015fti Tab\u0103r\u0103 s\u0103 utilizeze sta\u0163ia Costine\u015fti\u201d, transmite CFR.<\/p>\n<p>CFR\u00a0C\u0103l\u0103tori recomand\u0103 pasagerilor cump\u0103rarea c\u00e2t mai din timp a legitima\u0163iilor de c\u0103l\u0103torie. \u00cen trafic intern, legitima\u0163iile de c\u0103l\u0103torie pot fi achizi\u0163ionate cu anticipa\u0163ie, utiliz\u00e2nd urm\u0103toarele canale de v\u00e2nzare:<\/p>\n<p>online, pe\u00a0<a href=\"https:\/\/www.ziaruldevrancea.ro\/special\/economic\/mozaic-Stiri-economice-presedintele-asf-romania-are-un-nivel-redus-de-participare-a-populatiei-la-piata-de-capital\">www.cfrcalatori.ro<\/a><\/p>\n<p>aplica\u0163ia mobil\u0103 \u201eCFR C\u0103l\u0103tori bilete online\u201d (Google Play, App Store, Huawei AppGallery)<\/p>\n<p>automatele de bilete din sta\u0163ii<\/p>\n<p>casele de bilete din g\u0103ri \u015fi agen\u0163iile de voiaj CFR C\u0103l\u0103tori<\/p>\n<p>\u201ePasagerii se pot bucura de reduceri de p\u00e2n\u0103 la 10% la cump\u0103rarea legitima\u0163iilor de c\u0103l\u0103torie cu anticipa\u0163ie sau de 10% reducere dac\u0103 opteaz\u0103 pentru oferta dus-\u00eentors. De asemenea, preciz\u0103m c\u0103 CFR C\u0103l\u0103tori acord\u0103 reducerile la transport prev\u0103zute de actele normative \u00een vigoare pentru diverse categorii de persoane (elevi, pensionari, etc.). Pentru detalii accesa\u0163i\u00a0<a href=\"https:\/\/www.ziaruldevrancea.ro\/special\/economic\/mozaic-Stiri-economice-presedintele-asf-romania-are-un-nivel-redus-de-participare-a-populatiei-la-piata-de-capital\">www.cfrcalatori.ro<\/a>, sec\u0163iunea\u00a0Trafic intern\/ Oferte\/ Facilit\u0103\u0163i\u201d, se mai arat\u0103 \u00een comunicatul de pres\u0103 citat.<\/p>\n<\/div>\n<p>[analyse_source url=&#8221;https:\/\/www.monitoruldevaslui.ro\/2026\/04\/cfr-suplimenteaza-capacitatea-de-transport-catre-litoral-de-1-mai\/#new_tab&#8221;]<\/p>\n","protected":false},"excerpt":{"rendered":"<p>[analyse_image type=&#8221;featured&#8221; src=&#8221;&#8221;] CFR anun\u0163\u0103 c\u0103 suplimenteaz\u0103 capacitatea de transport c\u0103tre litoral \u00een perioada 30 aprilie \u2013\u00a04 mai\u00a02026, fiind introduse mai multe trenuri directe, suplimenta fa\u0163\u0103 de cele care circul\u0103 deja. De asemenea, vor fi trenuri frectente din Bucure\u015fti, la un interval de 1-2 ore. Compania avertizeaz\u0103, \u00eens\u0103, c\u0103 garniturile nu vor opri \u00een Costine\u015fti [&hellip;]<\/p>\n","protected":false},"author":1,"featured_media":0,"comment_status":"open","ping_status":"","sticky":false,"template":"","format":"standard","meta":{"footnotes":""},"categories":[89],"tags":[226,217],"class_list":["post-1904582","post","type-post","status-publish","format-standard","hentry","category-romania","tag-crawlmanager","tag-vaslui-robo-stiri-ro"],"_links":{"self":[{"href":"https:\/\/analyse.optim.biz\/index.php?rest_route=\/wp\/v2\/posts\/1904582","targetHints":{"allow":["GET"]}}],"collection":[{"href":"https:\/\/analyse.optim.biz\/index.php?rest_route=\/wp\/v2\/posts"}],"about":[{"href":"https:\/\/analyse.optim.biz\/index.php?rest_route=\/wp\/v2\/types\/post"}],"author":[{"embeddable":true,"href":"https:\/\/analyse.optim.biz\/index.php?rest_route=\/wp\/v2\/users\/1"}],"replies":[{"embeddable":true,"href":"https:\/\/analyse.optim.biz\/index.php?rest_route=%2Fwp%2Fv2%2Fcomments&post=1904582"}],"version-history":[{"count":0,"href":"https:\/\/analyse.optim.biz\/index.php?rest_route=\/wp\/v2\/posts\/1904582\/revisions"}],"wp:attachment":[{"href":"https:\/\/analyse.optim.biz\/index.php?rest_route=%2Fwp%2Fv2%2Fmedia&parent=1904582"}],"wp:term":[{"taxonomy":"category","embeddable":true,"href":"https:\/\/analyse.optim.biz\/index.php?rest_route=%2Fwp%2Fv2%2Fcategories&post=1904582"},{"taxonomy":"post_tag","embeddable":true,"href":"https:\/\/analyse.optim.biz\/index.php?rest_route=%2Fwp%2Fv2%2Ftags&post=1904582"}],"curies":[{"name":"wp","href":"https:\/\/api.w.org\/{rel}","templated":true}]}}