{"id":1904578,"date":"2026-04-27T00:10:00","date_gmt":"2026-04-26T21:10:00","guid":{"rendered":"https:\/\/analyse.optim.biz\/?p=1904578"},"modified":"2026-04-27T00:10:00","modified_gmt":"2026-04-26T21:10:00","slug":"profesorii-pusi-cu-burta-pe-carte-daca-vor-prime-de-cariera-educationala","status":"publish","type":"post","link":"https:\/\/analyse.optim.biz\/?p=1904578","title":{"rendered":"Profesorii, pu\u0219i cu burta pe carte, dac\u0103 vor prime de carier\u0103 educa\u021bional\u0103"},"content":{"rendered":"<p>[analyse_image type=&#8221;featured&#8221; src=&#8221;&#8221;]<\/p>\n<div class=\"td-post-content tagdiv-type\">\n<p><strong>Guvernul, prin Ministerul Investi\u021biilor \u0219i Proiectelor Europene, schimb\u0103 regulile \u00een ceea ce prive\u0219te acordarea \u00een acest an a primelor de carier\u0103 educa\u021bional\u0103. Astfel, profesorii nu vor mai putea cump\u0103ra din cei 1.500 lei primi\u021bi telefoane mobile, laptopuri sau alte dispozitive electronice, ci\u00a0doar c\u0103r\u021bi \u0219i manuale, \u0219i asta \u00een limita a doar 35% din suma primit\u0103. Restul banilor trebuie folosi\u021bi pentru formare profesional\u0103, prin participarea la cursuri specializate. Mai mult, se dore\u0219te eliminarea acestei prime, anul viitor.\u00a0<\/strong><\/p>\n<div class=\"wp-block-image\">\n<figure class=\"aligncenter size-full is-resized\"><img loading=\"lazy\" decoding=\"async\" width=\"806\" height=\"600\" src=\"https:\/\/www.monitoruldevaslui.ro\/wp-content\/uploads\/2024\/07\/intrare-in-cancelarie-scolara-didactic-profesor-invatator-educatie-scoala-elevi.jpg\" alt class=\"wp-image-92017\"><\/figure>\n<\/div>\n<p>\u00cen urma grevei generale din \u00eenv\u0103\u021b\u0103m\u00e2nt din 2023, care a paralizat atunci sf\u00e2r\u0219itul anului \u0219colar, sindicali\u0219tii din educa\u021bie ob\u021bineau, \u00eentre altele, acordarea unei prime educa\u021bionale anuale,\u00a0de 1.500 lei, cadrelor didactice \u00een activitate, respectiv a unei prime profesionale de 500 lei anual, pentru personalul nedidactic. Aceste drepturi ar fi trebuit acordate p\u00e2n\u0103 \u00een 2027,\u00a0inclusiv, \u00eens\u0103 minunea a \u201e\u021binut\u201d doar doi ani, \u00een 2025 nefiind acordate astfel de prime, din lips\u0103 de finan\u021bare european\u0103. Mai mult, un proiect de act normativ pus \u00een dezbatere public\u0103 de Ministerul Investi\u021biilor \u0219i Proiectelor Europene propune ca anul \u0219colar 2025 \u2013 2026 s\u0103 fie ultimul \u00een care profesorii s\u0103 primeasc\u0103 astfel de prime de carier\u0103 educa\u021bional\u0103.<\/p>\n<p>Respectivul proiect aduce \u0219i alte nout\u0103\u021bi, respectiv faptul c\u0103 banii nu mai pot fi cheltui\u021bi pentru echipamente IT &amp; accesorii precum laptopuri, PC-uri, tablete, monitoare, imprimante, scanere, telefoane inteligente, smartwatch-uri, periferice (tastaturi, mouse-uri), consumabile, necesare necesare preg\u0103tirii ori desf\u0103\u0219ur\u0103rii activit\u0103\u021bii didactice.<\/p>\n<p>\u00cen acest an, beneficiarii vor trebui s\u0103 aloce minimum 65% prima de carier\u0103 didactic\u0103 strict pentru cheltuieli privind cursuri de preg\u0103tire profesional\u0103, \u0219i restul, doar pentru achizi\u021bionarea de c\u0103r\u0163i de specialitate ori alte categorii de cheltuieli asimilate acestora, necesare derul\u0103rii actului educa\u021bional, \u00een leg\u0103tur\u0103 direct\u0103 cu activitatea didactic\u0103. P\u00e2n\u0103 \u0219i tipul cursurilor ori c\u0103r\u021bilor ce pot fi achizi\u021bionate sunt restric\u021bionate, lista exact\u0103 a cheltuielilor \u0219i a cursurilor eligibile urm\u00e2nd fi stabilit\u0103 prin ordin al ministrului Educa\u021biei. Mai mult, \u00een termen de maximum 5 luni, beneficiarii vor trebui s\u0103 \u00eencarce \u00een platforma informatic\u0103 dovada particip\u0103rii la cursurile de formare, iar unit\u0103\u021bile de \u00eenv\u0103\u021b\u0103m\u00e2nt vor valida aceste documente. \u00cen cazul sumelor acordate necuvenit, recuperarea acestora va fi f\u0103cut\u0103 de unit\u0103\u021bile la care activeaz\u0103.<br \/>\u00cen jude\u021bul Vaslui, circa 10 mii de cadre didactice, \u00een activitate \u00een anul \u0219colar 2025 \u2013 2026, ar urma s\u0103 beneficieze de prim\u0103 de carier\u0103 didactic\u0103.\u00a0<\/p>\n<p>Banii necesari pl\u0103\u021bii primelor educa\u021bionale destinate cadrelor didactice din Rom\u00e2nia, circa 65 de milioane de eurom provin de la comisia european\u0103, prin Programul Educa\u021bie \u0219i Ocupare, \u0219i au fost debloca\u021bi \u00eenc\u0103 de la \u00eenceputul lunii martie. Teoretic, pl\u0103\u021bile ar urma s\u0103 se fac\u0103 \u00een aceast\u0103 lun\u0103, prin alimentarea voucherelor special emise \u00een acest sens, \u00eens\u0103 este greu de crezut c\u0103 proiectul de Ordonan\u021b\u0103 de Urgen\u021b\u0103 propus de Ministerul Investi\u021biilor \u0219i Proiectelor Europene s\u0103 fie aprobat \u00een cele 5 zile r\u0103mase.<\/p>\n<p>C\u00e2t despre personalul nedidactic, acesta nu va mai beneficia de prima de carier\u0103 profesional\u0103, care era de 500 de lei, nici \u00een acest an, nici anul viitor.<\/p>\n<\/div>\n<p>[analyse_source url=&#8221;https:\/\/www.monitoruldevaslui.ro\/2026\/04\/profesorii-pusi-cu-burta-pe-carte-daca-vor-prime-de-cariera-educationala\/#new_tab&#8221;]<\/p>\n","protected":false},"excerpt":{"rendered":"<p>[analyse_image type=&#8221;featured&#8221; src=&#8221;&#8221;] Guvernul, prin Ministerul Investi\u021biilor \u0219i Proiectelor Europene, schimb\u0103 regulile \u00een ceea ce prive\u0219te acordarea \u00een acest an a primelor de carier\u0103 educa\u021bional\u0103. Astfel, profesorii nu vor mai putea cump\u0103ra din cei 1.500 lei primi\u021bi telefoane mobile, laptopuri sau alte dispozitive electronice, ci\u00a0doar c\u0103r\u021bi \u0219i manuale, \u0219i asta \u00een limita a doar 35% [&hellip;]<\/p>\n","protected":false},"author":1,"featured_media":0,"comment_status":"open","ping_status":"","sticky":false,"template":"","format":"standard","meta":{"footnotes":""},"categories":[89],"tags":[226,217],"class_list":["post-1904578","post","type-post","status-publish","format-standard","hentry","category-romania","tag-crawlmanager","tag-vaslui-robo-stiri-ro"],"_links":{"self":[{"href":"https:\/\/analyse.optim.biz\/index.php?rest_route=\/wp\/v2\/posts\/1904578","targetHints":{"allow":["GET"]}}],"collection":[{"href":"https:\/\/analyse.optim.biz\/index.php?rest_route=\/wp\/v2\/posts"}],"about":[{"href":"https:\/\/analyse.optim.biz\/index.php?rest_route=\/wp\/v2\/types\/post"}],"author":[{"embeddable":true,"href":"https:\/\/analyse.optim.biz\/index.php?rest_route=\/wp\/v2\/users\/1"}],"replies":[{"embeddable":true,"href":"https:\/\/analyse.optim.biz\/index.php?rest_route=%2Fwp%2Fv2%2Fcomments&post=1904578"}],"version-history":[{"count":0,"href":"https:\/\/analyse.optim.biz\/index.php?rest_route=\/wp\/v2\/posts\/1904578\/revisions"}],"wp:attachment":[{"href":"https:\/\/analyse.optim.biz\/index.php?rest_route=%2Fwp%2Fv2%2Fmedia&parent=1904578"}],"wp:term":[{"taxonomy":"category","embeddable":true,"href":"https:\/\/analyse.optim.biz\/index.php?rest_route=%2Fwp%2Fv2%2Fcategories&post=1904578"},{"taxonomy":"post_tag","embeddable":true,"href":"https:\/\/analyse.optim.biz\/index.php?rest_route=%2Fwp%2Fv2%2Ftags&post=1904578"}],"curies":[{"name":"wp","href":"https:\/\/api.w.org\/{rel}","templated":true}]}}