{"id":1904547,"date":"2026-04-25T10:40:03","date_gmt":"2026-04-25T07:40:03","guid":{"rendered":"https:\/\/analyse.optim.biz\/?p=1904547"},"modified":"2026-04-25T10:40:03","modified_gmt":"2026-04-25T07:40:03","slug":"un-barbat-de-43-de-ani-din-gura-humorului-arestat-preventiv-pentru-ultraj-asupra-unui-padurar","status":"publish","type":"post","link":"https:\/\/analyse.optim.biz\/?p=1904547","title":{"rendered":"Un b\u0103rbat de 43 de ani din Gura Humorului, arestat preventiv pentru ultraj asupra unui p\u0103durar"},"content":{"rendered":"<p>[analyse_image type=&#8221;featured&#8221; src=&#8221;https:\/\/www.newsbucovina.ro\/wp-content\/uploads\/2022\/11\/instanta-judecat.jpghttps:\/\/cdn.newsbucovina.ro\/wp-content\/uploads\/2022\/11\/instanta-judecat.jpg&#8221;]<\/p>\n<div class=\"td-post-content tagdiv-type\">\n<div class=\"td-a-rec td-a-rec-id-content_top  tdi_3 td_block_template_1\"><strong>Intr\u0103 acum \u0219i \u00een grupul de <\/p>\n<div class=\"wp-block-button\"><a class=\"wp-block-button__link wp-element-button\" href=\"https:\/\/t.me\/+TH8wcfnp8fw5NWI0\">Telegram News Bucovina<\/a><\/div>\n<p><\/strong><\/div>\n<p>La data de 24 aprilie 2026, Poli\u021bia Ora\u0219ului Gura Humorului a primit mandatul de arestare preventiv\u0103 nr. 6\/2026, emis de Curtea de Apel Suceava ce vizeaz\u0103.un b\u0103rbat de 43 de ani, din ora\u0219ul Gura Humorului, cercetat \u00eenc\u0103 din cursul anului 2025 \u00eentr-un dosar penal pentru ultraj comis asupra unui p\u0103durar.<\/p>\n<figure class=\"wp-block-image size-large\"><a href=\"https:\/\/cdn.newsbucovina.ro\/wp-content\/uploads\/2024\/04\/judecator.jpg\"><img loading=\"lazy\" decoding=\"async\" width=\"1024\" height=\"684\" src=\"https:\/\/cdn.newsbucovina.ro\/wp-content\/uploads\/2024\/04\/judecator-1024x684.jpg\" alt class=\"wp-image-384022\"><\/a><\/figure>\n<p>Potrivit documentului emis de instan\u021b\u0103, prin \u00eencheierea din 24 aprilie 2026, pronun\u021bat\u0103 \u00een dosarul nr. 3032\/237\/2024\/a16, Curtea de Apel Suceava a dispus \u00eenlocuirea m\u0103surii controlului judiciar (instituit\u0103 anterior prin \u00eencheierea penal\u0103 nr. 101\/03.09.2025 a Judec\u0103toriei Gura Humorului) cu m\u0103sura arest\u0103rii preventive pe o perioad\u0103 de 30 de zile.<\/p>\n<p>B\u0103rbatul a fost trimis \u00een judecat\u0103 pentru s\u0103v\u00e2r\u0219irea a trei infrac\u021biuni de ultraj, respectiv:ultraj prev\u0103zut de art. 257 alin. 2 \u0219i 4 Cod Penal, raportat la art. 253 alin. 4 Cod Penal;ultraj prev\u0103zut de art. 257 alin. 2 \u0219i 4 Cod Penal, raportat la art. 253 alin. 1 Cod Penal;ultraj prev\u0103zut de art. 257 alin. 2 \u0219i 4 Cod Penal, raportat la art. 25 alin. 3 lit. a din Legea nr. 205\/2004.<\/p>\n<p>\u00cen urma activit\u0103\u021bilor operative, poli\u021bi\u0219tii l-au identificat la domiciliu, l-au arestat \u0219i l-au depus \u00een Penitenciarul Boto\u0219ani.Cercet\u0103rile \u00een cauz\u0103 sunt continuate de poli\u021bi\u0219ti sub supravegherea Parchetului de pe l\u00e2ng\u0103 Judec\u0103toria Gura Humorului.<\/p>\n<figure class=\"wp-block-embed is-type-video is-provider-youtube wp-block-embed-youtube wp-embed-aspect-16-9 wp-has-aspect-ratio\">\n<div class=\"wp-block-embed__wrapper\">\n<div class=\"youtube-embed\" data-video_id=\"WQLXcNbbIqs\"><iframe loading=\"lazy\" title=\"De la Furc\u0103 p\u00e2n\u0103 la Furculi\u021b\u0103 la cap\u0103t de Schengen - Familia care a pariat totul pe VITA rom\u00e2neasc\u0103\" width=\"696\" height=\"392\" src=\"https:\/\/www.youtube.com\/embed\/WQLXcNbbIqs?feature=oembed&amp;enablejsapi=1\" frameborder allow=\"accelerometer; autoplay; clipboard-write; encrypted-media; gyroscope; picture-in-picture; web-share\" referrerpolicy=\"strict-origin-when-cross-origin\" allowfullscreen><\/iframe><\/div>\n<\/div>\n<\/figure>\n<p>\u2079<\/p>\n<div class=\"td-a-rec td-a-rec-id-content_bottom  tdi_4 td_block_template_1\"><strong>Intr\u0103 acum \u0219i \u00een grupul de <\/p>\n<div class=\"wp-block-button\"><a class=\"wp-block-button__link wp-element-button\" href=\"https:\/\/t.me\/+TH8wcfnp8fw5NWI0\">Telegram News Bucovina<\/a><\/div>\n<p><\/strong><\/div>\n<\/div>\n<div class=\"td-post-content tagdiv-type\">\n<div class=\"td-a-rec td-a-rec-id-content_top  tdi_3 td_block_template_1\"><strong>Intr\u0103 acum \u0219i \u00een grupul de <\/p>\n<div class=\"wp-block-button\"><a class=\"wp-block-button__link wp-element-button\" href=\"https:\/\/t.me\/+TH8wcfnp8fw5NWI0\">Telegram News Bucovina<\/a><\/div>\n<p><\/strong><\/div>\n<p>La data de 24 aprilie 2026, Poli\u021bia Ora\u0219ului Gura Humorului a primit mandatul de arestare preventiv\u0103 nr. 6\/2026, emis de Curtea de Apel Suceava ce vizeaz\u0103.un b\u0103rbat de 43 de ani, din ora\u0219ul Gura Humorului, cercetat \u00eenc\u0103 din cursul anului 2025 \u00eentr-un dosar penal pentru ultraj comis asupra unui p\u0103durar.<\/p>\n<figure class=\"wp-block-image size-large\"><a href=\"https:\/\/cdn.newsbucovina.ro\/wp-content\/uploads\/2024\/04\/judecator.jpg\"><img loading=\"lazy\" decoding=\"async\" width=\"1024\" height=\"684\" src=\"https:\/\/cdn.newsbucovina.ro\/wp-content\/uploads\/2024\/04\/judecator-1024x684.jpg\" alt class=\"wp-image-384022\"><\/a><\/figure>\n<p>Potrivit documentului emis de instan\u021b\u0103, prin \u00eencheierea din 24 aprilie 2026, pronun\u021bat\u0103 \u00een dosarul nr. 3032\/237\/2024\/a16, Curtea de Apel Suceava a dispus \u00eenlocuirea m\u0103surii controlului judiciar (instituit\u0103 anterior prin \u00eencheierea penal\u0103 nr. 101\/03.09.2025 a Judec\u0103toriei Gura Humorului) cu m\u0103sura arest\u0103rii preventive pe o perioad\u0103 de 30 de zile.<\/p>\n<p>B\u0103rbatul a fost trimis \u00een judecat\u0103 pentru s\u0103v\u00e2r\u0219irea a trei infrac\u021biuni de ultraj, respectiv:ultraj prev\u0103zut de art. 257 alin. 2 \u0219i 4 Cod Penal, raportat la art. 253 alin. 4 Cod Penal;ultraj prev\u0103zut de art. 257 alin. 2 \u0219i 4 Cod Penal, raportat la art. 253 alin. 1 Cod Penal;ultraj prev\u0103zut de art. 257 alin. 2 \u0219i 4 Cod Penal, raportat la art. 25 alin. 3 lit. a din Legea nr. 205\/2004.<\/p>\n<p>\u00cen urma activit\u0103\u021bilor operative, poli\u021bi\u0219tii l-au identificat la domiciliu, l-au arestat \u0219i l-au depus \u00een Penitenciarul Boto\u0219ani.Cercet\u0103rile \u00een cauz\u0103 sunt continuate de poli\u021bi\u0219ti sub supravegherea Parchetului de pe l\u00e2ng\u0103 Judec\u0103toria Gura Humorului.<\/p>\n<figure class=\"wp-block-embed is-type-video is-provider-youtube wp-block-embed-youtube wp-embed-aspect-16-9 wp-has-aspect-ratio\">\n<div class=\"wp-block-embed__wrapper\">\n<div class=\"youtube-embed\" data-video_id=\"WQLXcNbbIqs\"><iframe loading=\"lazy\" title=\"De la Furc\u0103 p\u00e2n\u0103 la Furculi\u021b\u0103 la cap\u0103t de Schengen - Familia care a pariat totul pe VITA rom\u00e2neasc\u0103\" width=\"696\" height=\"392\" src=\"https:\/\/www.youtube.com\/embed\/WQLXcNbbIqs?feature=oembed&amp;enablejsapi=1\" frameborder allow=\"accelerometer; autoplay; clipboard-write; encrypted-media; gyroscope; picture-in-picture; web-share\" referrerpolicy=\"strict-origin-when-cross-origin\" allowfullscreen><\/iframe><\/div>\n<\/div>\n<\/figure>\n<p>\u2079<\/p>\n<div class=\"td-a-rec td-a-rec-id-content_bottom  tdi_4 td_block_template_1\"><strong>Intr\u0103 acum \u0219i \u00een grupul de <\/p>\n<div class=\"wp-block-button\"><a class=\"wp-block-button__link wp-element-button\" href=\"https:\/\/t.me\/+TH8wcfnp8fw5NWI0\">Telegram News Bucovina<\/a><\/div>\n<p><\/strong><\/div>\n<\/div>\n<p>[analyse_source url=&#8221;https:\/\/www.newsbucovina.ro\/social\/437044\/un-barbat-de-43-de-ani-din-gura-humorului-arestat-preventiv-pentru-ultraj-asupra-unui-padurar&#8221;]<\/p>\n","protected":false},"excerpt":{"rendered":"<p>[analyse_image type=&#8221;featured&#8221; src=&#8221;https:\/\/www.newsbucovina.ro\/wp-content\/uploads\/2022\/11\/instanta-judecat.jpghttps:\/\/cdn.newsbucovina.ro\/wp-content\/uploads\/2022\/11\/instanta-judecat.jpg&#8221;] Intr\u0103 acum \u0219i \u00een grupul de Telegram News Bucovina La data de 24 aprilie 2026, Poli\u021bia Ora\u0219ului Gura Humorului a primit mandatul de arestare preventiv\u0103 nr. 6\/2026, emis de Curtea de Apel Suceava ce vizeaz\u0103.un b\u0103rbat de 43 de ani, din ora\u0219ul Gura Humorului, cercetat \u00eenc\u0103 din cursul anului 2025 \u00eentr-un dosar [&hellip;]<\/p>\n","protected":false},"author":1,"featured_media":0,"comment_status":"open","ping_status":"","sticky":false,"template":"","format":"standard","meta":{"footnotes":""},"categories":[89],"tags":[226,165],"class_list":["post-1904547","post","type-post","status-publish","format-standard","hentry","category-romania","tag-crawlmanager","tag-newsbucovina-ro"],"_links":{"self":[{"href":"https:\/\/analyse.optim.biz\/index.php?rest_route=\/wp\/v2\/posts\/1904547","targetHints":{"allow":["GET"]}}],"collection":[{"href":"https:\/\/analyse.optim.biz\/index.php?rest_route=\/wp\/v2\/posts"}],"about":[{"href":"https:\/\/analyse.optim.biz\/index.php?rest_route=\/wp\/v2\/types\/post"}],"author":[{"embeddable":true,"href":"https:\/\/analyse.optim.biz\/index.php?rest_route=\/wp\/v2\/users\/1"}],"replies":[{"embeddable":true,"href":"https:\/\/analyse.optim.biz\/index.php?rest_route=%2Fwp%2Fv2%2Fcomments&post=1904547"}],"version-history":[{"count":0,"href":"https:\/\/analyse.optim.biz\/index.php?rest_route=\/wp\/v2\/posts\/1904547\/revisions"}],"wp:attachment":[{"href":"https:\/\/analyse.optim.biz\/index.php?rest_route=%2Fwp%2Fv2%2Fmedia&parent=1904547"}],"wp:term":[{"taxonomy":"category","embeddable":true,"href":"https:\/\/analyse.optim.biz\/index.php?rest_route=%2Fwp%2Fv2%2Fcategories&post=1904547"},{"taxonomy":"post_tag","embeddable":true,"href":"https:\/\/analyse.optim.biz\/index.php?rest_route=%2Fwp%2Fv2%2Ftags&post=1904547"}],"curies":[{"name":"wp","href":"https:\/\/api.w.org\/{rel}","templated":true}]}}