{"id":1904545,"date":"2026-04-25T10:31:38","date_gmt":"2026-04-25T07:31:38","guid":{"rendered":"https:\/\/analyse.optim.biz\/?p=1904545"},"modified":"2026-04-25T10:31:38","modified_gmt":"2026-04-25T07:31:38","slug":"politistii-suceveni-au-confiscat-produse-contrafacute-in-valoare-de-mii-de-lei-la-campulung-moldovenesc","status":"publish","type":"post","link":"https:\/\/analyse.optim.biz\/?p=1904545","title":{"rendered":"Poli\u021bi\u0219tii suceveni au confiscat produse contraf\u0103cute \u00een valoare de mii de lei la C\u00e2mpulung Moldovenesc"},"content":{"rendered":"<p>[analyse_image type=&#8221;featured&#8221; src=&#8221;https:\/\/www.newsbucovina.ro\/wp-content\/uploads\/2023\/12\/contrafacute.pnghttps:\/\/cdn.newsbucovina.ro\/wp-content\/uploads\/2023\/12\/contrafacute.png&#8221;]<\/p>\n<div class=\"td-post-content tagdiv-type\">\n<div class=\"td-a-rec td-a-rec-id-content_top  tdi_3 td_block_template_1\"><strong>Intr\u0103 acum \u0219i \u00een grupul de <\/p>\n<div class=\"wp-block-button\"><a class=\"wp-block-button__link wp-element-button\" href=\"https:\/\/t.me\/+TH8wcfnp8fw5NWI0\">Telegram News Bucovina<\/a><\/div>\n<p><\/strong><\/div>\n<p>La data de 24 aprilie 2026, poli\u021bi\u0219tii din cadrul Compartimentului de Investigare a Criminalit\u0103\u021bii Economice C\u00e2mpulung Moldovenesc, sub coordonarea Serviciului de Investigare a Criminalit\u0103\u021bii Economice din IPJ Suceava, au efectuat un control la un punct de lucru al unei societ\u0103\u021bi comerciale din municipiul C\u00e2mpulung Moldovenesc, situat pe strada Calea Bucovinei.<\/p>\n<figure class=\"wp-block-image size-large\"><a href=\"https:\/\/cdn.newsbucovina.ro\/wp-content\/uploads\/2023\/12\/contrafacute.png\"><img loading=\"lazy\" decoding=\"async\" width=\"1024\" height=\"594\" src=\"https:\/\/cdn.newsbucovina.ro\/wp-content\/uploads\/2023\/12\/contrafacute-1024x594.png\" alt class=\"wp-image-376034\"><\/a><\/figure>\n<p>Cu ocazia verific\u0103rilor, au fost descoperite la v\u00e2nzare mai multe articole de \u00eembr\u0103c\u0103minte (compleuri trening \u0219i tricouri) inscrip\u021bionate cu m\u0103rcile Adidas, Nike, Jordan \u0219i Tommy Hilfiger, pentru care reprezentan\u021bii unit\u0103\u021bii nu au putut prezenta documente care s\u0103 ateste originalitatea produselor.<\/p>\n<p>\u00cen urma constat\u0103rilor, au fost ridicate \u00een vederea expertiz\u0103rii un num\u0103r de 47 de articole de \u00eembr\u0103c\u0103minte, evaluate la aproximativ 8.400 lei. Produsele au fost indisponibilizate pentru continuarea cercet\u0103rilor.<\/p>\n<p>Pe numele societ\u0103\u021bii comerciale a fost \u00eentocmit dosar penal sub aspectul s\u0103v\u00e2r\u0219irii infrac\u021biunii de \u201epunere \u00een circula\u021bie a unui produs purt\u00e2nd o marc\u0103 identic\u0103 sau similar\u0103 cu o marc\u0103 \u00eenregistrat\u0103 pentru produse identice ori similare\u201d, fapt\u0103 prev\u0103zut\u0103 \u0219i pedepsit\u0103 de Legea nr. 84\/1998 privind m\u0103rcile \u0219i indica\u021biile geografice.<\/p>\n<p>Totodat\u0103, poli\u021bi\u0219tii au aplicat o amend\u0103 contraven\u021bional\u0103 \u00een valoare de 12.000 lei \u0219i au confiscat suma de 911 lei g\u0103sit\u0103 \u00een numerar la punctul de lucru.<\/p>\n<figure class=\"wp-block-embed is-type-video is-provider-youtube wp-block-embed-youtube wp-embed-aspect-16-9 wp-has-aspect-ratio\">\n<div class=\"wp-block-embed__wrapper\">\n<div class=\"youtube-embed\" data-video_id=\"WQLXcNbbIqs\"><iframe loading=\"lazy\" title=\"De la Furc\u0103 p\u00e2n\u0103 la Furculi\u021b\u0103 la cap\u0103t de Schengen - Familia care a pariat totul pe VITA rom\u00e2neasc\u0103\" width=\"696\" height=\"392\" src=\"https:\/\/www.youtube.com\/embed\/WQLXcNbbIqs?feature=oembed&amp;enablejsapi=1\" frameborder allow=\"accelerometer; autoplay; clipboard-write; encrypted-media; gyroscope; picture-in-picture; web-share\" referrerpolicy=\"strict-origin-when-cross-origin\" allowfullscreen><\/iframe><\/div>\n<\/div>\n<\/figure>\n<div class=\"td-a-rec td-a-rec-id-content_bottom  tdi_4 td_block_template_1\"><strong>Intr\u0103 acum \u0219i \u00een grupul de <\/p>\n<div class=\"wp-block-button\"><a class=\"wp-block-button__link wp-element-button\" href=\"https:\/\/t.me\/+TH8wcfnp8fw5NWI0\">Telegram News Bucovina<\/a><\/div>\n<p><\/strong><\/div>\n<\/div>\n<div class=\"td-post-content tagdiv-type\">\n<div class=\"td-a-rec td-a-rec-id-content_top  tdi_3 td_block_template_1\"><strong>Intr\u0103 acum \u0219i \u00een grupul de <\/p>\n<div class=\"wp-block-button\"><a class=\"wp-block-button__link wp-element-button\" href=\"https:\/\/t.me\/+TH8wcfnp8fw5NWI0\">Telegram News Bucovina<\/a><\/div>\n<p><\/strong><\/div>\n<p>La data de 24 aprilie 2026, poli\u021bi\u0219tii din cadrul Compartimentului de Investigare a Criminalit\u0103\u021bii Economice C\u00e2mpulung Moldovenesc, sub coordonarea Serviciului de Investigare a Criminalit\u0103\u021bii Economice din IPJ Suceava, au efectuat un control la un punct de lucru al unei societ\u0103\u021bi comerciale din municipiul C\u00e2mpulung Moldovenesc, situat pe strada Calea Bucovinei.<\/p>\n<figure class=\"wp-block-image size-large\"><a href=\"https:\/\/cdn.newsbucovina.ro\/wp-content\/uploads\/2023\/12\/contrafacute.png\"><img loading=\"lazy\" decoding=\"async\" width=\"1024\" height=\"594\" src=\"https:\/\/cdn.newsbucovina.ro\/wp-content\/uploads\/2023\/12\/contrafacute-1024x594.png\" alt class=\"wp-image-376034\"><\/a><\/figure>\n<p>Cu ocazia verific\u0103rilor, au fost descoperite la v\u00e2nzare mai multe articole de \u00eembr\u0103c\u0103minte (compleuri trening \u0219i tricouri) inscrip\u021bionate cu m\u0103rcile Adidas, Nike, Jordan \u0219i Tommy Hilfiger, pentru care reprezentan\u021bii unit\u0103\u021bii nu au putut prezenta documente care s\u0103 ateste originalitatea produselor.<\/p>\n<p>\u00cen urma constat\u0103rilor, au fost ridicate \u00een vederea expertiz\u0103rii un num\u0103r de 47 de articole de \u00eembr\u0103c\u0103minte, evaluate la aproximativ 8.400 lei. Produsele au fost indisponibilizate pentru continuarea cercet\u0103rilor.<\/p>\n<p>Pe numele societ\u0103\u021bii comerciale a fost \u00eentocmit dosar penal sub aspectul s\u0103v\u00e2r\u0219irii infrac\u021biunii de \u201epunere \u00een circula\u021bie a unui produs purt\u00e2nd o marc\u0103 identic\u0103 sau similar\u0103 cu o marc\u0103 \u00eenregistrat\u0103 pentru produse identice ori similare\u201d, fapt\u0103 prev\u0103zut\u0103 \u0219i pedepsit\u0103 de Legea nr. 84\/1998 privind m\u0103rcile \u0219i indica\u021biile geografice.<\/p>\n<p>Totodat\u0103, poli\u021bi\u0219tii au aplicat o amend\u0103 contraven\u021bional\u0103 \u00een valoare de 12.000 lei \u0219i au confiscat suma de 911 lei g\u0103sit\u0103 \u00een numerar la punctul de lucru.<\/p>\n<figure class=\"wp-block-embed is-type-video is-provider-youtube wp-block-embed-youtube wp-embed-aspect-16-9 wp-has-aspect-ratio\">\n<div class=\"wp-block-embed__wrapper\">\n<div class=\"youtube-embed\" data-video_id=\"WQLXcNbbIqs\"><iframe loading=\"lazy\" title=\"De la Furc\u0103 p\u00e2n\u0103 la Furculi\u021b\u0103 la cap\u0103t de Schengen - Familia care a pariat totul pe VITA rom\u00e2neasc\u0103\" width=\"696\" height=\"392\" src=\"https:\/\/www.youtube.com\/embed\/WQLXcNbbIqs?feature=oembed&amp;enablejsapi=1\" frameborder allow=\"accelerometer; autoplay; clipboard-write; encrypted-media; gyroscope; picture-in-picture; web-share\" referrerpolicy=\"strict-origin-when-cross-origin\" allowfullscreen><\/iframe><\/div>\n<\/div>\n<\/figure>\n<div class=\"td-a-rec td-a-rec-id-content_bottom  tdi_4 td_block_template_1\"><strong>Intr\u0103 acum \u0219i \u00een grupul de <\/p>\n<div class=\"wp-block-button\"><a class=\"wp-block-button__link wp-element-button\" href=\"https:\/\/t.me\/+TH8wcfnp8fw5NWI0\">Telegram News Bucovina<\/a><\/div>\n<p><\/strong><\/div>\n<\/div>\n<p>[analyse_source url=&#8221;https:\/\/www.newsbucovina.ro\/campulung-moldovenesc\/437042\/politistii-suceveni-au-confiscat-produse-contrafacute-in-valoare-de-mii-de-lei-la-campulung-moldovenesc&#8221;]<\/p>\n","protected":false},"excerpt":{"rendered":"<p>[analyse_image type=&#8221;featured&#8221; src=&#8221;https:\/\/www.newsbucovina.ro\/wp-content\/uploads\/2023\/12\/contrafacute.pnghttps:\/\/cdn.newsbucovina.ro\/wp-content\/uploads\/2023\/12\/contrafacute.png&#8221;] Intr\u0103 acum \u0219i \u00een grupul de Telegram News Bucovina La data de 24 aprilie 2026, poli\u021bi\u0219tii din cadrul Compartimentului de Investigare a Criminalit\u0103\u021bii Economice C\u00e2mpulung Moldovenesc, sub coordonarea Serviciului de Investigare a Criminalit\u0103\u021bii Economice din IPJ Suceava, au efectuat un control la un punct de lucru al unei societ\u0103\u021bi comerciale din municipiul [&hellip;]<\/p>\n","protected":false},"author":1,"featured_media":0,"comment_status":"open","ping_status":"","sticky":false,"template":"","format":"standard","meta":{"footnotes":""},"categories":[89],"tags":[226,165],"class_list":["post-1904545","post","type-post","status-publish","format-standard","hentry","category-romania","tag-crawlmanager","tag-newsbucovina-ro"],"_links":{"self":[{"href":"https:\/\/analyse.optim.biz\/index.php?rest_route=\/wp\/v2\/posts\/1904545","targetHints":{"allow":["GET"]}}],"collection":[{"href":"https:\/\/analyse.optim.biz\/index.php?rest_route=\/wp\/v2\/posts"}],"about":[{"href":"https:\/\/analyse.optim.biz\/index.php?rest_route=\/wp\/v2\/types\/post"}],"author":[{"embeddable":true,"href":"https:\/\/analyse.optim.biz\/index.php?rest_route=\/wp\/v2\/users\/1"}],"replies":[{"embeddable":true,"href":"https:\/\/analyse.optim.biz\/index.php?rest_route=%2Fwp%2Fv2%2Fcomments&post=1904545"}],"version-history":[{"count":0,"href":"https:\/\/analyse.optim.biz\/index.php?rest_route=\/wp\/v2\/posts\/1904545\/revisions"}],"wp:attachment":[{"href":"https:\/\/analyse.optim.biz\/index.php?rest_route=%2Fwp%2Fv2%2Fmedia&parent=1904545"}],"wp:term":[{"taxonomy":"category","embeddable":true,"href":"https:\/\/analyse.optim.biz\/index.php?rest_route=%2Fwp%2Fv2%2Fcategories&post=1904545"},{"taxonomy":"post_tag","embeddable":true,"href":"https:\/\/analyse.optim.biz\/index.php?rest_route=%2Fwp%2Fv2%2Ftags&post=1904545"}],"curies":[{"name":"wp","href":"https:\/\/api.w.org\/{rel}","templated":true}]}}