{"id":1904543,"date":"2026-04-25T10:49:25","date_gmt":"2026-04-25T07:49:25","guid":{"rendered":"https:\/\/analyse.optim.biz\/?p=1904543"},"modified":"2026-04-25T10:49:25","modified_gmt":"2026-04-25T07:49:25","slug":"barbat-de-30-de-ani-din-granicesti-arestat-pentru-extradare-in-marea-britanie-fiind-acuzat-de-talharie","status":"publish","type":"post","link":"https:\/\/analyse.optim.biz\/?p=1904543","title":{"rendered":"B\u0103rbat de 30 de ani din Gr\u0103nice\u0219ti arestat pentru extr\u0103dare \u00een Marea Britanie fiind acuzat de t\u00e2lh\u0103rie"},"content":{"rendered":"<p>[analyse_image type=&#8221;featured&#8221; src=&#8221;https:\/\/www.newsbucovina.ro\/wp-content\/uploads\/2025\/11\/retinere.jpeghttps:\/\/cdn.newsbucovina.ro\/wp-content\/uploads\/2025\/11\/retinere.jpeg&#8221;]<\/p>\n<div class=\"td-post-content tagdiv-type\">\n<div class=\"td-a-rec td-a-rec-id-content_top  tdi_3 td_block_template_1\"><strong>Intr\u0103 acum \u0219i \u00een grupul de <\/p>\n<div class=\"wp-block-button\"><a class=\"wp-block-button__link wp-element-button\" href=\"https:\/\/t.me\/+TH8wcfnp8fw5NWI0\">Telegram News Bucovina<\/a><\/div>\n<p><\/strong><\/div>\n<p>La data de 24 aprilie 2026, un b\u0103rbat de 30 de ani, din comuna Gr\u0103nice\u0219ti, a fost depus \u00een Centrul de Re\u021binere \u0219i Arestare Preventiv\u0103 al Inspectoratului de Poli\u021bie Jude\u021bean Suceava.<\/p>\n<figure class=\"wp-block-image size-full\"><a href=\"https:\/\/cdn.newsbucovina.ro\/wp-content\/uploads\/2021\/03\/palatul-de-justitie-tribunal-curtea-de-apel-judecatorie.jpeg\"><img loading=\"lazy\" decoding=\"async\" width=\"1024\" height=\"768\" src=\"https:\/\/cdn.newsbucovina.ro\/wp-content\/uploads\/2021\/03\/palatul-de-justitie-tribunal-curtea-de-apel-judecatorie.jpeg.webp\" alt class=\"wp-image-313860\"><\/a><\/figure>\n<p>Persoana este solicitat\u0103 de autorit\u0103\u021bile judiciare din Regatul Unit al Marii Britanii \u0219i Irlandei de Nord, pe numele c\u0103reia a fost emis mandat european de arestare pentru comiterea infrac\u021biunii de t\u00e2lh\u0103rie.<\/p>\n<p>B\u0103rbatul a fost identificat \u00een aceea\u0219i zi de poli\u021bi\u0219tii Serviciului pentru Ac\u021biuni de Prevenire \u0219i Combatere a Infrac\u021bionalit\u0103\u021bii din B\u0103lc\u0103u\u021bi, pe raza localit\u0103\u021bii Slobozia Sucevei, comuna Gr\u0103nice\u0219ti. <\/p>\n<p>Ulterior, a fost preluat de poli\u021bi\u0219tii Serviciului de Investiga\u021bii Criminale din IPJ Suceava.<\/p>\n<p>Acesta a fost prezentat procurorului de serviciu din cadrul Parchetului de pe l\u00e2ng\u0103 Curtea de Apel Suceava, care a dispus re\u021binerea sa pentru 24 de ore. <\/p>\n<p>\u00cen aceea\u0219i zi, parchetul a formulat propunere de arestare preventiv\u0103 \u00een vederea pred\u0103rii c\u0103tre autorit\u0103\u021bile britanice.Curtea de Apel Suceava a emis Mandatul de Arestare nr. 19 din 24.04.2026, dispun\u00e2nd arestarea preventiv\u0103 a persoanei solicitate pe o perioad\u0103 de 30 de zile, \u00eencep\u00e2nd cu data de 24 aprilie 2026 \u0219i p\u00e2n\u0103 la 23 mai 2026 inclusiv.<\/p>\n<p>B\u0103rbatul a fost escortat \u0219i depus \u00een Centrul de Re\u021binere \u0219i Arestare Preventiv\u0103 al IPJ Suceava, urm\u00e2nd ca procedurile de extr\u0103dare s\u0103 continue.<\/p>\n<figure class=\"wp-block-embed is-type-video is-provider-youtube wp-block-embed-youtube wp-embed-aspect-16-9 wp-has-aspect-ratio\">\n<div class=\"wp-block-embed__wrapper\">\n<div class=\"youtube-embed\" data-video_id=\"WQLXcNbbIqs\"><iframe loading=\"lazy\" title=\"De la Furc\u0103 p\u00e2n\u0103 la Furculi\u021b\u0103 la cap\u0103t de Schengen - Familia care a pariat totul pe VITA rom\u00e2neasc\u0103\" width=\"696\" height=\"392\" src=\"https:\/\/www.youtube.com\/embed\/WQLXcNbbIqs?feature=oembed&amp;enablejsapi=1\" frameborder allow=\"accelerometer; autoplay; clipboard-write; encrypted-media; gyroscope; picture-in-picture; web-share\" referrerpolicy=\"strict-origin-when-cross-origin\" allowfullscreen><\/iframe><\/div>\n<\/div>\n<\/figure>\n<div class=\"td-a-rec td-a-rec-id-content_bottom  tdi_4 td_block_template_1\"><strong>Intr\u0103 acum \u0219i \u00een grupul de <\/p>\n<div class=\"wp-block-button\"><a class=\"wp-block-button__link wp-element-button\" href=\"https:\/\/t.me\/+TH8wcfnp8fw5NWI0\">Telegram News Bucovina<\/a><\/div>\n<p><\/strong><\/div>\n<\/div>\n<div class=\"td-post-content tagdiv-type\">\n<div class=\"td-a-rec td-a-rec-id-content_top  tdi_3 td_block_template_1\"><strong>Intr\u0103 acum \u0219i \u00een grupul de <\/p>\n<div class=\"wp-block-button\"><a class=\"wp-block-button__link wp-element-button\" href=\"https:\/\/t.me\/+TH8wcfnp8fw5NWI0\">Telegram News Bucovina<\/a><\/div>\n<p><\/strong><\/div>\n<p>La data de 24 aprilie 2026, un b\u0103rbat de 30 de ani, din comuna Gr\u0103nice\u0219ti, a fost depus \u00een Centrul de Re\u021binere \u0219i Arestare Preventiv\u0103 al Inspectoratului de Poli\u021bie Jude\u021bean Suceava.<\/p>\n<figure class=\"wp-block-image size-full\"><a href=\"https:\/\/cdn.newsbucovina.ro\/wp-content\/uploads\/2021\/03\/palatul-de-justitie-tribunal-curtea-de-apel-judecatorie.jpeg\"><img loading=\"lazy\" decoding=\"async\" width=\"1024\" height=\"768\" src=\"https:\/\/cdn.newsbucovina.ro\/wp-content\/uploads\/2021\/03\/palatul-de-justitie-tribunal-curtea-de-apel-judecatorie.jpeg.webp\" alt class=\"wp-image-313860\"><\/a><\/figure>\n<p>Persoana este solicitat\u0103 de autorit\u0103\u021bile judiciare din Regatul Unit al Marii Britanii \u0219i Irlandei de Nord, pe numele c\u0103reia a fost emis mandat european de arestare pentru comiterea infrac\u021biunii de t\u00e2lh\u0103rie.<\/p>\n<p>B\u0103rbatul a fost identificat \u00een aceea\u0219i zi de poli\u021bi\u0219tii Serviciului pentru Ac\u021biuni de Prevenire \u0219i Combatere a Infrac\u021bionalit\u0103\u021bii din B\u0103lc\u0103u\u021bi, pe raza localit\u0103\u021bii Slobozia Sucevei, comuna Gr\u0103nice\u0219ti. <\/p>\n<p>Ulterior, a fost preluat de poli\u021bi\u0219tii Serviciului de Investiga\u021bii Criminale din IPJ Suceava.<\/p>\n<p>Acesta a fost prezentat procurorului de serviciu din cadrul Parchetului de pe l\u00e2ng\u0103 Curtea de Apel Suceava, care a dispus re\u021binerea sa pentru 24 de ore. <\/p>\n<p>\u00cen aceea\u0219i zi, parchetul a formulat propunere de arestare preventiv\u0103 \u00een vederea pred\u0103rii c\u0103tre autorit\u0103\u021bile britanice.Curtea de Apel Suceava a emis Mandatul de Arestare nr. 19 din 24.04.2026, dispun\u00e2nd arestarea preventiv\u0103 a persoanei solicitate pe o perioad\u0103 de 30 de zile, \u00eencep\u00e2nd cu data de 24 aprilie 2026 \u0219i p\u00e2n\u0103 la 23 mai 2026 inclusiv.<\/p>\n<p>B\u0103rbatul a fost escortat \u0219i depus \u00een Centrul de Re\u021binere \u0219i Arestare Preventiv\u0103 al IPJ Suceava, urm\u00e2nd ca procedurile de extr\u0103dare s\u0103 continue.<\/p>\n<figure class=\"wp-block-embed is-type-video is-provider-youtube wp-block-embed-youtube wp-embed-aspect-16-9 wp-has-aspect-ratio\">\n<div class=\"wp-block-embed__wrapper\">\n<div class=\"youtube-embed\" data-video_id=\"WQLXcNbbIqs\"><iframe loading=\"lazy\" title=\"De la Furc\u0103 p\u00e2n\u0103 la Furculi\u021b\u0103 la cap\u0103t de Schengen - Familia care a pariat totul pe VITA rom\u00e2neasc\u0103\" width=\"696\" height=\"392\" src=\"https:\/\/www.youtube.com\/embed\/WQLXcNbbIqs?feature=oembed&amp;enablejsapi=1\" frameborder allow=\"accelerometer; autoplay; clipboard-write; encrypted-media; gyroscope; picture-in-picture; web-share\" referrerpolicy=\"strict-origin-when-cross-origin\" allowfullscreen><\/iframe><\/div>\n<\/div>\n<\/figure>\n<div class=\"td-a-rec td-a-rec-id-content_bottom  tdi_4 td_block_template_1\"><strong>Intr\u0103 acum \u0219i \u00een grupul de <\/p>\n<div class=\"wp-block-button\"><a class=\"wp-block-button__link wp-element-button\" href=\"https:\/\/t.me\/+TH8wcfnp8fw5NWI0\">Telegram News Bucovina<\/a><\/div>\n<p><\/strong><\/div>\n<\/div>\n<p>[analyse_source url=&#8221;https:\/\/www.newsbucovina.ro\/social\/437046\/barbat-de-30-de-ani-din-granicesti-arestat-pentru-extradare-in-marea-britanie-fiind-acuzat-de-talharie&#8221;]<\/p>\n","protected":false},"excerpt":{"rendered":"<p>[analyse_image type=&#8221;featured&#8221; src=&#8221;https:\/\/www.newsbucovina.ro\/wp-content\/uploads\/2025\/11\/retinere.jpeghttps:\/\/cdn.newsbucovina.ro\/wp-content\/uploads\/2025\/11\/retinere.jpeg&#8221;] Intr\u0103 acum \u0219i \u00een grupul de Telegram News Bucovina La data de 24 aprilie 2026, un b\u0103rbat de 30 de ani, din comuna Gr\u0103nice\u0219ti, a fost depus \u00een Centrul de Re\u021binere \u0219i Arestare Preventiv\u0103 al Inspectoratului de Poli\u021bie Jude\u021bean Suceava. Persoana este solicitat\u0103 de autorit\u0103\u021bile judiciare din Regatul Unit al Marii Britanii [&hellip;]<\/p>\n","protected":false},"author":1,"featured_media":0,"comment_status":"open","ping_status":"","sticky":false,"template":"","format":"standard","meta":{"footnotes":""},"categories":[89],"tags":[226,165],"class_list":["post-1904543","post","type-post","status-publish","format-standard","hentry","category-romania","tag-crawlmanager","tag-newsbucovina-ro"],"_links":{"self":[{"href":"https:\/\/analyse.optim.biz\/index.php?rest_route=\/wp\/v2\/posts\/1904543","targetHints":{"allow":["GET"]}}],"collection":[{"href":"https:\/\/analyse.optim.biz\/index.php?rest_route=\/wp\/v2\/posts"}],"about":[{"href":"https:\/\/analyse.optim.biz\/index.php?rest_route=\/wp\/v2\/types\/post"}],"author":[{"embeddable":true,"href":"https:\/\/analyse.optim.biz\/index.php?rest_route=\/wp\/v2\/users\/1"}],"replies":[{"embeddable":true,"href":"https:\/\/analyse.optim.biz\/index.php?rest_route=%2Fwp%2Fv2%2Fcomments&post=1904543"}],"version-history":[{"count":0,"href":"https:\/\/analyse.optim.biz\/index.php?rest_route=\/wp\/v2\/posts\/1904543\/revisions"}],"wp:attachment":[{"href":"https:\/\/analyse.optim.biz\/index.php?rest_route=%2Fwp%2Fv2%2Fmedia&parent=1904543"}],"wp:term":[{"taxonomy":"category","embeddable":true,"href":"https:\/\/analyse.optim.biz\/index.php?rest_route=%2Fwp%2Fv2%2Fcategories&post=1904543"},{"taxonomy":"post_tag","embeddable":true,"href":"https:\/\/analyse.optim.biz\/index.php?rest_route=%2Fwp%2Fv2%2Ftags&post=1904543"}],"curies":[{"name":"wp","href":"https:\/\/api.w.org\/{rel}","templated":true}]}}