{"id":190441,"date":"2014-12-15T10:10:36","date_gmt":"2014-12-15T07:10:36","guid":{"rendered":"https:\/\/analyse.optim.biz\/?p=190441"},"modified":"2014-12-15T10:10:36","modified_gmt":"2014-12-15T07:10:36","slug":"vladimir-tismaneanu-mesaj-pentru-klaus-iohannis-domnule-iohannis-va-amintiti-prima-intrebare-pe-care-i-ati-pus-o-lui-ponta-in-a-doua-dezbatere","status":"publish","type":"post","link":"https:\/\/analyse.optim.biz\/?p=190441","title":{"rendered":"Vladimir Tism\u0103neanu, mesaj pentru Klaus Iohannis: \u201eDomnule Iohannis, v\u0103 aminti\u0163i prima \u00eentrebare pe care i-a\u0163i pus-o lui Ponta\u00a0\u00een a doua dezbatere?\u201d"},"content":{"rendered":"<div class=\"entry data-app-meta data-app-meta-article\" data-embed-base-url-canonical=\"https:\/\/www.digi24.ro\/embed\/stiri\/actualitate\/politica\/vladimir-tismaneanu-mesaj-pentru-klaus-iohannis-domnule-iohannis-va-amintiti-prima-intrebare-pe-care-i-ati-pus-o-lui-ponta-in-a-doua-dezbatere-335022\">\n<p data-index=\"1\"><img decoding=\"async\" src=\"https:\/\/analyse.optim.biz\/wp-content\/uploads\/2024\/09\/jmhhc2g9mdk1nzrmyzc0zja5zge4ymvkymy1yja0nmi1nmy4mdm-thumb_.jpg\" data-skip-htmlfix=\"1\" title=\"jmhhc2g9mdk1nzrmyzc0zja5zge4ymvkymy1yja0nmi1nmy4mdm-thumb_\"><\/p>\n<p data-index=\"2\">Politologul Vladimir Tism\u0103neanu a postat un mesaj pentru pre\u0219edintele ales Klaus Iohannis, dup\u0103 ce duminic\u0103 premierul Victor Ponta a anun\u021bat componen\u021ba noului guvern. Acesta este de p\u0103rere c\u0103 pre\u0219edintele ales nu va putea coabita cu noul guvern. \u201eNu v\u0103d posibil\u0103 coabitarea \u00eentre dl Iohannis, ales de to\u0163i cei care vor s\u0103 scape de Ponta, \u015fi megaplagiator. Sunt dou\u0103 s\u0103bii, vreau s\u0103 cred, care nu au cum s\u0103 \u00eencap\u0103 \u00een aceea\u015fi teac\u0103\u201d, a scris Vladimir Tism\u0103neanu pe <a href=\"http:\/\/www.contributors.ro\/politica-doctrine\/ponta-dupa-ponta-un-mesaj-catre-klaus-iohannis\/\" data-skip-linkfix=\"1\">contributors.ro<\/a>.\u00a0<\/p>\n<p data-index=\"3\">\u201eGuvernul Ponta IV este o glum\u0103 proast\u0103. Singura veste bun\u0103 este c\u0103 doamna ministru Ioana Petrescu a decis (sau a fost decis\u0103) s\u0103 revin\u0103 \u00een mediul academic american.<strong> Dup\u0103 ce-a girat aiurelile bugetare ale pontocratiei, doamna ministru se retrage. \u201cSans espoirs et sans regrets\u201d. Oricum, avem de-a face cu un balon de s\u0103pun, cu o efemerid\u0103.<\/strong> Guvernul Ponta IV nu are cum s\u0103 reziste, este n\u0103scut din neant \u015fi se va \u00eentoarce rapid \u00een neant. Nu cred c\u0103 societatea civil\u0103 rom\u00e2nesc\u0103 va \u00eeng\u0103dui acestui mitoman galactic s\u0103-\u015fi fac\u0103 \u00een continuare de cap. Ceea ce nu face Parlamentul, o va putea face protestul civic\u201d, mai scrie Vladimir Tism\u0103neanu.\u00a0<\/p>\n<p data-index=\"4\">\u201e<strong>Sper c\u0103 dl Klaus Iohannis nu va participa la ceea ce poate fi lesne descris drept un circ grotesc,<\/strong> o continuare a patachiniadei grandomane care a marcat intrarea lui Ponta \u00een cursa preziden\u0163ial\u0103.<strong>\u00a0<\/strong><strong>Domnule Iohannis, v\u0103 aminti\u0163i prima \u00eentrebare pe care i-a\u0163i pus-o lui Ponta <a href=\"https:\/\/www.digi24.ro\/Stiri\/Digi24\/Special\/COTROCENI+2014\/DEZBATERE+Victor+Ponta-Klaus+Iohannis+Confruntarea+pentru+Cotroc\" target=\"_blank\" data-skip-linkfix=\"1\" rel=\"noopener\">\u00een a doua (\u015fi ultima) dezbatere dinaintea turului doi<\/a>?<\/strong> Rom\u00e2nia are dreptul s\u0103 ias\u0103 din acest co\u015fmar. Depinde de Dvs, domnule Iohannis, s\u0103 o ajuta\u0163i\u201d, a scris Vladimir Tism\u0103neanu.\u00a0<\/p>\n<p data-index=\"5\"><strong>Reamintim c\u0103 \u00een cea de-a doua confruntare la alegerile preziden\u021biale 2014, Klaus Iohannis i-a adresat urm\u0103toarea \u00eentrebare contracandidatului s\u0103u<\/strong>: <a href=\"https:\/\/www.digi24.ro\/Stiri\/Digi24\/Special\/COTROCENI+2014\/DEZBATERE+Klaus+Iohannis-Victor+Ponta+cea+de-a+doua+confruntare\" target=\"_blank\" data-skip-linkfix=\"1\" rel=\"noopener\">\u201e<strong>Klaus Iohannis:<\/strong><span>\u00a0Oare dl. B\u0103sescu i-a prostit pe rom\u00e2ni c\u00e2nd v-a pus prim-ministru? Pe mine m-a refuzat, pe dvs. v-a pus\u201d.\u00a0<\/span><\/a><\/p>\n<\/div>\n<p> Source URL: https:\/\/www.digi24.ro\/stiri\/actualitate\/politica\/vladimir-tismaneanu-mesaj-pentru-klaus-iohannis-domnule-iohannis-va-amintiti-prima-intrebare-pe-care-i-ati-pus-o-lui-ponta-in-a-doua-dezbatere-335022<\/p>\n","protected":false},"excerpt":{"rendered":"<p>Politologul Vladimir Tism\u0103neanu a postat un mesaj pentru pre\u0219edintele ales Klaus Iohannis, dup\u0103 ce duminic\u0103 premierul Victor Ponta a anun\u021bat componen\u021ba noului guvern. Acesta este de p\u0103rere c\u0103 pre\u0219edintele ales nu va putea coabita cu noul guvern. \u201eNu v\u0103d posibil\u0103 coabitarea \u00eentre dl Iohannis, ales de to\u0163i cei care vor s\u0103 scape de Ponta, \u015fi [&hellip;]<\/p>\n","protected":false},"author":1,"featured_media":190442,"comment_status":"open","ping_status":"","sticky":false,"template":"","format":"standard","meta":{"footnotes":""},"categories":[2],"tags":[11],"class_list":["post-190441","post","type-post","status-publish","format-standard","has-post-thumbnail","hentry","category-politics","tag-digi24"],"_links":{"self":[{"href":"https:\/\/analyse.optim.biz\/index.php?rest_route=\/wp\/v2\/posts\/190441","targetHints":{"allow":["GET"]}}],"collection":[{"href":"https:\/\/analyse.optim.biz\/index.php?rest_route=\/wp\/v2\/posts"}],"about":[{"href":"https:\/\/analyse.optim.biz\/index.php?rest_route=\/wp\/v2\/types\/post"}],"author":[{"embeddable":true,"href":"https:\/\/analyse.optim.biz\/index.php?rest_route=\/wp\/v2\/users\/1"}],"replies":[{"embeddable":true,"href":"https:\/\/analyse.optim.biz\/index.php?rest_route=%2Fwp%2Fv2%2Fcomments&post=190441"}],"version-history":[{"count":0,"href":"https:\/\/analyse.optim.biz\/index.php?rest_route=\/wp\/v2\/posts\/190441\/revisions"}],"wp:featuredmedia":[{"embeddable":true,"href":"https:\/\/analyse.optim.biz\/index.php?rest_route=\/wp\/v2\/media\/190442"}],"wp:attachment":[{"href":"https:\/\/analyse.optim.biz\/index.php?rest_route=%2Fwp%2Fv2%2Fmedia&parent=190441"}],"wp:term":[{"taxonomy":"category","embeddable":true,"href":"https:\/\/analyse.optim.biz\/index.php?rest_route=%2Fwp%2Fv2%2Fcategories&post=190441"},{"taxonomy":"post_tag","embeddable":true,"href":"https:\/\/analyse.optim.biz\/index.php?rest_route=%2Fwp%2Fv2%2Ftags&post=190441"}],"curies":[{"name":"wp","href":"https:\/\/api.w.org\/{rel}","templated":true}]}}