{"id":1904184,"date":"2026-04-26T12:25:03","date_gmt":"2026-04-26T09:25:03","guid":{"rendered":"https:\/\/analyse.optim.biz\/?p=1904184"},"modified":"2026-04-26T12:25:03","modified_gmt":"2026-04-26T09:25:03","slug":"peste-20-de-interventii-ale-pompierilor-suceveni-dupa-vijelia-de-duminica","status":"publish","type":"post","link":"https:\/\/analyse.optim.biz\/?p=1904184","title":{"rendered":"Peste 20 de interven\u021bii ale pompierilor suceveni, dup\u0103 vijelia de duminic\u0103"},"content":{"rendered":"<p>[analyse_image type=&#8221;featured&#8221; src=&#8221;https:\/\/www.newsbucovina.ro\/wp-content\/uploads\/2026\/04\/IMG-20260426-WA0029.jpghttps:\/\/cdn.newsbucovina.ro\/wp-content\/uploads\/2026\/04\/IMG-20260426-WA0029.jpg&#8221;]<\/p>\n<div class=\"td-post-content tagdiv-type\">\n<div class=\"td-a-rec td-a-rec-id-content_top  tdi_3 td_block_template_1\"><strong>Intr\u0103 acum \u0219i \u00een grupul de <\/p>\n<div class=\"wp-block-button\"><a class=\"wp-block-button__link wp-element-button\" href=\"https:\/\/t.me\/+TH8wcfnp8fw5NWI0\">Telegram News Bucovina<\/a><\/div>\n<p><\/strong><\/div>\n<p>\u00cen doar patru ore \u0219i jum\u0103tate, duminic\u0103, 26 aprilie, pompierii militari ai Inspectoratului pentru Situa\u021bii de Urgen\u021b\u0103 (ISU) Suceava au gestionat mai mult de 20 de situa\u021bii de urgen\u021b\u0103 provocate de manifest\u0103rile meteorologice violente care au traversat jude\u021bul.<\/p>\n<figure class=\"wp-block-gallery has-nested-images columns-default is-cropped wp-block-gallery-1 is-layout-flex wp-block-gallery-is-layout-flex\">\n<figure class=\"wp-block-image size-large\"><a href=\"https:\/\/cdn.newsbucovina.ro\/wp-content\/uploads\/2026\/04\/IMG-20260426-WA0029.jpg\"><img loading=\"lazy\" decoding=\"async\" width=\"1024\" height=\"768\" data-id=\"437106\" src=\"https:\/\/cdn.newsbucovina.ro\/wp-content\/uploads\/2026\/04\/IMG-20260426-WA0029-1024x768.jpg\" alt class=\"wp-image-437106\"><\/a><\/figure>\n<\/figure>\n<p>Potrivit sublocotenent Radu Gabriel din cadrul ISU Suceava, interven\u021biile au constat, \u00een principal, \u00een \u00eendep\u0103rtarea copacilor c\u0103zu\u021bi sau periclitati, a elementelor de construc\u021bie desprinse de v\u00e2nt \u0219i a acoperi\u0219urilor avariate. <\/p>\n<p>Acestea au avut loc \u00een mai multe localit\u0103\u021bi: Suceava, R\u0103d\u0103u\u021bi, Fr\u0103t\u0103u\u021bii Vechi, P\u0103tr\u0103u\u021bi, Plopeni, Vere\u0219ti, Moara, Cornu Luncii, R\u0103d\u0103\u0219eni, Mili\u0219\u0103u\u021bi, F\u00e2nt\u00e2nele, Sasca Mic\u0103, Capu C\u00e2mpului \u0219i Cacica.<\/p>\n<p>De asemenea, au fost \u00eenregistrate numeroase avarii la re\u021belele de energie electric\u0103, aproximativ 5.000 de utilizatori r\u0103m\u00e2n\u00e2nd f\u0103r\u0103 curent electric \u00een zonele afectate.Misiunile s-au desf\u0103\u0219urat cu sprijinul serviciilor voluntare pentru situa\u021bii de urgen\u021b\u0103, al autorit\u0103\u021bilor locale, al Poli\u021biei \u0219i al operatorilor de utilit\u0103\u021bi.Recomand\u0103rile ISU Suceava c\u0103tre popula\u021bie:Evita\u021bi deplas\u0103rile \u00een apropierea copacilor, st\u00e2lpilor de electricitate, panourilor publicitare sau a construc\u021biilor provizorii;Nu atinge\u021bi cablurile electrice c\u0103zute la sol;Anun\u021ba\u021bi imediat orice situa\u021bie de pericol prin apelarea num\u0103rului unic de urgen\u021b\u0103 112.<\/p>\n<figure class=\"wp-block-embed is-type-video is-provider-youtube wp-block-embed-youtube wp-embed-aspect-16-9 wp-has-aspect-ratio\">\n<div class=\"wp-block-embed__wrapper\">\n<div class=\"youtube-embed\" data-video_id=\"WQLXcNbbIqs\"><iframe loading=\"lazy\" title=\"De la Furc\u0103 p\u00e2n\u0103 la Furculi\u021b\u0103 la cap\u0103t de Schengen - Familia care a pariat totul pe VITA rom\u00e2neasc\u0103\" width=\"696\" height=\"392\" src=\"https:\/\/www.youtube.com\/embed\/WQLXcNbbIqs?feature=oembed&amp;enablejsapi=1\" frameborder allow=\"accelerometer; autoplay; clipboard-write; encrypted-media; gyroscope; picture-in-picture; web-share\" referrerpolicy=\"strict-origin-when-cross-origin\" allowfullscreen><\/iframe><\/div>\n<\/div>\n<\/figure>\n<div class=\"td-a-rec td-a-rec-id-content_bottom  tdi_4 td_block_template_1\"><strong>Intr\u0103 acum \u0219i \u00een grupul de <\/p>\n<div class=\"wp-block-button\"><a class=\"wp-block-button__link wp-element-button\" href=\"https:\/\/t.me\/+TH8wcfnp8fw5NWI0\">Telegram News Bucovina<\/a><\/div>\n<p><\/strong><\/div>\n<\/div>\n<div class=\"td-post-content tagdiv-type\">\n<div class=\"td-a-rec td-a-rec-id-content_top  tdi_3 td_block_template_1\"><strong>Intr\u0103 acum \u0219i \u00een grupul de <\/p>\n<div class=\"wp-block-button\"><a class=\"wp-block-button__link wp-element-button\" href=\"https:\/\/t.me\/+TH8wcfnp8fw5NWI0\">Telegram News Bucovina<\/a><\/div>\n<p><\/strong><\/div>\n<p>\u00cen doar patru ore \u0219i jum\u0103tate, duminic\u0103, 26 aprilie, pompierii militari ai Inspectoratului pentru Situa\u021bii de Urgen\u021b\u0103 (ISU) Suceava au gestionat mai mult de 20 de situa\u021bii de urgen\u021b\u0103 provocate de manifest\u0103rile meteorologice violente care au traversat jude\u021bul.<\/p>\n<figure class=\"wp-block-gallery has-nested-images columns-default is-cropped wp-block-gallery-1 is-layout-flex wp-block-gallery-is-layout-flex\">\n<figure class=\"wp-block-image size-large\"><a href=\"https:\/\/cdn.newsbucovina.ro\/wp-content\/uploads\/2026\/04\/IMG-20260426-WA0029.jpg\"><img loading=\"lazy\" decoding=\"async\" width=\"1024\" height=\"768\" data-id=\"437106\" src=\"https:\/\/cdn.newsbucovina.ro\/wp-content\/uploads\/2026\/04\/IMG-20260426-WA0029-1024x768.jpg\" alt class=\"wp-image-437106\"><\/a><\/figure>\n<\/figure>\n<p>Potrivit sublocotenent Radu Gabriel din cadrul ISU Suceava, interven\u021biile au constat, \u00een principal, \u00een \u00eendep\u0103rtarea copacilor c\u0103zu\u021bi sau periclitati, a elementelor de construc\u021bie desprinse de v\u00e2nt \u0219i a acoperi\u0219urilor avariate. <\/p>\n<p>Acestea au avut loc \u00een mai multe localit\u0103\u021bi: Suceava, R\u0103d\u0103u\u021bi, Fr\u0103t\u0103u\u021bii Vechi, P\u0103tr\u0103u\u021bi, Plopeni, Vere\u0219ti, Moara, Cornu Luncii, R\u0103d\u0103\u0219eni, Mili\u0219\u0103u\u021bi, F\u00e2nt\u00e2nele, Sasca Mic\u0103, Capu C\u00e2mpului \u0219i Cacica.<\/p>\n<p>De asemenea, au fost \u00eenregistrate numeroase avarii la re\u021belele de energie electric\u0103, aproximativ 5.000 de utilizatori r\u0103m\u00e2n\u00e2nd f\u0103r\u0103 curent electric \u00een zonele afectate.Misiunile s-au desf\u0103\u0219urat cu sprijinul serviciilor voluntare pentru situa\u021bii de urgen\u021b\u0103, al autorit\u0103\u021bilor locale, al Poli\u021biei \u0219i al operatorilor de utilit\u0103\u021bi.Recomand\u0103rile ISU Suceava c\u0103tre popula\u021bie:Evita\u021bi deplas\u0103rile \u00een apropierea copacilor, st\u00e2lpilor de electricitate, panourilor publicitare sau a construc\u021biilor provizorii;Nu atinge\u021bi cablurile electrice c\u0103zute la sol;Anun\u021ba\u021bi imediat orice situa\u021bie de pericol prin apelarea num\u0103rului unic de urgen\u021b\u0103 112.<\/p>\n<figure class=\"wp-block-embed is-type-video is-provider-youtube wp-block-embed-youtube wp-embed-aspect-16-9 wp-has-aspect-ratio\">\n<div class=\"wp-block-embed__wrapper\">\n<div class=\"youtube-embed\" data-video_id=\"WQLXcNbbIqs\"><iframe loading=\"lazy\" title=\"De la Furc\u0103 p\u00e2n\u0103 la Furculi\u021b\u0103 la cap\u0103t de Schengen - Familia care a pariat totul pe VITA rom\u00e2neasc\u0103\" width=\"696\" height=\"392\" src=\"https:\/\/www.youtube.com\/embed\/WQLXcNbbIqs?feature=oembed&amp;enablejsapi=1\" frameborder allow=\"accelerometer; autoplay; clipboard-write; encrypted-media; gyroscope; picture-in-picture; web-share\" referrerpolicy=\"strict-origin-when-cross-origin\" allowfullscreen><\/iframe><\/div>\n<\/div>\n<\/figure>\n<div class=\"td-a-rec td-a-rec-id-content_bottom  tdi_4 td_block_template_1\"><strong>Intr\u0103 acum \u0219i \u00een grupul de <\/p>\n<div class=\"wp-block-button\"><a class=\"wp-block-button__link wp-element-button\" href=\"https:\/\/t.me\/+TH8wcfnp8fw5NWI0\">Telegram News Bucovina<\/a><\/div>\n<p><\/strong><\/div>\n<\/div>\n<p>[analyse_source url=&#8221;https:\/\/www.newsbucovina.ro\/actualitate\/437105\/peste-20-de-interventii-ale-pompierilor-suceveni-dupa-vijelia-de-duminica&#8221;]<\/p>\n","protected":false},"excerpt":{"rendered":"<p>[analyse_image type=&#8221;featured&#8221; src=&#8221;https:\/\/www.newsbucovina.ro\/wp-content\/uploads\/2026\/04\/IMG-20260426-WA0029.jpghttps:\/\/cdn.newsbucovina.ro\/wp-content\/uploads\/2026\/04\/IMG-20260426-WA0029.jpg&#8221;] Intr\u0103 acum \u0219i \u00een grupul de Telegram News Bucovina \u00cen doar patru ore \u0219i jum\u0103tate, duminic\u0103, 26 aprilie, pompierii militari ai Inspectoratului pentru Situa\u021bii de Urgen\u021b\u0103 (ISU) Suceava au gestionat mai mult de 20 de situa\u021bii de urgen\u021b\u0103 provocate de manifest\u0103rile meteorologice violente care au traversat jude\u021bul. Potrivit sublocotenent Radu Gabriel din [&hellip;]<\/p>\n","protected":false},"author":1,"featured_media":0,"comment_status":"open","ping_status":"","sticky":false,"template":"","format":"standard","meta":{"footnotes":""},"categories":[89],"tags":[226,165],"class_list":["post-1904184","post","type-post","status-publish","format-standard","hentry","category-romania","tag-crawlmanager","tag-newsbucovina-ro"],"_links":{"self":[{"href":"https:\/\/analyse.optim.biz\/index.php?rest_route=\/wp\/v2\/posts\/1904184","targetHints":{"allow":["GET"]}}],"collection":[{"href":"https:\/\/analyse.optim.biz\/index.php?rest_route=\/wp\/v2\/posts"}],"about":[{"href":"https:\/\/analyse.optim.biz\/index.php?rest_route=\/wp\/v2\/types\/post"}],"author":[{"embeddable":true,"href":"https:\/\/analyse.optim.biz\/index.php?rest_route=\/wp\/v2\/users\/1"}],"replies":[{"embeddable":true,"href":"https:\/\/analyse.optim.biz\/index.php?rest_route=%2Fwp%2Fv2%2Fcomments&post=1904184"}],"version-history":[{"count":0,"href":"https:\/\/analyse.optim.biz\/index.php?rest_route=\/wp\/v2\/posts\/1904184\/revisions"}],"wp:attachment":[{"href":"https:\/\/analyse.optim.biz\/index.php?rest_route=%2Fwp%2Fv2%2Fmedia&parent=1904184"}],"wp:term":[{"taxonomy":"category","embeddable":true,"href":"https:\/\/analyse.optim.biz\/index.php?rest_route=%2Fwp%2Fv2%2Fcategories&post=1904184"},{"taxonomy":"post_tag","embeddable":true,"href":"https:\/\/analyse.optim.biz\/index.php?rest_route=%2Fwp%2Fv2%2Ftags&post=1904184"}],"curies":[{"name":"wp","href":"https:\/\/api.w.org\/{rel}","templated":true}]}}