{"id":1904182,"date":"2026-04-26T06:57:37","date_gmt":"2026-04-26T03:57:37","guid":{"rendered":"https:\/\/analyse.optim.biz\/?p=1904182"},"modified":"2026-04-26T06:57:37","modified_gmt":"2026-04-26T03:57:37","slug":"pompierii-suceveni-au-demonstrat-profesionalism-rapiditate-si-spirit-de-echipala-prima-etapa-a-competitiei-nationale-de-descarcerare-si-prim-ajutor","status":"publish","type":"post","link":"https:\/\/analyse.optim.biz\/?p=1904182","title":{"rendered":"Pompierii suceveni au demonstrat profesionalism, rapiditate \u0219i spirit de echip\u0103la prima etap\u0103 a Competi\u021biei Na\u021bionale de Descarcerare \u0219i Prim Ajutor"},"content":{"rendered":"<p>[analyse_image type=&#8221;featured&#8221; src=&#8221;https:\/\/www.newsbucovina.ro\/wp-content\/uploads\/2026\/04\/accident-isu-smurd.jpghttps:\/\/cdn.newsbucovina.ro\/wp-content\/uploads\/2026\/04\/accident-isu-smurd.jpg&#8221;]<\/p>\n<div class=\"td-post-content tagdiv-type\">\n<div class=\"td-a-rec td-a-rec-id-content_top  tdi_3 td_block_template_1\"><strong>Intr\u0103 acum \u0219i \u00een grupul de <\/p>\n<div class=\"wp-block-button\"><a class=\"wp-block-button__link wp-element-button\" href=\"https:\/\/t.me\/+TH8wcfnp8fw5NWI0\">Telegram News Bucovina<\/a><\/div>\n<p><\/strong><\/div>\n<p>Pompierii militari din cadrul Inspectoratului pentru Situa\u021bii de Urgen\u021b\u0103 \u201eBucovina\u201d al jude\u021bului Suceava au demonstrat \u00eenc\u0103 o dat\u0103 profesionalism, rapiditate \u0219i spirit de echip\u0103 la Competi\u021bia Na\u021bional\u0103 de Descarcerare \u0219i Acordare a Primului Ajutor Calificat \u2013 etapa I.<\/p>\n<figure class=\"wp-block-image size-large\"><a href=\"https:\/\/cdn.newsbucovina.ro\/wp-content\/uploads\/2026\/04\/accident-isu-smurd.jpg\"><img loading=\"lazy\" decoding=\"async\" width=\"1024\" height=\"683\" src=\"https:\/\/cdn.newsbucovina.ro\/wp-content\/uploads\/2026\/04\/accident-isu-smurd-1024x683.jpg\" alt class=\"wp-image-437069\"><\/a><\/figure>\n<p>Pe parcursul a dou\u0103 zile, echipajele din subunit\u0103\u021bile de interven\u021bie ale ISU Suceava s-au \u00eentrecut \u00een scenarii complexe de accidente rutiere cu victime multiple, precum \u0219i \u00een alte situa\u021bii de urgen\u021b\u0103 care pun \u00een pericol via\u021ba persoanelor. Competi\u021bia a pus la \u00eencercare nu doar viteza de interven\u021bie, ci \u0219i strategia, coordonarea \u0219i capacitatea de a lua decizii corecte sub presiune.<\/p>\n<p>\u201eFiecare scenariu, fiecare decizie \u0219i fiecare secund\u0103 au reflectat aceea\u0219i realitate: salvatorii sunt preg\u0103ti\u021bi, \u00een orice moment, s\u0103 intervin\u0103 pentru cei afla\u021bi \u00een nevoie\u201d, se arat\u0103 \u00een comunicatul ISU \u201eBucovina\u201d.<\/p>\n<p>Competi\u021bia Na\u021bional\u0103 de Descarcerare \u0219i Acordare a Primului Ajutor Calificat are ca principal obiectiv perfec\u021bionarea deprinderilor practice ale salvatorilor prin simul\u0103ri c\u00e2t mai apropiate de situa\u021biile reale \u00eent\u00e2lnite \u00een teren. Evenimentul contribuie la identificarea celor mai eficiente metode de ac\u021biune, la evaluarea capacit\u0103\u021bii de reac\u021bie rapid\u0103, la \u00eembun\u0103t\u0103\u021birea coordon\u0103rii \u00eentre echipaje \u0219i la promovarea solu\u021biilor inovatoare \u00een domeniul salv\u0103rii de vie\u021bi \u0219i acord\u0103rii primului ajutor calificat.<\/p>\n<p>Dincolo de clasamente \u0219i probe, cele dou\u0103 zile au reprezentat o demonstra\u021bie autentic\u0103 de profesionalism, curaj, dedicare \u0219i spirit de echip\u0103. Pompierii suceveni au ar\u0103tat \u00eenc\u0103 o dat\u0103 c\u0103 sunt preg\u0103ti\u021bi permanent s\u0103 fac\u0103 fa\u021b\u0103 provoc\u0103rilor, indiferent de complexitatea interven\u021biilor.<\/p>\n<figure class=\"wp-block-embed is-type-video is-provider-youtube wp-block-embed-youtube wp-embed-aspect-16-9 wp-has-aspect-ratio\">\n<div class=\"wp-block-embed__wrapper\">\n<div class=\"youtube-embed\" data-video_id=\"WQLXcNbbIqs\"><iframe loading=\"lazy\" title=\"De la Furc\u0103 p\u00e2n\u0103 la Furculi\u021b\u0103 la cap\u0103t de Schengen - Familia care a pariat totul pe VITA rom\u00e2neasc\u0103\" width=\"696\" height=\"392\" src=\"https:\/\/www.youtube.com\/embed\/WQLXcNbbIqs?feature=oembed&amp;enablejsapi=1\" frameborder allow=\"accelerometer; autoplay; clipboard-write; encrypted-media; gyroscope; picture-in-picture; web-share\" referrerpolicy=\"strict-origin-when-cross-origin\" allowfullscreen><\/iframe><\/div>\n<\/div>\n<\/figure>\n<div class=\"td-a-rec td-a-rec-id-content_bottom  tdi_4 td_block_template_1\"><strong>Intr\u0103 acum \u0219i \u00een grupul de <\/p>\n<div class=\"wp-block-button\"><a class=\"wp-block-button__link wp-element-button\" href=\"https:\/\/t.me\/+TH8wcfnp8fw5NWI0\">Telegram News Bucovina<\/a><\/div>\n<p><\/strong><\/div>\n<\/div>\n<div class=\"td-post-content tagdiv-type\">\n<div class=\"td-a-rec td-a-rec-id-content_top  tdi_3 td_block_template_1\"><strong>Intr\u0103 acum \u0219i \u00een grupul de <\/p>\n<div class=\"wp-block-button\"><a class=\"wp-block-button__link wp-element-button\" href=\"https:\/\/t.me\/+TH8wcfnp8fw5NWI0\">Telegram News Bucovina<\/a><\/div>\n<p><\/strong><\/div>\n<p>Pompierii militari din cadrul Inspectoratului pentru Situa\u021bii de Urgen\u021b\u0103 \u201eBucovina\u201d al jude\u021bului Suceava au demonstrat \u00eenc\u0103 o dat\u0103 profesionalism, rapiditate \u0219i spirit de echip\u0103 la Competi\u021bia Na\u021bional\u0103 de Descarcerare \u0219i Acordare a Primului Ajutor Calificat \u2013 etapa I.<\/p>\n<figure class=\"wp-block-image size-large\"><a href=\"https:\/\/cdn.newsbucovina.ro\/wp-content\/uploads\/2026\/04\/accident-isu-smurd.jpg\"><img loading=\"lazy\" decoding=\"async\" width=\"1024\" height=\"683\" src=\"https:\/\/cdn.newsbucovina.ro\/wp-content\/uploads\/2026\/04\/accident-isu-smurd-1024x683.jpg\" alt class=\"wp-image-437069\"><\/a><\/figure>\n<p>Pe parcursul a dou\u0103 zile, echipajele din subunit\u0103\u021bile de interven\u021bie ale ISU Suceava s-au \u00eentrecut \u00een scenarii complexe de accidente rutiere cu victime multiple, precum \u0219i \u00een alte situa\u021bii de urgen\u021b\u0103 care pun \u00een pericol via\u021ba persoanelor. Competi\u021bia a pus la \u00eencercare nu doar viteza de interven\u021bie, ci \u0219i strategia, coordonarea \u0219i capacitatea de a lua decizii corecte sub presiune.<\/p>\n<p>\u201eFiecare scenariu, fiecare decizie \u0219i fiecare secund\u0103 au reflectat aceea\u0219i realitate: salvatorii sunt preg\u0103ti\u021bi, \u00een orice moment, s\u0103 intervin\u0103 pentru cei afla\u021bi \u00een nevoie\u201d, se arat\u0103 \u00een comunicatul ISU \u201eBucovina\u201d.<\/p>\n<p>Competi\u021bia Na\u021bional\u0103 de Descarcerare \u0219i Acordare a Primului Ajutor Calificat are ca principal obiectiv perfec\u021bionarea deprinderilor practice ale salvatorilor prin simul\u0103ri c\u00e2t mai apropiate de situa\u021biile reale \u00eent\u00e2lnite \u00een teren. Evenimentul contribuie la identificarea celor mai eficiente metode de ac\u021biune, la evaluarea capacit\u0103\u021bii de reac\u021bie rapid\u0103, la \u00eembun\u0103t\u0103\u021birea coordon\u0103rii \u00eentre echipaje \u0219i la promovarea solu\u021biilor inovatoare \u00een domeniul salv\u0103rii de vie\u021bi \u0219i acord\u0103rii primului ajutor calificat.<\/p>\n<p>Dincolo de clasamente \u0219i probe, cele dou\u0103 zile au reprezentat o demonstra\u021bie autentic\u0103 de profesionalism, curaj, dedicare \u0219i spirit de echip\u0103. Pompierii suceveni au ar\u0103tat \u00eenc\u0103 o dat\u0103 c\u0103 sunt preg\u0103ti\u021bi permanent s\u0103 fac\u0103 fa\u021b\u0103 provoc\u0103rilor, indiferent de complexitatea interven\u021biilor.<\/p>\n<figure class=\"wp-block-embed is-type-video is-provider-youtube wp-block-embed-youtube wp-embed-aspect-16-9 wp-has-aspect-ratio\">\n<div class=\"wp-block-embed__wrapper\">\n<div class=\"youtube-embed\" data-video_id=\"WQLXcNbbIqs\"><iframe loading=\"lazy\" title=\"De la Furc\u0103 p\u00e2n\u0103 la Furculi\u021b\u0103 la cap\u0103t de Schengen - Familia care a pariat totul pe VITA rom\u00e2neasc\u0103\" width=\"696\" height=\"392\" src=\"https:\/\/www.youtube.com\/embed\/WQLXcNbbIqs?feature=oembed&amp;enablejsapi=1\" frameborder allow=\"accelerometer; autoplay; clipboard-write; encrypted-media; gyroscope; picture-in-picture; web-share\" referrerpolicy=\"strict-origin-when-cross-origin\" allowfullscreen><\/iframe><\/div>\n<\/div>\n<\/figure>\n<div class=\"td-a-rec td-a-rec-id-content_bottom  tdi_4 td_block_template_1\"><strong>Intr\u0103 acum \u0219i \u00een grupul de <\/p>\n<div class=\"wp-block-button\"><a class=\"wp-block-button__link wp-element-button\" href=\"https:\/\/t.me\/+TH8wcfnp8fw5NWI0\">Telegram News Bucovina<\/a><\/div>\n<p><\/strong><\/div>\n<\/div>\n<p>[analyse_source url=&#8221;https:\/\/www.newsbucovina.ro\/actualitate\/437068\/pompierii-suceveni-au-demonstrat-profesionalism-rapiditate-si-spirit-de-echipala-prima-etapa-a-competitiei-nationale-de-descarcerare-si-prim-ajutor&#8221;]<\/p>\n","protected":false},"excerpt":{"rendered":"<p>[analyse_image type=&#8221;featured&#8221; src=&#8221;https:\/\/www.newsbucovina.ro\/wp-content\/uploads\/2026\/04\/accident-isu-smurd.jpghttps:\/\/cdn.newsbucovina.ro\/wp-content\/uploads\/2026\/04\/accident-isu-smurd.jpg&#8221;] Intr\u0103 acum \u0219i \u00een grupul de Telegram News Bucovina Pompierii militari din cadrul Inspectoratului pentru Situa\u021bii de Urgen\u021b\u0103 \u201eBucovina\u201d al jude\u021bului Suceava au demonstrat \u00eenc\u0103 o dat\u0103 profesionalism, rapiditate \u0219i spirit de echip\u0103 la Competi\u021bia Na\u021bional\u0103 de Descarcerare \u0219i Acordare a Primului Ajutor Calificat \u2013 etapa I. Pe parcursul a dou\u0103 zile, [&hellip;]<\/p>\n","protected":false},"author":1,"featured_media":0,"comment_status":"open","ping_status":"","sticky":false,"template":"","format":"standard","meta":{"footnotes":""},"categories":[89],"tags":[226,165],"class_list":["post-1904182","post","type-post","status-publish","format-standard","hentry","category-romania","tag-crawlmanager","tag-newsbucovina-ro"],"_links":{"self":[{"href":"https:\/\/analyse.optim.biz\/index.php?rest_route=\/wp\/v2\/posts\/1904182","targetHints":{"allow":["GET"]}}],"collection":[{"href":"https:\/\/analyse.optim.biz\/index.php?rest_route=\/wp\/v2\/posts"}],"about":[{"href":"https:\/\/analyse.optim.biz\/index.php?rest_route=\/wp\/v2\/types\/post"}],"author":[{"embeddable":true,"href":"https:\/\/analyse.optim.biz\/index.php?rest_route=\/wp\/v2\/users\/1"}],"replies":[{"embeddable":true,"href":"https:\/\/analyse.optim.biz\/index.php?rest_route=%2Fwp%2Fv2%2Fcomments&post=1904182"}],"version-history":[{"count":0,"href":"https:\/\/analyse.optim.biz\/index.php?rest_route=\/wp\/v2\/posts\/1904182\/revisions"}],"wp:attachment":[{"href":"https:\/\/analyse.optim.biz\/index.php?rest_route=%2Fwp%2Fv2%2Fmedia&parent=1904182"}],"wp:term":[{"taxonomy":"category","embeddable":true,"href":"https:\/\/analyse.optim.biz\/index.php?rest_route=%2Fwp%2Fv2%2Fcategories&post=1904182"},{"taxonomy":"post_tag","embeddable":true,"href":"https:\/\/analyse.optim.biz\/index.php?rest_route=%2Fwp%2Fv2%2Ftags&post=1904182"}],"curies":[{"name":"wp","href":"https:\/\/api.w.org\/{rel}","templated":true}]}}